{"id":23092,"date":"2018-07-06T21:49:48","date_gmt":"2018-07-07T00:49:48","guid":{"rendered":"http:\/\/www.noticiasradioreflejos.com.ar\/noticias\/?p=23092"},"modified":"2018-07-06T21:49:48","modified_gmt":"2018-07-07T00:49:48","slug":"educacion-secundaria-de-adultos","status":"publish","type":"post","link":"https:\/\/www.noticiasradioreflejos.com.ar\/2021\/educacion-secundaria-de-adultos\/","title":{"rendered":"Educaci\u00f3n secundaria de adultos"},"content":{"rendered":"<div><span style=\"font-family: verdana, sans-serif;\"><i>El CENS N\u00b0 451 informa que se dio comienzo a la\u00a0<\/i><b><i>2da Etapa del plan<\/i>\u00a0<span class=\"x_m_-6525096458910888199m_4175905883309750657gmail-il\">Fines<\/span>\u00a0<span class=\"x_m_-6525096458910888199m_4175905883309750657gmail-il\">Deudores<\/span>\u00a0<i>de Materia<\/i><\/b><b><i>s.<\/i><\/b><\/span><\/div>\n<div><span style=\"font-family: verdana, sans-serif;\"><i>Este programa est\u00e1 destinado a aquellas personas que han terminado de cursar la Escuela Secundaria en forma completa y adeudan materias y\/o espacios curriculares; o deben asignaturas para terminar un a\u00f1o y anotarse en el siguiente.<\/i><\/span><\/div>\n<p><!--more--><\/p>\n<div><span style=\"font-family: verdana, sans-serif;\"><i>Los interesados deber\u00e1n dirigirse, de acuerdo a su situaci\u00f3n particular, a las escuelas en los siguientes d\u00edas y horario:<\/i><\/span><\/div>\n<p><a title=\"grilla fines\" href=\"http:\/\/farm1.staticflickr.com\/924\/43197419572_ce18f63ca4_z.jpg\" rel=\"\"><img loading=\"lazy\" decoding=\"async\" class=\"aligncenter\" title=\"grilla fines\" src=\"http:\/\/farm1.staticflickr.com\/924\/43197419572_ce18f63ca4_z.jpg\" alt=\"grilla fines\" width=\"640\" height=\"281\" \/><\/a><\/p>\n<div>\n<i><span style=\"font-family: verdana, sans-serif;\">REQUISITOS<\/span><\/i><br \/>\n<i><span style=\"font-family: verdana, sans-serif;\">Los interesados deber\u00e1n presentar DNI y constancia de los a\u00f1os cursados y las materias\/\u00e1reas o espacios curriculares adeudados.<\/span><\/i><br \/>\n<i><span style=\"font-family: verdana, sans-serif;\">Para el caso de los estudiantes que no tengan en su poder la constancia indicada y a los efectos de propiciar su inscripci\u00f3n, cumplimentar\u00e1n una Declaraci\u00f3n Jurada donde constar\u00e1 su trayectoria escolar.\u00a0La documentaci\u00f3n faltante deber\u00e1 presentarse indefectiblemente a las autoridades de la propuesta para la obtenci\u00f3n de los certificados de examen.<\/span><\/i><br \/>\n<i><span style=\"font-family: verdana, sans-serif;\">Para mayores informes:\u00a0<a href=\"https:\/\/educacionadultos.com.ar\/plan-fines-deudores\/\" target=\"_blank\" rel=\"noreferrer noopener\" data-auth=\"NotApplicable\">https:\/\/educacionadultos.com.ar\/plan-<span class=\"x_m_-6525096458910888199m_4175905883309750657gmail-il\">fines<\/span>&#8211;<span class=\"x_m_-6525096458910888199m_4175905883309750657gmail-il\">deudores<\/span>\/<\/a><\/span><\/i>\n<\/div>\n<div><\/div>\n","protected":false},"excerpt":{"rendered":"<p>El CENS N\u00b0 451 informa que se dio comienzo a la\u00a02da Etapa del plan\u00a0Fines\u00a0Deudores\u00a0de Materias. Este programa est\u00e1 destinado a aquellas personas que han terminado de cursar la Escuela Secundaria en forma completa y adeudan materias y\/o espacios curriculares; o deben asignaturas para terminar un a\u00f1o y anotarse en el siguiente.<\/p>\n","protected":false},"author":3,"featured_media":0,"comment_status":"closed","ping_status":"open","sticky":false,"template":"","format":"standard","meta":{"footnotes":""},"categories":[34],"tags":[],"class_list":["post-23092","post","type-post","status-publish","format-standard","hentry","category-educacion"],"yoast_head":"<!-- This site is optimized with the Yoast SEO plugin v25.9 - https:\/\/yoast.com\/wordpress\/plugins\/seo\/ -->\n<title>Educaci\u00f3n secundaria de adultos - Noticias Radio Reflejos<\/title>\n<meta name=\"robots\" content=\"index, follow, max-snippet:-1, max-image-preview:large, max-video-preview:-1\" \/>\n<link rel=\"canonical\" href=\"https:\/\/www.noticiasradioreflejos.com.ar\/2021\/educacion-secundaria-de-adultos\/\" \/>\n<meta property=\"og:locale\" content=\"es_ES\" \/>\n<meta property=\"og:type\" content=\"article\" \/>\n<meta property=\"og:title\" content=\"Educaci\u00f3n secundaria de adultos - Noticias Radio Reflejos\" \/>\n<meta property=\"og:description\" content=\"El CENS N\u00b0 451 informa que se dio comienzo a la\u00a02da Etapa del plan\u00a0Fines\u00a0Deudores\u00a0de Materias. Este programa est\u00e1 destinado a aquellas personas que han terminado de cursar la Escuela Secundaria en forma completa y adeudan materias y\/o espacios curriculares; o deben asignaturas para terminar un a\u00f1o y anotarse en el siguiente.\" \/>\n<meta property=\"og:url\" content=\"https:\/\/www.noticiasradioreflejos.com.ar\/2021\/educacion-secundaria-de-adultos\/\" \/>\n<meta property=\"og:site_name\" content=\"Noticias Radio Reflejos\" \/>\n<meta property=\"article:published_time\" content=\"2018-07-07T00:49:48+00:00\" \/>\n<meta property=\"og:image\" content=\"http:\/\/farm1.staticflickr.com\/924\/43197419572_ce18f63ca4_z.jpg\" \/>\n<meta name=\"author\" content=\"Arnaldo Botto\" \/>\n<meta name=\"twitter:card\" content=\"summary_large_image\" \/>\n<script type=\"application\/ld+json\" class=\"yoast-schema-graph\">{\"@context\":\"https:\/\/schema.org\",\"@graph\":[{\"@type\":\"WebPage\",\"@id\":\"https:\/\/www.noticiasradioreflejos.com.ar\/2021\/educacion-secundaria-de-adultos\/\",\"url\":\"https:\/\/www.noticiasradioreflejos.com.ar\/2021\/educacion-secundaria-de-adultos\/\",\"name\":\"Educaci\u00f3n secundaria de adultos - Noticias Radio Reflejos\",\"isPartOf\":{\"@id\":\"https:\/\/www.noticiasradioreflejos.com.ar\/2021\/#website\"},\"primaryImageOfPage\":{\"@id\":\"https:\/\/www.noticiasradioreflejos.com.ar\/2021\/educacion-secundaria-de-adultos\/#primaryimage\"},\"image\":{\"@id\":\"https:\/\/www.noticiasradioreflejos.com.ar\/2021\/educacion-secundaria-de-adultos\/#primaryimage\"},\"thumbnailUrl\":\"http:\/\/farm1.staticflickr.com\/924\/43197419572_ce18f63ca4_z.jpg\",\"datePublished\":\"2018-07-07T00:49:48+00:00\",\"author\":{\"@id\":\"https:\/\/www.noticiasradioreflejos.com.ar\/2021\/#\/schema\/person\/ad82545263dcc5ec0996818884fd5fb1\"},\"breadcrumb\":{\"@id\":\"https:\/\/www.noticiasradioreflejos.com.ar\/2021\/educacion-secundaria-de-adultos\/#breadcrumb\"},\"inLanguage\":\"es\",\"potentialAction\":[{\"@type\":\"ReadAction\",\"target\":[\"https:\/\/www.noticiasradioreflejos.com.ar\/2021\/educacion-secundaria-de-adultos\/\"]}]},{\"@type\":\"ImageObject\",\"inLanguage\":\"es\",\"@id\":\"https:\/\/www.noticiasradioreflejos.com.ar\/2021\/educacion-secundaria-de-adultos\/#primaryimage\",\"url\":\"http:\/\/farm1.staticflickr.com\/924\/43197419572_ce18f63ca4_z.jpg\",\"contentUrl\":\"http:\/\/farm1.staticflickr.com\/924\/43197419572_ce18f63ca4_z.jpg\"},{\"@type\":\"BreadcrumbList\",\"@id\":\"https:\/\/www.noticiasradioreflejos.com.ar\/2021\/educacion-secundaria-de-adultos\/#breadcrumb\",\"itemListElement\":[{\"@type\":\"ListItem\",\"position\":1,\"name\":\"Portada\",\"item\":\"https:\/\/www.noticiasradioreflejos.com.ar\/2021\/\"},{\"@type\":\"ListItem\",\"position\":2,\"name\":\"Educaci\u00f3n secundaria de adultos\"}]},{\"@type\":\"WebSite\",\"@id\":\"https:\/\/www.noticiasradioreflejos.com.ar\/2021\/#website\",\"url\":\"https:\/\/www.noticiasradioreflejos.com.ar\/2021\/\",\"name\":\"Noticias Radio Reflejos\",\"description\":\"Las noticias de mi comarca\",\"potentialAction\":[{\"@type\":\"SearchAction\",\"target\":{\"@type\":\"EntryPoint\",\"urlTemplate\":\"https:\/\/www.noticiasradioreflejos.com.ar\/2021\/?s={search_term_string}\"},\"query-input\":{\"@type\":\"PropertyValueSpecification\",\"valueRequired\":true,\"valueName\":\"search_term_string\"}}],\"inLanguage\":\"es\"},{\"@type\":\"Person\",\"@id\":\"https:\/\/www.noticiasradioreflejos.com.ar\/2021\/#\/schema\/person\/ad82545263dcc5ec0996818884fd5fb1\",\"name\":\"Arnaldo Botto\",\"image\":{\"@type\":\"ImageObject\",\"inLanguage\":\"es\",\"@id\":\"https:\/\/www.noticiasradioreflejos.com.ar\/2021\/#\/schema\/person\/image\/\",\"url\":\"https:\/\/secure.gravatar.com\/avatar\/55cb5e37c1efa326397366e6974cb338056df65cb50e7d64d1cf314e87504837?s=96&d=mm&r=g\",\"contentUrl\":\"https:\/\/secure.gravatar.com\/avatar\/55cb5e37c1efa326397366e6974cb338056df65cb50e7d64d1cf314e87504837?s=96&d=mm&r=g\",\"caption\":\"Arnaldo Botto\"},\"url\":\"https:\/\/www.noticiasradioreflejos.com.ar\/2021\/author\/arnaldo\/\"}]}<\/script>\n<!-- \/ Yoast SEO plugin. -->","yoast_head_json":{"title":"Educaci\u00f3n secundaria de adultos - Noticias Radio Reflejos","robots":{"index":"index","follow":"follow","max-snippet":"max-snippet:-1","max-image-preview":"max-image-preview:large","max-video-preview":"max-video-preview:-1"},"canonical":"https:\/\/www.noticiasradioreflejos.com.ar\/2021\/educacion-secundaria-de-adultos\/","og_locale":"es_ES","og_type":"article","og_title":"Educaci\u00f3n secundaria de adultos - Noticias Radio Reflejos","og_description":"El CENS N\u00b0 451 informa que se dio comienzo a la\u00a02da Etapa del plan\u00a0Fines\u00a0Deudores\u00a0de Materias. Este programa est\u00e1 destinado a aquellas personas que han terminado de cursar la Escuela Secundaria en forma completa y adeudan materias y\/o espacios curriculares; o deben asignaturas para terminar un a\u00f1o y anotarse en el siguiente.","og_url":"https:\/\/www.noticiasradioreflejos.com.ar\/2021\/educacion-secundaria-de-adultos\/","og_site_name":"Noticias Radio Reflejos","article_published_time":"2018-07-07T00:49:48+00:00","og_image":[{"url":"http:\/\/farm1.staticflickr.com\/924\/43197419572_ce18f63ca4_z.jpg","type":"","width":"","height":""}],"author":"Arnaldo Botto","twitter_card":"summary_large_image","schema":{"@context":"https:\/\/schema.org","@graph":[{"@type":"WebPage","@id":"https:\/\/www.noticiasradioreflejos.com.ar\/2021\/educacion-secundaria-de-adultos\/","url":"https:\/\/www.noticiasradioreflejos.com.ar\/2021\/educacion-secundaria-de-adultos\/","name":"Educaci\u00f3n secundaria de adultos - Noticias Radio Reflejos","isPartOf":{"@id":"https:\/\/www.noticiasradioreflejos.com.ar\/2021\/#website"},"primaryImageOfPage":{"@id":"https:\/\/www.noticiasradioreflejos.com.ar\/2021\/educacion-secundaria-de-adultos\/#primaryimage"},"image":{"@id":"https:\/\/www.noticiasradioreflejos.com.ar\/2021\/educacion-secundaria-de-adultos\/#primaryimage"},"thumbnailUrl":"http:\/\/farm1.staticflickr.com\/924\/43197419572_ce18f63ca4_z.jpg","datePublished":"2018-07-07T00:49:48+00:00","author":{"@id":"https:\/\/www.noticiasradioreflejos.com.ar\/2021\/#\/schema\/person\/ad82545263dcc5ec0996818884fd5fb1"},"breadcrumb":{"@id":"https:\/\/www.noticiasradioreflejos.com.ar\/2021\/educacion-secundaria-de-adultos\/#breadcrumb"},"inLanguage":"es","potentialAction":[{"@type":"ReadAction","target":["https:\/\/www.noticiasradioreflejos.com.ar\/2021\/educacion-secundaria-de-adultos\/"]}]},{"@type":"ImageObject","inLanguage":"es","@id":"https:\/\/www.noticiasradioreflejos.com.ar\/2021\/educacion-secundaria-de-adultos\/#primaryimage","url":"http:\/\/farm1.staticflickr.com\/924\/43197419572_ce18f63ca4_z.jpg","contentUrl":"http:\/\/farm1.staticflickr.com\/924\/43197419572_ce18f63ca4_z.jpg"},{"@type":"BreadcrumbList","@id":"https:\/\/www.noticiasradioreflejos.com.ar\/2021\/educacion-secundaria-de-adultos\/#breadcrumb","itemListElement":[{"@type":"ListItem","position":1,"name":"Portada","item":"https:\/\/www.noticiasradioreflejos.com.ar\/2021\/"},{"@type":"ListItem","position":2,"name":"Educaci\u00f3n secundaria de adultos"}]},{"@type":"WebSite","@id":"https:\/\/www.noticiasradioreflejos.com.ar\/2021\/#website","url":"https:\/\/www.noticiasradioreflejos.com.ar\/2021\/","name":"Noticias Radio Reflejos","description":"Las noticias de mi comarca","potentialAction":[{"@type":"SearchAction","target":{"@type":"EntryPoint","urlTemplate":"https:\/\/www.noticiasradioreflejos.com.ar\/2021\/?s={search_term_string}"},"query-input":{"@type":"PropertyValueSpecification","valueRequired":true,"valueName":"search_term_string"}}],"inLanguage":"es"},{"@type":"Person","@id":"https:\/\/www.noticiasradioreflejos.com.ar\/2021\/#\/schema\/person\/ad82545263dcc5ec0996818884fd5fb1","name":"Arnaldo Botto","image":{"@type":"ImageObject","inLanguage":"es","@id":"https:\/\/www.noticiasradioreflejos.com.ar\/2021\/#\/schema\/person\/image\/","url":"https:\/\/secure.gravatar.com\/avatar\/55cb5e37c1efa326397366e6974cb338056df65cb50e7d64d1cf314e87504837?s=96&d=mm&r=g","contentUrl":"https:\/\/secure.gravatar.com\/avatar\/55cb5e37c1efa326397366e6974cb338056df65cb50e7d64d1cf314e87504837?s=96&d=mm&r=g","caption":"Arnaldo Botto"},"url":"https:\/\/www.noticiasradioreflejos.com.ar\/2021\/author\/arnaldo\/"}]}},"_links":{"self":[{"href":"https:\/\/www.noticiasradioreflejos.com.ar\/2021\/wp-json\/wp\/v2\/posts\/23092","targetHints":{"allow":["GET"]}}],"collection":[{"href":"https:\/\/www.noticiasradioreflejos.com.ar\/2021\/wp-json\/wp\/v2\/posts"}],"about":[{"href":"https:\/\/www.noticiasradioreflejos.com.ar\/2021\/wp-json\/wp\/v2\/types\/post"}],"author":[{"embeddable":true,"href":"https:\/\/www.noticiasradioreflejos.com.ar\/2021\/wp-json\/wp\/v2\/users\/3"}],"replies":[{"embeddable":true,"href":"https:\/\/www.noticiasradioreflejos.com.ar\/2021\/wp-json\/wp\/v2\/comments?post=23092"}],"version-history":[{"count":0,"href":"https:\/\/www.noticiasradioreflejos.com.ar\/2021\/wp-json\/wp\/v2\/posts\/23092\/revisions"}],"wp:attachment":[{"href":"https:\/\/www.noticiasradioreflejos.com.ar\/2021\/wp-json\/wp\/v2\/media?parent=23092"}],"wp:term":[{"taxonomy":"category","embeddable":true,"href":"https:\/\/www.noticiasradioreflejos.com.ar\/2021\/wp-json\/wp\/v2\/categories?post=23092"},{"taxonomy":"post_tag","embeddable":true,"href":"https:\/\/www.noticiasradioreflejos.com.ar\/2021\/wp-json\/wp\/v2\/tags?post=23092"}],"curies":[{"name":"wp","href":"https:\/\/api.w.org\/{rel}","templated":true}]}}