{"id":23090,"date":"2018-07-06T21:42:53","date_gmt":"2018-07-07T00:42:53","guid":{"rendered":"http:\/\/www.noticiasradioreflejos.com.ar\/noticias\/?p=23090"},"modified":"2018-07-06T21:42:53","modified_gmt":"2018-07-07T00:42:53","slug":"tres-picos-el-martes-se-brindara-asesoramiento-sobre-ficha-social-y-se-recibiran-solicitudes","status":"publish","type":"post","link":"https:\/\/www.noticiasradioreflejos.com.ar\/2021\/tres-picos-el-martes-se-brindara-asesoramiento-sobre-ficha-social-y-se-recibiran-solicitudes\/","title":{"rendered":"Tres Picos: el martes se brindar\u00e1 asesoramiento sobre FICHA SOCIAL y se recibir\u00e1n solicitudes"},"content":{"rendered":"<p>La Secretar\u00eda de Salud municipal informa que el pr\u00f3ximo martes 10, en la Unidad Sanitaria de Tres Picos, personal capacitado estar\u00e1 asesorando acerca de la obtenci\u00f3n de la Ficha Social. Adem\u00e1s se recepcionar\u00e1n solicitudes de las mismas.<!--more--><br \/>\nLa Ficha Social constituye una cobertura asistencial para la atenci\u00f3n m\u00e9dica y otras especialidades afines: psicolog\u00eda, psicopedagog\u00eda, fonoaudiolog\u00eda, nutrici\u00f3n, odontolog\u00eda, ex\u00e1menes de laboratorio y de im\u00e1genes. Adem\u00e1s prev\u00e9 la entrega gratuita de medicamentos.<br \/>\nPor otro lado, desde el \u00e1rea se recuerda los requisitos, documentaci\u00f3n y lugares donde tramitar la Ficha Social.<br \/>\nREQUISTOS<br \/>\n\u2022 2 a\u00f1os de residencia permanente en el distrito;<br \/>\n\u2022 No poseer obra social<br \/>\nDOCUMENTACI\u00d3N:<br \/>\nAcercar al centro de salud m\u00e1s cercano a su domicilio o delegaci\u00f3n municipal, de acuerdo a la localidad en donde\u00a0vive, un sobre con fotocopia de DNI y negativa de ANSES. En la portada del sobre deber\u00e1 constatar: Nombre y Apellido, domicilio y un n\u00famero de tel\u00e9fono.<br \/>\nDONDE TRAMITARLA?<br \/>\nEn TORNQUIST: Hospital Municipal (Lic. Noral\u00ed Balbiano).<br \/>\nVILLA VENTANA, CHASIC\u00d3 Y TRESP PICOS: en la correspondiente Delegaci\u00f3n Municipal<br \/>\nSIERRA DE LA VENTANA: Oficina de Acci\u00f3n Social. Lic. Jesuana Pavesi<br \/>\nSALDUNGARAY: Acci\u00f3n Social \u2013 Lic. Marianela Marzialetti<\/p>\n","protected":false},"excerpt":{"rendered":"<p>La Secretar\u00eda de Salud municipal informa que el pr\u00f3ximo martes 10, en la Unidad Sanitaria de Tres Picos, personal capacitado estar\u00e1 asesorando acerca de la obtenci\u00f3n de la Ficha Social. Adem\u00e1s se recepcionar\u00e1n solicitudes de las mismas.<\/p>\n","protected":false},"author":3,"featured_media":0,"comment_status":"closed","ping_status":"open","sticky":false,"template":"","format":"standard","meta":{"footnotes":""},"categories":[26],"tags":[],"class_list":["post-23090","post","type-post","status-publish","format-standard","hentry","category-sociedad"],"yoast_head":"<!-- This site is optimized with the Yoast SEO plugin v25.9 - https:\/\/yoast.com\/wordpress\/plugins\/seo\/ -->\n<title>Tres Picos: el martes se brindar\u00e1 asesoramiento sobre FICHA SOCIAL y se recibir\u00e1n solicitudes - Noticias Radio Reflejos<\/title>\n<meta name=\"robots\" content=\"index, follow, max-snippet:-1, max-image-preview:large, max-video-preview:-1\" \/>\n<link rel=\"canonical\" href=\"https:\/\/www.noticiasradioreflejos.com.ar\/2021\/tres-picos-el-martes-se-brindara-asesoramiento-sobre-ficha-social-y-se-recibiran-solicitudes\/\" \/>\n<meta property=\"og:locale\" content=\"es_ES\" \/>\n<meta property=\"og:type\" content=\"article\" \/>\n<meta property=\"og:title\" content=\"Tres Picos: el martes se brindar\u00e1 asesoramiento sobre FICHA SOCIAL y se recibir\u00e1n solicitudes - Noticias Radio Reflejos\" \/>\n<meta property=\"og:description\" content=\"La Secretar\u00eda de Salud municipal informa que el pr\u00f3ximo martes 10, en la Unidad Sanitaria de Tres Picos, personal capacitado estar\u00e1 asesorando acerca de la obtenci\u00f3n de la Ficha Social. Adem\u00e1s se recepcionar\u00e1n solicitudes de las mismas.\" \/>\n<meta property=\"og:url\" content=\"https:\/\/www.noticiasradioreflejos.com.ar\/2021\/tres-picos-el-martes-se-brindara-asesoramiento-sobre-ficha-social-y-se-recibiran-solicitudes\/\" \/>\n<meta property=\"og:site_name\" content=\"Noticias Radio Reflejos\" \/>\n<meta property=\"article:published_time\" content=\"2018-07-07T00:42:53+00:00\" \/>\n<meta property=\"og:image\" content=\"https:\/\/www.noticiasradioreflejos.com.ar\/2021\/wp-content\/uploads\/2021\/07\/logosol300x200.png\" \/>\n\t<meta property=\"og:image:width\" content=\"300\" \/>\n\t<meta property=\"og:image:height\" content=\"200\" \/>\n\t<meta property=\"og:image:type\" content=\"image\/png\" \/>\n<meta name=\"author\" content=\"Arnaldo Botto\" \/>\n<meta name=\"twitter:card\" content=\"summary_large_image\" \/>\n<script type=\"application\/ld+json\" class=\"yoast-schema-graph\">{\"@context\":\"https:\/\/schema.org\",\"@graph\":[{\"@type\":\"WebPage\",\"@id\":\"https:\/\/www.noticiasradioreflejos.com.ar\/2021\/tres-picos-el-martes-se-brindara-asesoramiento-sobre-ficha-social-y-se-recibiran-solicitudes\/\",\"url\":\"https:\/\/www.noticiasradioreflejos.com.ar\/2021\/tres-picos-el-martes-se-brindara-asesoramiento-sobre-ficha-social-y-se-recibiran-solicitudes\/\",\"name\":\"Tres Picos: el martes se brindar\u00e1 asesoramiento sobre FICHA SOCIAL y se recibir\u00e1n solicitudes - Noticias Radio Reflejos\",\"isPartOf\":{\"@id\":\"https:\/\/www.noticiasradioreflejos.com.ar\/2021\/#website\"},\"datePublished\":\"2018-07-07T00:42:53+00:00\",\"author\":{\"@id\":\"https:\/\/www.noticiasradioreflejos.com.ar\/2021\/#\/schema\/person\/ad82545263dcc5ec0996818884fd5fb1\"},\"breadcrumb\":{\"@id\":\"https:\/\/www.noticiasradioreflejos.com.ar\/2021\/tres-picos-el-martes-se-brindara-asesoramiento-sobre-ficha-social-y-se-recibiran-solicitudes\/#breadcrumb\"},\"inLanguage\":\"es\",\"potentialAction\":[{\"@type\":\"ReadAction\",\"target\":[\"https:\/\/www.noticiasradioreflejos.com.ar\/2021\/tres-picos-el-martes-se-brindara-asesoramiento-sobre-ficha-social-y-se-recibiran-solicitudes\/\"]}]},{\"@type\":\"BreadcrumbList\",\"@id\":\"https:\/\/www.noticiasradioreflejos.com.ar\/2021\/tres-picos-el-martes-se-brindara-asesoramiento-sobre-ficha-social-y-se-recibiran-solicitudes\/#breadcrumb\",\"itemListElement\":[{\"@type\":\"ListItem\",\"position\":1,\"name\":\"Portada\",\"item\":\"https:\/\/www.noticiasradioreflejos.com.ar\/2021\/\"},{\"@type\":\"ListItem\",\"position\":2,\"name\":\"Tres Picos: el martes se brindar\u00e1 asesoramiento sobre FICHA SOCIAL y se recibir\u00e1n solicitudes\"}]},{\"@type\":\"WebSite\",\"@id\":\"https:\/\/www.noticiasradioreflejos.com.ar\/2021\/#website\",\"url\":\"https:\/\/www.noticiasradioreflejos.com.ar\/2021\/\",\"name\":\"Noticias Radio Reflejos\",\"description\":\"Las noticias de mi comarca\",\"potentialAction\":[{\"@type\":\"SearchAction\",\"target\":{\"@type\":\"EntryPoint\",\"urlTemplate\":\"https:\/\/www.noticiasradioreflejos.com.ar\/2021\/?s={search_term_string}\"},\"query-input\":{\"@type\":\"PropertyValueSpecification\",\"valueRequired\":true,\"valueName\":\"search_term_string\"}}],\"inLanguage\":\"es\"},{\"@type\":\"Person\",\"@id\":\"https:\/\/www.noticiasradioreflejos.com.ar\/2021\/#\/schema\/person\/ad82545263dcc5ec0996818884fd5fb1\",\"name\":\"Arnaldo Botto\",\"image\":{\"@type\":\"ImageObject\",\"inLanguage\":\"es\",\"@id\":\"https:\/\/www.noticiasradioreflejos.com.ar\/2021\/#\/schema\/person\/image\/\",\"url\":\"https:\/\/secure.gravatar.com\/avatar\/55cb5e37c1efa326397366e6974cb338056df65cb50e7d64d1cf314e87504837?s=96&d=mm&r=g\",\"contentUrl\":\"https:\/\/secure.gravatar.com\/avatar\/55cb5e37c1efa326397366e6974cb338056df65cb50e7d64d1cf314e87504837?s=96&d=mm&r=g\",\"caption\":\"Arnaldo Botto\"},\"url\":\"https:\/\/www.noticiasradioreflejos.com.ar\/2021\/author\/arnaldo\/\"}]}<\/script>\n<!-- \/ Yoast SEO plugin. -->","yoast_head_json":{"title":"Tres Picos: el martes se brindar\u00e1 asesoramiento sobre FICHA SOCIAL y se recibir\u00e1n solicitudes - Noticias Radio Reflejos","robots":{"index":"index","follow":"follow","max-snippet":"max-snippet:-1","max-image-preview":"max-image-preview:large","max-video-preview":"max-video-preview:-1"},"canonical":"https:\/\/www.noticiasradioreflejos.com.ar\/2021\/tres-picos-el-martes-se-brindara-asesoramiento-sobre-ficha-social-y-se-recibiran-solicitudes\/","og_locale":"es_ES","og_type":"article","og_title":"Tres Picos: el martes se brindar\u00e1 asesoramiento sobre FICHA SOCIAL y se recibir\u00e1n solicitudes - Noticias Radio Reflejos","og_description":"La Secretar\u00eda de Salud municipal informa que el pr\u00f3ximo martes 10, en la Unidad Sanitaria de Tres Picos, personal capacitado estar\u00e1 asesorando acerca de la obtenci\u00f3n de la Ficha Social. Adem\u00e1s se recepcionar\u00e1n solicitudes de las mismas.","og_url":"https:\/\/www.noticiasradioreflejos.com.ar\/2021\/tres-picos-el-martes-se-brindara-asesoramiento-sobre-ficha-social-y-se-recibiran-solicitudes\/","og_site_name":"Noticias Radio Reflejos","article_published_time":"2018-07-07T00:42:53+00:00","og_image":[{"width":300,"height":200,"url":"https:\/\/www.noticiasradioreflejos.com.ar\/2021\/wp-content\/uploads\/2021\/07\/logosol300x200.png","type":"image\/png"}],"author":"Arnaldo Botto","twitter_card":"summary_large_image","schema":{"@context":"https:\/\/schema.org","@graph":[{"@type":"WebPage","@id":"https:\/\/www.noticiasradioreflejos.com.ar\/2021\/tres-picos-el-martes-se-brindara-asesoramiento-sobre-ficha-social-y-se-recibiran-solicitudes\/","url":"https:\/\/www.noticiasradioreflejos.com.ar\/2021\/tres-picos-el-martes-se-brindara-asesoramiento-sobre-ficha-social-y-se-recibiran-solicitudes\/","name":"Tres Picos: el martes se brindar\u00e1 asesoramiento sobre FICHA SOCIAL y se recibir\u00e1n solicitudes - Noticias Radio Reflejos","isPartOf":{"@id":"https:\/\/www.noticiasradioreflejos.com.ar\/2021\/#website"},"datePublished":"2018-07-07T00:42:53+00:00","author":{"@id":"https:\/\/www.noticiasradioreflejos.com.ar\/2021\/#\/schema\/person\/ad82545263dcc5ec0996818884fd5fb1"},"breadcrumb":{"@id":"https:\/\/www.noticiasradioreflejos.com.ar\/2021\/tres-picos-el-martes-se-brindara-asesoramiento-sobre-ficha-social-y-se-recibiran-solicitudes\/#breadcrumb"},"inLanguage":"es","potentialAction":[{"@type":"ReadAction","target":["https:\/\/www.noticiasradioreflejos.com.ar\/2021\/tres-picos-el-martes-se-brindara-asesoramiento-sobre-ficha-social-y-se-recibiran-solicitudes\/"]}]},{"@type":"BreadcrumbList","@id":"https:\/\/www.noticiasradioreflejos.com.ar\/2021\/tres-picos-el-martes-se-brindara-asesoramiento-sobre-ficha-social-y-se-recibiran-solicitudes\/#breadcrumb","itemListElement":[{"@type":"ListItem","position":1,"name":"Portada","item":"https:\/\/www.noticiasradioreflejos.com.ar\/2021\/"},{"@type":"ListItem","position":2,"name":"Tres Picos: el martes se brindar\u00e1 asesoramiento sobre FICHA SOCIAL y se recibir\u00e1n solicitudes"}]},{"@type":"WebSite","@id":"https:\/\/www.noticiasradioreflejos.com.ar\/2021\/#website","url":"https:\/\/www.noticiasradioreflejos.com.ar\/2021\/","name":"Noticias Radio Reflejos","description":"Las noticias de mi comarca","potentialAction":[{"@type":"SearchAction","target":{"@type":"EntryPoint","urlTemplate":"https:\/\/www.noticiasradioreflejos.com.ar\/2021\/?s={search_term_string}"},"query-input":{"@type":"PropertyValueSpecification","valueRequired":true,"valueName":"search_term_string"}}],"inLanguage":"es"},{"@type":"Person","@id":"https:\/\/www.noticiasradioreflejos.com.ar\/2021\/#\/schema\/person\/ad82545263dcc5ec0996818884fd5fb1","name":"Arnaldo Botto","image":{"@type":"ImageObject","inLanguage":"es","@id":"https:\/\/www.noticiasradioreflejos.com.ar\/2021\/#\/schema\/person\/image\/","url":"https:\/\/secure.gravatar.com\/avatar\/55cb5e37c1efa326397366e6974cb338056df65cb50e7d64d1cf314e87504837?s=96&d=mm&r=g","contentUrl":"https:\/\/secure.gravatar.com\/avatar\/55cb5e37c1efa326397366e6974cb338056df65cb50e7d64d1cf314e87504837?s=96&d=mm&r=g","caption":"Arnaldo Botto"},"url":"https:\/\/www.noticiasradioreflejos.com.ar\/2021\/author\/arnaldo\/"}]}},"_links":{"self":[{"href":"https:\/\/www.noticiasradioreflejos.com.ar\/2021\/wp-json\/wp\/v2\/posts\/23090","targetHints":{"allow":["GET"]}}],"collection":[{"href":"https:\/\/www.noticiasradioreflejos.com.ar\/2021\/wp-json\/wp\/v2\/posts"}],"about":[{"href":"https:\/\/www.noticiasradioreflejos.com.ar\/2021\/wp-json\/wp\/v2\/types\/post"}],"author":[{"embeddable":true,"href":"https:\/\/www.noticiasradioreflejos.com.ar\/2021\/wp-json\/wp\/v2\/users\/3"}],"replies":[{"embeddable":true,"href":"https:\/\/www.noticiasradioreflejos.com.ar\/2021\/wp-json\/wp\/v2\/comments?post=23090"}],"version-history":[{"count":0,"href":"https:\/\/www.noticiasradioreflejos.com.ar\/2021\/wp-json\/wp\/v2\/posts\/23090\/revisions"}],"wp:attachment":[{"href":"https:\/\/www.noticiasradioreflejos.com.ar\/2021\/wp-json\/wp\/v2\/media?parent=23090"}],"wp:term":[{"taxonomy":"category","embeddable":true,"href":"https:\/\/www.noticiasradioreflejos.com.ar\/2021\/wp-json\/wp\/v2\/categories?post=23090"},{"taxonomy":"post_tag","embeddable":true,"href":"https:\/\/www.noticiasradioreflejos.com.ar\/2021\/wp-json\/wp\/v2\/tags?post=23090"}],"curies":[{"name":"wp","href":"https:\/\/api.w.org\/{rel}","templated":true}]}}