{"id":23087,"date":"2018-07-06T21:37:27","date_gmt":"2018-07-07T00:37:27","guid":{"rendered":"http:\/\/www.noticiasradioreflejos.com.ar\/noticias\/?p=23087"},"modified":"2018-07-06T21:37:27","modified_gmt":"2018-07-07T00:37:27","slug":"amplio-debate-sobre-la-conservacion-de-suelos","status":"publish","type":"post","link":"https:\/\/www.noticiasradioreflejos.com.ar\/2021\/amplio-debate-sobre-la-conservacion-de-suelos\/","title":{"rendered":"Amplio debate sobre la conservaci\u00f3n de suelos"},"content":{"rendered":"<p class=\"x_m_-8692502800086525852x_MsoNormal\" align=\"center\">El presidente de la C\u00e1mara de Diputados,\u00a0Manuel Mosca, junto con el ministro de Agroindustria, Leonardo Sarqu\u00eds, presidieron la apertura de una jornada en la que legisladores de diferentes bloques, funcionarios, especialistas y representantes de entidades especializadas debatieron sobre la necesidad de generar conciencia sobre la conservaci\u00f3n de los suelos.<\/p>\n<p><!--more--><\/p>\n<p class=\"x_m_-8692502800086525852x_MsoNormal\">La actividad, que se desarroll\u00f3 en el Sal\u00f3n Auditorio del edificio Anexo de la HCD, se dio en el marco de la celebraci\u00f3n del \u201cD\u00eda Nacional de la Conservaci\u00f3n del Suelo\u201d, decretado en 1963. De la apertura participaron tambi\u00e9n Luis Mar\u00eda Urriza, subsecretario de Agricultura de la Naci\u00f3n, Guillermo Sttudert, presidente de la AACS (Asociaci\u00f3n Argentina de Ciencias del Suelo), y Miguel Taboada, director del Instituto Nacional de Suelos del INTA.<\/p>\n<p class=\"x_m_-8692502800086525852x_MsoNormal\">En ese marco, Mosca asegur\u00f3:\u00a0<b><i>\u201cValoro mucho el trabajo de los legisladores, funcionarios y entidades que ponen un tema tan importante en la agenda. Tenemos el compromiso de llevar adelante el debate sobre la conservaci\u00f3n del suelo para trabajarlo a lo largo y ancho de toda la provincia. En Buenos Aires tenemos 20 millones de hect\u00e1reas que se siembran por a\u00f1o y por eso debemos generar conciencia acerca del uso del suelo en cuestiones clave como la rotaci\u00f3n y la fertilizaci\u00f3n\u201d.<\/i><\/b><\/p>\n<p class=\"x_m_-8692502800086525852x_MsoNormal\">En tanto, el ministro Sarqu\u00eds realiz\u00f3 una introducci\u00f3n a la tem\u00e1tica y explic\u00f3 que\u00a0<b><i>\u201ces muy importante que se entienda la importancia de una buena pr\u00e1ctica agr\u00edcola y un uso eficiente de los agroqu\u00edmicos\u201d.<\/i><\/b><\/p>\n<p class=\"x_m_-8692502800086525852x_MsoNormal\">A lo largo de la jornada se ofrecieron charlas dictadas por especialistas en el tema que incluyeron las diferentes situaciones que se exponen en la degradaci\u00f3n de los suelos en la provincia. Sobre la tem\u00e1tica, el especialista del INTA, Miguel Taboada, se\u00f1al\u00f3<b><i>: \u201cUna cuesti\u00f3n importante que viene asomando, sobre todo por el avance del oeste arenoso, es la salinizaci\u00f3n de los suelos. Las soluciones ante estos problemas est\u00e1n y son simples, y consisten en avanzar con las pr\u00e1cticas de conservaci\u00f3n de suelos, terraciado, cultivo en contorno y con las rotaciones agr\u00edcolas. A su vez, en el oeste arenoso la clave est\u00e1 en el manejo del agua y en el manejo de la capa fre\u00e1tica, tener los suelos cubiertos para evitar la evaporaci\u00f3n y la salinizaci\u00f3n\u201d.<\/i><\/b><\/p>\n<p class=\"x_m_-8692502800086525852x_MsoNormal\">Por su parte, Urriza cont\u00f3 las acciones que lleva adelante el gobierno en la materia:\u00a0<b><i>\u201cEn Argentina hay que atender el cuidado del recurso suelo y tenemos una gran oportunidad. Por eso contamos con un Plan Nacional de Suelos, un Observatorio de Suelos, est\u00e1 el INTA desde lo t\u00e9cnico y las universidades que abordan la problem\u00e1tica. Vemos el cuidado del suelo como una oportunidad, porque nuestra manera de producir alimentos debe ser sostenible\u00a0y competitiva a nivel global. Si nos convertimos en el supermercado del mundo y logramos liderar, habr\u00e1 un mayor desarrollo y no s\u00f3lo estaremos vendiendo un producto, sino que estaremos vendiendo un servicio ecosist\u00e9mico\u201d.<\/i><\/b><\/p>\n<p class=\"x_m_-8692502800086525852x_MsoNormal\">Durante el cierre de la jornada hubo un panel de legisladores. La organizadora de la actividad, Susana L\u00e1zzari, destac\u00f3 la importancia de desarrollar la tem\u00e1tica para todos\u00a0<b><i>\u201clos diputados que pertenecemos a la Comisi\u00f3n de Asuntos Agrarios. Para la Provincia es muy importante que podamos difundir y concientizar sobre el buen uso de nuestro suelo que es un recurso natural que se agota\u201d.<\/i><\/b><\/p>\n<p class=\"x_m_-8692502800086525852x_MsoNormal\">Por \u00faltimo, el diputado Mariano Pinedo destac\u00f3 el tratamiento de una de las problem\u00e1ticas sobre la utilizaci\u00f3n de suelos que es la erosi\u00f3n h\u00eddrica y valor\u00f3 la exposici\u00f3n de los especialistas\u00a0<b><i>\u201cque se refirieron a los malos h\u00e1bitos que se producen en el campo y que no son acordes con los criterios de conservaci\u00f3n ambiental. Lo que presenciamos durante la jornada son distintas visiones t\u00e9cnicas de especialistas en el tema. Lo que resta definir es c\u00f3mo desde la pol\u00edtica apoyamos y acompa\u00f1amos las buenas pr\u00e1cticas, ya que el suelo es una fuente de recursos clave en la producci\u00f3n de los alimentos<\/i><\/b>\u201d. Participaron tambi\u00e9n de este panel la diputada Carolina Barros Schelotto y su par Oscar S\u00e1nchez.<\/p>\n","protected":false},"excerpt":{"rendered":"<p>El presidente de la C\u00e1mara de Diputados,\u00a0Manuel Mosca, junto con el ministro de Agroindustria, Leonardo Sarqu\u00eds, presidieron la apertura de una jornada en la que legisladores de diferentes bloques, funcionarios, especialistas y representantes de entidades especializadas debatieron sobre la necesidad de generar conciencia sobre la conservaci\u00f3n de los suelos.<\/p>\n","protected":false},"author":3,"featured_media":0,"comment_status":"closed","ping_status":"open","sticky":false,"template":"","format":"standard","meta":{"footnotes":""},"categories":[24],"tags":[],"class_list":["post-23087","post","type-post","status-publish","format-standard","hentry","category-politica"],"yoast_head":"<!-- This site is optimized with the Yoast SEO plugin v25.9 - https:\/\/yoast.com\/wordpress\/plugins\/seo\/ -->\n<title>Amplio debate sobre la conservaci\u00f3n de suelos - Noticias Radio Reflejos<\/title>\n<meta name=\"robots\" content=\"index, follow, max-snippet:-1, max-image-preview:large, max-video-preview:-1\" \/>\n<link rel=\"canonical\" href=\"https:\/\/www.noticiasradioreflejos.com.ar\/2021\/amplio-debate-sobre-la-conservacion-de-suelos\/\" \/>\n<meta property=\"og:locale\" content=\"es_ES\" \/>\n<meta property=\"og:type\" content=\"article\" \/>\n<meta property=\"og:title\" content=\"Amplio debate sobre la conservaci\u00f3n de suelos - Noticias Radio Reflejos\" \/>\n<meta property=\"og:description\" content=\"El presidente de la C\u00e1mara de Diputados,\u00a0Manuel Mosca, junto con el ministro de Agroindustria, Leonardo Sarqu\u00eds, presidieron la apertura de una jornada en la que legisladores de diferentes bloques, funcionarios, especialistas y representantes de entidades especializadas debatieron sobre la necesidad de generar conciencia sobre la conservaci\u00f3n de los suelos.\" \/>\n<meta property=\"og:url\" content=\"https:\/\/www.noticiasradioreflejos.com.ar\/2021\/amplio-debate-sobre-la-conservacion-de-suelos\/\" \/>\n<meta property=\"og:site_name\" content=\"Noticias Radio Reflejos\" \/>\n<meta property=\"article:published_time\" content=\"2018-07-07T00:37:27+00:00\" \/>\n<meta property=\"og:image\" content=\"https:\/\/www.noticiasradioreflejos.com.ar\/2021\/wp-content\/uploads\/2021\/07\/logosol300x200.png\" \/>\n\t<meta property=\"og:image:width\" content=\"300\" \/>\n\t<meta property=\"og:image:height\" content=\"200\" \/>\n\t<meta property=\"og:image:type\" content=\"image\/png\" \/>\n<meta name=\"author\" content=\"Arnaldo Botto\" \/>\n<meta name=\"twitter:card\" content=\"summary_large_image\" \/>\n<script type=\"application\/ld+json\" class=\"yoast-schema-graph\">{\"@context\":\"https:\/\/schema.org\",\"@graph\":[{\"@type\":\"WebPage\",\"@id\":\"https:\/\/www.noticiasradioreflejos.com.ar\/2021\/amplio-debate-sobre-la-conservacion-de-suelos\/\",\"url\":\"https:\/\/www.noticiasradioreflejos.com.ar\/2021\/amplio-debate-sobre-la-conservacion-de-suelos\/\",\"name\":\"Amplio debate sobre la conservaci\u00f3n de suelos - Noticias Radio Reflejos\",\"isPartOf\":{\"@id\":\"https:\/\/www.noticiasradioreflejos.com.ar\/2021\/#website\"},\"datePublished\":\"2018-07-07T00:37:27+00:00\",\"author\":{\"@id\":\"https:\/\/www.noticiasradioreflejos.com.ar\/2021\/#\/schema\/person\/ad82545263dcc5ec0996818884fd5fb1\"},\"breadcrumb\":{\"@id\":\"https:\/\/www.noticiasradioreflejos.com.ar\/2021\/amplio-debate-sobre-la-conservacion-de-suelos\/#breadcrumb\"},\"inLanguage\":\"es\",\"potentialAction\":[{\"@type\":\"ReadAction\",\"target\":[\"https:\/\/www.noticiasradioreflejos.com.ar\/2021\/amplio-debate-sobre-la-conservacion-de-suelos\/\"]}]},{\"@type\":\"BreadcrumbList\",\"@id\":\"https:\/\/www.noticiasradioreflejos.com.ar\/2021\/amplio-debate-sobre-la-conservacion-de-suelos\/#breadcrumb\",\"itemListElement\":[{\"@type\":\"ListItem\",\"position\":1,\"name\":\"Portada\",\"item\":\"https:\/\/www.noticiasradioreflejos.com.ar\/2021\/\"},{\"@type\":\"ListItem\",\"position\":2,\"name\":\"Amplio debate sobre la conservaci\u00f3n de suelos\"}]},{\"@type\":\"WebSite\",\"@id\":\"https:\/\/www.noticiasradioreflejos.com.ar\/2021\/#website\",\"url\":\"https:\/\/www.noticiasradioreflejos.com.ar\/2021\/\",\"name\":\"Noticias Radio Reflejos\",\"description\":\"Las noticias de mi comarca\",\"potentialAction\":[{\"@type\":\"SearchAction\",\"target\":{\"@type\":\"EntryPoint\",\"urlTemplate\":\"https:\/\/www.noticiasradioreflejos.com.ar\/2021\/?s={search_term_string}\"},\"query-input\":{\"@type\":\"PropertyValueSpecification\",\"valueRequired\":true,\"valueName\":\"search_term_string\"}}],\"inLanguage\":\"es\"},{\"@type\":\"Person\",\"@id\":\"https:\/\/www.noticiasradioreflejos.com.ar\/2021\/#\/schema\/person\/ad82545263dcc5ec0996818884fd5fb1\",\"name\":\"Arnaldo Botto\",\"image\":{\"@type\":\"ImageObject\",\"inLanguage\":\"es\",\"@id\":\"https:\/\/www.noticiasradioreflejos.com.ar\/2021\/#\/schema\/person\/image\/\",\"url\":\"https:\/\/secure.gravatar.com\/avatar\/55cb5e37c1efa326397366e6974cb338056df65cb50e7d64d1cf314e87504837?s=96&d=mm&r=g\",\"contentUrl\":\"https:\/\/secure.gravatar.com\/avatar\/55cb5e37c1efa326397366e6974cb338056df65cb50e7d64d1cf314e87504837?s=96&d=mm&r=g\",\"caption\":\"Arnaldo Botto\"},\"url\":\"https:\/\/www.noticiasradioreflejos.com.ar\/2021\/author\/arnaldo\/\"}]}<\/script>\n<!-- \/ Yoast SEO plugin. -->","yoast_head_json":{"title":"Amplio debate sobre la conservaci\u00f3n de suelos - Noticias Radio Reflejos","robots":{"index":"index","follow":"follow","max-snippet":"max-snippet:-1","max-image-preview":"max-image-preview:large","max-video-preview":"max-video-preview:-1"},"canonical":"https:\/\/www.noticiasradioreflejos.com.ar\/2021\/amplio-debate-sobre-la-conservacion-de-suelos\/","og_locale":"es_ES","og_type":"article","og_title":"Amplio debate sobre la conservaci\u00f3n de suelos - Noticias Radio Reflejos","og_description":"El presidente de la C\u00e1mara de Diputados,\u00a0Manuel Mosca, junto con el ministro de Agroindustria, Leonardo Sarqu\u00eds, presidieron la apertura de una jornada en la que legisladores de diferentes bloques, funcionarios, especialistas y representantes de entidades especializadas debatieron sobre la necesidad de generar conciencia sobre la conservaci\u00f3n de los suelos.","og_url":"https:\/\/www.noticiasradioreflejos.com.ar\/2021\/amplio-debate-sobre-la-conservacion-de-suelos\/","og_site_name":"Noticias Radio Reflejos","article_published_time":"2018-07-07T00:37:27+00:00","og_image":[{"width":300,"height":200,"url":"https:\/\/www.noticiasradioreflejos.com.ar\/2021\/wp-content\/uploads\/2021\/07\/logosol300x200.png","type":"image\/png"}],"author":"Arnaldo Botto","twitter_card":"summary_large_image","schema":{"@context":"https:\/\/schema.org","@graph":[{"@type":"WebPage","@id":"https:\/\/www.noticiasradioreflejos.com.ar\/2021\/amplio-debate-sobre-la-conservacion-de-suelos\/","url":"https:\/\/www.noticiasradioreflejos.com.ar\/2021\/amplio-debate-sobre-la-conservacion-de-suelos\/","name":"Amplio debate sobre la conservaci\u00f3n de suelos - Noticias Radio Reflejos","isPartOf":{"@id":"https:\/\/www.noticiasradioreflejos.com.ar\/2021\/#website"},"datePublished":"2018-07-07T00:37:27+00:00","author":{"@id":"https:\/\/www.noticiasradioreflejos.com.ar\/2021\/#\/schema\/person\/ad82545263dcc5ec0996818884fd5fb1"},"breadcrumb":{"@id":"https:\/\/www.noticiasradioreflejos.com.ar\/2021\/amplio-debate-sobre-la-conservacion-de-suelos\/#breadcrumb"},"inLanguage":"es","potentialAction":[{"@type":"ReadAction","target":["https:\/\/www.noticiasradioreflejos.com.ar\/2021\/amplio-debate-sobre-la-conservacion-de-suelos\/"]}]},{"@type":"BreadcrumbList","@id":"https:\/\/www.noticiasradioreflejos.com.ar\/2021\/amplio-debate-sobre-la-conservacion-de-suelos\/#breadcrumb","itemListElement":[{"@type":"ListItem","position":1,"name":"Portada","item":"https:\/\/www.noticiasradioreflejos.com.ar\/2021\/"},{"@type":"ListItem","position":2,"name":"Amplio debate sobre la conservaci\u00f3n de suelos"}]},{"@type":"WebSite","@id":"https:\/\/www.noticiasradioreflejos.com.ar\/2021\/#website","url":"https:\/\/www.noticiasradioreflejos.com.ar\/2021\/","name":"Noticias Radio Reflejos","description":"Las noticias de mi comarca","potentialAction":[{"@type":"SearchAction","target":{"@type":"EntryPoint","urlTemplate":"https:\/\/www.noticiasradioreflejos.com.ar\/2021\/?s={search_term_string}"},"query-input":{"@type":"PropertyValueSpecification","valueRequired":true,"valueName":"search_term_string"}}],"inLanguage":"es"},{"@type":"Person","@id":"https:\/\/www.noticiasradioreflejos.com.ar\/2021\/#\/schema\/person\/ad82545263dcc5ec0996818884fd5fb1","name":"Arnaldo Botto","image":{"@type":"ImageObject","inLanguage":"es","@id":"https:\/\/www.noticiasradioreflejos.com.ar\/2021\/#\/schema\/person\/image\/","url":"https:\/\/secure.gravatar.com\/avatar\/55cb5e37c1efa326397366e6974cb338056df65cb50e7d64d1cf314e87504837?s=96&d=mm&r=g","contentUrl":"https:\/\/secure.gravatar.com\/avatar\/55cb5e37c1efa326397366e6974cb338056df65cb50e7d64d1cf314e87504837?s=96&d=mm&r=g","caption":"Arnaldo Botto"},"url":"https:\/\/www.noticiasradioreflejos.com.ar\/2021\/author\/arnaldo\/"}]}},"_links":{"self":[{"href":"https:\/\/www.noticiasradioreflejos.com.ar\/2021\/wp-json\/wp\/v2\/posts\/23087","targetHints":{"allow":["GET"]}}],"collection":[{"href":"https:\/\/www.noticiasradioreflejos.com.ar\/2021\/wp-json\/wp\/v2\/posts"}],"about":[{"href":"https:\/\/www.noticiasradioreflejos.com.ar\/2021\/wp-json\/wp\/v2\/types\/post"}],"author":[{"embeddable":true,"href":"https:\/\/www.noticiasradioreflejos.com.ar\/2021\/wp-json\/wp\/v2\/users\/3"}],"replies":[{"embeddable":true,"href":"https:\/\/www.noticiasradioreflejos.com.ar\/2021\/wp-json\/wp\/v2\/comments?post=23087"}],"version-history":[{"count":0,"href":"https:\/\/www.noticiasradioreflejos.com.ar\/2021\/wp-json\/wp\/v2\/posts\/23087\/revisions"}],"wp:attachment":[{"href":"https:\/\/www.noticiasradioreflejos.com.ar\/2021\/wp-json\/wp\/v2\/media?parent=23087"}],"wp:term":[{"taxonomy":"category","embeddable":true,"href":"https:\/\/www.noticiasradioreflejos.com.ar\/2021\/wp-json\/wp\/v2\/categories?post=23087"},{"taxonomy":"post_tag","embeddable":true,"href":"https:\/\/www.noticiasradioreflejos.com.ar\/2021\/wp-json\/wp\/v2\/tags?post=23087"}],"curies":[{"name":"wp","href":"https:\/\/api.w.org\/{rel}","templated":true}]}}