{"id":23080,"date":"2018-07-06T21:29:31","date_gmt":"2018-07-07T00:29:31","guid":{"rendered":"http:\/\/www.noticiasradioreflejos.com.ar\/noticias\/?p=23080"},"modified":"2018-07-06T21:29:31","modified_gmt":"2018-07-07T00:29:31","slug":"aca-no-hay-que-ponerle-nombre-esto-es-de-todos","status":"publish","type":"post","link":"https:\/\/www.noticiasradioreflejos.com.ar\/2021\/aca-no-hay-que-ponerle-nombre-esto-es-de-todos\/","title":{"rendered":"&quot;Ac\u00e1 no hay que ponerle nombre, esto es de todos&quot;"},"content":{"rendered":"<p><a title=\"IMG_20180706_111459\" href=\"http:\/\/farm1.staticflickr.com\/918\/41429353720_01ed0fb8f4.jpg\" rel=\"\"><img loading=\"lazy\" decoding=\"async\" class=\"alignleft\" style=\"float: left;\" title=\"IMG_20180706_111459\" src=\"http:\/\/farm1.staticflickr.com\/918\/41429353720_01ed0fb8f4.jpg\" alt=\"IMG_20180706_111459\" width=\"500\" height=\"281\" \/><\/a>Durante el espacio de \u00abTiempo Educativo\u00bb de este viernes en FM Reflejos, charlamos con el Prof. Diego Pizzo y alumnos de la Escuela secundaria T\u00e9cnica N\u00b0 1 de Tornquist, sobre el proyecto de la Estaci\u00f3n de Carga Solar que se ubica en el bulevar de AV San Mart\u00edn y Av. Roca en Sierra de la Ventana.<br \/>\nTambi\u00e9n escuchamos la opini\u00f3n de dos alumnos que participaron durante el d\u00eda de hoy de tareas de mantenimiento en el lugar.<!--more--><br \/>\n\u00abEstamos ac\u00e1 en la estaci\u00f3n de recarga solar, haciendo los \u00faltimos retoques, con alumnos que son de ac\u00e1 de la localidad de Sierra, son alumnos de la escuela t\u00e9cnica, que concurren a la escuela t\u00e9cnica pero que viven ac\u00e1 en Saldungaray, y en Sierra de la Ventana, haciendo la puesta a punto de la estaci\u00f3n solar, con todos los detalles, carteler\u00eda, instalando el wifi, y todos los \u00faltimos detalles\u00bb.<br \/>\n\u00abTe cuento resumido desde cero, el proyecto de las estaciones de recarga solar, nace ya hace un a\u00f1o y medio hacia dos, un grupo de docentes de la cual formo parte, de la escuela t\u00e9cnica, esto que se dice nuevo, ya esta hace rato en el planeta, el tema de abastecerse de los recursos renovables como el sol, el viento, y en este caso exclusivamente esta estaci\u00f3n esta dedicada a lo que es el recurso solar, consta de un panel fotovoltaico que carga una bater\u00eda que act\u00faa de banco de energ\u00eda para cuando no esta el sol, y un termo que provee agua caliente, este tipo de instalaciones autosustentables, quiere decir que no esta conectada a la red ni nada, esa es la segunda, la primera se instalo mucho mas sencilla con un prototipo en la plaza de cabecera del partido Ernesto Tornquist, y poniendo un poco el coraz\u00f3n local dijimos bueno vamos por algo mas, lo propuse en el grupo y se dijo que si, nos apoyaron obviamente instituciones locales, que bueno ya van a ver las publicidades, el municipio por sobre todo, porque digamos que el aval de poder hacer esto en un espacio publico no se podr\u00eda hacer y bueno como novedad se esta proyectando, que haya dise\u00f1o exclusivo para cada localidad del distrito, todas las localidades, desde la mas chiquita, hasta la mas grande\u00bb.<br \/>\n\u00abDe hecho se inaugura el 12, de paso los invito, a las 10 de la ma\u00f1ana, que viene una diputada nacional Antinori, que esta con todo el tema tambi\u00e9n de los molinos y eso, a darnos la buena noticia de que esto se va a poder hacer, por medio de la escuela tambi\u00e9n, y del municipio y de todos en realidad, ac\u00e1 no hay que ponerle nombre, esto es de todos, no es de nadie en realidad\u00bb.<br \/>\nNos cont\u00f3 tambi\u00e9n que podr\u00e1 hacer la gente que se acerque a ese lugar, \u00abPodr\u00e1 cargar cualquier dispositivo m\u00f3vil, ahora tenemos que hacer el recambio de cables, que desgraciadamente han sido llevados como souvenires, cuando vine le otro d\u00eda faltaban dos y ahora faltan cuatro, yo creo igual que no fue con intenci\u00f3n, creo que fue mala suerte del destino, para la inauguraci\u00f3n va a estar todo andando, el agua caliente sale barbara, si es cierto que con estas temperaturas aveces no sale a los 90 grados que uno quiere para el mate pero bueno creo que por ser algo que es renovable, hay que aprender a usarlo, porque obviamente que si ven\u00eds a las 22hs el agua no va a estar tan caliente como ahora que ya le esta pegando el sol, y lo importante es eso, que es de los chicos, uno los acompa\u00f1a, los asesora, y los va guiando para eso estamos los docentes, y adquieren el conocimiento, eso es fundamental\u00bb.<br \/>\n\u00abEsta bueno porque construir algo en el pueblo con los chicos de la escuela, ahora que ya esta terminado como que da gusto que lo hayas hecho vos con tus amigos, es importante hacerlo, pero tambi\u00e9n es importante lo que aprendemos\u00bb, Cont\u00f3 Juan Cruz Martinez, Alumno.<br \/>\n\u00abYo soy nuevo, asique con esto estoy aprendiendo bastante, todo esto que hicimos ac\u00e1, es algo nuevo para mi. Los trabajos que hicimos, todo fue bastante divertido, el compa\u00f1erismo, venimos trabajando en conjunto\u00bb Expres\u00f3 Julian, Alumno.<br \/>\n\u00abLos invitamos nuevamente, el jueves 12 de Julio a las 10 de la ma\u00f1ana con los chicos, la mayor cantidad de chicos, porque en este proyecto fue transversal, vos calcula que los chicos que est\u00e1n ac\u00e1 son de primero, segundo y tercero, y los mas grandes digamos, son los que mas trabajaron en la parte t\u00e9cnico especifica por decirlo de alguna manera\u00bb.<br \/>\nNOTA COMPLETA:<br \/>\n<iframe loading=\"lazy\" src=\"https:\/\/w.soundcloud.com\/player\/?url=https%3A\/\/api.soundcloud.com\/tracks\/468146127&amp;color=%23ff5500&amp;auto_play=false&amp;hide_related=false&amp;show_comments=true&amp;show_user=true&amp;show_reposts=false&amp;show_teaser=true\" width=\"100%\" height=\"166\" frameborder=\"no\" scrolling=\"no\"><\/iframe><br \/>\n&nbsp;<br \/>\n&nbsp;<br \/>\n<a title=\"IMG_20180706_114942 (1)\" href=\"http:\/\/farm1.staticflickr.com\/926\/29368619468_6d36c12ae0_z.jpg\" rel=\"\"><img loading=\"lazy\" decoding=\"async\" class=\"aligncenter\" title=\"IMG_20180706_114942 (1)\" src=\"http:\/\/farm1.staticflickr.com\/926\/29368619468_6d36c12ae0_z.jpg\" alt=\"IMG_20180706_114942 (1)\" width=\"431\" height=\"640\" \/><\/a><\/p>\n","protected":false},"excerpt":{"rendered":"<p>Durante el espacio de \u00abTiempo Educativo\u00bb de este viernes en FM Reflejos, charlamos con el Prof. Diego Pizzo y alumnos de la Escuela secundaria T\u00e9cnica N\u00b0 1 de Tornquist, sobre el proyecto de la Estaci\u00f3n de Carga Solar que se ubica en el bulevar de AV San Mart\u00edn y Av. Roca en Sierra de la [&hellip;]<\/p>\n","protected":false},"author":3,"featured_media":0,"comment_status":"closed","ping_status":"open","sticky":false,"template":"","format":"standard","meta":{"footnotes":""},"categories":[34],"tags":[],"class_list":["post-23080","post","type-post","status-publish","format-standard","hentry","category-educacion"],"yoast_head":"<!-- This site is optimized with the Yoast SEO plugin v25.9 - https:\/\/yoast.com\/wordpress\/plugins\/seo\/ -->\n<title>&quot;Ac\u00e1 no hay que ponerle nombre, esto es de todos&quot; - Noticias Radio Reflejos<\/title>\n<meta name=\"robots\" content=\"index, follow, max-snippet:-1, max-image-preview:large, max-video-preview:-1\" \/>\n<link rel=\"canonical\" href=\"https:\/\/www.noticiasradioreflejos.com.ar\/2021\/aca-no-hay-que-ponerle-nombre-esto-es-de-todos\/\" \/>\n<meta property=\"og:locale\" content=\"es_ES\" \/>\n<meta property=\"og:type\" content=\"article\" \/>\n<meta property=\"og:title\" content=\"&quot;Ac\u00e1 no hay que ponerle nombre, esto es de todos&quot; - Noticias Radio Reflejos\" \/>\n<meta property=\"og:description\" content=\"Durante el espacio de \u00abTiempo Educativo\u00bb de este viernes en FM Reflejos, charlamos con el Prof. Diego Pizzo y alumnos de la Escuela secundaria T\u00e9cnica N\u00b0 1 de Tornquist, sobre el proyecto de la Estaci\u00f3n de Carga Solar que se ubica en el bulevar de AV San Mart\u00edn y Av. Roca en Sierra de la [&hellip;]\" \/>\n<meta property=\"og:url\" content=\"https:\/\/www.noticiasradioreflejos.com.ar\/2021\/aca-no-hay-que-ponerle-nombre-esto-es-de-todos\/\" \/>\n<meta property=\"og:site_name\" content=\"Noticias Radio Reflejos\" \/>\n<meta property=\"article:published_time\" content=\"2018-07-07T00:29:31+00:00\" \/>\n<meta property=\"og:image\" content=\"http:\/\/farm1.staticflickr.com\/918\/41429353720_01ed0fb8f4.jpg\" \/>\n<meta name=\"author\" content=\"Arnaldo Botto\" \/>\n<meta name=\"twitter:card\" content=\"summary_large_image\" \/>\n<script type=\"application\/ld+json\" class=\"yoast-schema-graph\">{\"@context\":\"https:\/\/schema.org\",\"@graph\":[{\"@type\":\"WebPage\",\"@id\":\"https:\/\/www.noticiasradioreflejos.com.ar\/2021\/aca-no-hay-que-ponerle-nombre-esto-es-de-todos\/\",\"url\":\"https:\/\/www.noticiasradioreflejos.com.ar\/2021\/aca-no-hay-que-ponerle-nombre-esto-es-de-todos\/\",\"name\":\"&quot;Ac\u00e1 no hay que ponerle nombre, esto es de todos&quot; - Noticias Radio Reflejos\",\"isPartOf\":{\"@id\":\"https:\/\/www.noticiasradioreflejos.com.ar\/2021\/#website\"},\"primaryImageOfPage\":{\"@id\":\"https:\/\/www.noticiasradioreflejos.com.ar\/2021\/aca-no-hay-que-ponerle-nombre-esto-es-de-todos\/#primaryimage\"},\"image\":{\"@id\":\"https:\/\/www.noticiasradioreflejos.com.ar\/2021\/aca-no-hay-que-ponerle-nombre-esto-es-de-todos\/#primaryimage\"},\"thumbnailUrl\":\"http:\/\/farm1.staticflickr.com\/918\/41429353720_01ed0fb8f4.jpg\",\"datePublished\":\"2018-07-07T00:29:31+00:00\",\"author\":{\"@id\":\"https:\/\/www.noticiasradioreflejos.com.ar\/2021\/#\/schema\/person\/ad82545263dcc5ec0996818884fd5fb1\"},\"breadcrumb\":{\"@id\":\"https:\/\/www.noticiasradioreflejos.com.ar\/2021\/aca-no-hay-que-ponerle-nombre-esto-es-de-todos\/#breadcrumb\"},\"inLanguage\":\"es\",\"potentialAction\":[{\"@type\":\"ReadAction\",\"target\":[\"https:\/\/www.noticiasradioreflejos.com.ar\/2021\/aca-no-hay-que-ponerle-nombre-esto-es-de-todos\/\"]}]},{\"@type\":\"ImageObject\",\"inLanguage\":\"es\",\"@id\":\"https:\/\/www.noticiasradioreflejos.com.ar\/2021\/aca-no-hay-que-ponerle-nombre-esto-es-de-todos\/#primaryimage\",\"url\":\"http:\/\/farm1.staticflickr.com\/918\/41429353720_01ed0fb8f4.jpg\",\"contentUrl\":\"http:\/\/farm1.staticflickr.com\/918\/41429353720_01ed0fb8f4.jpg\"},{\"@type\":\"BreadcrumbList\",\"@id\":\"https:\/\/www.noticiasradioreflejos.com.ar\/2021\/aca-no-hay-que-ponerle-nombre-esto-es-de-todos\/#breadcrumb\",\"itemListElement\":[{\"@type\":\"ListItem\",\"position\":1,\"name\":\"Portada\",\"item\":\"https:\/\/www.noticiasradioreflejos.com.ar\/2021\/\"},{\"@type\":\"ListItem\",\"position\":2,\"name\":\"&quot;Ac\u00e1 no hay que ponerle nombre, esto es de todos&quot;\"}]},{\"@type\":\"WebSite\",\"@id\":\"https:\/\/www.noticiasradioreflejos.com.ar\/2021\/#website\",\"url\":\"https:\/\/www.noticiasradioreflejos.com.ar\/2021\/\",\"name\":\"Noticias Radio Reflejos\",\"description\":\"Las noticias de mi comarca\",\"potentialAction\":[{\"@type\":\"SearchAction\",\"target\":{\"@type\":\"EntryPoint\",\"urlTemplate\":\"https:\/\/www.noticiasradioreflejos.com.ar\/2021\/?s={search_term_string}\"},\"query-input\":{\"@type\":\"PropertyValueSpecification\",\"valueRequired\":true,\"valueName\":\"search_term_string\"}}],\"inLanguage\":\"es\"},{\"@type\":\"Person\",\"@id\":\"https:\/\/www.noticiasradioreflejos.com.ar\/2021\/#\/schema\/person\/ad82545263dcc5ec0996818884fd5fb1\",\"name\":\"Arnaldo Botto\",\"image\":{\"@type\":\"ImageObject\",\"inLanguage\":\"es\",\"@id\":\"https:\/\/www.noticiasradioreflejos.com.ar\/2021\/#\/schema\/person\/image\/\",\"url\":\"https:\/\/secure.gravatar.com\/avatar\/55cb5e37c1efa326397366e6974cb338056df65cb50e7d64d1cf314e87504837?s=96&d=mm&r=g\",\"contentUrl\":\"https:\/\/secure.gravatar.com\/avatar\/55cb5e37c1efa326397366e6974cb338056df65cb50e7d64d1cf314e87504837?s=96&d=mm&r=g\",\"caption\":\"Arnaldo Botto\"},\"url\":\"https:\/\/www.noticiasradioreflejos.com.ar\/2021\/author\/arnaldo\/\"}]}<\/script>\n<!-- \/ Yoast SEO plugin. -->","yoast_head_json":{"title":"&quot;Ac\u00e1 no hay que ponerle nombre, esto es de todos&quot; - Noticias Radio Reflejos","robots":{"index":"index","follow":"follow","max-snippet":"max-snippet:-1","max-image-preview":"max-image-preview:large","max-video-preview":"max-video-preview:-1"},"canonical":"https:\/\/www.noticiasradioreflejos.com.ar\/2021\/aca-no-hay-que-ponerle-nombre-esto-es-de-todos\/","og_locale":"es_ES","og_type":"article","og_title":"&quot;Ac\u00e1 no hay que ponerle nombre, esto es de todos&quot; - Noticias Radio Reflejos","og_description":"Durante el espacio de \u00abTiempo Educativo\u00bb de este viernes en FM Reflejos, charlamos con el Prof. Diego Pizzo y alumnos de la Escuela secundaria T\u00e9cnica N\u00b0 1 de Tornquist, sobre el proyecto de la Estaci\u00f3n de Carga Solar que se ubica en el bulevar de AV San Mart\u00edn y Av. Roca en Sierra de la [&hellip;]","og_url":"https:\/\/www.noticiasradioreflejos.com.ar\/2021\/aca-no-hay-que-ponerle-nombre-esto-es-de-todos\/","og_site_name":"Noticias Radio Reflejos","article_published_time":"2018-07-07T00:29:31+00:00","og_image":[{"url":"http:\/\/farm1.staticflickr.com\/918\/41429353720_01ed0fb8f4.jpg","type":"","width":"","height":""}],"author":"Arnaldo Botto","twitter_card":"summary_large_image","schema":{"@context":"https:\/\/schema.org","@graph":[{"@type":"WebPage","@id":"https:\/\/www.noticiasradioreflejos.com.ar\/2021\/aca-no-hay-que-ponerle-nombre-esto-es-de-todos\/","url":"https:\/\/www.noticiasradioreflejos.com.ar\/2021\/aca-no-hay-que-ponerle-nombre-esto-es-de-todos\/","name":"&quot;Ac\u00e1 no hay que ponerle nombre, esto es de todos&quot; - Noticias Radio Reflejos","isPartOf":{"@id":"https:\/\/www.noticiasradioreflejos.com.ar\/2021\/#website"},"primaryImageOfPage":{"@id":"https:\/\/www.noticiasradioreflejos.com.ar\/2021\/aca-no-hay-que-ponerle-nombre-esto-es-de-todos\/#primaryimage"},"image":{"@id":"https:\/\/www.noticiasradioreflejos.com.ar\/2021\/aca-no-hay-que-ponerle-nombre-esto-es-de-todos\/#primaryimage"},"thumbnailUrl":"http:\/\/farm1.staticflickr.com\/918\/41429353720_01ed0fb8f4.jpg","datePublished":"2018-07-07T00:29:31+00:00","author":{"@id":"https:\/\/www.noticiasradioreflejos.com.ar\/2021\/#\/schema\/person\/ad82545263dcc5ec0996818884fd5fb1"},"breadcrumb":{"@id":"https:\/\/www.noticiasradioreflejos.com.ar\/2021\/aca-no-hay-que-ponerle-nombre-esto-es-de-todos\/#breadcrumb"},"inLanguage":"es","potentialAction":[{"@type":"ReadAction","target":["https:\/\/www.noticiasradioreflejos.com.ar\/2021\/aca-no-hay-que-ponerle-nombre-esto-es-de-todos\/"]}]},{"@type":"ImageObject","inLanguage":"es","@id":"https:\/\/www.noticiasradioreflejos.com.ar\/2021\/aca-no-hay-que-ponerle-nombre-esto-es-de-todos\/#primaryimage","url":"http:\/\/farm1.staticflickr.com\/918\/41429353720_01ed0fb8f4.jpg","contentUrl":"http:\/\/farm1.staticflickr.com\/918\/41429353720_01ed0fb8f4.jpg"},{"@type":"BreadcrumbList","@id":"https:\/\/www.noticiasradioreflejos.com.ar\/2021\/aca-no-hay-que-ponerle-nombre-esto-es-de-todos\/#breadcrumb","itemListElement":[{"@type":"ListItem","position":1,"name":"Portada","item":"https:\/\/www.noticiasradioreflejos.com.ar\/2021\/"},{"@type":"ListItem","position":2,"name":"&quot;Ac\u00e1 no hay que ponerle nombre, esto es de todos&quot;"}]},{"@type":"WebSite","@id":"https:\/\/www.noticiasradioreflejos.com.ar\/2021\/#website","url":"https:\/\/www.noticiasradioreflejos.com.ar\/2021\/","name":"Noticias Radio Reflejos","description":"Las noticias de mi comarca","potentialAction":[{"@type":"SearchAction","target":{"@type":"EntryPoint","urlTemplate":"https:\/\/www.noticiasradioreflejos.com.ar\/2021\/?s={search_term_string}"},"query-input":{"@type":"PropertyValueSpecification","valueRequired":true,"valueName":"search_term_string"}}],"inLanguage":"es"},{"@type":"Person","@id":"https:\/\/www.noticiasradioreflejos.com.ar\/2021\/#\/schema\/person\/ad82545263dcc5ec0996818884fd5fb1","name":"Arnaldo Botto","image":{"@type":"ImageObject","inLanguage":"es","@id":"https:\/\/www.noticiasradioreflejos.com.ar\/2021\/#\/schema\/person\/image\/","url":"https:\/\/secure.gravatar.com\/avatar\/55cb5e37c1efa326397366e6974cb338056df65cb50e7d64d1cf314e87504837?s=96&d=mm&r=g","contentUrl":"https:\/\/secure.gravatar.com\/avatar\/55cb5e37c1efa326397366e6974cb338056df65cb50e7d64d1cf314e87504837?s=96&d=mm&r=g","caption":"Arnaldo Botto"},"url":"https:\/\/www.noticiasradioreflejos.com.ar\/2021\/author\/arnaldo\/"}]}},"_links":{"self":[{"href":"https:\/\/www.noticiasradioreflejos.com.ar\/2021\/wp-json\/wp\/v2\/posts\/23080","targetHints":{"allow":["GET"]}}],"collection":[{"href":"https:\/\/www.noticiasradioreflejos.com.ar\/2021\/wp-json\/wp\/v2\/posts"}],"about":[{"href":"https:\/\/www.noticiasradioreflejos.com.ar\/2021\/wp-json\/wp\/v2\/types\/post"}],"author":[{"embeddable":true,"href":"https:\/\/www.noticiasradioreflejos.com.ar\/2021\/wp-json\/wp\/v2\/users\/3"}],"replies":[{"embeddable":true,"href":"https:\/\/www.noticiasradioreflejos.com.ar\/2021\/wp-json\/wp\/v2\/comments?post=23080"}],"version-history":[{"count":0,"href":"https:\/\/www.noticiasradioreflejos.com.ar\/2021\/wp-json\/wp\/v2\/posts\/23080\/revisions"}],"wp:attachment":[{"href":"https:\/\/www.noticiasradioreflejos.com.ar\/2021\/wp-json\/wp\/v2\/media?parent=23080"}],"wp:term":[{"taxonomy":"category","embeddable":true,"href":"https:\/\/www.noticiasradioreflejos.com.ar\/2021\/wp-json\/wp\/v2\/categories?post=23080"},{"taxonomy":"post_tag","embeddable":true,"href":"https:\/\/www.noticiasradioreflejos.com.ar\/2021\/wp-json\/wp\/v2\/tags?post=23080"}],"curies":[{"name":"wp","href":"https:\/\/api.w.org\/{rel}","templated":true}]}}