{"id":23045,"date":"2018-07-06T02:25:30","date_gmt":"2018-07-06T05:25:30","guid":{"rendered":"http:\/\/www.noticiasradioreflejos.com.ar\/noticias\/?p=23045"},"modified":"2018-07-06T02:25:30","modified_gmt":"2018-07-06T05:25:30","slug":"comunicado-mujer-arte-y-memoria","status":"publish","type":"post","link":"https:\/\/www.noticiasradioreflejos.com.ar\/2021\/comunicado-mujer-arte-y-memoria\/","title":{"rendered":"Comunicado Mujer Arte y Memoria"},"content":{"rendered":"<p>El martes 3 de julio de 2018, el HCD aprob\u00f3 la creaci\u00f3n del Consejo Municipal de las Mujeres del Distrito de Tornquist, proyecto que hab\u00edamos presentado desde Mujer, Arte y Memoria.<!--more--><br \/>\nLa aprobaci\u00f3n de nuestro proyecto se constituye en el primer paso de muchos que habremos de dar las mujeres del distrito, en el camino al reconocimiento de los derechos con que nos amparan la Constituci\u00f3n Nacional y las legislaciones vigentes.<br \/>\nPero nuestra alegr\u00eda y satisfacci\u00f3n se vieron empa\u00f1adas, casi al final de la sesi\u00f3n, por los sucesos que ya son del dominio p\u00fablico y que se encuadran, precisamente, en la necesidad de distinguir la violencia de g\u00e9nero de otros tipos de violencia puesto que la confusi\u00f3n de ambos conceptos ha conducido a que la violencia contra las mujeres quede diluida entre otras muchas manifestaciones de agresividad, que se minimice su gravedad, que se la desestime quit\u00e1ndole entidad y se recurra a respuestas desenfocadas de los hechos, no carentes de peligrosos efectos pr\u00e1cticos.<br \/>\nCuando nos propusimos el proyecto aprobado por unanimidad un rato antes, lo hicimos pensando en que tenemos mucho para decir al respecto, comenzando por aportar nuestra mirada desde una perspectiva de g\u00e9nero (que no es lo mismo que sexo), que surge a partir de la idea de que lo \u00abfemenino\u00bb y lo \u00abmasculino\u00bb no son hechos naturales o biol\u00f3gicos sino construcciones culturales, pues si hablamos de sexo nos referimos a la biolog\u00eda \u2014a las diferencias f\u00edsicas entre los cuerpos de las mujeres y de los hombres\u2014, y si hablamos de g\u00e9nero, a las normas y conductas asignadas a hombres y mujeres en funci\u00f3n de su sexo.<br \/>\nEn esto se halla el origen de las relaciones de poder de los hombres sobre las mujeres y de la violencia de g\u00e9nero que comprende cualquier acto de violencia basada en g\u00e9nero que tenga como consecuencia perjuicio o sufrimiento en la salud f\u00edsica, sexual o psicol\u00f3gica de la mujer, incluyendo amenazas, coerci\u00f3n o privaciones arbitrarias de su libertad, tanto si se producen en la vida p\u00fablica como privada, seg\u00fan lo establece la ONU.<br \/>\nEl martes 3 de julio de 2018 ser\u00e1 un moj\u00f3n en su historia si, entre todxs, logramos asumir que estamos atravesadxs por el discurso machista y que deberemos desmantelar continuamente para ver con objetividad y sin dudar que la causa \u00faltima de la violencia de g\u00e9nero se halla en la discriminaci\u00f3n estructural que sufren las mujeres como consecuencia de la ancestral desigualdad en la distribuci\u00f3n de roles sociales.<br \/>\nY en atenci\u00f3n a ese discurso es que consideramos imprescindible, a partir de lo escuchado en la sesi\u00f3n, se\u00f1alar que:<br \/>\n1.- Toda conducta verbal o no verbal que ocasione humillaci\u00f3n, exija obediencia, sumisi\u00f3n o se manifieste con insultos, amenazas, aislamiento, culpabilizaci\u00f3n, limitaci\u00f3n de su \u00e1mbito de libertad, abuso de autoridad y de confianza \u2013 entre tantas otras manifestaciones &#8211; es violencia psicol\u00f3gica.<br \/>\n2.-Creer que el conocimiento de la v\u00edctima garantiza que no se d\u00e9 violencia de g\u00e9nero es una falacia. Vale aclarar que los victimarios de las v\u00edctimas de g\u00e9nero son en su mayor\u00eda parte de su entorno familiar o tienen alg\u00fan v\u00ednculo personal con la v\u00edctima. Los v\u00ednculos generalmente facilitan el ejercicio de esta violencia y est\u00e1n lejos de ser una caracter\u00edstica que de cr\u00e9dito para desestimarla.<br \/>\n3.- Tambi\u00e9n es una falacia sostener que el hecho de que un hombre tenga madre y hermana lo except\u00faa de ser alguien que puede ejercer violencia de g\u00e9nero. Todos los victimarios tienen madre y gran parte de ellos hermanas.<br \/>\n4.- Recordamos que la imagen de buen padre de familia, buen vecino, amigo, hijo, hermano se ha escrito muchas veces sobre el silencio de las mujeres, condenadas a mantener en la intimidad las vejaciones a las que se las ha so-metido o somete por \u2018\u2018no da\u00f1ar\u2019\u2019 la imagen social que se ha construido alrededor de la \u2018\u2018masculinidad\u2019\u2019<br \/>\n5.- Las mujeres no necesitamos ser defendidas, necesitamos ser respetadas. No es el v\u00ednculo personal con los hombres los que nos hace merecer respeto, ni que el hombre \u2018\u2018no quiera que les pase nada malo a ellas\u201d. Pedimos, queremos, necesitamos y merecemos respeto porque somos seres humanas.<br \/>\n6.- Que las acciones se den en marcos privados, no le dan menos importancia. La mayor parte de la violencia de g\u00e9nero se da en \u00e1mbitos privados como el hogar.<br \/>\n7.- Nunca, calificar un hecho de violencia de g\u00e9nero es banalizar otras situaciones vividas por miles de mujeres en nuestro pa\u00eds mas o menos graves, pero que por definici\u00f3n no nuestra, sino de organismos nacionales e internacionales, es violencia de g\u00e9nero.<br \/>\nEl martes 3 de julio fue un d\u00eda muy especial porque la creaci\u00f3n del Consejo Municipal de las Mujeres fue aprobada por unanimidad en el HCD del Distrito de Tornquist dando comienzo al largo proceso de nunca m\u00e1s dejar pasar la violencia de g\u00e9nero como si nada ocurriera, y nunca mas quedarnos calladas.<br \/>\nPor eso y porque somos capaces de llevarlo adelante es que necesitamos muchas mujeres en el Consejo de Mujeres y tambi\u00e9n en el Concejo Deliberante. <\/p>\n","protected":false},"excerpt":{"rendered":"<p>El martes 3 de julio de 2018, el HCD aprob\u00f3 la creaci\u00f3n del Consejo Municipal de las Mujeres del Distrito de Tornquist, proyecto que hab\u00edamos presentado desde Mujer, Arte y Memoria.<\/p>\n","protected":false},"author":3,"featured_media":0,"comment_status":"closed","ping_status":"open","sticky":false,"template":"","format":"standard","meta":{"footnotes":""},"categories":[24],"tags":[],"class_list":["post-23045","post","type-post","status-publish","format-standard","hentry","category-politica"],"yoast_head":"<!-- This site is optimized with the Yoast SEO plugin v25.9 - https:\/\/yoast.com\/wordpress\/plugins\/seo\/ -->\n<title>Comunicado Mujer Arte y Memoria - Noticias Radio Reflejos<\/title>\n<meta name=\"robots\" content=\"index, follow, max-snippet:-1, max-image-preview:large, max-video-preview:-1\" \/>\n<link rel=\"canonical\" href=\"https:\/\/www.noticiasradioreflejos.com.ar\/2021\/comunicado-mujer-arte-y-memoria\/\" \/>\n<meta property=\"og:locale\" content=\"es_ES\" \/>\n<meta property=\"og:type\" content=\"article\" \/>\n<meta property=\"og:title\" content=\"Comunicado Mujer Arte y Memoria - Noticias Radio Reflejos\" \/>\n<meta property=\"og:description\" content=\"El martes 3 de julio de 2018, el HCD aprob\u00f3 la creaci\u00f3n del Consejo Municipal de las Mujeres del Distrito de Tornquist, proyecto que hab\u00edamos presentado desde Mujer, Arte y Memoria.\" \/>\n<meta property=\"og:url\" content=\"https:\/\/www.noticiasradioreflejos.com.ar\/2021\/comunicado-mujer-arte-y-memoria\/\" \/>\n<meta property=\"og:site_name\" content=\"Noticias Radio Reflejos\" \/>\n<meta property=\"article:published_time\" content=\"2018-07-06T05:25:30+00:00\" \/>\n<meta property=\"og:image\" content=\"https:\/\/www.noticiasradioreflejos.com.ar\/2021\/wp-content\/uploads\/2021\/07\/logosol300x200.png\" \/>\n\t<meta property=\"og:image:width\" content=\"300\" \/>\n\t<meta property=\"og:image:height\" content=\"200\" \/>\n\t<meta property=\"og:image:type\" content=\"image\/png\" \/>\n<meta name=\"author\" content=\"Arnaldo Botto\" \/>\n<meta name=\"twitter:card\" content=\"summary_large_image\" \/>\n<script type=\"application\/ld+json\" class=\"yoast-schema-graph\">{\"@context\":\"https:\/\/schema.org\",\"@graph\":[{\"@type\":\"WebPage\",\"@id\":\"https:\/\/www.noticiasradioreflejos.com.ar\/2021\/comunicado-mujer-arte-y-memoria\/\",\"url\":\"https:\/\/www.noticiasradioreflejos.com.ar\/2021\/comunicado-mujer-arte-y-memoria\/\",\"name\":\"Comunicado Mujer Arte y Memoria - Noticias Radio Reflejos\",\"isPartOf\":{\"@id\":\"https:\/\/www.noticiasradioreflejos.com.ar\/2021\/#website\"},\"datePublished\":\"2018-07-06T05:25:30+00:00\",\"author\":{\"@id\":\"https:\/\/www.noticiasradioreflejos.com.ar\/2021\/#\/schema\/person\/ad82545263dcc5ec0996818884fd5fb1\"},\"breadcrumb\":{\"@id\":\"https:\/\/www.noticiasradioreflejos.com.ar\/2021\/comunicado-mujer-arte-y-memoria\/#breadcrumb\"},\"inLanguage\":\"es\",\"potentialAction\":[{\"@type\":\"ReadAction\",\"target\":[\"https:\/\/www.noticiasradioreflejos.com.ar\/2021\/comunicado-mujer-arte-y-memoria\/\"]}]},{\"@type\":\"BreadcrumbList\",\"@id\":\"https:\/\/www.noticiasradioreflejos.com.ar\/2021\/comunicado-mujer-arte-y-memoria\/#breadcrumb\",\"itemListElement\":[{\"@type\":\"ListItem\",\"position\":1,\"name\":\"Portada\",\"item\":\"https:\/\/www.noticiasradioreflejos.com.ar\/2021\/\"},{\"@type\":\"ListItem\",\"position\":2,\"name\":\"Comunicado Mujer Arte y Memoria\"}]},{\"@type\":\"WebSite\",\"@id\":\"https:\/\/www.noticiasradioreflejos.com.ar\/2021\/#website\",\"url\":\"https:\/\/www.noticiasradioreflejos.com.ar\/2021\/\",\"name\":\"Noticias Radio Reflejos\",\"description\":\"Las noticias de mi comarca\",\"potentialAction\":[{\"@type\":\"SearchAction\",\"target\":{\"@type\":\"EntryPoint\",\"urlTemplate\":\"https:\/\/www.noticiasradioreflejos.com.ar\/2021\/?s={search_term_string}\"},\"query-input\":{\"@type\":\"PropertyValueSpecification\",\"valueRequired\":true,\"valueName\":\"search_term_string\"}}],\"inLanguage\":\"es\"},{\"@type\":\"Person\",\"@id\":\"https:\/\/www.noticiasradioreflejos.com.ar\/2021\/#\/schema\/person\/ad82545263dcc5ec0996818884fd5fb1\",\"name\":\"Arnaldo Botto\",\"image\":{\"@type\":\"ImageObject\",\"inLanguage\":\"es\",\"@id\":\"https:\/\/www.noticiasradioreflejos.com.ar\/2021\/#\/schema\/person\/image\/\",\"url\":\"https:\/\/secure.gravatar.com\/avatar\/55cb5e37c1efa326397366e6974cb338056df65cb50e7d64d1cf314e87504837?s=96&d=mm&r=g\",\"contentUrl\":\"https:\/\/secure.gravatar.com\/avatar\/55cb5e37c1efa326397366e6974cb338056df65cb50e7d64d1cf314e87504837?s=96&d=mm&r=g\",\"caption\":\"Arnaldo Botto\"},\"url\":\"https:\/\/www.noticiasradioreflejos.com.ar\/2021\/author\/arnaldo\/\"}]}<\/script>\n<!-- \/ Yoast SEO plugin. -->","yoast_head_json":{"title":"Comunicado Mujer Arte y Memoria - Noticias Radio Reflejos","robots":{"index":"index","follow":"follow","max-snippet":"max-snippet:-1","max-image-preview":"max-image-preview:large","max-video-preview":"max-video-preview:-1"},"canonical":"https:\/\/www.noticiasradioreflejos.com.ar\/2021\/comunicado-mujer-arte-y-memoria\/","og_locale":"es_ES","og_type":"article","og_title":"Comunicado Mujer Arte y Memoria - Noticias Radio Reflejos","og_description":"El martes 3 de julio de 2018, el HCD aprob\u00f3 la creaci\u00f3n del Consejo Municipal de las Mujeres del Distrito de Tornquist, proyecto que hab\u00edamos presentado desde Mujer, Arte y Memoria.","og_url":"https:\/\/www.noticiasradioreflejos.com.ar\/2021\/comunicado-mujer-arte-y-memoria\/","og_site_name":"Noticias Radio Reflejos","article_published_time":"2018-07-06T05:25:30+00:00","og_image":[{"width":300,"height":200,"url":"https:\/\/www.noticiasradioreflejos.com.ar\/2021\/wp-content\/uploads\/2021\/07\/logosol300x200.png","type":"image\/png"}],"author":"Arnaldo Botto","twitter_card":"summary_large_image","schema":{"@context":"https:\/\/schema.org","@graph":[{"@type":"WebPage","@id":"https:\/\/www.noticiasradioreflejos.com.ar\/2021\/comunicado-mujer-arte-y-memoria\/","url":"https:\/\/www.noticiasradioreflejos.com.ar\/2021\/comunicado-mujer-arte-y-memoria\/","name":"Comunicado Mujer Arte y Memoria - Noticias Radio Reflejos","isPartOf":{"@id":"https:\/\/www.noticiasradioreflejos.com.ar\/2021\/#website"},"datePublished":"2018-07-06T05:25:30+00:00","author":{"@id":"https:\/\/www.noticiasradioreflejos.com.ar\/2021\/#\/schema\/person\/ad82545263dcc5ec0996818884fd5fb1"},"breadcrumb":{"@id":"https:\/\/www.noticiasradioreflejos.com.ar\/2021\/comunicado-mujer-arte-y-memoria\/#breadcrumb"},"inLanguage":"es","potentialAction":[{"@type":"ReadAction","target":["https:\/\/www.noticiasradioreflejos.com.ar\/2021\/comunicado-mujer-arte-y-memoria\/"]}]},{"@type":"BreadcrumbList","@id":"https:\/\/www.noticiasradioreflejos.com.ar\/2021\/comunicado-mujer-arte-y-memoria\/#breadcrumb","itemListElement":[{"@type":"ListItem","position":1,"name":"Portada","item":"https:\/\/www.noticiasradioreflejos.com.ar\/2021\/"},{"@type":"ListItem","position":2,"name":"Comunicado Mujer Arte y Memoria"}]},{"@type":"WebSite","@id":"https:\/\/www.noticiasradioreflejos.com.ar\/2021\/#website","url":"https:\/\/www.noticiasradioreflejos.com.ar\/2021\/","name":"Noticias Radio Reflejos","description":"Las noticias de mi comarca","potentialAction":[{"@type":"SearchAction","target":{"@type":"EntryPoint","urlTemplate":"https:\/\/www.noticiasradioreflejos.com.ar\/2021\/?s={search_term_string}"},"query-input":{"@type":"PropertyValueSpecification","valueRequired":true,"valueName":"search_term_string"}}],"inLanguage":"es"},{"@type":"Person","@id":"https:\/\/www.noticiasradioreflejos.com.ar\/2021\/#\/schema\/person\/ad82545263dcc5ec0996818884fd5fb1","name":"Arnaldo Botto","image":{"@type":"ImageObject","inLanguage":"es","@id":"https:\/\/www.noticiasradioreflejos.com.ar\/2021\/#\/schema\/person\/image\/","url":"https:\/\/secure.gravatar.com\/avatar\/55cb5e37c1efa326397366e6974cb338056df65cb50e7d64d1cf314e87504837?s=96&d=mm&r=g","contentUrl":"https:\/\/secure.gravatar.com\/avatar\/55cb5e37c1efa326397366e6974cb338056df65cb50e7d64d1cf314e87504837?s=96&d=mm&r=g","caption":"Arnaldo Botto"},"url":"https:\/\/www.noticiasradioreflejos.com.ar\/2021\/author\/arnaldo\/"}]}},"_links":{"self":[{"href":"https:\/\/www.noticiasradioreflejos.com.ar\/2021\/wp-json\/wp\/v2\/posts\/23045","targetHints":{"allow":["GET"]}}],"collection":[{"href":"https:\/\/www.noticiasradioreflejos.com.ar\/2021\/wp-json\/wp\/v2\/posts"}],"about":[{"href":"https:\/\/www.noticiasradioreflejos.com.ar\/2021\/wp-json\/wp\/v2\/types\/post"}],"author":[{"embeddable":true,"href":"https:\/\/www.noticiasradioreflejos.com.ar\/2021\/wp-json\/wp\/v2\/users\/3"}],"replies":[{"embeddable":true,"href":"https:\/\/www.noticiasradioreflejos.com.ar\/2021\/wp-json\/wp\/v2\/comments?post=23045"}],"version-history":[{"count":0,"href":"https:\/\/www.noticiasradioreflejos.com.ar\/2021\/wp-json\/wp\/v2\/posts\/23045\/revisions"}],"wp:attachment":[{"href":"https:\/\/www.noticiasradioreflejos.com.ar\/2021\/wp-json\/wp\/v2\/media?parent=23045"}],"wp:term":[{"taxonomy":"category","embeddable":true,"href":"https:\/\/www.noticiasradioreflejos.com.ar\/2021\/wp-json\/wp\/v2\/categories?post=23045"},{"taxonomy":"post_tag","embeddable":true,"href":"https:\/\/www.noticiasradioreflejos.com.ar\/2021\/wp-json\/wp\/v2\/tags?post=23045"}],"curies":[{"name":"wp","href":"https:\/\/api.w.org\/{rel}","templated":true}]}}