{"id":23036,"date":"2018-07-05T16:05:23","date_gmt":"2018-07-05T19:05:23","guid":{"rendered":"http:\/\/www.noticiasradioreflejos.com.ar\/noticias\/?p=23036"},"modified":"2018-07-05T16:05:23","modified_gmt":"2018-07-05T19:05:23","slug":"hago-una-busqueda-de-creatividad-de-instalarse-en-un-sitio-como-novedad-fernando-poto-merlo","status":"publish","type":"post","link":"https:\/\/www.noticiasradioreflejos.com.ar\/2021\/hago-una-busqueda-de-creatividad-de-instalarse-en-un-sitio-como-novedad-fernando-poto-merlo\/","title":{"rendered":"&quot;Hago una b\u00fasqueda de creatividad, de instalarse en un sitio como novedad&quot; Fernando &quot;Poto Merlo."},"content":{"rendered":"<p>Tocaba su bater\u00eda en un bulevar de la ciudad de Tornquist cuando lleg\u00f3 la polic\u00eda y lo oblig\u00f3 a retirarse del lugar.<br \/>\nTras las declaraciones del Subcomisario de Sierra de la Ventana, Manuel Parodi, \u00abPoto\u00bb pidi\u00f3 salir al aire para hacer aclaraciones en relaci\u00f3n al pol\u00e9mico hecho.<!--more--><br \/>\n\u00abYa esto, tanta pol\u00e9mica me parece que ya mas que nada es una an\u00e9cdota, por lo menos para mi manera de ver. Lo que pasa que por ah\u00ed hoy que amanezco con una noticia que esta en el post de ustedes que es la entrevista con el Sub Comisario, escucho la entrevista y creo que todo lo que sucedi\u00f3 ya se escucho tanto que, me parece que tambi\u00e9n seria lindo que se pueda escuchar las opiniones de la gente que vio, que fue mucha el otro d\u00eda en Tornquist, como tambi\u00e9n ac\u00e1 en Sierra de la Ventana, como yo ya lo venia haciendo antes, Sierra o en Saldungaray, y hay muchos comentarios de gente que ha visto digamos lo que es esa instalaci\u00f3n de la m\u00fasica, a que quiero llegar, a lo que escuche del comisario \u00e9l hace unos planteos donde no tiene la informaci\u00f3n correcta, escucho un ejemplo que \u00e9l pone al aire ayer, que habla de criterio com\u00fan o de respeto para con los dem\u00e1s y yo quiero aclarar que cuando voy con la bater\u00eda y la m\u00fasica al boulevard estoy pensando en eso, lo que mas estoy pensando, porque el que pone la cara soy yo, lo que menos estoy buscando es que a la gente le genere un rechazo. Fue en Tornquist, 17:30hs, zona c\u00e9ntrica donde esta rodeado de negocios y la gente que estaba trabajando en los negocios salia afuera a bailar, a acompa\u00f1ar ese momento alegre, no hubo una sola queja, entonces el momento en el que los oficiales se encuentran con el hecho creo que, ellos lo expresan, dicen que frenan sin ning\u00fan llamado, nadie manda a nadie, en el audio ayer el comisario dice que a los oficiales alguien los tiene que haber mandado, los oficiales dicen que nadie los mando, que fueron por ver una situaci\u00f3n un poquito ex\u00f3tica y el caso es ese. No hubo ninguna denuncia ni mucho menos. Hay una realidad que sucedi\u00f3 y que hay personas que lo vivieron, y algunas personas son oficiales, entonces con lo que \u00e9l dijo ayer, ami me dan ganas de decir hoy que el que puede hablar es el oficial que habl\u00f3 conmigo, entonces \u00e9l sabe bien que fue lo que pas\u00f3, que no den ejemplos que no existieron\u00bb. Explic\u00f3<br \/>\n\u00abEstoy cayendo en un lugar que no es agradable, no quiero tener a la polic\u00eda en contra porque el local soy yo, hubo mucha repercusi\u00f3n , ahora en mas o menos unos 20 minutos me van a llamar de una radio de capital Buenos Aires para hablar del tema, entonces, se fue un poquito lejos algo que para mi ya es una an\u00e9cdota, hasta ahora venia entendiendo que \u00edbamos a seguir buscando alternativas distintas como la que venimos haciendo para poder expresar afecto, y con el comunicado de ayer del sub comisario me vine un poco para atr\u00e1s de vuelta porque no se va a poder, se entiende que es algo molesto\u00bb.<br \/>\n<iframe loading=\"lazy\" src=\"https:\/\/www.youtube.com\/embed\/wDkIv37FUMw\" width=\"560\" height=\"315\" frameborder=\"0\" allowfullscreen=\"allowfullscreen\"><\/iframe><br \/>\nNOTA COMPLETA:<br \/>\n<iframe loading=\"lazy\" src=\"https:\/\/w.soundcloud.com\/player\/?url=https%3A\/\/api.soundcloud.com\/tracks\/467621964&amp;color=%23ff5500&amp;auto_play=false&amp;hide_related=false&amp;show_comments=true&amp;show_user=true&amp;show_reposts=false&amp;show_teaser=true\" width=\"100%\" height=\"166\" frameborder=\"no\" scrolling=\"no\"><\/iframe><\/p>\n","protected":false},"excerpt":{"rendered":"<p>Tocaba su bater\u00eda en un bulevar de la ciudad de Tornquist cuando lleg\u00f3 la polic\u00eda y lo oblig\u00f3 a retirarse del lugar. Tras las declaraciones del Subcomisario de Sierra de la Ventana, Manuel Parodi, \u00abPoto\u00bb pidi\u00f3 salir al aire para hacer aclaraciones en relaci\u00f3n al pol\u00e9mico hecho.<\/p>\n","protected":false},"author":3,"featured_media":0,"comment_status":"closed","ping_status":"open","sticky":false,"template":"","format":"standard","meta":{"footnotes":""},"categories":[26],"tags":[],"class_list":["post-23036","post","type-post","status-publish","format-standard","hentry","category-sociedad"],"yoast_head":"<!-- This site is optimized with the Yoast SEO plugin v25.9 - https:\/\/yoast.com\/wordpress\/plugins\/seo\/ -->\n<title>&quot;Hago una b\u00fasqueda de creatividad, de instalarse en un sitio como novedad&quot; Fernando &quot;Poto Merlo. - Noticias Radio Reflejos<\/title>\n<meta name=\"robots\" content=\"index, follow, max-snippet:-1, max-image-preview:large, max-video-preview:-1\" \/>\n<link rel=\"canonical\" href=\"https:\/\/www.noticiasradioreflejos.com.ar\/2021\/hago-una-busqueda-de-creatividad-de-instalarse-en-un-sitio-como-novedad-fernando-poto-merlo\/\" \/>\n<meta property=\"og:locale\" content=\"es_ES\" \/>\n<meta property=\"og:type\" content=\"article\" \/>\n<meta property=\"og:title\" content=\"&quot;Hago una b\u00fasqueda de creatividad, de instalarse en un sitio como novedad&quot; Fernando &quot;Poto Merlo. - Noticias Radio Reflejos\" \/>\n<meta property=\"og:description\" content=\"Tocaba su bater\u00eda en un bulevar de la ciudad de Tornquist cuando lleg\u00f3 la polic\u00eda y lo oblig\u00f3 a retirarse del lugar. Tras las declaraciones del Subcomisario de Sierra de la Ventana, Manuel Parodi, \u00abPoto\u00bb pidi\u00f3 salir al aire para hacer aclaraciones en relaci\u00f3n al pol\u00e9mico hecho.\" \/>\n<meta property=\"og:url\" content=\"https:\/\/www.noticiasradioreflejos.com.ar\/2021\/hago-una-busqueda-de-creatividad-de-instalarse-en-un-sitio-como-novedad-fernando-poto-merlo\/\" \/>\n<meta property=\"og:site_name\" content=\"Noticias Radio Reflejos\" \/>\n<meta property=\"article:published_time\" content=\"2018-07-05T19:05:23+00:00\" \/>\n<meta property=\"og:image\" content=\"https:\/\/www.noticiasradioreflejos.com.ar\/2021\/wp-content\/uploads\/2021\/07\/logosol300x200.png\" \/>\n\t<meta property=\"og:image:width\" content=\"300\" \/>\n\t<meta property=\"og:image:height\" content=\"200\" \/>\n\t<meta property=\"og:image:type\" content=\"image\/png\" \/>\n<meta name=\"author\" content=\"Arnaldo Botto\" \/>\n<meta name=\"twitter:card\" content=\"summary_large_image\" \/>\n<script type=\"application\/ld+json\" class=\"yoast-schema-graph\">{\"@context\":\"https:\/\/schema.org\",\"@graph\":[{\"@type\":\"WebPage\",\"@id\":\"https:\/\/www.noticiasradioreflejos.com.ar\/2021\/hago-una-busqueda-de-creatividad-de-instalarse-en-un-sitio-como-novedad-fernando-poto-merlo\/\",\"url\":\"https:\/\/www.noticiasradioreflejos.com.ar\/2021\/hago-una-busqueda-de-creatividad-de-instalarse-en-un-sitio-como-novedad-fernando-poto-merlo\/\",\"name\":\"&quot;Hago una b\u00fasqueda de creatividad, de instalarse en un sitio como novedad&quot; Fernando &quot;Poto Merlo. - Noticias Radio Reflejos\",\"isPartOf\":{\"@id\":\"https:\/\/www.noticiasradioreflejos.com.ar\/2021\/#website\"},\"datePublished\":\"2018-07-05T19:05:23+00:00\",\"author\":{\"@id\":\"https:\/\/www.noticiasradioreflejos.com.ar\/2021\/#\/schema\/person\/ad82545263dcc5ec0996818884fd5fb1\"},\"breadcrumb\":{\"@id\":\"https:\/\/www.noticiasradioreflejos.com.ar\/2021\/hago-una-busqueda-de-creatividad-de-instalarse-en-un-sitio-como-novedad-fernando-poto-merlo\/#breadcrumb\"},\"inLanguage\":\"es\",\"potentialAction\":[{\"@type\":\"ReadAction\",\"target\":[\"https:\/\/www.noticiasradioreflejos.com.ar\/2021\/hago-una-busqueda-de-creatividad-de-instalarse-en-un-sitio-como-novedad-fernando-poto-merlo\/\"]}]},{\"@type\":\"BreadcrumbList\",\"@id\":\"https:\/\/www.noticiasradioreflejos.com.ar\/2021\/hago-una-busqueda-de-creatividad-de-instalarse-en-un-sitio-como-novedad-fernando-poto-merlo\/#breadcrumb\",\"itemListElement\":[{\"@type\":\"ListItem\",\"position\":1,\"name\":\"Portada\",\"item\":\"https:\/\/www.noticiasradioreflejos.com.ar\/2021\/\"},{\"@type\":\"ListItem\",\"position\":2,\"name\":\"&quot;Hago una b\u00fasqueda de creatividad, de instalarse en un sitio como novedad&quot; Fernando &quot;Poto Merlo.\"}]},{\"@type\":\"WebSite\",\"@id\":\"https:\/\/www.noticiasradioreflejos.com.ar\/2021\/#website\",\"url\":\"https:\/\/www.noticiasradioreflejos.com.ar\/2021\/\",\"name\":\"Noticias Radio Reflejos\",\"description\":\"Las noticias de mi comarca\",\"potentialAction\":[{\"@type\":\"SearchAction\",\"target\":{\"@type\":\"EntryPoint\",\"urlTemplate\":\"https:\/\/www.noticiasradioreflejos.com.ar\/2021\/?s={search_term_string}\"},\"query-input\":{\"@type\":\"PropertyValueSpecification\",\"valueRequired\":true,\"valueName\":\"search_term_string\"}}],\"inLanguage\":\"es\"},{\"@type\":\"Person\",\"@id\":\"https:\/\/www.noticiasradioreflejos.com.ar\/2021\/#\/schema\/person\/ad82545263dcc5ec0996818884fd5fb1\",\"name\":\"Arnaldo Botto\",\"image\":{\"@type\":\"ImageObject\",\"inLanguage\":\"es\",\"@id\":\"https:\/\/www.noticiasradioreflejos.com.ar\/2021\/#\/schema\/person\/image\/\",\"url\":\"https:\/\/secure.gravatar.com\/avatar\/55cb5e37c1efa326397366e6974cb338056df65cb50e7d64d1cf314e87504837?s=96&d=mm&r=g\",\"contentUrl\":\"https:\/\/secure.gravatar.com\/avatar\/55cb5e37c1efa326397366e6974cb338056df65cb50e7d64d1cf314e87504837?s=96&d=mm&r=g\",\"caption\":\"Arnaldo Botto\"},\"url\":\"https:\/\/www.noticiasradioreflejos.com.ar\/2021\/author\/arnaldo\/\"}]}<\/script>\n<!-- \/ Yoast SEO plugin. -->","yoast_head_json":{"title":"&quot;Hago una b\u00fasqueda de creatividad, de instalarse en un sitio como novedad&quot; Fernando &quot;Poto Merlo. - Noticias Radio Reflejos","robots":{"index":"index","follow":"follow","max-snippet":"max-snippet:-1","max-image-preview":"max-image-preview:large","max-video-preview":"max-video-preview:-1"},"canonical":"https:\/\/www.noticiasradioreflejos.com.ar\/2021\/hago-una-busqueda-de-creatividad-de-instalarse-en-un-sitio-como-novedad-fernando-poto-merlo\/","og_locale":"es_ES","og_type":"article","og_title":"&quot;Hago una b\u00fasqueda de creatividad, de instalarse en un sitio como novedad&quot; Fernando &quot;Poto Merlo. - Noticias Radio Reflejos","og_description":"Tocaba su bater\u00eda en un bulevar de la ciudad de Tornquist cuando lleg\u00f3 la polic\u00eda y lo oblig\u00f3 a retirarse del lugar. Tras las declaraciones del Subcomisario de Sierra de la Ventana, Manuel Parodi, \u00abPoto\u00bb pidi\u00f3 salir al aire para hacer aclaraciones en relaci\u00f3n al pol\u00e9mico hecho.","og_url":"https:\/\/www.noticiasradioreflejos.com.ar\/2021\/hago-una-busqueda-de-creatividad-de-instalarse-en-un-sitio-como-novedad-fernando-poto-merlo\/","og_site_name":"Noticias Radio Reflejos","article_published_time":"2018-07-05T19:05:23+00:00","og_image":[{"width":300,"height":200,"url":"https:\/\/www.noticiasradioreflejos.com.ar\/2021\/wp-content\/uploads\/2021\/07\/logosol300x200.png","type":"image\/png"}],"author":"Arnaldo Botto","twitter_card":"summary_large_image","schema":{"@context":"https:\/\/schema.org","@graph":[{"@type":"WebPage","@id":"https:\/\/www.noticiasradioreflejos.com.ar\/2021\/hago-una-busqueda-de-creatividad-de-instalarse-en-un-sitio-como-novedad-fernando-poto-merlo\/","url":"https:\/\/www.noticiasradioreflejos.com.ar\/2021\/hago-una-busqueda-de-creatividad-de-instalarse-en-un-sitio-como-novedad-fernando-poto-merlo\/","name":"&quot;Hago una b\u00fasqueda de creatividad, de instalarse en un sitio como novedad&quot; Fernando &quot;Poto Merlo. - Noticias Radio Reflejos","isPartOf":{"@id":"https:\/\/www.noticiasradioreflejos.com.ar\/2021\/#website"},"datePublished":"2018-07-05T19:05:23+00:00","author":{"@id":"https:\/\/www.noticiasradioreflejos.com.ar\/2021\/#\/schema\/person\/ad82545263dcc5ec0996818884fd5fb1"},"breadcrumb":{"@id":"https:\/\/www.noticiasradioreflejos.com.ar\/2021\/hago-una-busqueda-de-creatividad-de-instalarse-en-un-sitio-como-novedad-fernando-poto-merlo\/#breadcrumb"},"inLanguage":"es","potentialAction":[{"@type":"ReadAction","target":["https:\/\/www.noticiasradioreflejos.com.ar\/2021\/hago-una-busqueda-de-creatividad-de-instalarse-en-un-sitio-como-novedad-fernando-poto-merlo\/"]}]},{"@type":"BreadcrumbList","@id":"https:\/\/www.noticiasradioreflejos.com.ar\/2021\/hago-una-busqueda-de-creatividad-de-instalarse-en-un-sitio-como-novedad-fernando-poto-merlo\/#breadcrumb","itemListElement":[{"@type":"ListItem","position":1,"name":"Portada","item":"https:\/\/www.noticiasradioreflejos.com.ar\/2021\/"},{"@type":"ListItem","position":2,"name":"&quot;Hago una b\u00fasqueda de creatividad, de instalarse en un sitio como novedad&quot; Fernando &quot;Poto Merlo."}]},{"@type":"WebSite","@id":"https:\/\/www.noticiasradioreflejos.com.ar\/2021\/#website","url":"https:\/\/www.noticiasradioreflejos.com.ar\/2021\/","name":"Noticias Radio Reflejos","description":"Las noticias de mi comarca","potentialAction":[{"@type":"SearchAction","target":{"@type":"EntryPoint","urlTemplate":"https:\/\/www.noticiasradioreflejos.com.ar\/2021\/?s={search_term_string}"},"query-input":{"@type":"PropertyValueSpecification","valueRequired":true,"valueName":"search_term_string"}}],"inLanguage":"es"},{"@type":"Person","@id":"https:\/\/www.noticiasradioreflejos.com.ar\/2021\/#\/schema\/person\/ad82545263dcc5ec0996818884fd5fb1","name":"Arnaldo Botto","image":{"@type":"ImageObject","inLanguage":"es","@id":"https:\/\/www.noticiasradioreflejos.com.ar\/2021\/#\/schema\/person\/image\/","url":"https:\/\/secure.gravatar.com\/avatar\/55cb5e37c1efa326397366e6974cb338056df65cb50e7d64d1cf314e87504837?s=96&d=mm&r=g","contentUrl":"https:\/\/secure.gravatar.com\/avatar\/55cb5e37c1efa326397366e6974cb338056df65cb50e7d64d1cf314e87504837?s=96&d=mm&r=g","caption":"Arnaldo Botto"},"url":"https:\/\/www.noticiasradioreflejos.com.ar\/2021\/author\/arnaldo\/"}]}},"_links":{"self":[{"href":"https:\/\/www.noticiasradioreflejos.com.ar\/2021\/wp-json\/wp\/v2\/posts\/23036","targetHints":{"allow":["GET"]}}],"collection":[{"href":"https:\/\/www.noticiasradioreflejos.com.ar\/2021\/wp-json\/wp\/v2\/posts"}],"about":[{"href":"https:\/\/www.noticiasradioreflejos.com.ar\/2021\/wp-json\/wp\/v2\/types\/post"}],"author":[{"embeddable":true,"href":"https:\/\/www.noticiasradioreflejos.com.ar\/2021\/wp-json\/wp\/v2\/users\/3"}],"replies":[{"embeddable":true,"href":"https:\/\/www.noticiasradioreflejos.com.ar\/2021\/wp-json\/wp\/v2\/comments?post=23036"}],"version-history":[{"count":0,"href":"https:\/\/www.noticiasradioreflejos.com.ar\/2021\/wp-json\/wp\/v2\/posts\/23036\/revisions"}],"wp:attachment":[{"href":"https:\/\/www.noticiasradioreflejos.com.ar\/2021\/wp-json\/wp\/v2\/media?parent=23036"}],"wp:term":[{"taxonomy":"category","embeddable":true,"href":"https:\/\/www.noticiasradioreflejos.com.ar\/2021\/wp-json\/wp\/v2\/categories?post=23036"},{"taxonomy":"post_tag","embeddable":true,"href":"https:\/\/www.noticiasradioreflejos.com.ar\/2021\/wp-json\/wp\/v2\/tags?post=23036"}],"curies":[{"name":"wp","href":"https:\/\/api.w.org\/{rel}","templated":true}]}}