{"id":23030,"date":"2018-07-05T09:01:51","date_gmt":"2018-07-05T12:01:51","guid":{"rendered":"http:\/\/www.noticiasradioreflejos.com.ar\/noticias\/?p=23030"},"modified":"2018-07-05T09:01:51","modified_gmt":"2018-07-05T12:01:51","slug":"concejales-denunciaron-en-el-hcd-violencia-de-genero-del-intendente-bordoni","status":"publish","type":"post","link":"https:\/\/www.noticiasradioreflejos.com.ar\/2021\/concejales-denunciaron-en-el-hcd-violencia-de-genero-del-intendente-bordoni\/","title":{"rendered":"Concejales denunciaron en el HCD violencia de g\u00e9nero del intendente Bordoni."},"content":{"rendered":"<p>En la sesi\u00f3n de este martes del Concejo Deliberante, concejales de los bloques Frente para la Victoria y Cumplir denunciaron violencia de g\u00e9nero del intendente Sergio Bordoni hacia la Secretaria Legislativa, Valentina Nyez.<br \/>\nLa edil M\u00f3nica Sagredo relat\u00f3 que \u201cse llevaron a cabo distintas reuniones de trabajo en estos dos a\u00f1os con la presencia del intendente, quien al dirigirse hacia las mujeres lo hace de mal modo, de una manera muy temperamental y muchas veces usando vocabulario no apropiado hacia una mujer\u201d.<!--more--><br \/>\n\u201cNosotros siempre hemos venido call\u00e1ndonos por situaciones que se fueron dando porque justamente somos conscientes de que si hablamos de esto, la respuesta va a ser que lo decimos para hacer pol\u00edtica barata\u201d, a\u00f1adi\u00f3.<br \/>\n\u201cSin embargo la semana pasada se vivieron momentos muy duros \u2013continu\u00f3-. En una reuni\u00f3n con el jefe comunal sobre la Cooperativa El\u00e9ctrica (CELT), \u00e9l le hace una pregunta a la secretaria del HCD sobre la instituci\u00f3n y ella le dice que no le corresponde responder porque no pertenece m\u00e1s a la entidad; pero el intendente insiste y, finalmente, sale la respuesta acompa\u00f1ada de la expresi\u00f3n de que si ya no pertenec\u00eda m\u00e1s al Consejo de Administraci\u00f3n de la instituci\u00f3n fue porque Bordoni la amenaz\u00f3 de que si segu\u00eda all\u00ed, se ten\u00eda que ir del Concejo Deliberante. \u00c9l reconoci\u00f3 eso ante nosotros y dijo que eran decisiones pol\u00edticas, pero le recordamos que la secretaria es votada por los concejales y en el caso de Nyez fue por unanimidad\u201d.<br \/>\nSagredo asegur\u00f3 que \u201ca ra\u00edz de eso vino la siguiente reuni\u00f3n de la que no participamos, pero de la que escuchamos gritos y llanto. No podemos permitir que esto pase, no es una cuesti\u00f3n de pol\u00edtica barata, sino de respeto, m\u00e1s cuando hablamos de la autoridad m\u00e1xima del distrito\u201d.<br \/>\nEn coincidencia con la concejal de Saldungaray, Guillermo L\u00f6ffler sostuvo que \u201cno quer\u00edamos que se torne pol\u00edtico, pero todos tenemos que tener por principio el no a la violencia y los que tenemos cargos p\u00fablicos debemos dar el ejemplo. Uno ya no se puede quedar callado porque lo sufrimos varias veces\u201d.<br \/>\n\u201cMe llama mucho la atenci\u00f3n lo que dicen los concejales del oficialismo (ver m\u00e1s abajo), porque ellos estaban en la reuni\u00f3n y nosotros a 15 metros escuchamos los gritos y vimos c\u00f3mo se fue llorando la secretaria, entonces que digan eso es defender lo indefendible\u201d, a\u00f1adi\u00f3.<br \/>\n<a title=\"sebastian Bassi\" href=\"http:\/\/farm1.staticflickr.com\/847\/43213858091_5e948c1d12.jpg\" rel=\"\"><img loading=\"lazy\" decoding=\"async\" class=\"alignleft\" style=\"float: left;\" title=\"sebastian Bassi\" src=\"http:\/\/farm1.staticflickr.com\/847\/43213858091_5e948c1d12.jpg\" alt=\"sebastian Bassi\" width=\"500\" height=\"328\" \/><\/a>Por su parte, el edil oficialista Sebasti\u00e1n Bassi consider\u00f3 que lo expuesto por la oposici\u00f3n \u201ces totalmente exagerado, fue una discusi\u00f3n que no ten\u00eda injerencia del bloque opositor\u201d. \u201cEn Bordoni conoc\u00ed a una persona con valores humanos, que dista mucho del com\u00fan de los pol\u00edticos, entonces salir del recinto a llevar este tema es faltar el respeto al que realmente sufre violencia de g\u00e9nero\u201d.<br \/>\n\u201cFue una reuni\u00f3n de trabajo, donde sali\u00f3 a la luz una cuesti\u00f3n interna del partido, esa es la lectura que hago. No hubo agravio, insulto ni descalificaciones. Si pasaba, nosotros hubi\u00e9semos intervenido. Fue una reuni\u00f3n acalorada\u201d, se\u00f1al\u00f3.<br \/>\nEn esa l\u00ednea, Juan Manuel Ibarra (Cambiemos), analiz\u00f3 que \u00abse est\u00e1 haciendo una utilizaci\u00f3n pol\u00edtica del tema. La violencia de g\u00e9nero es algo muy delicado y es una l\u00e1stima que se trate de ensuciar a una persona desde ese lugar. Hubo una discusi\u00f3n acalorada pero en ning\u00fan momento hubo violencia. Creo que se est\u00e1 tratando de desviar el foco de la discusi\u00f3n de ese d\u00eda\u201d.<br \/>\n\u201cEl hecho hay que minimizarlo porque no fue m\u00e1s que una discusi\u00f3n, no pas\u00f3 a mayores. Est\u00e1 lejos de ser violencia de g\u00e9nero y, en caso de haber habido, yo era el primero en oponerme\u201d, afirm\u00f3.<br \/>\nDESESTIMACI\u00d3N DE LA DENUNCIA DE LA OPOSICI\u00d3N A BORDONI<br \/>\nEn otro orden, sobre las denuncias por irregularidades en la compra de una combi y de la instalaci\u00f3n de c\u00e1maras de seguridad por parte de la oposici\u00f3n hacia la gesti\u00f3n de Bordoni, y que fuera desestimada por la justicia, tambi\u00e9n se refirieron los ediles.<br \/>\n\u201cLlama la atenci\u00f3n la ligereza del fallo, hab\u00eda muchas pruebas. Nadie me puede explicar qu\u00e9 hac\u00eda el veh\u00edculo en el municipio 20 d\u00edas antes de la licitaci\u00f3n; y el flete lo ten\u00eda pagar la empresa, pero mandaron a un empleado municipal con vi\u00e1ticos a buscarla. Tambi\u00e9n me llama la atenci\u00f3n que hubo concejales denunciantes que no fueron a citados declarar\u201d, manifest\u00f3 L\u00f6ffler.<br \/>\n\u201cNo hubo perjuicio econ\u00f3mico, se denunci\u00f3 el proceder en una \u00e9poca electoral, pero no hubo il\u00edcito ni sobreprecios. La justicia desestim\u00f3 la denuncia a partir de la presentaci\u00f3n espont\u00e1nea de Bordoni con toda la documentaci\u00f3n\u201d, indic\u00f3 Bassi.<br \/>\n\u201cConozco a Ezequiel Gabella y a Bordoni y s\u00e9 que ser\u00edan incapaces de hacer algo as\u00ed. Puede que haya habido un error en lo administrativo, pero no considero que haya sido con una mala intenci\u00f3n, es gente muy honesta\u201d, afirm\u00f3 Ibarra.<br \/>\n<iframe loading=\"lazy\" src=\"https:\/\/w.soundcloud.com\/player\/?url=https%3A\/\/api.soundcloud.com\/tracks\/467597805&amp;color=%23ff5500&amp;auto_play=false&amp;hide_related=false&amp;show_comments=true&amp;show_user=true&amp;show_reposts=false&amp;show_teaser=true\" width=\"100%\" height=\"166\" frameborder=\"no\" scrolling=\"no\"><\/iframe><br \/>\n<iframe loading=\"lazy\" src=\"https:\/\/w.soundcloud.com\/player\/?url=https%3A\/\/api.soundcloud.com\/tracks\/467600514&amp;color=%23ff5500&amp;auto_play=false&amp;hide_related=false&amp;show_comments=true&amp;show_user=true&amp;show_reposts=false&amp;show_teaser=true\" width=\"100%\" height=\"166\" frameborder=\"no\" scrolling=\"no\"><\/iframe><br \/>\n<iframe loading=\"lazy\" src=\"https:\/\/w.soundcloud.com\/player\/?url=https%3A\/\/api.soundcloud.com\/tracks\/467602719&amp;color=%23ff5500&amp;auto_play=false&amp;hide_related=false&amp;show_comments=true&amp;show_user=true&amp;show_reposts=false&amp;show_teaser=true\" width=\"100%\" height=\"166\" frameborder=\"no\" scrolling=\"no\"><\/iframe><br \/>\n<iframe loading=\"lazy\" src=\"https:\/\/w.soundcloud.com\/player\/?url=https%3A\/\/api.soundcloud.com\/tracks\/467603259&amp;color=%23ff5500&amp;auto_play=false&amp;hide_related=false&amp;show_comments=true&amp;show_user=true&amp;show_reposts=false&amp;show_teaser=true\" width=\"100%\" height=\"166\" frameborder=\"no\" scrolling=\"no\"><\/iframe><\/p>\n","protected":false},"excerpt":{"rendered":"<p>En la sesi\u00f3n de este martes del Concejo Deliberante, concejales de los bloques Frente para la Victoria y Cumplir denunciaron violencia de g\u00e9nero del intendente Sergio Bordoni hacia la Secretaria Legislativa, Valentina Nyez. La edil M\u00f3nica Sagredo relat\u00f3 que \u201cse llevaron a cabo distintas reuniones de trabajo en estos dos a\u00f1os con la presencia del [&hellip;]<\/p>\n","protected":false},"author":3,"featured_media":0,"comment_status":"closed","ping_status":"open","sticky":false,"template":"","format":"standard","meta":{"footnotes":""},"categories":[28],"tags":[],"class_list":["post-23030","post","type-post","status-publish","format-standard","hentry","category-municipales"],"yoast_head":"<!-- This site is optimized with the Yoast SEO plugin v25.9 - https:\/\/yoast.com\/wordpress\/plugins\/seo\/ -->\n<title>Concejales denunciaron en el HCD violencia de g\u00e9nero del intendente Bordoni. - Noticias Radio Reflejos<\/title>\n<meta name=\"robots\" content=\"index, follow, max-snippet:-1, max-image-preview:large, max-video-preview:-1\" \/>\n<link rel=\"canonical\" href=\"https:\/\/www.noticiasradioreflejos.com.ar\/2021\/concejales-denunciaron-en-el-hcd-violencia-de-genero-del-intendente-bordoni\/\" \/>\n<meta property=\"og:locale\" content=\"es_ES\" \/>\n<meta property=\"og:type\" content=\"article\" \/>\n<meta property=\"og:title\" content=\"Concejales denunciaron en el HCD violencia de g\u00e9nero del intendente Bordoni. - Noticias Radio Reflejos\" \/>\n<meta property=\"og:description\" content=\"En la sesi\u00f3n de este martes del Concejo Deliberante, concejales de los bloques Frente para la Victoria y Cumplir denunciaron violencia de g\u00e9nero del intendente Sergio Bordoni hacia la Secretaria Legislativa, Valentina Nyez. La edil M\u00f3nica Sagredo relat\u00f3 que \u201cse llevaron a cabo distintas reuniones de trabajo en estos dos a\u00f1os con la presencia del [&hellip;]\" \/>\n<meta property=\"og:url\" content=\"https:\/\/www.noticiasradioreflejos.com.ar\/2021\/concejales-denunciaron-en-el-hcd-violencia-de-genero-del-intendente-bordoni\/\" \/>\n<meta property=\"og:site_name\" content=\"Noticias Radio Reflejos\" \/>\n<meta property=\"article:published_time\" content=\"2018-07-05T12:01:51+00:00\" \/>\n<meta property=\"og:image\" content=\"http:\/\/farm1.staticflickr.com\/847\/43213858091_5e948c1d12.jpg\" \/>\n<meta name=\"author\" content=\"Arnaldo Botto\" \/>\n<meta name=\"twitter:card\" content=\"summary_large_image\" \/>\n<script type=\"application\/ld+json\" class=\"yoast-schema-graph\">{\"@context\":\"https:\/\/schema.org\",\"@graph\":[{\"@type\":\"WebPage\",\"@id\":\"https:\/\/www.noticiasradioreflejos.com.ar\/2021\/concejales-denunciaron-en-el-hcd-violencia-de-genero-del-intendente-bordoni\/\",\"url\":\"https:\/\/www.noticiasradioreflejos.com.ar\/2021\/concejales-denunciaron-en-el-hcd-violencia-de-genero-del-intendente-bordoni\/\",\"name\":\"Concejales denunciaron en el HCD violencia de g\u00e9nero del intendente Bordoni. - Noticias Radio Reflejos\",\"isPartOf\":{\"@id\":\"https:\/\/www.noticiasradioreflejos.com.ar\/2021\/#website\"},\"primaryImageOfPage\":{\"@id\":\"https:\/\/www.noticiasradioreflejos.com.ar\/2021\/concejales-denunciaron-en-el-hcd-violencia-de-genero-del-intendente-bordoni\/#primaryimage\"},\"image\":{\"@id\":\"https:\/\/www.noticiasradioreflejos.com.ar\/2021\/concejales-denunciaron-en-el-hcd-violencia-de-genero-del-intendente-bordoni\/#primaryimage\"},\"thumbnailUrl\":\"http:\/\/farm1.staticflickr.com\/847\/43213858091_5e948c1d12.jpg\",\"datePublished\":\"2018-07-05T12:01:51+00:00\",\"author\":{\"@id\":\"https:\/\/www.noticiasradioreflejos.com.ar\/2021\/#\/schema\/person\/ad82545263dcc5ec0996818884fd5fb1\"},\"breadcrumb\":{\"@id\":\"https:\/\/www.noticiasradioreflejos.com.ar\/2021\/concejales-denunciaron-en-el-hcd-violencia-de-genero-del-intendente-bordoni\/#breadcrumb\"},\"inLanguage\":\"es\",\"potentialAction\":[{\"@type\":\"ReadAction\",\"target\":[\"https:\/\/www.noticiasradioreflejos.com.ar\/2021\/concejales-denunciaron-en-el-hcd-violencia-de-genero-del-intendente-bordoni\/\"]}]},{\"@type\":\"ImageObject\",\"inLanguage\":\"es\",\"@id\":\"https:\/\/www.noticiasradioreflejos.com.ar\/2021\/concejales-denunciaron-en-el-hcd-violencia-de-genero-del-intendente-bordoni\/#primaryimage\",\"url\":\"http:\/\/farm1.staticflickr.com\/847\/43213858091_5e948c1d12.jpg\",\"contentUrl\":\"http:\/\/farm1.staticflickr.com\/847\/43213858091_5e948c1d12.jpg\"},{\"@type\":\"BreadcrumbList\",\"@id\":\"https:\/\/www.noticiasradioreflejos.com.ar\/2021\/concejales-denunciaron-en-el-hcd-violencia-de-genero-del-intendente-bordoni\/#breadcrumb\",\"itemListElement\":[{\"@type\":\"ListItem\",\"position\":1,\"name\":\"Portada\",\"item\":\"https:\/\/www.noticiasradioreflejos.com.ar\/2021\/\"},{\"@type\":\"ListItem\",\"position\":2,\"name\":\"Concejales denunciaron en el HCD violencia de g\u00e9nero del intendente Bordoni.\"}]},{\"@type\":\"WebSite\",\"@id\":\"https:\/\/www.noticiasradioreflejos.com.ar\/2021\/#website\",\"url\":\"https:\/\/www.noticiasradioreflejos.com.ar\/2021\/\",\"name\":\"Noticias Radio Reflejos\",\"description\":\"Las noticias de mi comarca\",\"potentialAction\":[{\"@type\":\"SearchAction\",\"target\":{\"@type\":\"EntryPoint\",\"urlTemplate\":\"https:\/\/www.noticiasradioreflejos.com.ar\/2021\/?s={search_term_string}\"},\"query-input\":{\"@type\":\"PropertyValueSpecification\",\"valueRequired\":true,\"valueName\":\"search_term_string\"}}],\"inLanguage\":\"es\"},{\"@type\":\"Person\",\"@id\":\"https:\/\/www.noticiasradioreflejos.com.ar\/2021\/#\/schema\/person\/ad82545263dcc5ec0996818884fd5fb1\",\"name\":\"Arnaldo Botto\",\"image\":{\"@type\":\"ImageObject\",\"inLanguage\":\"es\",\"@id\":\"https:\/\/www.noticiasradioreflejos.com.ar\/2021\/#\/schema\/person\/image\/\",\"url\":\"https:\/\/secure.gravatar.com\/avatar\/55cb5e37c1efa326397366e6974cb338056df65cb50e7d64d1cf314e87504837?s=96&d=mm&r=g\",\"contentUrl\":\"https:\/\/secure.gravatar.com\/avatar\/55cb5e37c1efa326397366e6974cb338056df65cb50e7d64d1cf314e87504837?s=96&d=mm&r=g\",\"caption\":\"Arnaldo Botto\"},\"url\":\"https:\/\/www.noticiasradioreflejos.com.ar\/2021\/author\/arnaldo\/\"}]}<\/script>\n<!-- \/ Yoast SEO plugin. -->","yoast_head_json":{"title":"Concejales denunciaron en el HCD violencia de g\u00e9nero del intendente Bordoni. - Noticias Radio Reflejos","robots":{"index":"index","follow":"follow","max-snippet":"max-snippet:-1","max-image-preview":"max-image-preview:large","max-video-preview":"max-video-preview:-1"},"canonical":"https:\/\/www.noticiasradioreflejos.com.ar\/2021\/concejales-denunciaron-en-el-hcd-violencia-de-genero-del-intendente-bordoni\/","og_locale":"es_ES","og_type":"article","og_title":"Concejales denunciaron en el HCD violencia de g\u00e9nero del intendente Bordoni. - Noticias Radio Reflejos","og_description":"En la sesi\u00f3n de este martes del Concejo Deliberante, concejales de los bloques Frente para la Victoria y Cumplir denunciaron violencia de g\u00e9nero del intendente Sergio Bordoni hacia la Secretaria Legislativa, Valentina Nyez. La edil M\u00f3nica Sagredo relat\u00f3 que \u201cse llevaron a cabo distintas reuniones de trabajo en estos dos a\u00f1os con la presencia del [&hellip;]","og_url":"https:\/\/www.noticiasradioreflejos.com.ar\/2021\/concejales-denunciaron-en-el-hcd-violencia-de-genero-del-intendente-bordoni\/","og_site_name":"Noticias Radio Reflejos","article_published_time":"2018-07-05T12:01:51+00:00","og_image":[{"url":"http:\/\/farm1.staticflickr.com\/847\/43213858091_5e948c1d12.jpg","type":"","width":"","height":""}],"author":"Arnaldo Botto","twitter_card":"summary_large_image","schema":{"@context":"https:\/\/schema.org","@graph":[{"@type":"WebPage","@id":"https:\/\/www.noticiasradioreflejos.com.ar\/2021\/concejales-denunciaron-en-el-hcd-violencia-de-genero-del-intendente-bordoni\/","url":"https:\/\/www.noticiasradioreflejos.com.ar\/2021\/concejales-denunciaron-en-el-hcd-violencia-de-genero-del-intendente-bordoni\/","name":"Concejales denunciaron en el HCD violencia de g\u00e9nero del intendente Bordoni. - Noticias Radio Reflejos","isPartOf":{"@id":"https:\/\/www.noticiasradioreflejos.com.ar\/2021\/#website"},"primaryImageOfPage":{"@id":"https:\/\/www.noticiasradioreflejos.com.ar\/2021\/concejales-denunciaron-en-el-hcd-violencia-de-genero-del-intendente-bordoni\/#primaryimage"},"image":{"@id":"https:\/\/www.noticiasradioreflejos.com.ar\/2021\/concejales-denunciaron-en-el-hcd-violencia-de-genero-del-intendente-bordoni\/#primaryimage"},"thumbnailUrl":"http:\/\/farm1.staticflickr.com\/847\/43213858091_5e948c1d12.jpg","datePublished":"2018-07-05T12:01:51+00:00","author":{"@id":"https:\/\/www.noticiasradioreflejos.com.ar\/2021\/#\/schema\/person\/ad82545263dcc5ec0996818884fd5fb1"},"breadcrumb":{"@id":"https:\/\/www.noticiasradioreflejos.com.ar\/2021\/concejales-denunciaron-en-el-hcd-violencia-de-genero-del-intendente-bordoni\/#breadcrumb"},"inLanguage":"es","potentialAction":[{"@type":"ReadAction","target":["https:\/\/www.noticiasradioreflejos.com.ar\/2021\/concejales-denunciaron-en-el-hcd-violencia-de-genero-del-intendente-bordoni\/"]}]},{"@type":"ImageObject","inLanguage":"es","@id":"https:\/\/www.noticiasradioreflejos.com.ar\/2021\/concejales-denunciaron-en-el-hcd-violencia-de-genero-del-intendente-bordoni\/#primaryimage","url":"http:\/\/farm1.staticflickr.com\/847\/43213858091_5e948c1d12.jpg","contentUrl":"http:\/\/farm1.staticflickr.com\/847\/43213858091_5e948c1d12.jpg"},{"@type":"BreadcrumbList","@id":"https:\/\/www.noticiasradioreflejos.com.ar\/2021\/concejales-denunciaron-en-el-hcd-violencia-de-genero-del-intendente-bordoni\/#breadcrumb","itemListElement":[{"@type":"ListItem","position":1,"name":"Portada","item":"https:\/\/www.noticiasradioreflejos.com.ar\/2021\/"},{"@type":"ListItem","position":2,"name":"Concejales denunciaron en el HCD violencia de g\u00e9nero del intendente Bordoni."}]},{"@type":"WebSite","@id":"https:\/\/www.noticiasradioreflejos.com.ar\/2021\/#website","url":"https:\/\/www.noticiasradioreflejos.com.ar\/2021\/","name":"Noticias Radio Reflejos","description":"Las noticias de mi comarca","potentialAction":[{"@type":"SearchAction","target":{"@type":"EntryPoint","urlTemplate":"https:\/\/www.noticiasradioreflejos.com.ar\/2021\/?s={search_term_string}"},"query-input":{"@type":"PropertyValueSpecification","valueRequired":true,"valueName":"search_term_string"}}],"inLanguage":"es"},{"@type":"Person","@id":"https:\/\/www.noticiasradioreflejos.com.ar\/2021\/#\/schema\/person\/ad82545263dcc5ec0996818884fd5fb1","name":"Arnaldo Botto","image":{"@type":"ImageObject","inLanguage":"es","@id":"https:\/\/www.noticiasradioreflejos.com.ar\/2021\/#\/schema\/person\/image\/","url":"https:\/\/secure.gravatar.com\/avatar\/55cb5e37c1efa326397366e6974cb338056df65cb50e7d64d1cf314e87504837?s=96&d=mm&r=g","contentUrl":"https:\/\/secure.gravatar.com\/avatar\/55cb5e37c1efa326397366e6974cb338056df65cb50e7d64d1cf314e87504837?s=96&d=mm&r=g","caption":"Arnaldo Botto"},"url":"https:\/\/www.noticiasradioreflejos.com.ar\/2021\/author\/arnaldo\/"}]}},"_links":{"self":[{"href":"https:\/\/www.noticiasradioreflejos.com.ar\/2021\/wp-json\/wp\/v2\/posts\/23030","targetHints":{"allow":["GET"]}}],"collection":[{"href":"https:\/\/www.noticiasradioreflejos.com.ar\/2021\/wp-json\/wp\/v2\/posts"}],"about":[{"href":"https:\/\/www.noticiasradioreflejos.com.ar\/2021\/wp-json\/wp\/v2\/types\/post"}],"author":[{"embeddable":true,"href":"https:\/\/www.noticiasradioreflejos.com.ar\/2021\/wp-json\/wp\/v2\/users\/3"}],"replies":[{"embeddable":true,"href":"https:\/\/www.noticiasradioreflejos.com.ar\/2021\/wp-json\/wp\/v2\/comments?post=23030"}],"version-history":[{"count":0,"href":"https:\/\/www.noticiasradioreflejos.com.ar\/2021\/wp-json\/wp\/v2\/posts\/23030\/revisions"}],"wp:attachment":[{"href":"https:\/\/www.noticiasradioreflejos.com.ar\/2021\/wp-json\/wp\/v2\/media?parent=23030"}],"wp:term":[{"taxonomy":"category","embeddable":true,"href":"https:\/\/www.noticiasradioreflejos.com.ar\/2021\/wp-json\/wp\/v2\/categories?post=23030"},{"taxonomy":"post_tag","embeddable":true,"href":"https:\/\/www.noticiasradioreflejos.com.ar\/2021\/wp-json\/wp\/v2\/tags?post=23030"}],"curies":[{"name":"wp","href":"https:\/\/api.w.org\/{rel}","templated":true}]}}