{"id":23027,"date":"2018-07-05T08:39:55","date_gmt":"2018-07-05T11:39:55","guid":{"rendered":"http:\/\/www.noticiasradioreflejos.com.ar\/noticias\/?p=23027"},"modified":"2018-07-05T08:39:55","modified_gmt":"2018-07-05T11:39:55","slug":"la-gente-sigue-confiando-en-nuestra-gestion-de-gobierno-por-la-transparencia-y-honestidad-sergio-bordoni","status":"publish","type":"post","link":"https:\/\/www.noticiasradioreflejos.com.ar\/2021\/la-gente-sigue-confiando-en-nuestra-gestion-de-gobierno-por-la-transparencia-y-honestidad-sergio-bordoni\/","title":{"rendered":"\u201cLa gente sigue confiando en nuestra gesti\u00f3n de gobierno por la transparencia y honestidad\u201d &#8211; Sergio Bordoni"},"content":{"rendered":"<p>Este mi\u00e9rcoles en di\u00e1logo con nuestro medio, el intendente Sergio Bordoni se refiri\u00f3 a la denuncia de la oposici\u00f3n hacia su gesti\u00f3n que fue desestimada hace algunos d\u00edas atr\u00e1s por la justicia, en referencia a la compra de una combi y la instalaci\u00f3n de c\u00e1maras de seguridad en 2016.<!--more--><br \/>\nEn primer lugar, concejales del Frente para la Victoria denunciaron que se hab\u00edan instalado c\u00e1maras de seguridad de la empresa local Viginet en Saldungaray antes de la licitaci\u00f3n correspondiente. Bordoni explic\u00f3 que se instalaron \u201cpara hacer un video in situ demostrando c\u00f3mo filman, tal como dec\u00eda el pliego licitatorio\u201d.<br \/>\n\u201cEllos ya sab\u00edan c\u00f3mo se hac\u00eda, porque Viginet trabaj\u00f3 para el municipio desde 2011, pero no tuvieron reparos en denunciarlo, no solo ensuciando a mi persona y a mi gesti\u00f3n, sino a Viginet, una empresa instalada a nivel nacional que es un orgullo para Tornquist\u201d, se\u00f1al\u00f3.<br \/>\nAsimismo, los ediles aseguraron que se hab\u00eda comprado una combi antes de que se realice la licitaci\u00f3n correspondiente para la operaci\u00f3n.<br \/>\nSobre eso, el jefe comunal indic\u00f3 que, como hab\u00eda que esperar 180 d\u00edas para la entrega de la combi una vez que se licite, se opt\u00f3 por reservar una y esperar a la licitaci\u00f3n. \u201cEstaba en el municipio porque, al estar reservada, en la agencia no la pod\u00edan seguir teniendo, pero no se hab\u00eda pagado ni patentado, y si perd\u00edan la licitaci\u00f3n se la llevaban\u201d, coment\u00f3.<br \/>\n\u201cEso expliqu\u00e9 en el HCD \u2013continu\u00f3-, los concejales opositores lo aceptaron, pero como era a\u00f1o eleccionario, presentaron igual la denuncia\u201d. \u201cQuer\u00edan hacer un poco de ruido y as\u00ed les fue. La gente sigue confiando en esta gesti\u00f3n de gobierno por la transparencia y honestidad\u201d, dispar\u00f3.<br \/>\nEn contrapartida, \u201cahora ellos s\u00ed tienen que seguir rindi\u00e9ndole cuentas a la justicia, porque nosotros consideramos como obra mal ejecutada la senda peatonal de Saldungaray, donde el perito enviado por la fiscal\u00eda coincidi\u00f3 totalmente con el que contratamos nosotros\u201d. En esa obra ejecutada en 2015, Bordoni denunci\u00f3 sobreprecios.<br \/>\n<iframe loading=\"lazy\" src=\"https:\/\/w.soundcloud.com\/player\/?url=https%3A\/\/api.soundcloud.com\/tracks\/467596047&amp;color=%23ff5500&amp;auto_play=false&amp;hide_related=false&amp;show_comments=true&amp;show_user=true&amp;show_reposts=false&amp;show_teaser=true\" width=\"100%\" height=\"166\" frameborder=\"no\" scrolling=\"no\"><\/iframe><\/p>\n","protected":false},"excerpt":{"rendered":"<p>Este mi\u00e9rcoles en di\u00e1logo con nuestro medio, el intendente Sergio Bordoni se refiri\u00f3 a la denuncia de la oposici\u00f3n hacia su gesti\u00f3n que fue desestimada hace algunos d\u00edas atr\u00e1s por la justicia, en referencia a la compra de una combi y la instalaci\u00f3n de c\u00e1maras de seguridad en 2016.<\/p>\n","protected":false},"author":3,"featured_media":0,"comment_status":"closed","ping_status":"open","sticky":false,"template":"","format":"standard","meta":{"footnotes":""},"categories":[24],"tags":[],"class_list":["post-23027","post","type-post","status-publish","format-standard","hentry","category-politica"],"yoast_head":"<!-- This site is optimized with the Yoast SEO plugin v25.9 - https:\/\/yoast.com\/wordpress\/plugins\/seo\/ -->\n<title>\u201cLa gente sigue confiando en nuestra gesti\u00f3n de gobierno por la transparencia y honestidad\u201d - Sergio Bordoni - Noticias Radio Reflejos<\/title>\n<meta name=\"robots\" content=\"index, follow, max-snippet:-1, max-image-preview:large, max-video-preview:-1\" \/>\n<link rel=\"canonical\" href=\"https:\/\/www.noticiasradioreflejos.com.ar\/2021\/la-gente-sigue-confiando-en-nuestra-gestion-de-gobierno-por-la-transparencia-y-honestidad-sergio-bordoni\/\" \/>\n<meta property=\"og:locale\" content=\"es_ES\" \/>\n<meta property=\"og:type\" content=\"article\" \/>\n<meta property=\"og:title\" content=\"\u201cLa gente sigue confiando en nuestra gesti\u00f3n de gobierno por la transparencia y honestidad\u201d - Sergio Bordoni - Noticias Radio Reflejos\" \/>\n<meta property=\"og:description\" content=\"Este mi\u00e9rcoles en di\u00e1logo con nuestro medio, el intendente Sergio Bordoni se refiri\u00f3 a la denuncia de la oposici\u00f3n hacia su gesti\u00f3n que fue desestimada hace algunos d\u00edas atr\u00e1s por la justicia, en referencia a la compra de una combi y la instalaci\u00f3n de c\u00e1maras de seguridad en 2016.\" \/>\n<meta property=\"og:url\" content=\"https:\/\/www.noticiasradioreflejos.com.ar\/2021\/la-gente-sigue-confiando-en-nuestra-gestion-de-gobierno-por-la-transparencia-y-honestidad-sergio-bordoni\/\" \/>\n<meta property=\"og:site_name\" content=\"Noticias Radio Reflejos\" \/>\n<meta property=\"article:published_time\" content=\"2018-07-05T11:39:55+00:00\" \/>\n<meta property=\"og:image\" content=\"https:\/\/www.noticiasradioreflejos.com.ar\/2021\/wp-content\/uploads\/2021\/07\/logosol300x200.png\" \/>\n\t<meta property=\"og:image:width\" content=\"300\" \/>\n\t<meta property=\"og:image:height\" content=\"200\" \/>\n\t<meta property=\"og:image:type\" content=\"image\/png\" \/>\n<meta name=\"author\" content=\"Arnaldo Botto\" \/>\n<meta name=\"twitter:card\" content=\"summary_large_image\" \/>\n<script type=\"application\/ld+json\" class=\"yoast-schema-graph\">{\"@context\":\"https:\/\/schema.org\",\"@graph\":[{\"@type\":\"WebPage\",\"@id\":\"https:\/\/www.noticiasradioreflejos.com.ar\/2021\/la-gente-sigue-confiando-en-nuestra-gestion-de-gobierno-por-la-transparencia-y-honestidad-sergio-bordoni\/\",\"url\":\"https:\/\/www.noticiasradioreflejos.com.ar\/2021\/la-gente-sigue-confiando-en-nuestra-gestion-de-gobierno-por-la-transparencia-y-honestidad-sergio-bordoni\/\",\"name\":\"\u201cLa gente sigue confiando en nuestra gesti\u00f3n de gobierno por la transparencia y honestidad\u201d - Sergio Bordoni - Noticias Radio Reflejos\",\"isPartOf\":{\"@id\":\"https:\/\/www.noticiasradioreflejos.com.ar\/2021\/#website\"},\"datePublished\":\"2018-07-05T11:39:55+00:00\",\"author\":{\"@id\":\"https:\/\/www.noticiasradioreflejos.com.ar\/2021\/#\/schema\/person\/ad82545263dcc5ec0996818884fd5fb1\"},\"breadcrumb\":{\"@id\":\"https:\/\/www.noticiasradioreflejos.com.ar\/2021\/la-gente-sigue-confiando-en-nuestra-gestion-de-gobierno-por-la-transparencia-y-honestidad-sergio-bordoni\/#breadcrumb\"},\"inLanguage\":\"es\",\"potentialAction\":[{\"@type\":\"ReadAction\",\"target\":[\"https:\/\/www.noticiasradioreflejos.com.ar\/2021\/la-gente-sigue-confiando-en-nuestra-gestion-de-gobierno-por-la-transparencia-y-honestidad-sergio-bordoni\/\"]}]},{\"@type\":\"BreadcrumbList\",\"@id\":\"https:\/\/www.noticiasradioreflejos.com.ar\/2021\/la-gente-sigue-confiando-en-nuestra-gestion-de-gobierno-por-la-transparencia-y-honestidad-sergio-bordoni\/#breadcrumb\",\"itemListElement\":[{\"@type\":\"ListItem\",\"position\":1,\"name\":\"Portada\",\"item\":\"https:\/\/www.noticiasradioreflejos.com.ar\/2021\/\"},{\"@type\":\"ListItem\",\"position\":2,\"name\":\"\u201cLa gente sigue confiando en nuestra gesti\u00f3n de gobierno por la transparencia y honestidad\u201d &#8211; Sergio Bordoni\"}]},{\"@type\":\"WebSite\",\"@id\":\"https:\/\/www.noticiasradioreflejos.com.ar\/2021\/#website\",\"url\":\"https:\/\/www.noticiasradioreflejos.com.ar\/2021\/\",\"name\":\"Noticias Radio Reflejos\",\"description\":\"Las noticias de mi comarca\",\"potentialAction\":[{\"@type\":\"SearchAction\",\"target\":{\"@type\":\"EntryPoint\",\"urlTemplate\":\"https:\/\/www.noticiasradioreflejos.com.ar\/2021\/?s={search_term_string}\"},\"query-input\":{\"@type\":\"PropertyValueSpecification\",\"valueRequired\":true,\"valueName\":\"search_term_string\"}}],\"inLanguage\":\"es\"},{\"@type\":\"Person\",\"@id\":\"https:\/\/www.noticiasradioreflejos.com.ar\/2021\/#\/schema\/person\/ad82545263dcc5ec0996818884fd5fb1\",\"name\":\"Arnaldo Botto\",\"image\":{\"@type\":\"ImageObject\",\"inLanguage\":\"es\",\"@id\":\"https:\/\/www.noticiasradioreflejos.com.ar\/2021\/#\/schema\/person\/image\/\",\"url\":\"https:\/\/secure.gravatar.com\/avatar\/55cb5e37c1efa326397366e6974cb338056df65cb50e7d64d1cf314e87504837?s=96&d=mm&r=g\",\"contentUrl\":\"https:\/\/secure.gravatar.com\/avatar\/55cb5e37c1efa326397366e6974cb338056df65cb50e7d64d1cf314e87504837?s=96&d=mm&r=g\",\"caption\":\"Arnaldo Botto\"},\"url\":\"https:\/\/www.noticiasradioreflejos.com.ar\/2021\/author\/arnaldo\/\"}]}<\/script>\n<!-- \/ Yoast SEO plugin. -->","yoast_head_json":{"title":"\u201cLa gente sigue confiando en nuestra gesti\u00f3n de gobierno por la transparencia y honestidad\u201d - Sergio Bordoni - Noticias Radio Reflejos","robots":{"index":"index","follow":"follow","max-snippet":"max-snippet:-1","max-image-preview":"max-image-preview:large","max-video-preview":"max-video-preview:-1"},"canonical":"https:\/\/www.noticiasradioreflejos.com.ar\/2021\/la-gente-sigue-confiando-en-nuestra-gestion-de-gobierno-por-la-transparencia-y-honestidad-sergio-bordoni\/","og_locale":"es_ES","og_type":"article","og_title":"\u201cLa gente sigue confiando en nuestra gesti\u00f3n de gobierno por la transparencia y honestidad\u201d - Sergio Bordoni - Noticias Radio Reflejos","og_description":"Este mi\u00e9rcoles en di\u00e1logo con nuestro medio, el intendente Sergio Bordoni se refiri\u00f3 a la denuncia de la oposici\u00f3n hacia su gesti\u00f3n que fue desestimada hace algunos d\u00edas atr\u00e1s por la justicia, en referencia a la compra de una combi y la instalaci\u00f3n de c\u00e1maras de seguridad en 2016.","og_url":"https:\/\/www.noticiasradioreflejos.com.ar\/2021\/la-gente-sigue-confiando-en-nuestra-gestion-de-gobierno-por-la-transparencia-y-honestidad-sergio-bordoni\/","og_site_name":"Noticias Radio Reflejos","article_published_time":"2018-07-05T11:39:55+00:00","og_image":[{"width":300,"height":200,"url":"https:\/\/www.noticiasradioreflejos.com.ar\/2021\/wp-content\/uploads\/2021\/07\/logosol300x200.png","type":"image\/png"}],"author":"Arnaldo Botto","twitter_card":"summary_large_image","schema":{"@context":"https:\/\/schema.org","@graph":[{"@type":"WebPage","@id":"https:\/\/www.noticiasradioreflejos.com.ar\/2021\/la-gente-sigue-confiando-en-nuestra-gestion-de-gobierno-por-la-transparencia-y-honestidad-sergio-bordoni\/","url":"https:\/\/www.noticiasradioreflejos.com.ar\/2021\/la-gente-sigue-confiando-en-nuestra-gestion-de-gobierno-por-la-transparencia-y-honestidad-sergio-bordoni\/","name":"\u201cLa gente sigue confiando en nuestra gesti\u00f3n de gobierno por la transparencia y honestidad\u201d - Sergio Bordoni - Noticias Radio Reflejos","isPartOf":{"@id":"https:\/\/www.noticiasradioreflejos.com.ar\/2021\/#website"},"datePublished":"2018-07-05T11:39:55+00:00","author":{"@id":"https:\/\/www.noticiasradioreflejos.com.ar\/2021\/#\/schema\/person\/ad82545263dcc5ec0996818884fd5fb1"},"breadcrumb":{"@id":"https:\/\/www.noticiasradioreflejos.com.ar\/2021\/la-gente-sigue-confiando-en-nuestra-gestion-de-gobierno-por-la-transparencia-y-honestidad-sergio-bordoni\/#breadcrumb"},"inLanguage":"es","potentialAction":[{"@type":"ReadAction","target":["https:\/\/www.noticiasradioreflejos.com.ar\/2021\/la-gente-sigue-confiando-en-nuestra-gestion-de-gobierno-por-la-transparencia-y-honestidad-sergio-bordoni\/"]}]},{"@type":"BreadcrumbList","@id":"https:\/\/www.noticiasradioreflejos.com.ar\/2021\/la-gente-sigue-confiando-en-nuestra-gestion-de-gobierno-por-la-transparencia-y-honestidad-sergio-bordoni\/#breadcrumb","itemListElement":[{"@type":"ListItem","position":1,"name":"Portada","item":"https:\/\/www.noticiasradioreflejos.com.ar\/2021\/"},{"@type":"ListItem","position":2,"name":"\u201cLa gente sigue confiando en nuestra gesti\u00f3n de gobierno por la transparencia y honestidad\u201d &#8211; Sergio Bordoni"}]},{"@type":"WebSite","@id":"https:\/\/www.noticiasradioreflejos.com.ar\/2021\/#website","url":"https:\/\/www.noticiasradioreflejos.com.ar\/2021\/","name":"Noticias Radio Reflejos","description":"Las noticias de mi comarca","potentialAction":[{"@type":"SearchAction","target":{"@type":"EntryPoint","urlTemplate":"https:\/\/www.noticiasradioreflejos.com.ar\/2021\/?s={search_term_string}"},"query-input":{"@type":"PropertyValueSpecification","valueRequired":true,"valueName":"search_term_string"}}],"inLanguage":"es"},{"@type":"Person","@id":"https:\/\/www.noticiasradioreflejos.com.ar\/2021\/#\/schema\/person\/ad82545263dcc5ec0996818884fd5fb1","name":"Arnaldo Botto","image":{"@type":"ImageObject","inLanguage":"es","@id":"https:\/\/www.noticiasradioreflejos.com.ar\/2021\/#\/schema\/person\/image\/","url":"https:\/\/secure.gravatar.com\/avatar\/55cb5e37c1efa326397366e6974cb338056df65cb50e7d64d1cf314e87504837?s=96&d=mm&r=g","contentUrl":"https:\/\/secure.gravatar.com\/avatar\/55cb5e37c1efa326397366e6974cb338056df65cb50e7d64d1cf314e87504837?s=96&d=mm&r=g","caption":"Arnaldo Botto"},"url":"https:\/\/www.noticiasradioreflejos.com.ar\/2021\/author\/arnaldo\/"}]}},"_links":{"self":[{"href":"https:\/\/www.noticiasradioreflejos.com.ar\/2021\/wp-json\/wp\/v2\/posts\/23027","targetHints":{"allow":["GET"]}}],"collection":[{"href":"https:\/\/www.noticiasradioreflejos.com.ar\/2021\/wp-json\/wp\/v2\/posts"}],"about":[{"href":"https:\/\/www.noticiasradioreflejos.com.ar\/2021\/wp-json\/wp\/v2\/types\/post"}],"author":[{"embeddable":true,"href":"https:\/\/www.noticiasradioreflejos.com.ar\/2021\/wp-json\/wp\/v2\/users\/3"}],"replies":[{"embeddable":true,"href":"https:\/\/www.noticiasradioreflejos.com.ar\/2021\/wp-json\/wp\/v2\/comments?post=23027"}],"version-history":[{"count":0,"href":"https:\/\/www.noticiasradioreflejos.com.ar\/2021\/wp-json\/wp\/v2\/posts\/23027\/revisions"}],"wp:attachment":[{"href":"https:\/\/www.noticiasradioreflejos.com.ar\/2021\/wp-json\/wp\/v2\/media?parent=23027"}],"wp:term":[{"taxonomy":"category","embeddable":true,"href":"https:\/\/www.noticiasradioreflejos.com.ar\/2021\/wp-json\/wp\/v2\/categories?post=23027"},{"taxonomy":"post_tag","embeddable":true,"href":"https:\/\/www.noticiasradioreflejos.com.ar\/2021\/wp-json\/wp\/v2\/tags?post=23027"}],"curies":[{"name":"wp","href":"https:\/\/api.w.org\/{rel}","templated":true}]}}