{"id":23024,"date":"2018-07-05T01:45:20","date_gmt":"2018-07-05T04:45:20","guid":{"rendered":"http:\/\/www.noticiasradioreflejos.com.ar\/noticias\/?p=23024"},"modified":"2018-07-05T01:45:20","modified_gmt":"2018-07-05T04:45:20","slug":"hay-que-pedir-autorizacion-a-la-municipalidad-para-poder-hacerlo-y-mas-cuando-se-usan-amplificadores-de-sonido-manuel-parodi","status":"publish","type":"post","link":"https:\/\/www.noticiasradioreflejos.com.ar\/2021\/hay-que-pedir-autorizacion-a-la-municipalidad-para-poder-hacerlo-y-mas-cuando-se-usan-amplificadores-de-sonido-manuel-parodi\/","title":{"rendered":"&quot;Hay que pedir autorizaci\u00f3n a la municipalidad para poder hacerlo, y mas cuando se usan amplificadores de sonido&quot;, Manuel Parodi"},"content":{"rendered":"<p>El jefe de la Sub comisaria de Sierra de la Ventana, Of. Principal Manuel Parodi expreso su posici\u00f3n frente al tema del m\u00fasico que fue invitado a retirarse mientras ejecutaba su bater\u00eda en un boulevard de la ciudad de Tornquist. Tambi\u00e9n se refiri\u00f3 al caso de abuso ocurrido en la comarca y que tiene como protagonista a Nando Ulloa.<!--more--><br \/>\n\u00abEl tema por ah\u00ed es un poquito mas complicado de entender, o de proceder, que lo que realmente es, para poder tocar en espacios p\u00fablicos, este muchacho que estaba ah\u00ed en Tornquist aparentemente estaba tocando en un boulevard, el tema de manifestarse culturalmente por medio de la m\u00fasica en espacios p\u00fablicos no hay mayor problema, sino que hay que pedir autorizaci\u00f3n a la municipalidad para poder hacerlo, y mas cuando se usan amplificadores de sonido, porque si bien no es un delito, pero en nuestros derechos empiezan y terminan, cuando empiezan y terminan los derechos de los dem\u00e1s, entonces siempre hay un vecino que se queja por el ruido alto o sonido alto de la m\u00fasica, el tema en primera instancia viene por el uso de amplificadores en la m\u00fasica, despu\u00e9s si hilamos un poquito mas fino el tema de la m\u00fasica en espacios p\u00fablicos ya tiene una intervenci\u00f3n ademas de municipal, viene el tema de los derechos de autor, sadaic y aadicapif, que por ah\u00ed si nos ponemos a hilar finito tambi\u00e9n puede ser por ese tema, pero b\u00e1sicamente el tema es la prohibici\u00f3n de tocar en espacios p\u00fablicos sin un previo aviso y autorizaci\u00f3n de la municipalidad de donde se este realizando el evento, si es una persona com\u00fan que anda por la vida con una guitarra bajo el brazo y se pone a tocar en una vereda no hay ning\u00fan problema, el tema es la amplificaci\u00f3n de la m\u00fasica que se esta reproduciendo. Seguramente y lo mas probable es que a ese polic\u00eda lo haya mandado alguien al lugar, no creo que haya ido por su cuenta\u00bb. Explic\u00f3<br \/>\nTambi\u00e9n fue consultado sobre el hecho ocurrido en la comarca denunciado en la seccional a cargo del oficial, sobre el caso de abuso en el que se encuentra imputado Nando Ulloa, a lo que Parodi respondi\u00f3, \u00abAvances tuvo bastantes, se notificaron a las dos partes, porque hay una prohibici\u00f3n de acercamiento, se notific\u00f3 si mal no recuerdo el martes pasado, y el jueves o viernes de la semana pasada nos llego por parte de la fiscal\u00eda una solicitud de que hagamos recorridas seguidas por el sector una custodia din\u00e1mica se llama, si bien no hay que poner un polic\u00eda custodiando la casa ni las personas, pero s\u00ed el patrullero tiene que prestar mayor inter\u00e9s en ese lugar y recorrer cada cierto tiempo durante el d\u00eda para constatar de que no haya ning\u00fan problema con ese tema. Vuelvo a lo legal, si la persona si bien ac\u00e1 hay distintos lugares para pasar, la persona esta no se puede acercar a la casa con intenciones de ir a la casa, el paso no se le puede prohibir a nadie, porque es un lugar de libre circulaci\u00f3n, la persona esta puede pasar para dirigirse a otro lugar, esta tambi\u00e9n en la persona damnificada o en los familiares en este caso porque la damnificada es una menor de edad, llamar o no a la polic\u00eda en ese caso, el patrullero no constata que el hombre pasa por el lugar porque esta en otro lado, los padres de la victima llaman al patrullero y la polic\u00eda en caso de encontrarlo en cercan\u00edas del lugar tiene que proceder a una detenci\u00f3n, a una aprehensi\u00f3n mejor dicho, porque hay un delito, hay una desobediencia, en tanto y en cuanto haya intenciones de esa persona de ir a ese lugar, pero eso bueno, depende tambi\u00e9n de la otra parte de la victima\u00bb. Finaliz\u00f3<br \/>\nNOTA COMPLETA:<br \/>\n<iframe loading=\"lazy\" width=\"100%\" height=\"166\" scrolling=\"no\" frameborder=\"no\" allow=\"autoplay\" src=\"https:\/\/w.soundcloud.com\/player\/?url=https%3A\/\/api.soundcloud.com\/tracks\/467156802&#038;color=%23ff5500&#038;auto_play=false&#038;hide_related=false&#038;show_comments=true&#038;show_user=true&#038;show_reposts=false&#038;show_teaser=true\"><\/iframe><\/p>\n","protected":false},"excerpt":{"rendered":"<p>El jefe de la Sub comisaria de Sierra de la Ventana, Of. Principal Manuel Parodi expreso su posici\u00f3n frente al tema del m\u00fasico que fue invitado a retirarse mientras ejecutaba su bater\u00eda en un boulevard de la ciudad de Tornquist. Tambi\u00e9n se refiri\u00f3 al caso de abuso ocurrido en la comarca y que tiene como [&hellip;]<\/p>\n","protected":false},"author":3,"featured_media":0,"comment_status":"closed","ping_status":"open","sticky":false,"template":"","format":"standard","meta":{"footnotes":""},"categories":[29],"tags":[],"class_list":["post-23024","post","type-post","status-publish","format-standard","hentry","category-policiales"],"yoast_head":"<!-- This site is optimized with the Yoast SEO plugin v25.9 - https:\/\/yoast.com\/wordpress\/plugins\/seo\/ -->\n<title>&quot;Hay que pedir autorizaci\u00f3n a la municipalidad para poder hacerlo, y mas cuando se usan amplificadores de sonido&quot;, Manuel Parodi - Noticias Radio Reflejos<\/title>\n<meta name=\"robots\" content=\"index, follow, max-snippet:-1, max-image-preview:large, max-video-preview:-1\" \/>\n<link rel=\"canonical\" href=\"https:\/\/www.noticiasradioreflejos.com.ar\/2021\/hay-que-pedir-autorizacion-a-la-municipalidad-para-poder-hacerlo-y-mas-cuando-se-usan-amplificadores-de-sonido-manuel-parodi\/\" \/>\n<meta property=\"og:locale\" content=\"es_ES\" \/>\n<meta property=\"og:type\" content=\"article\" \/>\n<meta property=\"og:title\" content=\"&quot;Hay que pedir autorizaci\u00f3n a la municipalidad para poder hacerlo, y mas cuando se usan amplificadores de sonido&quot;, Manuel Parodi - Noticias Radio Reflejos\" \/>\n<meta property=\"og:description\" content=\"El jefe de la Sub comisaria de Sierra de la Ventana, Of. Principal Manuel Parodi expreso su posici\u00f3n frente al tema del m\u00fasico que fue invitado a retirarse mientras ejecutaba su bater\u00eda en un boulevard de la ciudad de Tornquist. Tambi\u00e9n se refiri\u00f3 al caso de abuso ocurrido en la comarca y que tiene como [&hellip;]\" \/>\n<meta property=\"og:url\" content=\"https:\/\/www.noticiasradioreflejos.com.ar\/2021\/hay-que-pedir-autorizacion-a-la-municipalidad-para-poder-hacerlo-y-mas-cuando-se-usan-amplificadores-de-sonido-manuel-parodi\/\" \/>\n<meta property=\"og:site_name\" content=\"Noticias Radio Reflejos\" \/>\n<meta property=\"article:published_time\" content=\"2018-07-05T04:45:20+00:00\" \/>\n<meta property=\"og:image\" content=\"https:\/\/www.noticiasradioreflejos.com.ar\/2021\/wp-content\/uploads\/2021\/07\/logosol300x200.png\" \/>\n\t<meta property=\"og:image:width\" content=\"300\" \/>\n\t<meta property=\"og:image:height\" content=\"200\" \/>\n\t<meta property=\"og:image:type\" content=\"image\/png\" \/>\n<meta name=\"author\" content=\"Arnaldo Botto\" \/>\n<meta name=\"twitter:card\" content=\"summary_large_image\" \/>\n<script type=\"application\/ld+json\" class=\"yoast-schema-graph\">{\"@context\":\"https:\/\/schema.org\",\"@graph\":[{\"@type\":\"WebPage\",\"@id\":\"https:\/\/www.noticiasradioreflejos.com.ar\/2021\/hay-que-pedir-autorizacion-a-la-municipalidad-para-poder-hacerlo-y-mas-cuando-se-usan-amplificadores-de-sonido-manuel-parodi\/\",\"url\":\"https:\/\/www.noticiasradioreflejos.com.ar\/2021\/hay-que-pedir-autorizacion-a-la-municipalidad-para-poder-hacerlo-y-mas-cuando-se-usan-amplificadores-de-sonido-manuel-parodi\/\",\"name\":\"&quot;Hay que pedir autorizaci\u00f3n a la municipalidad para poder hacerlo, y mas cuando se usan amplificadores de sonido&quot;, Manuel Parodi - Noticias Radio Reflejos\",\"isPartOf\":{\"@id\":\"https:\/\/www.noticiasradioreflejos.com.ar\/2021\/#website\"},\"datePublished\":\"2018-07-05T04:45:20+00:00\",\"author\":{\"@id\":\"https:\/\/www.noticiasradioreflejos.com.ar\/2021\/#\/schema\/person\/ad82545263dcc5ec0996818884fd5fb1\"},\"breadcrumb\":{\"@id\":\"https:\/\/www.noticiasradioreflejos.com.ar\/2021\/hay-que-pedir-autorizacion-a-la-municipalidad-para-poder-hacerlo-y-mas-cuando-se-usan-amplificadores-de-sonido-manuel-parodi\/#breadcrumb\"},\"inLanguage\":\"es\",\"potentialAction\":[{\"@type\":\"ReadAction\",\"target\":[\"https:\/\/www.noticiasradioreflejos.com.ar\/2021\/hay-que-pedir-autorizacion-a-la-municipalidad-para-poder-hacerlo-y-mas-cuando-se-usan-amplificadores-de-sonido-manuel-parodi\/\"]}]},{\"@type\":\"BreadcrumbList\",\"@id\":\"https:\/\/www.noticiasradioreflejos.com.ar\/2021\/hay-que-pedir-autorizacion-a-la-municipalidad-para-poder-hacerlo-y-mas-cuando-se-usan-amplificadores-de-sonido-manuel-parodi\/#breadcrumb\",\"itemListElement\":[{\"@type\":\"ListItem\",\"position\":1,\"name\":\"Portada\",\"item\":\"https:\/\/www.noticiasradioreflejos.com.ar\/2021\/\"},{\"@type\":\"ListItem\",\"position\":2,\"name\":\"&quot;Hay que pedir autorizaci\u00f3n a la municipalidad para poder hacerlo, y mas cuando se usan amplificadores de sonido&quot;, Manuel Parodi\"}]},{\"@type\":\"WebSite\",\"@id\":\"https:\/\/www.noticiasradioreflejos.com.ar\/2021\/#website\",\"url\":\"https:\/\/www.noticiasradioreflejos.com.ar\/2021\/\",\"name\":\"Noticias Radio Reflejos\",\"description\":\"Las noticias de mi comarca\",\"potentialAction\":[{\"@type\":\"SearchAction\",\"target\":{\"@type\":\"EntryPoint\",\"urlTemplate\":\"https:\/\/www.noticiasradioreflejos.com.ar\/2021\/?s={search_term_string}\"},\"query-input\":{\"@type\":\"PropertyValueSpecification\",\"valueRequired\":true,\"valueName\":\"search_term_string\"}}],\"inLanguage\":\"es\"},{\"@type\":\"Person\",\"@id\":\"https:\/\/www.noticiasradioreflejos.com.ar\/2021\/#\/schema\/person\/ad82545263dcc5ec0996818884fd5fb1\",\"name\":\"Arnaldo Botto\",\"image\":{\"@type\":\"ImageObject\",\"inLanguage\":\"es\",\"@id\":\"https:\/\/www.noticiasradioreflejos.com.ar\/2021\/#\/schema\/person\/image\/\",\"url\":\"https:\/\/secure.gravatar.com\/avatar\/55cb5e37c1efa326397366e6974cb338056df65cb50e7d64d1cf314e87504837?s=96&d=mm&r=g\",\"contentUrl\":\"https:\/\/secure.gravatar.com\/avatar\/55cb5e37c1efa326397366e6974cb338056df65cb50e7d64d1cf314e87504837?s=96&d=mm&r=g\",\"caption\":\"Arnaldo Botto\"},\"url\":\"https:\/\/www.noticiasradioreflejos.com.ar\/2021\/author\/arnaldo\/\"}]}<\/script>\n<!-- \/ Yoast SEO plugin. -->","yoast_head_json":{"title":"&quot;Hay que pedir autorizaci\u00f3n a la municipalidad para poder hacerlo, y mas cuando se usan amplificadores de sonido&quot;, Manuel Parodi - Noticias Radio Reflejos","robots":{"index":"index","follow":"follow","max-snippet":"max-snippet:-1","max-image-preview":"max-image-preview:large","max-video-preview":"max-video-preview:-1"},"canonical":"https:\/\/www.noticiasradioreflejos.com.ar\/2021\/hay-que-pedir-autorizacion-a-la-municipalidad-para-poder-hacerlo-y-mas-cuando-se-usan-amplificadores-de-sonido-manuel-parodi\/","og_locale":"es_ES","og_type":"article","og_title":"&quot;Hay que pedir autorizaci\u00f3n a la municipalidad para poder hacerlo, y mas cuando se usan amplificadores de sonido&quot;, Manuel Parodi - Noticias Radio Reflejos","og_description":"El jefe de la Sub comisaria de Sierra de la Ventana, Of. Principal Manuel Parodi expreso su posici\u00f3n frente al tema del m\u00fasico que fue invitado a retirarse mientras ejecutaba su bater\u00eda en un boulevard de la ciudad de Tornquist. Tambi\u00e9n se refiri\u00f3 al caso de abuso ocurrido en la comarca y que tiene como [&hellip;]","og_url":"https:\/\/www.noticiasradioreflejos.com.ar\/2021\/hay-que-pedir-autorizacion-a-la-municipalidad-para-poder-hacerlo-y-mas-cuando-se-usan-amplificadores-de-sonido-manuel-parodi\/","og_site_name":"Noticias Radio Reflejos","article_published_time":"2018-07-05T04:45:20+00:00","og_image":[{"width":300,"height":200,"url":"https:\/\/www.noticiasradioreflejos.com.ar\/2021\/wp-content\/uploads\/2021\/07\/logosol300x200.png","type":"image\/png"}],"author":"Arnaldo Botto","twitter_card":"summary_large_image","schema":{"@context":"https:\/\/schema.org","@graph":[{"@type":"WebPage","@id":"https:\/\/www.noticiasradioreflejos.com.ar\/2021\/hay-que-pedir-autorizacion-a-la-municipalidad-para-poder-hacerlo-y-mas-cuando-se-usan-amplificadores-de-sonido-manuel-parodi\/","url":"https:\/\/www.noticiasradioreflejos.com.ar\/2021\/hay-que-pedir-autorizacion-a-la-municipalidad-para-poder-hacerlo-y-mas-cuando-se-usan-amplificadores-de-sonido-manuel-parodi\/","name":"&quot;Hay que pedir autorizaci\u00f3n a la municipalidad para poder hacerlo, y mas cuando se usan amplificadores de sonido&quot;, Manuel Parodi - Noticias Radio Reflejos","isPartOf":{"@id":"https:\/\/www.noticiasradioreflejos.com.ar\/2021\/#website"},"datePublished":"2018-07-05T04:45:20+00:00","author":{"@id":"https:\/\/www.noticiasradioreflejos.com.ar\/2021\/#\/schema\/person\/ad82545263dcc5ec0996818884fd5fb1"},"breadcrumb":{"@id":"https:\/\/www.noticiasradioreflejos.com.ar\/2021\/hay-que-pedir-autorizacion-a-la-municipalidad-para-poder-hacerlo-y-mas-cuando-se-usan-amplificadores-de-sonido-manuel-parodi\/#breadcrumb"},"inLanguage":"es","potentialAction":[{"@type":"ReadAction","target":["https:\/\/www.noticiasradioreflejos.com.ar\/2021\/hay-que-pedir-autorizacion-a-la-municipalidad-para-poder-hacerlo-y-mas-cuando-se-usan-amplificadores-de-sonido-manuel-parodi\/"]}]},{"@type":"BreadcrumbList","@id":"https:\/\/www.noticiasradioreflejos.com.ar\/2021\/hay-que-pedir-autorizacion-a-la-municipalidad-para-poder-hacerlo-y-mas-cuando-se-usan-amplificadores-de-sonido-manuel-parodi\/#breadcrumb","itemListElement":[{"@type":"ListItem","position":1,"name":"Portada","item":"https:\/\/www.noticiasradioreflejos.com.ar\/2021\/"},{"@type":"ListItem","position":2,"name":"&quot;Hay que pedir autorizaci\u00f3n a la municipalidad para poder hacerlo, y mas cuando se usan amplificadores de sonido&quot;, Manuel Parodi"}]},{"@type":"WebSite","@id":"https:\/\/www.noticiasradioreflejos.com.ar\/2021\/#website","url":"https:\/\/www.noticiasradioreflejos.com.ar\/2021\/","name":"Noticias Radio Reflejos","description":"Las noticias de mi comarca","potentialAction":[{"@type":"SearchAction","target":{"@type":"EntryPoint","urlTemplate":"https:\/\/www.noticiasradioreflejos.com.ar\/2021\/?s={search_term_string}"},"query-input":{"@type":"PropertyValueSpecification","valueRequired":true,"valueName":"search_term_string"}}],"inLanguage":"es"},{"@type":"Person","@id":"https:\/\/www.noticiasradioreflejos.com.ar\/2021\/#\/schema\/person\/ad82545263dcc5ec0996818884fd5fb1","name":"Arnaldo Botto","image":{"@type":"ImageObject","inLanguage":"es","@id":"https:\/\/www.noticiasradioreflejos.com.ar\/2021\/#\/schema\/person\/image\/","url":"https:\/\/secure.gravatar.com\/avatar\/55cb5e37c1efa326397366e6974cb338056df65cb50e7d64d1cf314e87504837?s=96&d=mm&r=g","contentUrl":"https:\/\/secure.gravatar.com\/avatar\/55cb5e37c1efa326397366e6974cb338056df65cb50e7d64d1cf314e87504837?s=96&d=mm&r=g","caption":"Arnaldo Botto"},"url":"https:\/\/www.noticiasradioreflejos.com.ar\/2021\/author\/arnaldo\/"}]}},"_links":{"self":[{"href":"https:\/\/www.noticiasradioreflejos.com.ar\/2021\/wp-json\/wp\/v2\/posts\/23024","targetHints":{"allow":["GET"]}}],"collection":[{"href":"https:\/\/www.noticiasradioreflejos.com.ar\/2021\/wp-json\/wp\/v2\/posts"}],"about":[{"href":"https:\/\/www.noticiasradioreflejos.com.ar\/2021\/wp-json\/wp\/v2\/types\/post"}],"author":[{"embeddable":true,"href":"https:\/\/www.noticiasradioreflejos.com.ar\/2021\/wp-json\/wp\/v2\/users\/3"}],"replies":[{"embeddable":true,"href":"https:\/\/www.noticiasradioreflejos.com.ar\/2021\/wp-json\/wp\/v2\/comments?post=23024"}],"version-history":[{"count":0,"href":"https:\/\/www.noticiasradioreflejos.com.ar\/2021\/wp-json\/wp\/v2\/posts\/23024\/revisions"}],"wp:attachment":[{"href":"https:\/\/www.noticiasradioreflejos.com.ar\/2021\/wp-json\/wp\/v2\/media?parent=23024"}],"wp:term":[{"taxonomy":"category","embeddable":true,"href":"https:\/\/www.noticiasradioreflejos.com.ar\/2021\/wp-json\/wp\/v2\/categories?post=23024"},{"taxonomy":"post_tag","embeddable":true,"href":"https:\/\/www.noticiasradioreflejos.com.ar\/2021\/wp-json\/wp\/v2\/tags?post=23024"}],"curies":[{"name":"wp","href":"https:\/\/api.w.org\/{rel}","templated":true}]}}