{"id":23019,"date":"2018-07-05T01:02:24","date_gmt":"2018-07-05T04:02:24","guid":{"rendered":"http:\/\/www.noticiasradioreflejos.com.ar\/noticias\/?p=23019"},"modified":"2018-07-05T01:02:24","modified_gmt":"2018-07-05T04:02:24","slug":"el-hospital-adquirio-un-equipo-de-asistencia-de-ventilacion-mecanica","status":"publish","type":"post","link":"https:\/\/www.noticiasradioreflejos.com.ar\/2021\/el-hospital-adquirio-un-equipo-de-asistencia-de-ventilacion-mecanica\/","title":{"rendered":"El Hospital adquiri\u00f3 un equipo de asistencia de ventilaci\u00f3n mec\u00e1nica"},"content":{"rendered":"<p>La Secretaria de Salud del Municipio de Tornquist comunica la adquisici\u00f3n del equipo de asistencia de ventilaci\u00f3n mec\u00e1nica para el Hospital Municipal \u201cDr. Alberto Castro\u201d. El mismo permitir\u00e1 aportar ventilaci\u00f3n artificial para aquellos pacientes en estado cr\u00edtico y gravemente enfermos.<!--more--><br \/>\nPuede ser utilizado tanto pacientes adultos como pedi\u00e1tricos.<br \/>\nDe esta manera se completa la complejidad m\u00ednima y necesaria con la que debe contar el \u00e1rea del shock room, destinada atender situaciones donde el riesgo de vida es inminente.<\/p>\n","protected":false},"excerpt":{"rendered":"<p>La Secretaria de Salud del Municipio de Tornquist comunica la adquisici\u00f3n del equipo de asistencia de ventilaci\u00f3n mec\u00e1nica para el Hospital Municipal \u201cDr. Alberto Castro\u201d. El mismo permitir\u00e1 aportar ventilaci\u00f3n artificial para aquellos pacientes en estado cr\u00edtico y gravemente enfermos.<\/p>\n","protected":false},"author":3,"featured_media":0,"comment_status":"closed","ping_status":"open","sticky":false,"template":"","format":"standard","meta":{"footnotes":""},"categories":[30],"tags":[],"class_list":["post-23019","post","type-post","status-publish","format-standard","hentry","category-salud"],"yoast_head":"<!-- This site is optimized with the Yoast SEO plugin v25.9 - https:\/\/yoast.com\/wordpress\/plugins\/seo\/ -->\n<title>El Hospital adquiri\u00f3 un equipo de asistencia de ventilaci\u00f3n mec\u00e1nica - Noticias Radio Reflejos<\/title>\n<meta name=\"robots\" content=\"index, follow, max-snippet:-1, max-image-preview:large, max-video-preview:-1\" \/>\n<link rel=\"canonical\" href=\"https:\/\/www.noticiasradioreflejos.com.ar\/2021\/el-hospital-adquirio-un-equipo-de-asistencia-de-ventilacion-mecanica\/\" \/>\n<meta property=\"og:locale\" content=\"es_ES\" \/>\n<meta property=\"og:type\" content=\"article\" \/>\n<meta property=\"og:title\" content=\"El Hospital adquiri\u00f3 un equipo de asistencia de ventilaci\u00f3n mec\u00e1nica - Noticias Radio Reflejos\" \/>\n<meta property=\"og:description\" content=\"La Secretaria de Salud del Municipio de Tornquist comunica la adquisici\u00f3n del equipo de asistencia de ventilaci\u00f3n mec\u00e1nica para el Hospital Municipal \u201cDr. Alberto Castro\u201d. El mismo permitir\u00e1 aportar ventilaci\u00f3n artificial para aquellos pacientes en estado cr\u00edtico y gravemente enfermos.\" \/>\n<meta property=\"og:url\" content=\"https:\/\/www.noticiasradioreflejos.com.ar\/2021\/el-hospital-adquirio-un-equipo-de-asistencia-de-ventilacion-mecanica\/\" \/>\n<meta property=\"og:site_name\" content=\"Noticias Radio Reflejos\" \/>\n<meta property=\"article:published_time\" content=\"2018-07-05T04:02:24+00:00\" \/>\n<meta property=\"og:image\" content=\"https:\/\/www.noticiasradioreflejos.com.ar\/2021\/wp-content\/uploads\/2021\/07\/logosol300x200.png\" \/>\n\t<meta property=\"og:image:width\" content=\"300\" \/>\n\t<meta property=\"og:image:height\" content=\"200\" \/>\n\t<meta property=\"og:image:type\" content=\"image\/png\" \/>\n<meta name=\"author\" content=\"Arnaldo Botto\" \/>\n<meta name=\"twitter:card\" content=\"summary_large_image\" \/>\n<script type=\"application\/ld+json\" class=\"yoast-schema-graph\">{\"@context\":\"https:\/\/schema.org\",\"@graph\":[{\"@type\":\"WebPage\",\"@id\":\"https:\/\/www.noticiasradioreflejos.com.ar\/2021\/el-hospital-adquirio-un-equipo-de-asistencia-de-ventilacion-mecanica\/\",\"url\":\"https:\/\/www.noticiasradioreflejos.com.ar\/2021\/el-hospital-adquirio-un-equipo-de-asistencia-de-ventilacion-mecanica\/\",\"name\":\"El Hospital adquiri\u00f3 un equipo de asistencia de ventilaci\u00f3n mec\u00e1nica - Noticias Radio Reflejos\",\"isPartOf\":{\"@id\":\"https:\/\/www.noticiasradioreflejos.com.ar\/2021\/#website\"},\"datePublished\":\"2018-07-05T04:02:24+00:00\",\"author\":{\"@id\":\"https:\/\/www.noticiasradioreflejos.com.ar\/2021\/#\/schema\/person\/ad82545263dcc5ec0996818884fd5fb1\"},\"breadcrumb\":{\"@id\":\"https:\/\/www.noticiasradioreflejos.com.ar\/2021\/el-hospital-adquirio-un-equipo-de-asistencia-de-ventilacion-mecanica\/#breadcrumb\"},\"inLanguage\":\"es\",\"potentialAction\":[{\"@type\":\"ReadAction\",\"target\":[\"https:\/\/www.noticiasradioreflejos.com.ar\/2021\/el-hospital-adquirio-un-equipo-de-asistencia-de-ventilacion-mecanica\/\"]}]},{\"@type\":\"BreadcrumbList\",\"@id\":\"https:\/\/www.noticiasradioreflejos.com.ar\/2021\/el-hospital-adquirio-un-equipo-de-asistencia-de-ventilacion-mecanica\/#breadcrumb\",\"itemListElement\":[{\"@type\":\"ListItem\",\"position\":1,\"name\":\"Portada\",\"item\":\"https:\/\/www.noticiasradioreflejos.com.ar\/2021\/\"},{\"@type\":\"ListItem\",\"position\":2,\"name\":\"El Hospital adquiri\u00f3 un equipo de asistencia de ventilaci\u00f3n mec\u00e1nica\"}]},{\"@type\":\"WebSite\",\"@id\":\"https:\/\/www.noticiasradioreflejos.com.ar\/2021\/#website\",\"url\":\"https:\/\/www.noticiasradioreflejos.com.ar\/2021\/\",\"name\":\"Noticias Radio Reflejos\",\"description\":\"Las noticias de mi comarca\",\"potentialAction\":[{\"@type\":\"SearchAction\",\"target\":{\"@type\":\"EntryPoint\",\"urlTemplate\":\"https:\/\/www.noticiasradioreflejos.com.ar\/2021\/?s={search_term_string}\"},\"query-input\":{\"@type\":\"PropertyValueSpecification\",\"valueRequired\":true,\"valueName\":\"search_term_string\"}}],\"inLanguage\":\"es\"},{\"@type\":\"Person\",\"@id\":\"https:\/\/www.noticiasradioreflejos.com.ar\/2021\/#\/schema\/person\/ad82545263dcc5ec0996818884fd5fb1\",\"name\":\"Arnaldo Botto\",\"image\":{\"@type\":\"ImageObject\",\"inLanguage\":\"es\",\"@id\":\"https:\/\/www.noticiasradioreflejos.com.ar\/2021\/#\/schema\/person\/image\/\",\"url\":\"https:\/\/secure.gravatar.com\/avatar\/55cb5e37c1efa326397366e6974cb338056df65cb50e7d64d1cf314e87504837?s=96&d=mm&r=g\",\"contentUrl\":\"https:\/\/secure.gravatar.com\/avatar\/55cb5e37c1efa326397366e6974cb338056df65cb50e7d64d1cf314e87504837?s=96&d=mm&r=g\",\"caption\":\"Arnaldo Botto\"},\"url\":\"https:\/\/www.noticiasradioreflejos.com.ar\/2021\/author\/arnaldo\/\"}]}<\/script>\n<!-- \/ Yoast SEO plugin. -->","yoast_head_json":{"title":"El Hospital adquiri\u00f3 un equipo de asistencia de ventilaci\u00f3n mec\u00e1nica - Noticias Radio Reflejos","robots":{"index":"index","follow":"follow","max-snippet":"max-snippet:-1","max-image-preview":"max-image-preview:large","max-video-preview":"max-video-preview:-1"},"canonical":"https:\/\/www.noticiasradioreflejos.com.ar\/2021\/el-hospital-adquirio-un-equipo-de-asistencia-de-ventilacion-mecanica\/","og_locale":"es_ES","og_type":"article","og_title":"El Hospital adquiri\u00f3 un equipo de asistencia de ventilaci\u00f3n mec\u00e1nica - Noticias Radio Reflejos","og_description":"La Secretaria de Salud del Municipio de Tornquist comunica la adquisici\u00f3n del equipo de asistencia de ventilaci\u00f3n mec\u00e1nica para el Hospital Municipal \u201cDr. Alberto Castro\u201d. El mismo permitir\u00e1 aportar ventilaci\u00f3n artificial para aquellos pacientes en estado cr\u00edtico y gravemente enfermos.","og_url":"https:\/\/www.noticiasradioreflejos.com.ar\/2021\/el-hospital-adquirio-un-equipo-de-asistencia-de-ventilacion-mecanica\/","og_site_name":"Noticias Radio Reflejos","article_published_time":"2018-07-05T04:02:24+00:00","og_image":[{"width":300,"height":200,"url":"https:\/\/www.noticiasradioreflejos.com.ar\/2021\/wp-content\/uploads\/2021\/07\/logosol300x200.png","type":"image\/png"}],"author":"Arnaldo Botto","twitter_card":"summary_large_image","schema":{"@context":"https:\/\/schema.org","@graph":[{"@type":"WebPage","@id":"https:\/\/www.noticiasradioreflejos.com.ar\/2021\/el-hospital-adquirio-un-equipo-de-asistencia-de-ventilacion-mecanica\/","url":"https:\/\/www.noticiasradioreflejos.com.ar\/2021\/el-hospital-adquirio-un-equipo-de-asistencia-de-ventilacion-mecanica\/","name":"El Hospital adquiri\u00f3 un equipo de asistencia de ventilaci\u00f3n mec\u00e1nica - Noticias Radio Reflejos","isPartOf":{"@id":"https:\/\/www.noticiasradioreflejos.com.ar\/2021\/#website"},"datePublished":"2018-07-05T04:02:24+00:00","author":{"@id":"https:\/\/www.noticiasradioreflejos.com.ar\/2021\/#\/schema\/person\/ad82545263dcc5ec0996818884fd5fb1"},"breadcrumb":{"@id":"https:\/\/www.noticiasradioreflejos.com.ar\/2021\/el-hospital-adquirio-un-equipo-de-asistencia-de-ventilacion-mecanica\/#breadcrumb"},"inLanguage":"es","potentialAction":[{"@type":"ReadAction","target":["https:\/\/www.noticiasradioreflejos.com.ar\/2021\/el-hospital-adquirio-un-equipo-de-asistencia-de-ventilacion-mecanica\/"]}]},{"@type":"BreadcrumbList","@id":"https:\/\/www.noticiasradioreflejos.com.ar\/2021\/el-hospital-adquirio-un-equipo-de-asistencia-de-ventilacion-mecanica\/#breadcrumb","itemListElement":[{"@type":"ListItem","position":1,"name":"Portada","item":"https:\/\/www.noticiasradioreflejos.com.ar\/2021\/"},{"@type":"ListItem","position":2,"name":"El Hospital adquiri\u00f3 un equipo de asistencia de ventilaci\u00f3n mec\u00e1nica"}]},{"@type":"WebSite","@id":"https:\/\/www.noticiasradioreflejos.com.ar\/2021\/#website","url":"https:\/\/www.noticiasradioreflejos.com.ar\/2021\/","name":"Noticias Radio Reflejos","description":"Las noticias de mi comarca","potentialAction":[{"@type":"SearchAction","target":{"@type":"EntryPoint","urlTemplate":"https:\/\/www.noticiasradioreflejos.com.ar\/2021\/?s={search_term_string}"},"query-input":{"@type":"PropertyValueSpecification","valueRequired":true,"valueName":"search_term_string"}}],"inLanguage":"es"},{"@type":"Person","@id":"https:\/\/www.noticiasradioreflejos.com.ar\/2021\/#\/schema\/person\/ad82545263dcc5ec0996818884fd5fb1","name":"Arnaldo Botto","image":{"@type":"ImageObject","inLanguage":"es","@id":"https:\/\/www.noticiasradioreflejos.com.ar\/2021\/#\/schema\/person\/image\/","url":"https:\/\/secure.gravatar.com\/avatar\/55cb5e37c1efa326397366e6974cb338056df65cb50e7d64d1cf314e87504837?s=96&d=mm&r=g","contentUrl":"https:\/\/secure.gravatar.com\/avatar\/55cb5e37c1efa326397366e6974cb338056df65cb50e7d64d1cf314e87504837?s=96&d=mm&r=g","caption":"Arnaldo Botto"},"url":"https:\/\/www.noticiasradioreflejos.com.ar\/2021\/author\/arnaldo\/"}]}},"_links":{"self":[{"href":"https:\/\/www.noticiasradioreflejos.com.ar\/2021\/wp-json\/wp\/v2\/posts\/23019","targetHints":{"allow":["GET"]}}],"collection":[{"href":"https:\/\/www.noticiasradioreflejos.com.ar\/2021\/wp-json\/wp\/v2\/posts"}],"about":[{"href":"https:\/\/www.noticiasradioreflejos.com.ar\/2021\/wp-json\/wp\/v2\/types\/post"}],"author":[{"embeddable":true,"href":"https:\/\/www.noticiasradioreflejos.com.ar\/2021\/wp-json\/wp\/v2\/users\/3"}],"replies":[{"embeddable":true,"href":"https:\/\/www.noticiasradioreflejos.com.ar\/2021\/wp-json\/wp\/v2\/comments?post=23019"}],"version-history":[{"count":0,"href":"https:\/\/www.noticiasradioreflejos.com.ar\/2021\/wp-json\/wp\/v2\/posts\/23019\/revisions"}],"wp:attachment":[{"href":"https:\/\/www.noticiasradioreflejos.com.ar\/2021\/wp-json\/wp\/v2\/media?parent=23019"}],"wp:term":[{"taxonomy":"category","embeddable":true,"href":"https:\/\/www.noticiasradioreflejos.com.ar\/2021\/wp-json\/wp\/v2\/categories?post=23019"},{"taxonomy":"post_tag","embeddable":true,"href":"https:\/\/www.noticiasradioreflejos.com.ar\/2021\/wp-json\/wp\/v2\/tags?post=23019"}],"curies":[{"name":"wp","href":"https:\/\/api.w.org\/{rel}","templated":true}]}}