{"id":22909,"date":"2018-07-02T17:39:36","date_gmt":"2018-07-02T20:39:36","guid":{"rendered":"http:\/\/www.noticiasradioreflejos.com.ar\/noticias\/?p=22909"},"modified":"2018-07-02T17:39:36","modified_gmt":"2018-07-02T20:39:36","slug":"la-decima-edicion-de-la-feria-de-ciencias-con-participacion-federal","status":"publish","type":"post","link":"https:\/\/www.noticiasradioreflejos.com.ar\/2021\/la-decima-edicion-de-la-feria-de-ciencias-con-participacion-federal\/","title":{"rendered":"La d\u00e9cima edici\u00f3n de la Feria de Ciencias con participaci\u00f3n federal"},"content":{"rendered":"<p><a title=\"36578395_2046871402051433_5294118221106905088_n\" href=\"http:\/\/farm1.staticflickr.com\/834\/42441206844_5c0f5443fa.jpg\" rel=\"\"><img loading=\"lazy\" decoding=\"async\" class=\"alignleft\" style=\"float: left;\" title=\"36578395_2046871402051433_5294118221106905088_n\" src=\"http:\/\/farm1.staticflickr.com\/834\/42441206844_5c0f5443fa.jpg\" alt=\"36578395_2046871402051433_5294118221106905088_n\" width=\"500\" height=\"333\" \/><\/a>El viernes 29 de Junio Se llev\u00f3 a cabo en nuestra ciudad la 10\u00aa edici\u00f3n de la Feria Distrital de Educaci\u00f3n, Artes, Ciencias y Tecnolog\u00eda. La misma se realiz\u00f3 en el SUM de la EP N\u00ba 1.<br \/>\nSe presentaron un total de 19 proyectos: 7 de educaci\u00f3n inicial, 4 de primaria y 8 de secundaria, seg\u00fan el siguiente detalle:<!--more--><br \/>\nEDUCACI\u00d3N INICIAL:<br \/>\n\u2013 Jard\u00edn de Infantes 902: \u201cArmado de lombricario\u201d y \u201cConfecci\u00f3n de carpeta y cartelera informativa sobre la metamorfosis del sapo\u201d<br \/>\n\u2013 Jard\u00edn de Infantes 909: \u201cDinosaurios\u201d<br \/>\n\u2013 Jard\u00edn de Infantes San Francisco de As\u00eds: \u201cLas etiquetas nos hablan\u201d<br \/>\n\u2013 Jard\u00edn de Infantes 904: \u201cEl biodigestor del Jard\u00edn de Chasic\u00f3\u201d<br \/>\n\u2013 Jard\u00edn de infantes 905: \u201cArmamos el libro de recetas saludables\u201d<br \/>\n\u2013 jard\u00edn de Infantes 907: \u201cReciclado\u201d<br \/>\nEDUCACI\u00d3N PRIMARIA:<br \/>\n\u2013 Escuela Primaria 4 : \u201cReciclArte\u201d y \u201cLadran Sancho, se\u00f1al que cabalgamos\u201d<br \/>\n\u2013 Escuela Primaria 6: \u201cReciclar escosa de chicos\u201d<br \/>\n\u2013 Escuela Primaria Nuestra Se\u00f1ora de Luj\u00e1n: \u201d Produciendo tierra buena\u201d<br \/>\nEDUCACI\u00d3N SECUNDARIA\/ T\u00c9CNICO PROFESIONAL:<br \/>\n\u2013 Escuela T\u00e9cnica 1: \u201cAutom\u00f3vil el\u00e9ctrico Tornquist\u201d<br \/>\n\u2013 CEPT 12: \u201cPlantaci\u00f3n Lunar\u201d<br \/>\n\u2013 Colegio Nuestra Sra de Luj\u00e1n: \u201ccomunicaci\u00f3n no verbal, una manera de reconectarnos\u201d<br \/>\n\u2013 Escuela Secundaria 5 : \u201c\u201dSilenciados\u201d<br \/>\n\u2013Escuela Secundaria Agraria: \u201cValor agregado a la carne de conejo\u201d, \u201cCuidando a las abejas\u201d y \u201d Recuperaci\u00f3n de motor para extracci\u00f3n de agua\u201d<br \/>\nEn el acto de apertura estuvieron presentes la Directora de Cultura Municipal. Prof Noel\u00ed de Kloster, la Presidente del Consejo Escolar Prof Mariela Lencinas, La Asesora Pedag\u00f3gica Regional de Pol\u00edtica Socioeducativa Prof Silvia Kolonsky, la Asistente Administrativa Regional de Politica Socioeducativa Prof Rosal\u00eda Dukart, la coordinadora distrital de politicas socio educativas Elisabet Nori e inspectoras de las distintas \u00e1reas de la educaci\u00f3n. Como as\u00ed tambi\u00e9n banderas de ceremonias de establecimientos de nuestro distrito.<br \/>\nAlumnos de la Escuela secundaria N\u00ba 1 entonaron temas musicales y la profesora Eliana Chuliver realiz\u00f3 una demostraci\u00f3n de la actividad \u201cpercusi\u00f3n por se\u00f1as\u201d.<br \/>\nAsimismo durante el transcurso de la jornada, los asistentes pudieron disfrutar de un taller de arte brindado por la profesora Gabriela Rodr\u00edguez con el asesoramiento de la Inspectora de Educaci\u00f3n Art\u00edstica Prof. Irina Ches\u00f1evar.<br \/>\nEn el acto de cierre, en el cual estuvo presente el Referente regional de Feria de Ciencias Prof Sergio Aguirre, la referente local de Feria de Ciencias, Prof. Mar\u00eda Eugenia Gonzalez, se dieron cita los docentes y alumnos de la Orquesta Escuela de Tornquist, dirigidos por el Porf. Daniel Mor\u00e1n.<br \/>\nEn el mismo se entregaron reconocimientos y obsequios a expositores, asesores, evaluadores y colaboradores.<br \/>\nEn los pr\u00f3ximos d\u00edas se evaluar\u00e1n los proyectos y se informar\u00e1 quienes avanzan a la instancia regional que se realizar\u00e1 el 7 de Setiembre en Carhue.<br \/>\n<a href=\"https:\/\/www.facebook.com\/pg\/Noticias-Tornquist-826029020802350\/photos\/?tab=album&amp;album_id=2046867725385134\" target=\"_blank\" rel=\"noopener\">Alb\u00fam de Fotos:<\/a><\/p>\n","protected":false},"excerpt":{"rendered":"<p>El viernes 29 de Junio Se llev\u00f3 a cabo en nuestra ciudad la 10\u00aa edici\u00f3n de la Feria Distrital de Educaci\u00f3n, Artes, Ciencias y Tecnolog\u00eda. La misma se realiz\u00f3 en el SUM de la EP N\u00ba 1. Se presentaron un total de 19 proyectos: 7 de educaci\u00f3n inicial, 4 de primaria y 8 de secundaria, [&hellip;]<\/p>\n","protected":false},"author":3,"featured_media":0,"comment_status":"closed","ping_status":"open","sticky":false,"template":"","format":"standard","meta":{"footnotes":""},"categories":[34],"tags":[],"class_list":["post-22909","post","type-post","status-publish","format-standard","hentry","category-educacion"],"yoast_head":"<!-- This site is optimized with the Yoast SEO plugin v25.9 - https:\/\/yoast.com\/wordpress\/plugins\/seo\/ -->\n<title>La d\u00e9cima edici\u00f3n de la Feria de Ciencias con participaci\u00f3n federal - Noticias Radio Reflejos<\/title>\n<meta name=\"robots\" content=\"index, follow, max-snippet:-1, max-image-preview:large, max-video-preview:-1\" \/>\n<link rel=\"canonical\" href=\"https:\/\/www.noticiasradioreflejos.com.ar\/2021\/la-decima-edicion-de-la-feria-de-ciencias-con-participacion-federal\/\" \/>\n<meta property=\"og:locale\" content=\"es_ES\" \/>\n<meta property=\"og:type\" content=\"article\" \/>\n<meta property=\"og:title\" content=\"La d\u00e9cima edici\u00f3n de la Feria de Ciencias con participaci\u00f3n federal - Noticias Radio Reflejos\" \/>\n<meta property=\"og:description\" content=\"El viernes 29 de Junio Se llev\u00f3 a cabo en nuestra ciudad la 10\u00aa edici\u00f3n de la Feria Distrital de Educaci\u00f3n, Artes, Ciencias y Tecnolog\u00eda. La misma se realiz\u00f3 en el SUM de la EP N\u00ba 1. Se presentaron un total de 19 proyectos: 7 de educaci\u00f3n inicial, 4 de primaria y 8 de secundaria, [&hellip;]\" \/>\n<meta property=\"og:url\" content=\"https:\/\/www.noticiasradioreflejos.com.ar\/2021\/la-decima-edicion-de-la-feria-de-ciencias-con-participacion-federal\/\" \/>\n<meta property=\"og:site_name\" content=\"Noticias Radio Reflejos\" \/>\n<meta property=\"article:published_time\" content=\"2018-07-02T20:39:36+00:00\" \/>\n<meta property=\"og:image\" content=\"http:\/\/farm1.staticflickr.com\/834\/42441206844_5c0f5443fa.jpg\" \/>\n<meta name=\"author\" content=\"Arnaldo Botto\" \/>\n<meta name=\"twitter:card\" content=\"summary_large_image\" \/>\n<script type=\"application\/ld+json\" class=\"yoast-schema-graph\">{\"@context\":\"https:\/\/schema.org\",\"@graph\":[{\"@type\":\"WebPage\",\"@id\":\"https:\/\/www.noticiasradioreflejos.com.ar\/2021\/la-decima-edicion-de-la-feria-de-ciencias-con-participacion-federal\/\",\"url\":\"https:\/\/www.noticiasradioreflejos.com.ar\/2021\/la-decima-edicion-de-la-feria-de-ciencias-con-participacion-federal\/\",\"name\":\"La d\u00e9cima edici\u00f3n de la Feria de Ciencias con participaci\u00f3n federal - Noticias Radio Reflejos\",\"isPartOf\":{\"@id\":\"https:\/\/www.noticiasradioreflejos.com.ar\/2021\/#website\"},\"primaryImageOfPage\":{\"@id\":\"https:\/\/www.noticiasradioreflejos.com.ar\/2021\/la-decima-edicion-de-la-feria-de-ciencias-con-participacion-federal\/#primaryimage\"},\"image\":{\"@id\":\"https:\/\/www.noticiasradioreflejos.com.ar\/2021\/la-decima-edicion-de-la-feria-de-ciencias-con-participacion-federal\/#primaryimage\"},\"thumbnailUrl\":\"http:\/\/farm1.staticflickr.com\/834\/42441206844_5c0f5443fa.jpg\",\"datePublished\":\"2018-07-02T20:39:36+00:00\",\"author\":{\"@id\":\"https:\/\/www.noticiasradioreflejos.com.ar\/2021\/#\/schema\/person\/ad82545263dcc5ec0996818884fd5fb1\"},\"breadcrumb\":{\"@id\":\"https:\/\/www.noticiasradioreflejos.com.ar\/2021\/la-decima-edicion-de-la-feria-de-ciencias-con-participacion-federal\/#breadcrumb\"},\"inLanguage\":\"es\",\"potentialAction\":[{\"@type\":\"ReadAction\",\"target\":[\"https:\/\/www.noticiasradioreflejos.com.ar\/2021\/la-decima-edicion-de-la-feria-de-ciencias-con-participacion-federal\/\"]}]},{\"@type\":\"ImageObject\",\"inLanguage\":\"es\",\"@id\":\"https:\/\/www.noticiasradioreflejos.com.ar\/2021\/la-decima-edicion-de-la-feria-de-ciencias-con-participacion-federal\/#primaryimage\",\"url\":\"http:\/\/farm1.staticflickr.com\/834\/42441206844_5c0f5443fa.jpg\",\"contentUrl\":\"http:\/\/farm1.staticflickr.com\/834\/42441206844_5c0f5443fa.jpg\"},{\"@type\":\"BreadcrumbList\",\"@id\":\"https:\/\/www.noticiasradioreflejos.com.ar\/2021\/la-decima-edicion-de-la-feria-de-ciencias-con-participacion-federal\/#breadcrumb\",\"itemListElement\":[{\"@type\":\"ListItem\",\"position\":1,\"name\":\"Portada\",\"item\":\"https:\/\/www.noticiasradioreflejos.com.ar\/2021\/\"},{\"@type\":\"ListItem\",\"position\":2,\"name\":\"La d\u00e9cima edici\u00f3n de la Feria de Ciencias con participaci\u00f3n federal\"}]},{\"@type\":\"WebSite\",\"@id\":\"https:\/\/www.noticiasradioreflejos.com.ar\/2021\/#website\",\"url\":\"https:\/\/www.noticiasradioreflejos.com.ar\/2021\/\",\"name\":\"Noticias Radio Reflejos\",\"description\":\"Las noticias de mi comarca\",\"potentialAction\":[{\"@type\":\"SearchAction\",\"target\":{\"@type\":\"EntryPoint\",\"urlTemplate\":\"https:\/\/www.noticiasradioreflejos.com.ar\/2021\/?s={search_term_string}\"},\"query-input\":{\"@type\":\"PropertyValueSpecification\",\"valueRequired\":true,\"valueName\":\"search_term_string\"}}],\"inLanguage\":\"es\"},{\"@type\":\"Person\",\"@id\":\"https:\/\/www.noticiasradioreflejos.com.ar\/2021\/#\/schema\/person\/ad82545263dcc5ec0996818884fd5fb1\",\"name\":\"Arnaldo Botto\",\"image\":{\"@type\":\"ImageObject\",\"inLanguage\":\"es\",\"@id\":\"https:\/\/www.noticiasradioreflejos.com.ar\/2021\/#\/schema\/person\/image\/\",\"url\":\"https:\/\/secure.gravatar.com\/avatar\/55cb5e37c1efa326397366e6974cb338056df65cb50e7d64d1cf314e87504837?s=96&d=mm&r=g\",\"contentUrl\":\"https:\/\/secure.gravatar.com\/avatar\/55cb5e37c1efa326397366e6974cb338056df65cb50e7d64d1cf314e87504837?s=96&d=mm&r=g\",\"caption\":\"Arnaldo Botto\"},\"url\":\"https:\/\/www.noticiasradioreflejos.com.ar\/2021\/author\/arnaldo\/\"}]}<\/script>\n<!-- \/ Yoast SEO plugin. -->","yoast_head_json":{"title":"La d\u00e9cima edici\u00f3n de la Feria de Ciencias con participaci\u00f3n federal - Noticias Radio Reflejos","robots":{"index":"index","follow":"follow","max-snippet":"max-snippet:-1","max-image-preview":"max-image-preview:large","max-video-preview":"max-video-preview:-1"},"canonical":"https:\/\/www.noticiasradioreflejos.com.ar\/2021\/la-decima-edicion-de-la-feria-de-ciencias-con-participacion-federal\/","og_locale":"es_ES","og_type":"article","og_title":"La d\u00e9cima edici\u00f3n de la Feria de Ciencias con participaci\u00f3n federal - Noticias Radio Reflejos","og_description":"El viernes 29 de Junio Se llev\u00f3 a cabo en nuestra ciudad la 10\u00aa edici\u00f3n de la Feria Distrital de Educaci\u00f3n, Artes, Ciencias y Tecnolog\u00eda. La misma se realiz\u00f3 en el SUM de la EP N\u00ba 1. Se presentaron un total de 19 proyectos: 7 de educaci\u00f3n inicial, 4 de primaria y 8 de secundaria, [&hellip;]","og_url":"https:\/\/www.noticiasradioreflejos.com.ar\/2021\/la-decima-edicion-de-la-feria-de-ciencias-con-participacion-federal\/","og_site_name":"Noticias Radio Reflejos","article_published_time":"2018-07-02T20:39:36+00:00","og_image":[{"url":"http:\/\/farm1.staticflickr.com\/834\/42441206844_5c0f5443fa.jpg","type":"","width":"","height":""}],"author":"Arnaldo Botto","twitter_card":"summary_large_image","schema":{"@context":"https:\/\/schema.org","@graph":[{"@type":"WebPage","@id":"https:\/\/www.noticiasradioreflejos.com.ar\/2021\/la-decima-edicion-de-la-feria-de-ciencias-con-participacion-federal\/","url":"https:\/\/www.noticiasradioreflejos.com.ar\/2021\/la-decima-edicion-de-la-feria-de-ciencias-con-participacion-federal\/","name":"La d\u00e9cima edici\u00f3n de la Feria de Ciencias con participaci\u00f3n federal - Noticias Radio Reflejos","isPartOf":{"@id":"https:\/\/www.noticiasradioreflejos.com.ar\/2021\/#website"},"primaryImageOfPage":{"@id":"https:\/\/www.noticiasradioreflejos.com.ar\/2021\/la-decima-edicion-de-la-feria-de-ciencias-con-participacion-federal\/#primaryimage"},"image":{"@id":"https:\/\/www.noticiasradioreflejos.com.ar\/2021\/la-decima-edicion-de-la-feria-de-ciencias-con-participacion-federal\/#primaryimage"},"thumbnailUrl":"http:\/\/farm1.staticflickr.com\/834\/42441206844_5c0f5443fa.jpg","datePublished":"2018-07-02T20:39:36+00:00","author":{"@id":"https:\/\/www.noticiasradioreflejos.com.ar\/2021\/#\/schema\/person\/ad82545263dcc5ec0996818884fd5fb1"},"breadcrumb":{"@id":"https:\/\/www.noticiasradioreflejos.com.ar\/2021\/la-decima-edicion-de-la-feria-de-ciencias-con-participacion-federal\/#breadcrumb"},"inLanguage":"es","potentialAction":[{"@type":"ReadAction","target":["https:\/\/www.noticiasradioreflejos.com.ar\/2021\/la-decima-edicion-de-la-feria-de-ciencias-con-participacion-federal\/"]}]},{"@type":"ImageObject","inLanguage":"es","@id":"https:\/\/www.noticiasradioreflejos.com.ar\/2021\/la-decima-edicion-de-la-feria-de-ciencias-con-participacion-federal\/#primaryimage","url":"http:\/\/farm1.staticflickr.com\/834\/42441206844_5c0f5443fa.jpg","contentUrl":"http:\/\/farm1.staticflickr.com\/834\/42441206844_5c0f5443fa.jpg"},{"@type":"BreadcrumbList","@id":"https:\/\/www.noticiasradioreflejos.com.ar\/2021\/la-decima-edicion-de-la-feria-de-ciencias-con-participacion-federal\/#breadcrumb","itemListElement":[{"@type":"ListItem","position":1,"name":"Portada","item":"https:\/\/www.noticiasradioreflejos.com.ar\/2021\/"},{"@type":"ListItem","position":2,"name":"La d\u00e9cima edici\u00f3n de la Feria de Ciencias con participaci\u00f3n federal"}]},{"@type":"WebSite","@id":"https:\/\/www.noticiasradioreflejos.com.ar\/2021\/#website","url":"https:\/\/www.noticiasradioreflejos.com.ar\/2021\/","name":"Noticias Radio Reflejos","description":"Las noticias de mi comarca","potentialAction":[{"@type":"SearchAction","target":{"@type":"EntryPoint","urlTemplate":"https:\/\/www.noticiasradioreflejos.com.ar\/2021\/?s={search_term_string}"},"query-input":{"@type":"PropertyValueSpecification","valueRequired":true,"valueName":"search_term_string"}}],"inLanguage":"es"},{"@type":"Person","@id":"https:\/\/www.noticiasradioreflejos.com.ar\/2021\/#\/schema\/person\/ad82545263dcc5ec0996818884fd5fb1","name":"Arnaldo Botto","image":{"@type":"ImageObject","inLanguage":"es","@id":"https:\/\/www.noticiasradioreflejos.com.ar\/2021\/#\/schema\/person\/image\/","url":"https:\/\/secure.gravatar.com\/avatar\/55cb5e37c1efa326397366e6974cb338056df65cb50e7d64d1cf314e87504837?s=96&d=mm&r=g","contentUrl":"https:\/\/secure.gravatar.com\/avatar\/55cb5e37c1efa326397366e6974cb338056df65cb50e7d64d1cf314e87504837?s=96&d=mm&r=g","caption":"Arnaldo Botto"},"url":"https:\/\/www.noticiasradioreflejos.com.ar\/2021\/author\/arnaldo\/"}]}},"_links":{"self":[{"href":"https:\/\/www.noticiasradioreflejos.com.ar\/2021\/wp-json\/wp\/v2\/posts\/22909","targetHints":{"allow":["GET"]}}],"collection":[{"href":"https:\/\/www.noticiasradioreflejos.com.ar\/2021\/wp-json\/wp\/v2\/posts"}],"about":[{"href":"https:\/\/www.noticiasradioreflejos.com.ar\/2021\/wp-json\/wp\/v2\/types\/post"}],"author":[{"embeddable":true,"href":"https:\/\/www.noticiasradioreflejos.com.ar\/2021\/wp-json\/wp\/v2\/users\/3"}],"replies":[{"embeddable":true,"href":"https:\/\/www.noticiasradioreflejos.com.ar\/2021\/wp-json\/wp\/v2\/comments?post=22909"}],"version-history":[{"count":0,"href":"https:\/\/www.noticiasradioreflejos.com.ar\/2021\/wp-json\/wp\/v2\/posts\/22909\/revisions"}],"wp:attachment":[{"href":"https:\/\/www.noticiasradioreflejos.com.ar\/2021\/wp-json\/wp\/v2\/media?parent=22909"}],"wp:term":[{"taxonomy":"category","embeddable":true,"href":"https:\/\/www.noticiasradioreflejos.com.ar\/2021\/wp-json\/wp\/v2\/categories?post=22909"},{"taxonomy":"post_tag","embeddable":true,"href":"https:\/\/www.noticiasradioreflejos.com.ar\/2021\/wp-json\/wp\/v2\/tags?post=22909"}],"curies":[{"name":"wp","href":"https:\/\/api.w.org\/{rel}","templated":true}]}}