{"id":22830,"date":"2018-06-29T11:45:25","date_gmt":"2018-06-29T14:45:25","guid":{"rendered":"http:\/\/www.noticiasradioreflejos.com.ar\/noticias\/?p=22830"},"modified":"2018-06-29T11:45:25","modified_gmt":"2018-06-29T14:45:25","slug":"fin-de-semana-largo-en-el-parque-provincial-ernesto-tornquist-2","status":"publish","type":"post","link":"https:\/\/www.noticiasradioreflejos.com.ar\/2021\/fin-de-semana-largo-en-el-parque-provincial-ernesto-tornquist-2\/","title":{"rendered":"Fin de Semana largo en el Parque Provincial &quot;Ernesto Tornquist&quot;"},"content":{"rendered":"<p><a title=\"36358228_2102277546707844_6378983787065245696_n\" href=\"http:\/\/farm2.staticflickr.com\/1788\/43038839952_7d02552034.jpg\" rel=\"\"><img loading=\"lazy\" decoding=\"async\" class=\"alignleft\" style=\"float: left;\" title=\"36358228_2102277546707844_6378983787065245696_n\" src=\"http:\/\/farm2.staticflickr.com\/1788\/43038839952_7d02552034.jpg\" alt=\"36358228_2102277546707844_6378983787065245696_n\" width=\"375\" height=\"500\" \/><\/a>La administraci\u00f3n del Parque Provincial \u00abErnesto Tornquist\u00bbinforma a la comunidad los horarios de atenci\u00f3n y excursiones que estar\u00e1n a<br \/>\nhabilitadas para los d\u00edas 7,8 y 9 de julio pr\u00f3ximos.<!--more--><br \/>\n<strong>La atenci\u00f3n al p\u00fablico ser\u00e1 de 9hs a 17hs.<\/strong><br \/>\nPara el ascenso al Cerro Ventana, 8:50hs se entregar\u00e1n n\u00fameros (350) hasta cubrir el cupo m\u00e1ximo diario.<br \/>\nTambi\u00e9n se podr\u00e1n realizar reservas s\u00f3lo en forma personal en la Base del Cerro Ventana desde el viernes 6\/7 hasta el domingo 8\/7 entre las 9hs y las 15hs. Las reservas son de un d\u00eda para otro.<br \/>\nEl Parque cobra una entrada general diaria, las visitas guiadas tienen un costo adicional.<br \/>\nVisita guiada al Cerro Ventana: Mayores $200 &#8211; Menores $100 (entre 7 y 12 a\u00f1os)<br \/>\nENTRADA GENERAL<br \/>\nMayores $100 &#8211; Menores $50 (entre 6 y 12 a\u00f1os)<br \/>\nSIN COSTO (Entrada General)<br \/>\n*Residentes del Distrito de Tornquist<br \/>\n*Jubilados y Pensionados<br \/>\n*Menores de 6 a\u00f1os<br \/>\n*Veteranos de Malvinas<br \/>\n*Personas con capacidades diferentes<br \/>\nCONSULTAS (9hs a 17hs)<br \/>\n*Mensaje privado Facebook<br \/>\n*Mail: parquetornquist@gmail.com<br \/>\nHasta nuevo aviso sin comunicaci\u00f3n telef\u00f3nica<\/p>\n","protected":false},"excerpt":{"rendered":"<p>La administraci\u00f3n del Parque Provincial \u00abErnesto Tornquist\u00bbinforma a la comunidad los horarios de atenci\u00f3n y excursiones que estar\u00e1n a habilitadas para los d\u00edas 7,8 y 9 de julio pr\u00f3ximos.<\/p>\n","protected":false},"author":3,"featured_media":54,"comment_status":"closed","ping_status":"open","sticky":false,"template":"","format":"standard","meta":{"footnotes":""},"categories":[33],"tags":[],"class_list":["post-22830","post","type-post","status-publish","format-standard","has-post-thumbnail","hentry","category-turismo"],"yoast_head":"<!-- This site is optimized with the Yoast SEO plugin v25.9 - https:\/\/yoast.com\/wordpress\/plugins\/seo\/ -->\n<title>Fin de Semana largo en el Parque Provincial &quot;Ernesto Tornquist&quot; - Noticias Radio Reflejos<\/title>\n<meta name=\"robots\" content=\"index, follow, max-snippet:-1, max-image-preview:large, max-video-preview:-1\" \/>\n<link rel=\"canonical\" href=\"https:\/\/www.noticiasradioreflejos.com.ar\/2021\/fin-de-semana-largo-en-el-parque-provincial-ernesto-tornquist-2\/\" \/>\n<meta property=\"og:locale\" content=\"es_ES\" \/>\n<meta property=\"og:type\" content=\"article\" \/>\n<meta property=\"og:title\" content=\"Fin de Semana largo en el Parque Provincial &quot;Ernesto Tornquist&quot; - Noticias Radio Reflejos\" \/>\n<meta property=\"og:description\" content=\"La administraci\u00f3n del Parque Provincial \u00abErnesto Tornquist\u00bbinforma a la comunidad los horarios de atenci\u00f3n y excursiones que estar\u00e1n a habilitadas para los d\u00edas 7,8 y 9 de julio pr\u00f3ximos.\" \/>\n<meta property=\"og:url\" content=\"https:\/\/www.noticiasradioreflejos.com.ar\/2021\/fin-de-semana-largo-en-el-parque-provincial-ernesto-tornquist-2\/\" \/>\n<meta property=\"og:site_name\" content=\"Noticias Radio Reflejos\" \/>\n<meta property=\"article:published_time\" content=\"2018-06-29T14:45:25+00:00\" \/>\n<meta property=\"og:image\" content=\"https:\/\/www.noticiasradioreflejos.com.ar\/2021\/wp-content\/uploads\/2016\/07\/parque1.png\" \/>\n\t<meta property=\"og:image:width\" content=\"1363\" \/>\n\t<meta property=\"og:image:height\" content=\"689\" \/>\n\t<meta property=\"og:image:type\" content=\"image\/png\" \/>\n<meta name=\"author\" content=\"Arnaldo Botto\" \/>\n<meta name=\"twitter:card\" content=\"summary_large_image\" \/>\n<script type=\"application\/ld+json\" class=\"yoast-schema-graph\">{\"@context\":\"https:\/\/schema.org\",\"@graph\":[{\"@type\":\"WebPage\",\"@id\":\"https:\/\/www.noticiasradioreflejos.com.ar\/2021\/fin-de-semana-largo-en-el-parque-provincial-ernesto-tornquist-2\/\",\"url\":\"https:\/\/www.noticiasradioreflejos.com.ar\/2021\/fin-de-semana-largo-en-el-parque-provincial-ernesto-tornquist-2\/\",\"name\":\"Fin de Semana largo en el Parque Provincial &quot;Ernesto Tornquist&quot; - Noticias Radio Reflejos\",\"isPartOf\":{\"@id\":\"https:\/\/www.noticiasradioreflejos.com.ar\/2021\/#website\"},\"primaryImageOfPage\":{\"@id\":\"https:\/\/www.noticiasradioreflejos.com.ar\/2021\/fin-de-semana-largo-en-el-parque-provincial-ernesto-tornquist-2\/#primaryimage\"},\"image\":{\"@id\":\"https:\/\/www.noticiasradioreflejos.com.ar\/2021\/fin-de-semana-largo-en-el-parque-provincial-ernesto-tornquist-2\/#primaryimage\"},\"thumbnailUrl\":\"https:\/\/www.noticiasradioreflejos.com.ar\/2021\/wp-content\/uploads\/2016\/07\/parque1.png\",\"datePublished\":\"2018-06-29T14:45:25+00:00\",\"author\":{\"@id\":\"https:\/\/www.noticiasradioreflejos.com.ar\/2021\/#\/schema\/person\/ad82545263dcc5ec0996818884fd5fb1\"},\"breadcrumb\":{\"@id\":\"https:\/\/www.noticiasradioreflejos.com.ar\/2021\/fin-de-semana-largo-en-el-parque-provincial-ernesto-tornquist-2\/#breadcrumb\"},\"inLanguage\":\"es\",\"potentialAction\":[{\"@type\":\"ReadAction\",\"target\":[\"https:\/\/www.noticiasradioreflejos.com.ar\/2021\/fin-de-semana-largo-en-el-parque-provincial-ernesto-tornquist-2\/\"]}]},{\"@type\":\"ImageObject\",\"inLanguage\":\"es\",\"@id\":\"https:\/\/www.noticiasradioreflejos.com.ar\/2021\/fin-de-semana-largo-en-el-parque-provincial-ernesto-tornquist-2\/#primaryimage\",\"url\":\"https:\/\/www.noticiasradioreflejos.com.ar\/2021\/wp-content\/uploads\/2016\/07\/parque1.png\",\"contentUrl\":\"https:\/\/www.noticiasradioreflejos.com.ar\/2021\/wp-content\/uploads\/2016\/07\/parque1.png\",\"width\":1363,\"height\":689},{\"@type\":\"BreadcrumbList\",\"@id\":\"https:\/\/www.noticiasradioreflejos.com.ar\/2021\/fin-de-semana-largo-en-el-parque-provincial-ernesto-tornquist-2\/#breadcrumb\",\"itemListElement\":[{\"@type\":\"ListItem\",\"position\":1,\"name\":\"Portada\",\"item\":\"https:\/\/www.noticiasradioreflejos.com.ar\/2021\/\"},{\"@type\":\"ListItem\",\"position\":2,\"name\":\"Fin de Semana largo en el Parque Provincial &quot;Ernesto Tornquist&quot;\"}]},{\"@type\":\"WebSite\",\"@id\":\"https:\/\/www.noticiasradioreflejos.com.ar\/2021\/#website\",\"url\":\"https:\/\/www.noticiasradioreflejos.com.ar\/2021\/\",\"name\":\"Noticias Radio Reflejos\",\"description\":\"Las noticias de mi comarca\",\"potentialAction\":[{\"@type\":\"SearchAction\",\"target\":{\"@type\":\"EntryPoint\",\"urlTemplate\":\"https:\/\/www.noticiasradioreflejos.com.ar\/2021\/?s={search_term_string}\"},\"query-input\":{\"@type\":\"PropertyValueSpecification\",\"valueRequired\":true,\"valueName\":\"search_term_string\"}}],\"inLanguage\":\"es\"},{\"@type\":\"Person\",\"@id\":\"https:\/\/www.noticiasradioreflejos.com.ar\/2021\/#\/schema\/person\/ad82545263dcc5ec0996818884fd5fb1\",\"name\":\"Arnaldo Botto\",\"image\":{\"@type\":\"ImageObject\",\"inLanguage\":\"es\",\"@id\":\"https:\/\/www.noticiasradioreflejos.com.ar\/2021\/#\/schema\/person\/image\/\",\"url\":\"https:\/\/secure.gravatar.com\/avatar\/55cb5e37c1efa326397366e6974cb338056df65cb50e7d64d1cf314e87504837?s=96&d=mm&r=g\",\"contentUrl\":\"https:\/\/secure.gravatar.com\/avatar\/55cb5e37c1efa326397366e6974cb338056df65cb50e7d64d1cf314e87504837?s=96&d=mm&r=g\",\"caption\":\"Arnaldo Botto\"},\"url\":\"https:\/\/www.noticiasradioreflejos.com.ar\/2021\/author\/arnaldo\/\"}]}<\/script>\n<!-- \/ Yoast SEO plugin. -->","yoast_head_json":{"title":"Fin de Semana largo en el Parque Provincial &quot;Ernesto Tornquist&quot; - Noticias Radio Reflejos","robots":{"index":"index","follow":"follow","max-snippet":"max-snippet:-1","max-image-preview":"max-image-preview:large","max-video-preview":"max-video-preview:-1"},"canonical":"https:\/\/www.noticiasradioreflejos.com.ar\/2021\/fin-de-semana-largo-en-el-parque-provincial-ernesto-tornquist-2\/","og_locale":"es_ES","og_type":"article","og_title":"Fin de Semana largo en el Parque Provincial &quot;Ernesto Tornquist&quot; - Noticias Radio Reflejos","og_description":"La administraci\u00f3n del Parque Provincial \u00abErnesto Tornquist\u00bbinforma a la comunidad los horarios de atenci\u00f3n y excursiones que estar\u00e1n a habilitadas para los d\u00edas 7,8 y 9 de julio pr\u00f3ximos.","og_url":"https:\/\/www.noticiasradioreflejos.com.ar\/2021\/fin-de-semana-largo-en-el-parque-provincial-ernesto-tornquist-2\/","og_site_name":"Noticias Radio Reflejos","article_published_time":"2018-06-29T14:45:25+00:00","og_image":[{"width":1363,"height":689,"url":"https:\/\/www.noticiasradioreflejos.com.ar\/2021\/wp-content\/uploads\/2016\/07\/parque1.png","type":"image\/png"}],"author":"Arnaldo Botto","twitter_card":"summary_large_image","schema":{"@context":"https:\/\/schema.org","@graph":[{"@type":"WebPage","@id":"https:\/\/www.noticiasradioreflejos.com.ar\/2021\/fin-de-semana-largo-en-el-parque-provincial-ernesto-tornquist-2\/","url":"https:\/\/www.noticiasradioreflejos.com.ar\/2021\/fin-de-semana-largo-en-el-parque-provincial-ernesto-tornquist-2\/","name":"Fin de Semana largo en el Parque Provincial &quot;Ernesto Tornquist&quot; - Noticias Radio Reflejos","isPartOf":{"@id":"https:\/\/www.noticiasradioreflejos.com.ar\/2021\/#website"},"primaryImageOfPage":{"@id":"https:\/\/www.noticiasradioreflejos.com.ar\/2021\/fin-de-semana-largo-en-el-parque-provincial-ernesto-tornquist-2\/#primaryimage"},"image":{"@id":"https:\/\/www.noticiasradioreflejos.com.ar\/2021\/fin-de-semana-largo-en-el-parque-provincial-ernesto-tornquist-2\/#primaryimage"},"thumbnailUrl":"https:\/\/www.noticiasradioreflejos.com.ar\/2021\/wp-content\/uploads\/2016\/07\/parque1.png","datePublished":"2018-06-29T14:45:25+00:00","author":{"@id":"https:\/\/www.noticiasradioreflejos.com.ar\/2021\/#\/schema\/person\/ad82545263dcc5ec0996818884fd5fb1"},"breadcrumb":{"@id":"https:\/\/www.noticiasradioreflejos.com.ar\/2021\/fin-de-semana-largo-en-el-parque-provincial-ernesto-tornquist-2\/#breadcrumb"},"inLanguage":"es","potentialAction":[{"@type":"ReadAction","target":["https:\/\/www.noticiasradioreflejos.com.ar\/2021\/fin-de-semana-largo-en-el-parque-provincial-ernesto-tornquist-2\/"]}]},{"@type":"ImageObject","inLanguage":"es","@id":"https:\/\/www.noticiasradioreflejos.com.ar\/2021\/fin-de-semana-largo-en-el-parque-provincial-ernesto-tornquist-2\/#primaryimage","url":"https:\/\/www.noticiasradioreflejos.com.ar\/2021\/wp-content\/uploads\/2016\/07\/parque1.png","contentUrl":"https:\/\/www.noticiasradioreflejos.com.ar\/2021\/wp-content\/uploads\/2016\/07\/parque1.png","width":1363,"height":689},{"@type":"BreadcrumbList","@id":"https:\/\/www.noticiasradioreflejos.com.ar\/2021\/fin-de-semana-largo-en-el-parque-provincial-ernesto-tornquist-2\/#breadcrumb","itemListElement":[{"@type":"ListItem","position":1,"name":"Portada","item":"https:\/\/www.noticiasradioreflejos.com.ar\/2021\/"},{"@type":"ListItem","position":2,"name":"Fin de Semana largo en el Parque Provincial &quot;Ernesto Tornquist&quot;"}]},{"@type":"WebSite","@id":"https:\/\/www.noticiasradioreflejos.com.ar\/2021\/#website","url":"https:\/\/www.noticiasradioreflejos.com.ar\/2021\/","name":"Noticias Radio Reflejos","description":"Las noticias de mi comarca","potentialAction":[{"@type":"SearchAction","target":{"@type":"EntryPoint","urlTemplate":"https:\/\/www.noticiasradioreflejos.com.ar\/2021\/?s={search_term_string}"},"query-input":{"@type":"PropertyValueSpecification","valueRequired":true,"valueName":"search_term_string"}}],"inLanguage":"es"},{"@type":"Person","@id":"https:\/\/www.noticiasradioreflejos.com.ar\/2021\/#\/schema\/person\/ad82545263dcc5ec0996818884fd5fb1","name":"Arnaldo Botto","image":{"@type":"ImageObject","inLanguage":"es","@id":"https:\/\/www.noticiasradioreflejos.com.ar\/2021\/#\/schema\/person\/image\/","url":"https:\/\/secure.gravatar.com\/avatar\/55cb5e37c1efa326397366e6974cb338056df65cb50e7d64d1cf314e87504837?s=96&d=mm&r=g","contentUrl":"https:\/\/secure.gravatar.com\/avatar\/55cb5e37c1efa326397366e6974cb338056df65cb50e7d64d1cf314e87504837?s=96&d=mm&r=g","caption":"Arnaldo Botto"},"url":"https:\/\/www.noticiasradioreflejos.com.ar\/2021\/author\/arnaldo\/"}]}},"_links":{"self":[{"href":"https:\/\/www.noticiasradioreflejos.com.ar\/2021\/wp-json\/wp\/v2\/posts\/22830","targetHints":{"allow":["GET"]}}],"collection":[{"href":"https:\/\/www.noticiasradioreflejos.com.ar\/2021\/wp-json\/wp\/v2\/posts"}],"about":[{"href":"https:\/\/www.noticiasradioreflejos.com.ar\/2021\/wp-json\/wp\/v2\/types\/post"}],"author":[{"embeddable":true,"href":"https:\/\/www.noticiasradioreflejos.com.ar\/2021\/wp-json\/wp\/v2\/users\/3"}],"replies":[{"embeddable":true,"href":"https:\/\/www.noticiasradioreflejos.com.ar\/2021\/wp-json\/wp\/v2\/comments?post=22830"}],"version-history":[{"count":0,"href":"https:\/\/www.noticiasradioreflejos.com.ar\/2021\/wp-json\/wp\/v2\/posts\/22830\/revisions"}],"wp:featuredmedia":[{"embeddable":true,"href":"https:\/\/www.noticiasradioreflejos.com.ar\/2021\/wp-json\/wp\/v2\/media\/54"}],"wp:attachment":[{"href":"https:\/\/www.noticiasradioreflejos.com.ar\/2021\/wp-json\/wp\/v2\/media?parent=22830"}],"wp:term":[{"taxonomy":"category","embeddable":true,"href":"https:\/\/www.noticiasradioreflejos.com.ar\/2021\/wp-json\/wp\/v2\/categories?post=22830"},{"taxonomy":"post_tag","embeddable":true,"href":"https:\/\/www.noticiasradioreflejos.com.ar\/2021\/wp-json\/wp\/v2\/tags?post=22830"}],"curies":[{"name":"wp","href":"https:\/\/api.w.org\/{rel}","templated":true}]}}