{"id":22811,"date":"2018-06-28T20:01:03","date_gmt":"2018-06-28T23:01:03","guid":{"rendered":"http:\/\/www.noticiasradioreflejos.com.ar\/noticias\/?p=22811"},"modified":"2018-06-28T20:01:03","modified_gmt":"2018-06-28T23:01:03","slug":"se-suma-un-dia-mas-a-la-atencion-oftalmologica-en-tornquist-y-sierra-de-la-ventana","status":"publish","type":"post","link":"https:\/\/www.noticiasradioreflejos.com.ar\/2021\/se-suma-un-dia-mas-a-la-atencion-oftalmologica-en-tornquist-y-sierra-de-la-ventana\/","title":{"rendered":"Se suma un d\u00eda m\u00e1s a la atenci\u00f3n oftalmol\u00f3gica en Tornquist y Sierra de la Ventana"},"content":{"rendered":"<p>La Secretaria de Salud municipal comunica que a partir del mes de julio, se contar\u00e1 con un d\u00eda m\u00e1s de atenci\u00f3n de oftalmolog\u00eda en la Sala Norte. Por lo que el Dr. Romero atender\u00e1 tres veces al mes en el Centro de Atenci\u00f3n Primaria del barrio norte.<!--more--><br \/>\nPara solicitar turnos deber\u00e1n comunicarse al 4940.812.<br \/>\nAsimismo se informa a la comunidad de Sierra de la Ventana que tambi\u00e9n se ampl\u00eda la atenci\u00f3n oftalmol\u00f3gica en dicha localidad. Se contar\u00e1 con dos d\u00edas al mes para realizar consultas de la especialidad.<br \/>\nPor turnos comunicarse al 4915.030.<br \/>\nSe recuerda que el Dr. Romero solo atiende Pami y ficha social.<\/p>\n","protected":false},"excerpt":{"rendered":"<p>La Secretaria de Salud municipal comunica que a partir del mes de julio, se contar\u00e1 con un d\u00eda m\u00e1s de atenci\u00f3n de oftalmolog\u00eda en la Sala Norte. Por lo que el Dr. Romero atender\u00e1 tres veces al mes en el Centro de Atenci\u00f3n Primaria del barrio norte.<\/p>\n","protected":false},"author":3,"featured_media":0,"comment_status":"closed","ping_status":"open","sticky":false,"template":"","format":"standard","meta":{"footnotes":""},"categories":[30],"tags":[],"class_list":["post-22811","post","type-post","status-publish","format-standard","hentry","category-salud"],"yoast_head":"<!-- This site is optimized with the Yoast SEO plugin v25.9 - https:\/\/yoast.com\/wordpress\/plugins\/seo\/ -->\n<title>Se suma un d\u00eda m\u00e1s a la atenci\u00f3n oftalmol\u00f3gica en Tornquist y Sierra de la Ventana - Noticias Radio Reflejos<\/title>\n<meta name=\"robots\" content=\"index, follow, max-snippet:-1, max-image-preview:large, max-video-preview:-1\" \/>\n<link rel=\"canonical\" href=\"https:\/\/www.noticiasradioreflejos.com.ar\/2021\/se-suma-un-dia-mas-a-la-atencion-oftalmologica-en-tornquist-y-sierra-de-la-ventana\/\" \/>\n<meta property=\"og:locale\" content=\"es_ES\" \/>\n<meta property=\"og:type\" content=\"article\" \/>\n<meta property=\"og:title\" content=\"Se suma un d\u00eda m\u00e1s a la atenci\u00f3n oftalmol\u00f3gica en Tornquist y Sierra de la Ventana - Noticias Radio Reflejos\" \/>\n<meta property=\"og:description\" content=\"La Secretaria de Salud municipal comunica que a partir del mes de julio, se contar\u00e1 con un d\u00eda m\u00e1s de atenci\u00f3n de oftalmolog\u00eda en la Sala Norte. Por lo que el Dr. Romero atender\u00e1 tres veces al mes en el Centro de Atenci\u00f3n Primaria del barrio norte.\" \/>\n<meta property=\"og:url\" content=\"https:\/\/www.noticiasradioreflejos.com.ar\/2021\/se-suma-un-dia-mas-a-la-atencion-oftalmologica-en-tornquist-y-sierra-de-la-ventana\/\" \/>\n<meta property=\"og:site_name\" content=\"Noticias Radio Reflejos\" \/>\n<meta property=\"article:published_time\" content=\"2018-06-28T23:01:03+00:00\" \/>\n<meta property=\"og:image\" content=\"https:\/\/www.noticiasradioreflejos.com.ar\/2021\/wp-content\/uploads\/2021\/07\/logosol300x200.png\" \/>\n\t<meta property=\"og:image:width\" content=\"300\" \/>\n\t<meta property=\"og:image:height\" content=\"200\" \/>\n\t<meta property=\"og:image:type\" content=\"image\/png\" \/>\n<meta name=\"author\" content=\"Arnaldo Botto\" \/>\n<meta name=\"twitter:card\" content=\"summary_large_image\" \/>\n<script type=\"application\/ld+json\" class=\"yoast-schema-graph\">{\"@context\":\"https:\/\/schema.org\",\"@graph\":[{\"@type\":\"WebPage\",\"@id\":\"https:\/\/www.noticiasradioreflejos.com.ar\/2021\/se-suma-un-dia-mas-a-la-atencion-oftalmologica-en-tornquist-y-sierra-de-la-ventana\/\",\"url\":\"https:\/\/www.noticiasradioreflejos.com.ar\/2021\/se-suma-un-dia-mas-a-la-atencion-oftalmologica-en-tornquist-y-sierra-de-la-ventana\/\",\"name\":\"Se suma un d\u00eda m\u00e1s a la atenci\u00f3n oftalmol\u00f3gica en Tornquist y Sierra de la Ventana - Noticias Radio Reflejos\",\"isPartOf\":{\"@id\":\"https:\/\/www.noticiasradioreflejos.com.ar\/2021\/#website\"},\"datePublished\":\"2018-06-28T23:01:03+00:00\",\"author\":{\"@id\":\"https:\/\/www.noticiasradioreflejos.com.ar\/2021\/#\/schema\/person\/ad82545263dcc5ec0996818884fd5fb1\"},\"breadcrumb\":{\"@id\":\"https:\/\/www.noticiasradioreflejos.com.ar\/2021\/se-suma-un-dia-mas-a-la-atencion-oftalmologica-en-tornquist-y-sierra-de-la-ventana\/#breadcrumb\"},\"inLanguage\":\"es\",\"potentialAction\":[{\"@type\":\"ReadAction\",\"target\":[\"https:\/\/www.noticiasradioreflejos.com.ar\/2021\/se-suma-un-dia-mas-a-la-atencion-oftalmologica-en-tornquist-y-sierra-de-la-ventana\/\"]}]},{\"@type\":\"BreadcrumbList\",\"@id\":\"https:\/\/www.noticiasradioreflejos.com.ar\/2021\/se-suma-un-dia-mas-a-la-atencion-oftalmologica-en-tornquist-y-sierra-de-la-ventana\/#breadcrumb\",\"itemListElement\":[{\"@type\":\"ListItem\",\"position\":1,\"name\":\"Portada\",\"item\":\"https:\/\/www.noticiasradioreflejos.com.ar\/2021\/\"},{\"@type\":\"ListItem\",\"position\":2,\"name\":\"Se suma un d\u00eda m\u00e1s a la atenci\u00f3n oftalmol\u00f3gica en Tornquist y Sierra de la Ventana\"}]},{\"@type\":\"WebSite\",\"@id\":\"https:\/\/www.noticiasradioreflejos.com.ar\/2021\/#website\",\"url\":\"https:\/\/www.noticiasradioreflejos.com.ar\/2021\/\",\"name\":\"Noticias Radio Reflejos\",\"description\":\"Las noticias de mi comarca\",\"potentialAction\":[{\"@type\":\"SearchAction\",\"target\":{\"@type\":\"EntryPoint\",\"urlTemplate\":\"https:\/\/www.noticiasradioreflejos.com.ar\/2021\/?s={search_term_string}\"},\"query-input\":{\"@type\":\"PropertyValueSpecification\",\"valueRequired\":true,\"valueName\":\"search_term_string\"}}],\"inLanguage\":\"es\"},{\"@type\":\"Person\",\"@id\":\"https:\/\/www.noticiasradioreflejos.com.ar\/2021\/#\/schema\/person\/ad82545263dcc5ec0996818884fd5fb1\",\"name\":\"Arnaldo Botto\",\"image\":{\"@type\":\"ImageObject\",\"inLanguage\":\"es\",\"@id\":\"https:\/\/www.noticiasradioreflejos.com.ar\/2021\/#\/schema\/person\/image\/\",\"url\":\"https:\/\/secure.gravatar.com\/avatar\/55cb5e37c1efa326397366e6974cb338056df65cb50e7d64d1cf314e87504837?s=96&d=mm&r=g\",\"contentUrl\":\"https:\/\/secure.gravatar.com\/avatar\/55cb5e37c1efa326397366e6974cb338056df65cb50e7d64d1cf314e87504837?s=96&d=mm&r=g\",\"caption\":\"Arnaldo Botto\"},\"url\":\"https:\/\/www.noticiasradioreflejos.com.ar\/2021\/author\/arnaldo\/\"}]}<\/script>\n<!-- \/ Yoast SEO plugin. -->","yoast_head_json":{"title":"Se suma un d\u00eda m\u00e1s a la atenci\u00f3n oftalmol\u00f3gica en Tornquist y Sierra de la Ventana - Noticias Radio Reflejos","robots":{"index":"index","follow":"follow","max-snippet":"max-snippet:-1","max-image-preview":"max-image-preview:large","max-video-preview":"max-video-preview:-1"},"canonical":"https:\/\/www.noticiasradioreflejos.com.ar\/2021\/se-suma-un-dia-mas-a-la-atencion-oftalmologica-en-tornquist-y-sierra-de-la-ventana\/","og_locale":"es_ES","og_type":"article","og_title":"Se suma un d\u00eda m\u00e1s a la atenci\u00f3n oftalmol\u00f3gica en Tornquist y Sierra de la Ventana - Noticias Radio Reflejos","og_description":"La Secretaria de Salud municipal comunica que a partir del mes de julio, se contar\u00e1 con un d\u00eda m\u00e1s de atenci\u00f3n de oftalmolog\u00eda en la Sala Norte. Por lo que el Dr. Romero atender\u00e1 tres veces al mes en el Centro de Atenci\u00f3n Primaria del barrio norte.","og_url":"https:\/\/www.noticiasradioreflejos.com.ar\/2021\/se-suma-un-dia-mas-a-la-atencion-oftalmologica-en-tornquist-y-sierra-de-la-ventana\/","og_site_name":"Noticias Radio Reflejos","article_published_time":"2018-06-28T23:01:03+00:00","og_image":[{"width":300,"height":200,"url":"https:\/\/www.noticiasradioreflejos.com.ar\/2021\/wp-content\/uploads\/2021\/07\/logosol300x200.png","type":"image\/png"}],"author":"Arnaldo Botto","twitter_card":"summary_large_image","schema":{"@context":"https:\/\/schema.org","@graph":[{"@type":"WebPage","@id":"https:\/\/www.noticiasradioreflejos.com.ar\/2021\/se-suma-un-dia-mas-a-la-atencion-oftalmologica-en-tornquist-y-sierra-de-la-ventana\/","url":"https:\/\/www.noticiasradioreflejos.com.ar\/2021\/se-suma-un-dia-mas-a-la-atencion-oftalmologica-en-tornquist-y-sierra-de-la-ventana\/","name":"Se suma un d\u00eda m\u00e1s a la atenci\u00f3n oftalmol\u00f3gica en Tornquist y Sierra de la Ventana - Noticias Radio Reflejos","isPartOf":{"@id":"https:\/\/www.noticiasradioreflejos.com.ar\/2021\/#website"},"datePublished":"2018-06-28T23:01:03+00:00","author":{"@id":"https:\/\/www.noticiasradioreflejos.com.ar\/2021\/#\/schema\/person\/ad82545263dcc5ec0996818884fd5fb1"},"breadcrumb":{"@id":"https:\/\/www.noticiasradioreflejos.com.ar\/2021\/se-suma-un-dia-mas-a-la-atencion-oftalmologica-en-tornquist-y-sierra-de-la-ventana\/#breadcrumb"},"inLanguage":"es","potentialAction":[{"@type":"ReadAction","target":["https:\/\/www.noticiasradioreflejos.com.ar\/2021\/se-suma-un-dia-mas-a-la-atencion-oftalmologica-en-tornquist-y-sierra-de-la-ventana\/"]}]},{"@type":"BreadcrumbList","@id":"https:\/\/www.noticiasradioreflejos.com.ar\/2021\/se-suma-un-dia-mas-a-la-atencion-oftalmologica-en-tornquist-y-sierra-de-la-ventana\/#breadcrumb","itemListElement":[{"@type":"ListItem","position":1,"name":"Portada","item":"https:\/\/www.noticiasradioreflejos.com.ar\/2021\/"},{"@type":"ListItem","position":2,"name":"Se suma un d\u00eda m\u00e1s a la atenci\u00f3n oftalmol\u00f3gica en Tornquist y Sierra de la Ventana"}]},{"@type":"WebSite","@id":"https:\/\/www.noticiasradioreflejos.com.ar\/2021\/#website","url":"https:\/\/www.noticiasradioreflejos.com.ar\/2021\/","name":"Noticias Radio Reflejos","description":"Las noticias de mi comarca","potentialAction":[{"@type":"SearchAction","target":{"@type":"EntryPoint","urlTemplate":"https:\/\/www.noticiasradioreflejos.com.ar\/2021\/?s={search_term_string}"},"query-input":{"@type":"PropertyValueSpecification","valueRequired":true,"valueName":"search_term_string"}}],"inLanguage":"es"},{"@type":"Person","@id":"https:\/\/www.noticiasradioreflejos.com.ar\/2021\/#\/schema\/person\/ad82545263dcc5ec0996818884fd5fb1","name":"Arnaldo Botto","image":{"@type":"ImageObject","inLanguage":"es","@id":"https:\/\/www.noticiasradioreflejos.com.ar\/2021\/#\/schema\/person\/image\/","url":"https:\/\/secure.gravatar.com\/avatar\/55cb5e37c1efa326397366e6974cb338056df65cb50e7d64d1cf314e87504837?s=96&d=mm&r=g","contentUrl":"https:\/\/secure.gravatar.com\/avatar\/55cb5e37c1efa326397366e6974cb338056df65cb50e7d64d1cf314e87504837?s=96&d=mm&r=g","caption":"Arnaldo Botto"},"url":"https:\/\/www.noticiasradioreflejos.com.ar\/2021\/author\/arnaldo\/"}]}},"_links":{"self":[{"href":"https:\/\/www.noticiasradioreflejos.com.ar\/2021\/wp-json\/wp\/v2\/posts\/22811","targetHints":{"allow":["GET"]}}],"collection":[{"href":"https:\/\/www.noticiasradioreflejos.com.ar\/2021\/wp-json\/wp\/v2\/posts"}],"about":[{"href":"https:\/\/www.noticiasradioreflejos.com.ar\/2021\/wp-json\/wp\/v2\/types\/post"}],"author":[{"embeddable":true,"href":"https:\/\/www.noticiasradioreflejos.com.ar\/2021\/wp-json\/wp\/v2\/users\/3"}],"replies":[{"embeddable":true,"href":"https:\/\/www.noticiasradioreflejos.com.ar\/2021\/wp-json\/wp\/v2\/comments?post=22811"}],"version-history":[{"count":0,"href":"https:\/\/www.noticiasradioreflejos.com.ar\/2021\/wp-json\/wp\/v2\/posts\/22811\/revisions"}],"wp:attachment":[{"href":"https:\/\/www.noticiasradioreflejos.com.ar\/2021\/wp-json\/wp\/v2\/media?parent=22811"}],"wp:term":[{"taxonomy":"category","embeddable":true,"href":"https:\/\/www.noticiasradioreflejos.com.ar\/2021\/wp-json\/wp\/v2\/categories?post=22811"},{"taxonomy":"post_tag","embeddable":true,"href":"https:\/\/www.noticiasradioreflejos.com.ar\/2021\/wp-json\/wp\/v2\/tags?post=22811"}],"curies":[{"name":"wp","href":"https:\/\/api.w.org\/{rel}","templated":true}]}}