{"id":22809,"date":"2018-06-28T19:52:43","date_gmt":"2018-06-28T22:52:43","guid":{"rendered":"http:\/\/www.noticiasradioreflejos.com.ar\/noticias\/?p=22809"},"modified":"2018-06-28T19:52:43","modified_gmt":"2018-06-28T22:52:43","slug":"incorporacion-de-aparatologia-neonatal-en-el-hospital-municipal","status":"publish","type":"post","link":"https:\/\/www.noticiasradioreflejos.com.ar\/2021\/incorporacion-de-aparatologia-neonatal-en-el-hospital-municipal\/","title":{"rendered":"Incorporaci\u00f3n de aparatolog\u00eda neonatal en el Hospital Municipal"},"content":{"rendered":"<p>La Secretaria de Salud municipal comunica que incorpor\u00f3 una balanza pedi\u00e1trica y una l\u00e1mpara led para luminoterapia neonatal, debido al gran incremento de partos que se han producido en el Hospital Municipal \u201cDr. Alberto Castro\u201d.<!--more--><br \/>\nEn lo que va del a\u00f1o, se han duplicado los nacimientos en el nosocomio local, con respecto al a\u00f1o 2017. D\u00edas atr\u00e1s, se produjeron dos partos con diferencia de media hora.<br \/>\nAgradecemos la confianza depositada en el equipo y en nuestro hospital, continuamos trabajando para mejorar la brindar cada d\u00eda un mejor servicio.<\/p>\n","protected":false},"excerpt":{"rendered":"<p>La Secretaria de Salud municipal comunica que incorpor\u00f3 una balanza pedi\u00e1trica y una l\u00e1mpara led para luminoterapia neonatal, debido al gran incremento de partos que se han producido en el Hospital Municipal \u201cDr. Alberto Castro\u201d.<\/p>\n","protected":false},"author":3,"featured_media":0,"comment_status":"closed","ping_status":"open","sticky":false,"template":"","format":"standard","meta":{"footnotes":""},"categories":[30],"tags":[],"class_list":["post-22809","post","type-post","status-publish","format-standard","hentry","category-salud"],"yoast_head":"<!-- This site is optimized with the Yoast SEO plugin v25.9 - https:\/\/yoast.com\/wordpress\/plugins\/seo\/ -->\n<title>Incorporaci\u00f3n de aparatolog\u00eda neonatal en el Hospital Municipal - Noticias Radio Reflejos<\/title>\n<meta name=\"robots\" content=\"index, follow, max-snippet:-1, max-image-preview:large, max-video-preview:-1\" \/>\n<link rel=\"canonical\" href=\"https:\/\/www.noticiasradioreflejos.com.ar\/2021\/incorporacion-de-aparatologia-neonatal-en-el-hospital-municipal\/\" \/>\n<meta property=\"og:locale\" content=\"es_ES\" \/>\n<meta property=\"og:type\" content=\"article\" \/>\n<meta property=\"og:title\" content=\"Incorporaci\u00f3n de aparatolog\u00eda neonatal en el Hospital Municipal - Noticias Radio Reflejos\" \/>\n<meta property=\"og:description\" content=\"La Secretaria de Salud municipal comunica que incorpor\u00f3 una balanza pedi\u00e1trica y una l\u00e1mpara led para luminoterapia neonatal, debido al gran incremento de partos que se han producido en el Hospital Municipal \u201cDr. Alberto Castro\u201d.\" \/>\n<meta property=\"og:url\" content=\"https:\/\/www.noticiasradioreflejos.com.ar\/2021\/incorporacion-de-aparatologia-neonatal-en-el-hospital-municipal\/\" \/>\n<meta property=\"og:site_name\" content=\"Noticias Radio Reflejos\" \/>\n<meta property=\"article:published_time\" content=\"2018-06-28T22:52:43+00:00\" \/>\n<meta property=\"og:image\" content=\"https:\/\/www.noticiasradioreflejos.com.ar\/2021\/wp-content\/uploads\/2021\/07\/logosol300x200.png\" \/>\n\t<meta property=\"og:image:width\" content=\"300\" \/>\n\t<meta property=\"og:image:height\" content=\"200\" \/>\n\t<meta property=\"og:image:type\" content=\"image\/png\" \/>\n<meta name=\"author\" content=\"Arnaldo Botto\" \/>\n<meta name=\"twitter:card\" content=\"summary_large_image\" \/>\n<script type=\"application\/ld+json\" class=\"yoast-schema-graph\">{\"@context\":\"https:\/\/schema.org\",\"@graph\":[{\"@type\":\"WebPage\",\"@id\":\"https:\/\/www.noticiasradioreflejos.com.ar\/2021\/incorporacion-de-aparatologia-neonatal-en-el-hospital-municipal\/\",\"url\":\"https:\/\/www.noticiasradioreflejos.com.ar\/2021\/incorporacion-de-aparatologia-neonatal-en-el-hospital-municipal\/\",\"name\":\"Incorporaci\u00f3n de aparatolog\u00eda neonatal en el Hospital Municipal - Noticias Radio Reflejos\",\"isPartOf\":{\"@id\":\"https:\/\/www.noticiasradioreflejos.com.ar\/2021\/#website\"},\"datePublished\":\"2018-06-28T22:52:43+00:00\",\"author\":{\"@id\":\"https:\/\/www.noticiasradioreflejos.com.ar\/2021\/#\/schema\/person\/ad82545263dcc5ec0996818884fd5fb1\"},\"breadcrumb\":{\"@id\":\"https:\/\/www.noticiasradioreflejos.com.ar\/2021\/incorporacion-de-aparatologia-neonatal-en-el-hospital-municipal\/#breadcrumb\"},\"inLanguage\":\"es\",\"potentialAction\":[{\"@type\":\"ReadAction\",\"target\":[\"https:\/\/www.noticiasradioreflejos.com.ar\/2021\/incorporacion-de-aparatologia-neonatal-en-el-hospital-municipal\/\"]}]},{\"@type\":\"BreadcrumbList\",\"@id\":\"https:\/\/www.noticiasradioreflejos.com.ar\/2021\/incorporacion-de-aparatologia-neonatal-en-el-hospital-municipal\/#breadcrumb\",\"itemListElement\":[{\"@type\":\"ListItem\",\"position\":1,\"name\":\"Portada\",\"item\":\"https:\/\/www.noticiasradioreflejos.com.ar\/2021\/\"},{\"@type\":\"ListItem\",\"position\":2,\"name\":\"Incorporaci\u00f3n de aparatolog\u00eda neonatal en el Hospital Municipal\"}]},{\"@type\":\"WebSite\",\"@id\":\"https:\/\/www.noticiasradioreflejos.com.ar\/2021\/#website\",\"url\":\"https:\/\/www.noticiasradioreflejos.com.ar\/2021\/\",\"name\":\"Noticias Radio Reflejos\",\"description\":\"Las noticias de mi comarca\",\"potentialAction\":[{\"@type\":\"SearchAction\",\"target\":{\"@type\":\"EntryPoint\",\"urlTemplate\":\"https:\/\/www.noticiasradioreflejos.com.ar\/2021\/?s={search_term_string}\"},\"query-input\":{\"@type\":\"PropertyValueSpecification\",\"valueRequired\":true,\"valueName\":\"search_term_string\"}}],\"inLanguage\":\"es\"},{\"@type\":\"Person\",\"@id\":\"https:\/\/www.noticiasradioreflejos.com.ar\/2021\/#\/schema\/person\/ad82545263dcc5ec0996818884fd5fb1\",\"name\":\"Arnaldo Botto\",\"image\":{\"@type\":\"ImageObject\",\"inLanguage\":\"es\",\"@id\":\"https:\/\/www.noticiasradioreflejos.com.ar\/2021\/#\/schema\/person\/image\/\",\"url\":\"https:\/\/secure.gravatar.com\/avatar\/55cb5e37c1efa326397366e6974cb338056df65cb50e7d64d1cf314e87504837?s=96&d=mm&r=g\",\"contentUrl\":\"https:\/\/secure.gravatar.com\/avatar\/55cb5e37c1efa326397366e6974cb338056df65cb50e7d64d1cf314e87504837?s=96&d=mm&r=g\",\"caption\":\"Arnaldo Botto\"},\"url\":\"https:\/\/www.noticiasradioreflejos.com.ar\/2021\/author\/arnaldo\/\"}]}<\/script>\n<!-- \/ Yoast SEO plugin. -->","yoast_head_json":{"title":"Incorporaci\u00f3n de aparatolog\u00eda neonatal en el Hospital Municipal - Noticias Radio Reflejos","robots":{"index":"index","follow":"follow","max-snippet":"max-snippet:-1","max-image-preview":"max-image-preview:large","max-video-preview":"max-video-preview:-1"},"canonical":"https:\/\/www.noticiasradioreflejos.com.ar\/2021\/incorporacion-de-aparatologia-neonatal-en-el-hospital-municipal\/","og_locale":"es_ES","og_type":"article","og_title":"Incorporaci\u00f3n de aparatolog\u00eda neonatal en el Hospital Municipal - Noticias Radio Reflejos","og_description":"La Secretaria de Salud municipal comunica que incorpor\u00f3 una balanza pedi\u00e1trica y una l\u00e1mpara led para luminoterapia neonatal, debido al gran incremento de partos que se han producido en el Hospital Municipal \u201cDr. Alberto Castro\u201d.","og_url":"https:\/\/www.noticiasradioreflejos.com.ar\/2021\/incorporacion-de-aparatologia-neonatal-en-el-hospital-municipal\/","og_site_name":"Noticias Radio Reflejos","article_published_time":"2018-06-28T22:52:43+00:00","og_image":[{"width":300,"height":200,"url":"https:\/\/www.noticiasradioreflejos.com.ar\/2021\/wp-content\/uploads\/2021\/07\/logosol300x200.png","type":"image\/png"}],"author":"Arnaldo Botto","twitter_card":"summary_large_image","schema":{"@context":"https:\/\/schema.org","@graph":[{"@type":"WebPage","@id":"https:\/\/www.noticiasradioreflejos.com.ar\/2021\/incorporacion-de-aparatologia-neonatal-en-el-hospital-municipal\/","url":"https:\/\/www.noticiasradioreflejos.com.ar\/2021\/incorporacion-de-aparatologia-neonatal-en-el-hospital-municipal\/","name":"Incorporaci\u00f3n de aparatolog\u00eda neonatal en el Hospital Municipal - Noticias Radio Reflejos","isPartOf":{"@id":"https:\/\/www.noticiasradioreflejos.com.ar\/2021\/#website"},"datePublished":"2018-06-28T22:52:43+00:00","author":{"@id":"https:\/\/www.noticiasradioreflejos.com.ar\/2021\/#\/schema\/person\/ad82545263dcc5ec0996818884fd5fb1"},"breadcrumb":{"@id":"https:\/\/www.noticiasradioreflejos.com.ar\/2021\/incorporacion-de-aparatologia-neonatal-en-el-hospital-municipal\/#breadcrumb"},"inLanguage":"es","potentialAction":[{"@type":"ReadAction","target":["https:\/\/www.noticiasradioreflejos.com.ar\/2021\/incorporacion-de-aparatologia-neonatal-en-el-hospital-municipal\/"]}]},{"@type":"BreadcrumbList","@id":"https:\/\/www.noticiasradioreflejos.com.ar\/2021\/incorporacion-de-aparatologia-neonatal-en-el-hospital-municipal\/#breadcrumb","itemListElement":[{"@type":"ListItem","position":1,"name":"Portada","item":"https:\/\/www.noticiasradioreflejos.com.ar\/2021\/"},{"@type":"ListItem","position":2,"name":"Incorporaci\u00f3n de aparatolog\u00eda neonatal en el Hospital Municipal"}]},{"@type":"WebSite","@id":"https:\/\/www.noticiasradioreflejos.com.ar\/2021\/#website","url":"https:\/\/www.noticiasradioreflejos.com.ar\/2021\/","name":"Noticias Radio Reflejos","description":"Las noticias de mi comarca","potentialAction":[{"@type":"SearchAction","target":{"@type":"EntryPoint","urlTemplate":"https:\/\/www.noticiasradioreflejos.com.ar\/2021\/?s={search_term_string}"},"query-input":{"@type":"PropertyValueSpecification","valueRequired":true,"valueName":"search_term_string"}}],"inLanguage":"es"},{"@type":"Person","@id":"https:\/\/www.noticiasradioreflejos.com.ar\/2021\/#\/schema\/person\/ad82545263dcc5ec0996818884fd5fb1","name":"Arnaldo Botto","image":{"@type":"ImageObject","inLanguage":"es","@id":"https:\/\/www.noticiasradioreflejos.com.ar\/2021\/#\/schema\/person\/image\/","url":"https:\/\/secure.gravatar.com\/avatar\/55cb5e37c1efa326397366e6974cb338056df65cb50e7d64d1cf314e87504837?s=96&d=mm&r=g","contentUrl":"https:\/\/secure.gravatar.com\/avatar\/55cb5e37c1efa326397366e6974cb338056df65cb50e7d64d1cf314e87504837?s=96&d=mm&r=g","caption":"Arnaldo Botto"},"url":"https:\/\/www.noticiasradioreflejos.com.ar\/2021\/author\/arnaldo\/"}]}},"_links":{"self":[{"href":"https:\/\/www.noticiasradioreflejos.com.ar\/2021\/wp-json\/wp\/v2\/posts\/22809","targetHints":{"allow":["GET"]}}],"collection":[{"href":"https:\/\/www.noticiasradioreflejos.com.ar\/2021\/wp-json\/wp\/v2\/posts"}],"about":[{"href":"https:\/\/www.noticiasradioreflejos.com.ar\/2021\/wp-json\/wp\/v2\/types\/post"}],"author":[{"embeddable":true,"href":"https:\/\/www.noticiasradioreflejos.com.ar\/2021\/wp-json\/wp\/v2\/users\/3"}],"replies":[{"embeddable":true,"href":"https:\/\/www.noticiasradioreflejos.com.ar\/2021\/wp-json\/wp\/v2\/comments?post=22809"}],"version-history":[{"count":0,"href":"https:\/\/www.noticiasradioreflejos.com.ar\/2021\/wp-json\/wp\/v2\/posts\/22809\/revisions"}],"wp:attachment":[{"href":"https:\/\/www.noticiasradioreflejos.com.ar\/2021\/wp-json\/wp\/v2\/media?parent=22809"}],"wp:term":[{"taxonomy":"category","embeddable":true,"href":"https:\/\/www.noticiasradioreflejos.com.ar\/2021\/wp-json\/wp\/v2\/categories?post=22809"},{"taxonomy":"post_tag","embeddable":true,"href":"https:\/\/www.noticiasradioreflejos.com.ar\/2021\/wp-json\/wp\/v2\/tags?post=22809"}],"curies":[{"name":"wp","href":"https:\/\/api.w.org\/{rel}","templated":true}]}}