{"id":22518,"date":"2018-06-14T15:53:48","date_gmt":"2018-06-14T18:53:48","guid":{"rendered":"http:\/\/www.noticiasradioreflejos.com.ar\/noticias\/?p=22518"},"modified":"2018-06-14T15:53:48","modified_gmt":"2018-06-14T18:53:48","slug":"fortalecimiento-deportivo-hockey","status":"publish","type":"post","link":"https:\/\/www.noticiasradioreflejos.com.ar\/2021\/fortalecimiento-deportivo-hockey\/","title":{"rendered":"Fortalecimiento Deportivo Hockey"},"content":{"rendered":"<p>La Subsecretar\u00eda de Deportes de la Provincia de Buenos Aires cumple con la responsabilidad de desarrollar una pol\u00edtica deportiva que d\u00e9 respuesta a las necesidades de la ciudadan\u00eda utilizando los recursos humanos y materiales disponibles que garanticen el cumplimiento de las leyes que regulan la actividad para su aplicaci\u00f3n, acordando acciones conjuntas con otros organismos provinciales y municipales.<!--more--><br \/>\nEn este caso, elaboramos un programa de capacitaci\u00f3n deportiva que tiene como finalidad brindar a los entrenadores, t\u00e9cnicos deportivos y profesores de educaci\u00f3n f\u00edsica los fundamentos necesarios para su realizaci\u00f3n, aspirando a promover el deporte en las etapas de desarrollo, formaci\u00f3n y especializaci\u00f3n.<br \/>\nLas mismas consistir\u00e1n en jornadas te\u00f3ricas y pr\u00e1cticas de asesoramiento t\u00e9cnico en la planificaci\u00f3n de los entrenamientos y otras acciones que se consideren necesarias en beneficio de los deportistas. Estos cursos aportan al desarrollo del \u00e1mbito federado y no federado del deporte de la Provincia de Buenos Aires.<br \/>\nDestinatarios: Profesores de Educaci\u00f3n F\u00edsica, entrenadores, t\u00e9cnicos en deporte y p\u00fablico en general.<br \/>\nModalidad: presencial con una jornada de 8 (ocho) horas reloj.<br \/>\nContenidos:<br \/>\n* Origen e historia del Hockey<br \/>\n* Descripci\u00f3n de los fundamentos t\u00e9cnico- t\u00e1cticos<br \/>\n* Secuencia did\u00e1ctica de la ense\u00f1anza<br \/>\n* Elaboraci\u00f3n de propuestas pedag\u00f3gicas a trav\u00e9s de situaciones jugadas para su ense\u00f1anza<br \/>\n* Conocimiento de las distintas posiciones y sistemas t\u00e1cticos del juego<br \/>\n* Reglamento. Aspectos Fundamentales<br \/>\n* Corner corto: ofensivo y defensivo<br \/>\n* Charla de cierre<br \/>\nDisertante:<br \/>\nGustavo Ernesto, KEENAN<br \/>\nProfesor de Educaci\u00f3n F\u00edsica<br \/>\nEntrenador y preparador de Hockey en diferentes instituciones.<br \/>\nFu\u00e9 integrante de la Selecci\u00f3n Argentina de hockey juvenil, sub 21 y mayor<\/p>\n","protected":false},"excerpt":{"rendered":"<p>La Subsecretar\u00eda de Deportes de la Provincia de Buenos Aires cumple con la responsabilidad de desarrollar una pol\u00edtica deportiva que d\u00e9 respuesta a las necesidades de la ciudadan\u00eda utilizando los recursos humanos y materiales disponibles que garanticen el cumplimiento de las leyes que regulan la actividad para su aplicaci\u00f3n, acordando acciones conjuntas con otros organismos [&hellip;]<\/p>\n","protected":false},"author":3,"featured_media":0,"comment_status":"closed","ping_status":"open","sticky":false,"template":"","format":"standard","meta":{"footnotes":""},"categories":[27],"tags":[],"class_list":["post-22518","post","type-post","status-publish","format-standard","hentry","category-deportes"],"yoast_head":"<!-- This site is optimized with the Yoast SEO plugin v25.9 - https:\/\/yoast.com\/wordpress\/plugins\/seo\/ -->\n<title>Fortalecimiento Deportivo Hockey - Noticias Radio Reflejos<\/title>\n<meta name=\"robots\" content=\"index, follow, max-snippet:-1, max-image-preview:large, max-video-preview:-1\" \/>\n<link rel=\"canonical\" href=\"https:\/\/www.noticiasradioreflejos.com.ar\/2021\/fortalecimiento-deportivo-hockey\/\" \/>\n<meta property=\"og:locale\" content=\"es_ES\" \/>\n<meta property=\"og:type\" content=\"article\" \/>\n<meta property=\"og:title\" content=\"Fortalecimiento Deportivo Hockey - Noticias Radio Reflejos\" \/>\n<meta property=\"og:description\" content=\"La Subsecretar\u00eda de Deportes de la Provincia de Buenos Aires cumple con la responsabilidad de desarrollar una pol\u00edtica deportiva que d\u00e9 respuesta a las necesidades de la ciudadan\u00eda utilizando los recursos humanos y materiales disponibles que garanticen el cumplimiento de las leyes que regulan la actividad para su aplicaci\u00f3n, acordando acciones conjuntas con otros organismos [&hellip;]\" \/>\n<meta property=\"og:url\" content=\"https:\/\/www.noticiasradioreflejos.com.ar\/2021\/fortalecimiento-deportivo-hockey\/\" \/>\n<meta property=\"og:site_name\" content=\"Noticias Radio Reflejos\" \/>\n<meta property=\"article:published_time\" content=\"2018-06-14T18:53:48+00:00\" \/>\n<meta property=\"og:image\" content=\"https:\/\/www.noticiasradioreflejos.com.ar\/2021\/wp-content\/uploads\/2021\/07\/logosol300x200.png\" \/>\n\t<meta property=\"og:image:width\" content=\"300\" \/>\n\t<meta property=\"og:image:height\" content=\"200\" \/>\n\t<meta property=\"og:image:type\" content=\"image\/png\" \/>\n<meta name=\"author\" content=\"Arnaldo Botto\" \/>\n<meta name=\"twitter:card\" content=\"summary_large_image\" \/>\n<script type=\"application\/ld+json\" class=\"yoast-schema-graph\">{\"@context\":\"https:\/\/schema.org\",\"@graph\":[{\"@type\":\"WebPage\",\"@id\":\"https:\/\/www.noticiasradioreflejos.com.ar\/2021\/fortalecimiento-deportivo-hockey\/\",\"url\":\"https:\/\/www.noticiasradioreflejos.com.ar\/2021\/fortalecimiento-deportivo-hockey\/\",\"name\":\"Fortalecimiento Deportivo Hockey - Noticias Radio Reflejos\",\"isPartOf\":{\"@id\":\"https:\/\/www.noticiasradioreflejos.com.ar\/2021\/#website\"},\"datePublished\":\"2018-06-14T18:53:48+00:00\",\"author\":{\"@id\":\"https:\/\/www.noticiasradioreflejos.com.ar\/2021\/#\/schema\/person\/ad82545263dcc5ec0996818884fd5fb1\"},\"breadcrumb\":{\"@id\":\"https:\/\/www.noticiasradioreflejos.com.ar\/2021\/fortalecimiento-deportivo-hockey\/#breadcrumb\"},\"inLanguage\":\"es\",\"potentialAction\":[{\"@type\":\"ReadAction\",\"target\":[\"https:\/\/www.noticiasradioreflejos.com.ar\/2021\/fortalecimiento-deportivo-hockey\/\"]}]},{\"@type\":\"BreadcrumbList\",\"@id\":\"https:\/\/www.noticiasradioreflejos.com.ar\/2021\/fortalecimiento-deportivo-hockey\/#breadcrumb\",\"itemListElement\":[{\"@type\":\"ListItem\",\"position\":1,\"name\":\"Portada\",\"item\":\"https:\/\/www.noticiasradioreflejos.com.ar\/2021\/\"},{\"@type\":\"ListItem\",\"position\":2,\"name\":\"Fortalecimiento Deportivo Hockey\"}]},{\"@type\":\"WebSite\",\"@id\":\"https:\/\/www.noticiasradioreflejos.com.ar\/2021\/#website\",\"url\":\"https:\/\/www.noticiasradioreflejos.com.ar\/2021\/\",\"name\":\"Noticias Radio Reflejos\",\"description\":\"Las noticias de mi comarca\",\"potentialAction\":[{\"@type\":\"SearchAction\",\"target\":{\"@type\":\"EntryPoint\",\"urlTemplate\":\"https:\/\/www.noticiasradioreflejos.com.ar\/2021\/?s={search_term_string}\"},\"query-input\":{\"@type\":\"PropertyValueSpecification\",\"valueRequired\":true,\"valueName\":\"search_term_string\"}}],\"inLanguage\":\"es\"},{\"@type\":\"Person\",\"@id\":\"https:\/\/www.noticiasradioreflejos.com.ar\/2021\/#\/schema\/person\/ad82545263dcc5ec0996818884fd5fb1\",\"name\":\"Arnaldo Botto\",\"image\":{\"@type\":\"ImageObject\",\"inLanguage\":\"es\",\"@id\":\"https:\/\/www.noticiasradioreflejos.com.ar\/2021\/#\/schema\/person\/image\/\",\"url\":\"https:\/\/secure.gravatar.com\/avatar\/55cb5e37c1efa326397366e6974cb338056df65cb50e7d64d1cf314e87504837?s=96&d=mm&r=g\",\"contentUrl\":\"https:\/\/secure.gravatar.com\/avatar\/55cb5e37c1efa326397366e6974cb338056df65cb50e7d64d1cf314e87504837?s=96&d=mm&r=g\",\"caption\":\"Arnaldo Botto\"},\"url\":\"https:\/\/www.noticiasradioreflejos.com.ar\/2021\/author\/arnaldo\/\"}]}<\/script>\n<!-- \/ Yoast SEO plugin. -->","yoast_head_json":{"title":"Fortalecimiento Deportivo Hockey - Noticias Radio Reflejos","robots":{"index":"index","follow":"follow","max-snippet":"max-snippet:-1","max-image-preview":"max-image-preview:large","max-video-preview":"max-video-preview:-1"},"canonical":"https:\/\/www.noticiasradioreflejos.com.ar\/2021\/fortalecimiento-deportivo-hockey\/","og_locale":"es_ES","og_type":"article","og_title":"Fortalecimiento Deportivo Hockey - Noticias Radio Reflejos","og_description":"La Subsecretar\u00eda de Deportes de la Provincia de Buenos Aires cumple con la responsabilidad de desarrollar una pol\u00edtica deportiva que d\u00e9 respuesta a las necesidades de la ciudadan\u00eda utilizando los recursos humanos y materiales disponibles que garanticen el cumplimiento de las leyes que regulan la actividad para su aplicaci\u00f3n, acordando acciones conjuntas con otros organismos [&hellip;]","og_url":"https:\/\/www.noticiasradioreflejos.com.ar\/2021\/fortalecimiento-deportivo-hockey\/","og_site_name":"Noticias Radio Reflejos","article_published_time":"2018-06-14T18:53:48+00:00","og_image":[{"width":300,"height":200,"url":"https:\/\/www.noticiasradioreflejos.com.ar\/2021\/wp-content\/uploads\/2021\/07\/logosol300x200.png","type":"image\/png"}],"author":"Arnaldo Botto","twitter_card":"summary_large_image","schema":{"@context":"https:\/\/schema.org","@graph":[{"@type":"WebPage","@id":"https:\/\/www.noticiasradioreflejos.com.ar\/2021\/fortalecimiento-deportivo-hockey\/","url":"https:\/\/www.noticiasradioreflejos.com.ar\/2021\/fortalecimiento-deportivo-hockey\/","name":"Fortalecimiento Deportivo Hockey - Noticias Radio Reflejos","isPartOf":{"@id":"https:\/\/www.noticiasradioreflejos.com.ar\/2021\/#website"},"datePublished":"2018-06-14T18:53:48+00:00","author":{"@id":"https:\/\/www.noticiasradioreflejos.com.ar\/2021\/#\/schema\/person\/ad82545263dcc5ec0996818884fd5fb1"},"breadcrumb":{"@id":"https:\/\/www.noticiasradioreflejos.com.ar\/2021\/fortalecimiento-deportivo-hockey\/#breadcrumb"},"inLanguage":"es","potentialAction":[{"@type":"ReadAction","target":["https:\/\/www.noticiasradioreflejos.com.ar\/2021\/fortalecimiento-deportivo-hockey\/"]}]},{"@type":"BreadcrumbList","@id":"https:\/\/www.noticiasradioreflejos.com.ar\/2021\/fortalecimiento-deportivo-hockey\/#breadcrumb","itemListElement":[{"@type":"ListItem","position":1,"name":"Portada","item":"https:\/\/www.noticiasradioreflejos.com.ar\/2021\/"},{"@type":"ListItem","position":2,"name":"Fortalecimiento Deportivo Hockey"}]},{"@type":"WebSite","@id":"https:\/\/www.noticiasradioreflejos.com.ar\/2021\/#website","url":"https:\/\/www.noticiasradioreflejos.com.ar\/2021\/","name":"Noticias Radio Reflejos","description":"Las noticias de mi comarca","potentialAction":[{"@type":"SearchAction","target":{"@type":"EntryPoint","urlTemplate":"https:\/\/www.noticiasradioreflejos.com.ar\/2021\/?s={search_term_string}"},"query-input":{"@type":"PropertyValueSpecification","valueRequired":true,"valueName":"search_term_string"}}],"inLanguage":"es"},{"@type":"Person","@id":"https:\/\/www.noticiasradioreflejos.com.ar\/2021\/#\/schema\/person\/ad82545263dcc5ec0996818884fd5fb1","name":"Arnaldo Botto","image":{"@type":"ImageObject","inLanguage":"es","@id":"https:\/\/www.noticiasradioreflejos.com.ar\/2021\/#\/schema\/person\/image\/","url":"https:\/\/secure.gravatar.com\/avatar\/55cb5e37c1efa326397366e6974cb338056df65cb50e7d64d1cf314e87504837?s=96&d=mm&r=g","contentUrl":"https:\/\/secure.gravatar.com\/avatar\/55cb5e37c1efa326397366e6974cb338056df65cb50e7d64d1cf314e87504837?s=96&d=mm&r=g","caption":"Arnaldo Botto"},"url":"https:\/\/www.noticiasradioreflejos.com.ar\/2021\/author\/arnaldo\/"}]}},"_links":{"self":[{"href":"https:\/\/www.noticiasradioreflejos.com.ar\/2021\/wp-json\/wp\/v2\/posts\/22518","targetHints":{"allow":["GET"]}}],"collection":[{"href":"https:\/\/www.noticiasradioreflejos.com.ar\/2021\/wp-json\/wp\/v2\/posts"}],"about":[{"href":"https:\/\/www.noticiasradioreflejos.com.ar\/2021\/wp-json\/wp\/v2\/types\/post"}],"author":[{"embeddable":true,"href":"https:\/\/www.noticiasradioreflejos.com.ar\/2021\/wp-json\/wp\/v2\/users\/3"}],"replies":[{"embeddable":true,"href":"https:\/\/www.noticiasradioreflejos.com.ar\/2021\/wp-json\/wp\/v2\/comments?post=22518"}],"version-history":[{"count":0,"href":"https:\/\/www.noticiasradioreflejos.com.ar\/2021\/wp-json\/wp\/v2\/posts\/22518\/revisions"}],"wp:attachment":[{"href":"https:\/\/www.noticiasradioreflejos.com.ar\/2021\/wp-json\/wp\/v2\/media?parent=22518"}],"wp:term":[{"taxonomy":"category","embeddable":true,"href":"https:\/\/www.noticiasradioreflejos.com.ar\/2021\/wp-json\/wp\/v2\/categories?post=22518"},{"taxonomy":"post_tag","embeddable":true,"href":"https:\/\/www.noticiasradioreflejos.com.ar\/2021\/wp-json\/wp\/v2\/tags?post=22518"}],"curies":[{"name":"wp","href":"https:\/\/api.w.org\/{rel}","templated":true}]}}