{"id":22384,"date":"2018-06-11T16:55:20","date_gmt":"2018-06-11T19:55:20","guid":{"rendered":"http:\/\/www.noticiasradioreflejos.com.ar\/noticias\/?p=22384"},"modified":"2018-06-11T16:55:20","modified_gmt":"2018-06-11T19:55:20","slug":"carta-de-lectores-claudio-valerio","status":"publish","type":"post","link":"https:\/\/www.noticiasradioreflejos.com.ar\/2021\/carta-de-lectores-claudio-valerio\/","title":{"rendered":"&quot;Esas marcas inconfundibles de su existencia&quot;"},"content":{"rendered":"<p>Carta de lectores, Claudio Valerio:<br \/>\nUn hacendado llam\u00f3 al vecino para pedir una herramienta prestada. Al llegar al port\u00f3n, el vecino dijo: \u00abDisculpe por demorar un poco; estaba haciendo mis oraciones\u00bb.El hacendado, un incr\u00e9dulo burl\u00f3n, pregunt\u00f3: \u00ab\u00bfComo sabes qu\u00e9 existe un Dios?\u00bb El vecino explic\u00f3: \u00abVea all\u00ed en la calle. Un hombre pas\u00f3 por aqu\u00ed.<!--more--><br \/>\nYo no lo vi, pero s\u00e9 que pas\u00f3 a causa de las marcas que dej\u00f3 de sus pasos. Yo nunca vi a Dios y ni o\u00ed Su voz, pero, al mirar en rededor veo, en la naturaleza, las marcas de Su existencia. Yo necesitar\u00eda de m\u00e1s fe para rechazarlo de lo que para aceptarlo.\u00bb<br \/>\nEn todos los lugares y en todos los momentos, sentimos la presencia de Dios. Si una leve brisa toca nuestro rostro, sabemos que Dios est\u00e1 presente. Si bebemos un vaso de agua, agradecemos a Dios por darnos esa posibilidad. Si el sol nos calienta del fr\u00edo y alumbra el camino por donde pasamos, vemos como Dios cuida a nuestro bienestar. Si miramos los cielos, las estrellas, los bosques, los mares, los r\u00edos, las bellas flores que perfuman los jardines, tenemos la plena convicci\u00f3n de la existencia de Dios, que todo cre\u00f3 para nosotros.<br \/>\nAlgunos piensan que Dios es apenas para un momento de cura, para una b\u00fasqueda de prosperidad, un protector para nuestros momentos de inseguridad. Es todo eso, s\u00ed; pero es mucho m\u00e1s.<br \/>\n\u00bfQue ser\u00eda de nuestras vidas si \u00c9l no estuviese a nuestro lado, alegrando nuestros d\u00edas, consol\u00e1ndonos en los momentos de decepciones, dirigiendo nuestros pasos para que tuvi\u00e9semos una vida abundante y feliz?. Es nuestro mejor Amigo, el Consejero que tiene siempre una palabra paranuestra motivaci\u00f3n. Para cualquier lado que miramos, vemos a Dios. Y hasta cuando nos miramos en el espejo y vemos nuestra imagen, engrandecemos su nombre porque nos cre\u00f3.<br \/>\nSabemos que Dios existe. \u00a1\u00c9sa es la raz\u00f3n de nuestra felicidad!<br \/>\nDesde la ciudad de Campana (Buenos Aires) recibe un abrazo, y mi deseo que Dios te bendiga, te sonr\u00eda y permita que prosperes en todo, y derrame sobre ti, mucha Prosperidad, Amor, y Paz.<br \/>\nClaudio Valerio<\/p>\n","protected":false},"excerpt":{"rendered":"<p>Carta de lectores, Claudio Valerio: Un hacendado llam\u00f3 al vecino para pedir una herramienta prestada. Al llegar al port\u00f3n, el vecino dijo: \u00abDisculpe por demorar un poco; estaba haciendo mis oraciones\u00bb.El hacendado, un incr\u00e9dulo burl\u00f3n, pregunt\u00f3: \u00ab\u00bfComo sabes qu\u00e9 existe un Dios?\u00bb El vecino explic\u00f3: \u00abVea all\u00ed en la calle. Un hombre pas\u00f3 por aqu\u00ed.<\/p>\n","protected":false},"author":3,"featured_media":0,"comment_status":"closed","ping_status":"open","sticky":false,"template":"","format":"standard","meta":{"footnotes":""},"categories":[26],"tags":[],"class_list":["post-22384","post","type-post","status-publish","format-standard","hentry","category-sociedad"],"yoast_head":"<!-- This site is optimized with the Yoast SEO plugin v25.9 - https:\/\/yoast.com\/wordpress\/plugins\/seo\/ -->\n<title>&quot;Esas marcas inconfundibles de su existencia&quot; - Noticias Radio Reflejos<\/title>\n<meta name=\"robots\" content=\"index, follow, max-snippet:-1, max-image-preview:large, max-video-preview:-1\" \/>\n<link rel=\"canonical\" href=\"https:\/\/www.noticiasradioreflejos.com.ar\/2021\/carta-de-lectores-claudio-valerio\/\" \/>\n<meta property=\"og:locale\" content=\"es_ES\" \/>\n<meta property=\"og:type\" content=\"article\" \/>\n<meta property=\"og:title\" content=\"&quot;Esas marcas inconfundibles de su existencia&quot; - Noticias Radio Reflejos\" \/>\n<meta property=\"og:description\" content=\"Carta de lectores, Claudio Valerio: Un hacendado llam\u00f3 al vecino para pedir una herramienta prestada. Al llegar al port\u00f3n, el vecino dijo: \u00abDisculpe por demorar un poco; estaba haciendo mis oraciones\u00bb.El hacendado, un incr\u00e9dulo burl\u00f3n, pregunt\u00f3: \u00ab\u00bfComo sabes qu\u00e9 existe un Dios?\u00bb El vecino explic\u00f3: \u00abVea all\u00ed en la calle. Un hombre pas\u00f3 por aqu\u00ed.\" \/>\n<meta property=\"og:url\" content=\"https:\/\/www.noticiasradioreflejos.com.ar\/2021\/carta-de-lectores-claudio-valerio\/\" \/>\n<meta property=\"og:site_name\" content=\"Noticias Radio Reflejos\" \/>\n<meta property=\"article:published_time\" content=\"2018-06-11T19:55:20+00:00\" \/>\n<meta property=\"og:image\" content=\"https:\/\/www.noticiasradioreflejos.com.ar\/2021\/wp-content\/uploads\/2018\/04\/carta_lector_1.jpg\" \/>\n\t<meta property=\"og:image:width\" content=\"935\" \/>\n\t<meta property=\"og:image:height\" content=\"595\" \/>\n\t<meta property=\"og:image:type\" content=\"image\/jpeg\" \/>\n<meta name=\"author\" content=\"Arnaldo Botto\" \/>\n<meta name=\"twitter:card\" content=\"summary_large_image\" \/>\n<script type=\"application\/ld+json\" class=\"yoast-schema-graph\">{\"@context\":\"https:\/\/schema.org\",\"@graph\":[{\"@type\":\"WebPage\",\"@id\":\"https:\/\/www.noticiasradioreflejos.com.ar\/2021\/carta-de-lectores-claudio-valerio\/\",\"url\":\"https:\/\/www.noticiasradioreflejos.com.ar\/2021\/carta-de-lectores-claudio-valerio\/\",\"name\":\"&quot;Esas marcas inconfundibles de su existencia&quot; - Noticias Radio Reflejos\",\"isPartOf\":{\"@id\":\"https:\/\/www.noticiasradioreflejos.com.ar\/2021\/#website\"},\"datePublished\":\"2018-06-11T19:55:20+00:00\",\"author\":{\"@id\":\"https:\/\/www.noticiasradioreflejos.com.ar\/2021\/#\/schema\/person\/ad82545263dcc5ec0996818884fd5fb1\"},\"breadcrumb\":{\"@id\":\"https:\/\/www.noticiasradioreflejos.com.ar\/2021\/carta-de-lectores-claudio-valerio\/#breadcrumb\"},\"inLanguage\":\"es\",\"potentialAction\":[{\"@type\":\"ReadAction\",\"target\":[\"https:\/\/www.noticiasradioreflejos.com.ar\/2021\/carta-de-lectores-claudio-valerio\/\"]}]},{\"@type\":\"BreadcrumbList\",\"@id\":\"https:\/\/www.noticiasradioreflejos.com.ar\/2021\/carta-de-lectores-claudio-valerio\/#breadcrumb\",\"itemListElement\":[{\"@type\":\"ListItem\",\"position\":1,\"name\":\"Portada\",\"item\":\"https:\/\/www.noticiasradioreflejos.com.ar\/2021\/\"},{\"@type\":\"ListItem\",\"position\":2,\"name\":\"&quot;Esas marcas inconfundibles de su existencia&quot;\"}]},{\"@type\":\"WebSite\",\"@id\":\"https:\/\/www.noticiasradioreflejos.com.ar\/2021\/#website\",\"url\":\"https:\/\/www.noticiasradioreflejos.com.ar\/2021\/\",\"name\":\"Noticias Radio Reflejos\",\"description\":\"Las noticias de mi comarca\",\"potentialAction\":[{\"@type\":\"SearchAction\",\"target\":{\"@type\":\"EntryPoint\",\"urlTemplate\":\"https:\/\/www.noticiasradioreflejos.com.ar\/2021\/?s={search_term_string}\"},\"query-input\":{\"@type\":\"PropertyValueSpecification\",\"valueRequired\":true,\"valueName\":\"search_term_string\"}}],\"inLanguage\":\"es\"},{\"@type\":\"Person\",\"@id\":\"https:\/\/www.noticiasradioreflejos.com.ar\/2021\/#\/schema\/person\/ad82545263dcc5ec0996818884fd5fb1\",\"name\":\"Arnaldo Botto\",\"image\":{\"@type\":\"ImageObject\",\"inLanguage\":\"es\",\"@id\":\"https:\/\/www.noticiasradioreflejos.com.ar\/2021\/#\/schema\/person\/image\/\",\"url\":\"https:\/\/secure.gravatar.com\/avatar\/55cb5e37c1efa326397366e6974cb338056df65cb50e7d64d1cf314e87504837?s=96&d=mm&r=g\",\"contentUrl\":\"https:\/\/secure.gravatar.com\/avatar\/55cb5e37c1efa326397366e6974cb338056df65cb50e7d64d1cf314e87504837?s=96&d=mm&r=g\",\"caption\":\"Arnaldo Botto\"},\"url\":\"https:\/\/www.noticiasradioreflejos.com.ar\/2021\/author\/arnaldo\/\"}]}<\/script>\n<!-- \/ Yoast SEO plugin. -->","yoast_head_json":{"title":"&quot;Esas marcas inconfundibles de su existencia&quot; - Noticias Radio Reflejos","robots":{"index":"index","follow":"follow","max-snippet":"max-snippet:-1","max-image-preview":"max-image-preview:large","max-video-preview":"max-video-preview:-1"},"canonical":"https:\/\/www.noticiasradioreflejos.com.ar\/2021\/carta-de-lectores-claudio-valerio\/","og_locale":"es_ES","og_type":"article","og_title":"&quot;Esas marcas inconfundibles de su existencia&quot; - Noticias Radio Reflejos","og_description":"Carta de lectores, Claudio Valerio: Un hacendado llam\u00f3 al vecino para pedir una herramienta prestada. Al llegar al port\u00f3n, el vecino dijo: \u00abDisculpe por demorar un poco; estaba haciendo mis oraciones\u00bb.El hacendado, un incr\u00e9dulo burl\u00f3n, pregunt\u00f3: \u00ab\u00bfComo sabes qu\u00e9 existe un Dios?\u00bb El vecino explic\u00f3: \u00abVea all\u00ed en la calle. Un hombre pas\u00f3 por aqu\u00ed.","og_url":"https:\/\/www.noticiasradioreflejos.com.ar\/2021\/carta-de-lectores-claudio-valerio\/","og_site_name":"Noticias Radio Reflejos","article_published_time":"2018-06-11T19:55:20+00:00","og_image":[{"width":935,"height":595,"url":"https:\/\/www.noticiasradioreflejos.com.ar\/2021\/wp-content\/uploads\/2018\/04\/carta_lector_1.jpg","type":"image\/jpeg"}],"author":"Arnaldo Botto","twitter_card":"summary_large_image","schema":{"@context":"https:\/\/schema.org","@graph":[{"@type":"WebPage","@id":"https:\/\/www.noticiasradioreflejos.com.ar\/2021\/carta-de-lectores-claudio-valerio\/","url":"https:\/\/www.noticiasradioreflejos.com.ar\/2021\/carta-de-lectores-claudio-valerio\/","name":"&quot;Esas marcas inconfundibles de su existencia&quot; - Noticias Radio Reflejos","isPartOf":{"@id":"https:\/\/www.noticiasradioreflejos.com.ar\/2021\/#website"},"datePublished":"2018-06-11T19:55:20+00:00","author":{"@id":"https:\/\/www.noticiasradioreflejos.com.ar\/2021\/#\/schema\/person\/ad82545263dcc5ec0996818884fd5fb1"},"breadcrumb":{"@id":"https:\/\/www.noticiasradioreflejos.com.ar\/2021\/carta-de-lectores-claudio-valerio\/#breadcrumb"},"inLanguage":"es","potentialAction":[{"@type":"ReadAction","target":["https:\/\/www.noticiasradioreflejos.com.ar\/2021\/carta-de-lectores-claudio-valerio\/"]}]},{"@type":"BreadcrumbList","@id":"https:\/\/www.noticiasradioreflejos.com.ar\/2021\/carta-de-lectores-claudio-valerio\/#breadcrumb","itemListElement":[{"@type":"ListItem","position":1,"name":"Portada","item":"https:\/\/www.noticiasradioreflejos.com.ar\/2021\/"},{"@type":"ListItem","position":2,"name":"&quot;Esas marcas inconfundibles de su existencia&quot;"}]},{"@type":"WebSite","@id":"https:\/\/www.noticiasradioreflejos.com.ar\/2021\/#website","url":"https:\/\/www.noticiasradioreflejos.com.ar\/2021\/","name":"Noticias Radio Reflejos","description":"Las noticias de mi comarca","potentialAction":[{"@type":"SearchAction","target":{"@type":"EntryPoint","urlTemplate":"https:\/\/www.noticiasradioreflejos.com.ar\/2021\/?s={search_term_string}"},"query-input":{"@type":"PropertyValueSpecification","valueRequired":true,"valueName":"search_term_string"}}],"inLanguage":"es"},{"@type":"Person","@id":"https:\/\/www.noticiasradioreflejos.com.ar\/2021\/#\/schema\/person\/ad82545263dcc5ec0996818884fd5fb1","name":"Arnaldo Botto","image":{"@type":"ImageObject","inLanguage":"es","@id":"https:\/\/www.noticiasradioreflejos.com.ar\/2021\/#\/schema\/person\/image\/","url":"https:\/\/secure.gravatar.com\/avatar\/55cb5e37c1efa326397366e6974cb338056df65cb50e7d64d1cf314e87504837?s=96&d=mm&r=g","contentUrl":"https:\/\/secure.gravatar.com\/avatar\/55cb5e37c1efa326397366e6974cb338056df65cb50e7d64d1cf314e87504837?s=96&d=mm&r=g","caption":"Arnaldo Botto"},"url":"https:\/\/www.noticiasradioreflejos.com.ar\/2021\/author\/arnaldo\/"}]}},"_links":{"self":[{"href":"https:\/\/www.noticiasradioreflejos.com.ar\/2021\/wp-json\/wp\/v2\/posts\/22384","targetHints":{"allow":["GET"]}}],"collection":[{"href":"https:\/\/www.noticiasradioreflejos.com.ar\/2021\/wp-json\/wp\/v2\/posts"}],"about":[{"href":"https:\/\/www.noticiasradioreflejos.com.ar\/2021\/wp-json\/wp\/v2\/types\/post"}],"author":[{"embeddable":true,"href":"https:\/\/www.noticiasradioreflejos.com.ar\/2021\/wp-json\/wp\/v2\/users\/3"}],"replies":[{"embeddable":true,"href":"https:\/\/www.noticiasradioreflejos.com.ar\/2021\/wp-json\/wp\/v2\/comments?post=22384"}],"version-history":[{"count":0,"href":"https:\/\/www.noticiasradioreflejos.com.ar\/2021\/wp-json\/wp\/v2\/posts\/22384\/revisions"}],"wp:attachment":[{"href":"https:\/\/www.noticiasradioreflejos.com.ar\/2021\/wp-json\/wp\/v2\/media?parent=22384"}],"wp:term":[{"taxonomy":"category","embeddable":true,"href":"https:\/\/www.noticiasradioreflejos.com.ar\/2021\/wp-json\/wp\/v2\/categories?post=22384"},{"taxonomy":"post_tag","embeddable":true,"href":"https:\/\/www.noticiasradioreflejos.com.ar\/2021\/wp-json\/wp\/v2\/tags?post=22384"}],"curies":[{"name":"wp","href":"https:\/\/api.w.org\/{rel}","templated":true}]}}