{"id":22381,"date":"2018-06-11T16:52:52","date_gmt":"2018-06-11T19:52:52","guid":{"rendered":"http:\/\/www.noticiasradioreflejos.com.ar\/noticias\/?p=22381"},"modified":"2018-06-11T16:52:52","modified_gmt":"2018-06-11T19:52:52","slug":"concurso-fotografico-el-respeto-no-tiene-genero","status":"publish","type":"post","link":"https:\/\/www.noticiasradioreflejos.com.ar\/2021\/concurso-fotografico-el-respeto-no-tiene-genero\/","title":{"rendered":"Concurso Fotogr\u00e1fico &quot;El respeto no tiene Genero&quot;"},"content":{"rendered":"<p>El espacio p\u00fablico es el lugar de interacci\u00f3n social por excelencia. Como producto de las relaciones sociales, reproduce las pr\u00e1cticas de dominio de sus actores. Por eso tiene una carga social y simb\u00f3lica, refleja la distribuci\u00f3n del poder: esto incluye las din\u00e1micas entre g\u00e9neros.<!--more--><br \/>\nEl control del cuerpo femenino y la hegemonizaci\u00f3n del espacio p\u00fablico van de la mano. El acoso callejero funciona como un recordatorio permanente de que las mujeres deben aventurarse al espacio p\u00fablico bajo riesgo y someterse a las consecuencias, por estar fuera de lugar. Por escapar de la cocina, por no limitarse al rol dom\u00e9stico, por tener el atrevimiento de exigir igualdad y por ejercer libertad.<br \/>\nEl acoso callejero obliga a relacionarse con el espacio p\u00fablico vivi\u00e9ndolo como un campo de batalla, en el cual las mujeres reciben violencia y hostilidad -desde preadolescentes- s\u00f3lo por transitarlo-. Crecen entendiendo que la presencia en el espacio p\u00fablico no es leg\u00edtima porque para las mujeres, la violencia es una caracter\u00edstica inherente al espacio p\u00fablico.<br \/>\nEl acoso sexual callejero abarca todas estas conductas o acciones f\u00edsicas o verbales, de naturaleza o connotaci\u00f3n sexual, basadas en el g\u00e9nero, identidad y\/u orientaci\u00f3n sexual, realizada por una o m\u00e1s personas en contra de otra u otras que no desean o rechazan estas conductas.<br \/>\nOBJETIVO DEL CONCURSO<br \/>\nEl concurso fotogr\u00e1fico \u201cEl respeto no tiene g\u00e9nero\u201d tiene como objeto visibilizar las conductas que afectan la dignidad de las mujeres y sus derechos fundamentales, creando en ellas intimidaci\u00f3n, hostilidad, degradaci\u00f3n, humillaci\u00f3n o un ambiente ofensivo. Como tambi\u00e9n aquellas conductas que afecten al colectivo LGBTIQ (lesbianas, gays, bisexuales, trans, intersexuales, queer) por su g\u00e9nero, identidad u orientaci\u00f3n sexual.<br \/>\nCONVOCATORIA<br \/>\nEl lanzamiento de este concurso ser\u00e1 el 9 de mayo de 2018, a las 15hs. en el Anexo de La Honorable C\u00e1mara de Diputados de la Provincia de Buenos Aires y la recepci\u00f3n de fotograf\u00edas estar\u00e1 abierta hasta el 9 de agosto de 2018.<br \/>\nPARTICIPANTES<br \/>\nPodr\u00e1n participar en este concurso todos\/as los\/las fot\u00f3grafos\/as aficionados\/as, amateurs y profesionales que residan en la Provincia de Buenos Aires.<br \/>\nCONDICIONES DE PRESENTACI\u00d3N DE LAS FOTOGRAF\u00cdAS<br \/>\n1\u00b0PASO: completar el formulario de inscripci\u00f3n dirigi\u00e9ndose al siguiente link: https:\/\/docs.google.com\/forms\/d\/10V88WaYUPN90KVgNphV6Gbw4Eh7yhGnVE6fNrMzffK0\/edit<br \/>\n2\u00b0PASO: las fotos deber\u00e1n ser cargadas por la misma plataforma de inscripci\u00f3n.<br \/>\n3\u00b0 PASO: muestra y premiaci\u00f3n (lugar, horario y d\u00eda a confirmar)<br \/>\nESPECIFICACIONES T\u00c9CNICAS<br \/>\n&gt; M\u00ednimo 2, m\u00e1ximo 4.<br \/>\n&gt; Deber\u00e1n presentarse en formato digital, en alta resoluci\u00f3n, en formato JPG.<br \/>\n&gt; Podr\u00e1n ser presentadas a color, en blanco y negro o sepia.<br \/>\n&gt; Deber\u00e1n presentarse con un t\u00edtulo.<br \/>\nHabr\u00e1 dos categor\u00edas:<br \/>\nSituaciones tomadas de la ficci\u00f3n y pensadas para el objetivo<br \/>\nSituaciones tomadas de la realidad en forma directa.<br \/>\nOBLIGACIONES<br \/>\nLa sola presentaci\u00f3n al concurso implica el consentimiento y la plena aceptaci\u00f3n de la totalidad de las disposiciones de las presentes bases. El\/la concursante asumir\u00e1 todas las responsabilidades legales por el contenido de sus fotograf\u00edas en forma exclusiva. En tal sentido, declara que es autor\/a de la obra que env\u00eda y que las fotograf\u00edas han sido obtenidas con el consentimiento de las personas que en ellas aparecen y que dichas personas son mayores de edad o que los\/as responsables han dado su consentimiento, y por lo tanto, aceptan las condiciones del env\u00edo al presente.<br \/>\nPRESENTACI\u00d3N DE LAS FOTOGRAF\u00cdAS GANADORAS<br \/>\nEn el marco del D\u00eda Internacional de la Eliminaci\u00f3n de la Violencia contra la Mujer en el mes de noviembre, se realizar\u00e1 una muestra con las fotograf\u00edas ganadoras donde se les otorgar\u00e1 a los y las ganadoras una distinci\u00f3n.<br \/>\nFORMULARIO DE INSCRIPCI\u00d3N: <a href=\"https:\/\/docs.google.com\/forms\/d\/10V88WaYUPN90KVgNphV6Gbw4Eh7yhGnVE6fNrMzffK0\"> https:\/\/docs.google.com\/forms\/d\/10V88WaYUPN90KVgNphV6Gbw4Eh7yhGnVE6fNrMzffK0<\/a><\/p>\n","protected":false},"excerpt":{"rendered":"<p>El espacio p\u00fablico es el lugar de interacci\u00f3n social por excelencia. Como producto de las relaciones sociales, reproduce las pr\u00e1cticas de dominio de sus actores. Por eso tiene una carga social y simb\u00f3lica, refleja la distribuci\u00f3n del poder: esto incluye las din\u00e1micas entre g\u00e9neros.<\/p>\n","protected":false},"author":3,"featured_media":0,"comment_status":"closed","ping_status":"open","sticky":false,"template":"","format":"standard","meta":{"footnotes":""},"categories":[26],"tags":[],"class_list":["post-22381","post","type-post","status-publish","format-standard","hentry","category-sociedad"],"yoast_head":"<!-- This site is optimized with the Yoast SEO plugin v25.9 - https:\/\/yoast.com\/wordpress\/plugins\/seo\/ -->\n<title>Concurso Fotogr\u00e1fico &quot;El respeto no tiene Genero&quot; - Noticias Radio Reflejos<\/title>\n<meta name=\"robots\" content=\"index, follow, max-snippet:-1, max-image-preview:large, max-video-preview:-1\" \/>\n<link rel=\"canonical\" href=\"https:\/\/www.noticiasradioreflejos.com.ar\/2021\/concurso-fotografico-el-respeto-no-tiene-genero\/\" \/>\n<meta property=\"og:locale\" content=\"es_ES\" \/>\n<meta property=\"og:type\" content=\"article\" \/>\n<meta property=\"og:title\" content=\"Concurso Fotogr\u00e1fico &quot;El respeto no tiene Genero&quot; - Noticias Radio Reflejos\" \/>\n<meta property=\"og:description\" content=\"El espacio p\u00fablico es el lugar de interacci\u00f3n social por excelencia. Como producto de las relaciones sociales, reproduce las pr\u00e1cticas de dominio de sus actores. Por eso tiene una carga social y simb\u00f3lica, refleja la distribuci\u00f3n del poder: esto incluye las din\u00e1micas entre g\u00e9neros.\" \/>\n<meta property=\"og:url\" content=\"https:\/\/www.noticiasradioreflejos.com.ar\/2021\/concurso-fotografico-el-respeto-no-tiene-genero\/\" \/>\n<meta property=\"og:site_name\" content=\"Noticias Radio Reflejos\" \/>\n<meta property=\"article:published_time\" content=\"2018-06-11T19:52:52+00:00\" \/>\n<meta property=\"og:image\" content=\"https:\/\/www.noticiasradioreflejos.com.ar\/2021\/wp-content\/uploads\/2021\/07\/logosol300x200.png\" \/>\n\t<meta property=\"og:image:width\" content=\"300\" \/>\n\t<meta property=\"og:image:height\" content=\"200\" \/>\n\t<meta property=\"og:image:type\" content=\"image\/png\" \/>\n<meta name=\"author\" content=\"Arnaldo Botto\" \/>\n<meta name=\"twitter:card\" content=\"summary_large_image\" \/>\n<script type=\"application\/ld+json\" class=\"yoast-schema-graph\">{\"@context\":\"https:\/\/schema.org\",\"@graph\":[{\"@type\":\"WebPage\",\"@id\":\"https:\/\/www.noticiasradioreflejos.com.ar\/2021\/concurso-fotografico-el-respeto-no-tiene-genero\/\",\"url\":\"https:\/\/www.noticiasradioreflejos.com.ar\/2021\/concurso-fotografico-el-respeto-no-tiene-genero\/\",\"name\":\"Concurso Fotogr\u00e1fico &quot;El respeto no tiene Genero&quot; - Noticias Radio Reflejos\",\"isPartOf\":{\"@id\":\"https:\/\/www.noticiasradioreflejos.com.ar\/2021\/#website\"},\"datePublished\":\"2018-06-11T19:52:52+00:00\",\"author\":{\"@id\":\"https:\/\/www.noticiasradioreflejos.com.ar\/2021\/#\/schema\/person\/ad82545263dcc5ec0996818884fd5fb1\"},\"breadcrumb\":{\"@id\":\"https:\/\/www.noticiasradioreflejos.com.ar\/2021\/concurso-fotografico-el-respeto-no-tiene-genero\/#breadcrumb\"},\"inLanguage\":\"es\",\"potentialAction\":[{\"@type\":\"ReadAction\",\"target\":[\"https:\/\/www.noticiasradioreflejos.com.ar\/2021\/concurso-fotografico-el-respeto-no-tiene-genero\/\"]}]},{\"@type\":\"BreadcrumbList\",\"@id\":\"https:\/\/www.noticiasradioreflejos.com.ar\/2021\/concurso-fotografico-el-respeto-no-tiene-genero\/#breadcrumb\",\"itemListElement\":[{\"@type\":\"ListItem\",\"position\":1,\"name\":\"Portada\",\"item\":\"https:\/\/www.noticiasradioreflejos.com.ar\/2021\/\"},{\"@type\":\"ListItem\",\"position\":2,\"name\":\"Concurso Fotogr\u00e1fico &quot;El respeto no tiene Genero&quot;\"}]},{\"@type\":\"WebSite\",\"@id\":\"https:\/\/www.noticiasradioreflejos.com.ar\/2021\/#website\",\"url\":\"https:\/\/www.noticiasradioreflejos.com.ar\/2021\/\",\"name\":\"Noticias Radio Reflejos\",\"description\":\"Las noticias de mi comarca\",\"potentialAction\":[{\"@type\":\"SearchAction\",\"target\":{\"@type\":\"EntryPoint\",\"urlTemplate\":\"https:\/\/www.noticiasradioreflejos.com.ar\/2021\/?s={search_term_string}\"},\"query-input\":{\"@type\":\"PropertyValueSpecification\",\"valueRequired\":true,\"valueName\":\"search_term_string\"}}],\"inLanguage\":\"es\"},{\"@type\":\"Person\",\"@id\":\"https:\/\/www.noticiasradioreflejos.com.ar\/2021\/#\/schema\/person\/ad82545263dcc5ec0996818884fd5fb1\",\"name\":\"Arnaldo Botto\",\"image\":{\"@type\":\"ImageObject\",\"inLanguage\":\"es\",\"@id\":\"https:\/\/www.noticiasradioreflejos.com.ar\/2021\/#\/schema\/person\/image\/\",\"url\":\"https:\/\/secure.gravatar.com\/avatar\/55cb5e37c1efa326397366e6974cb338056df65cb50e7d64d1cf314e87504837?s=96&d=mm&r=g\",\"contentUrl\":\"https:\/\/secure.gravatar.com\/avatar\/55cb5e37c1efa326397366e6974cb338056df65cb50e7d64d1cf314e87504837?s=96&d=mm&r=g\",\"caption\":\"Arnaldo Botto\"},\"url\":\"https:\/\/www.noticiasradioreflejos.com.ar\/2021\/author\/arnaldo\/\"}]}<\/script>\n<!-- \/ Yoast SEO plugin. -->","yoast_head_json":{"title":"Concurso Fotogr\u00e1fico &quot;El respeto no tiene Genero&quot; - Noticias Radio Reflejos","robots":{"index":"index","follow":"follow","max-snippet":"max-snippet:-1","max-image-preview":"max-image-preview:large","max-video-preview":"max-video-preview:-1"},"canonical":"https:\/\/www.noticiasradioreflejos.com.ar\/2021\/concurso-fotografico-el-respeto-no-tiene-genero\/","og_locale":"es_ES","og_type":"article","og_title":"Concurso Fotogr\u00e1fico &quot;El respeto no tiene Genero&quot; - Noticias Radio Reflejos","og_description":"El espacio p\u00fablico es el lugar de interacci\u00f3n social por excelencia. Como producto de las relaciones sociales, reproduce las pr\u00e1cticas de dominio de sus actores. Por eso tiene una carga social y simb\u00f3lica, refleja la distribuci\u00f3n del poder: esto incluye las din\u00e1micas entre g\u00e9neros.","og_url":"https:\/\/www.noticiasradioreflejos.com.ar\/2021\/concurso-fotografico-el-respeto-no-tiene-genero\/","og_site_name":"Noticias Radio Reflejos","article_published_time":"2018-06-11T19:52:52+00:00","og_image":[{"width":300,"height":200,"url":"https:\/\/www.noticiasradioreflejos.com.ar\/2021\/wp-content\/uploads\/2021\/07\/logosol300x200.png","type":"image\/png"}],"author":"Arnaldo Botto","twitter_card":"summary_large_image","schema":{"@context":"https:\/\/schema.org","@graph":[{"@type":"WebPage","@id":"https:\/\/www.noticiasradioreflejos.com.ar\/2021\/concurso-fotografico-el-respeto-no-tiene-genero\/","url":"https:\/\/www.noticiasradioreflejos.com.ar\/2021\/concurso-fotografico-el-respeto-no-tiene-genero\/","name":"Concurso Fotogr\u00e1fico &quot;El respeto no tiene Genero&quot; - Noticias Radio Reflejos","isPartOf":{"@id":"https:\/\/www.noticiasradioreflejos.com.ar\/2021\/#website"},"datePublished":"2018-06-11T19:52:52+00:00","author":{"@id":"https:\/\/www.noticiasradioreflejos.com.ar\/2021\/#\/schema\/person\/ad82545263dcc5ec0996818884fd5fb1"},"breadcrumb":{"@id":"https:\/\/www.noticiasradioreflejos.com.ar\/2021\/concurso-fotografico-el-respeto-no-tiene-genero\/#breadcrumb"},"inLanguage":"es","potentialAction":[{"@type":"ReadAction","target":["https:\/\/www.noticiasradioreflejos.com.ar\/2021\/concurso-fotografico-el-respeto-no-tiene-genero\/"]}]},{"@type":"BreadcrumbList","@id":"https:\/\/www.noticiasradioreflejos.com.ar\/2021\/concurso-fotografico-el-respeto-no-tiene-genero\/#breadcrumb","itemListElement":[{"@type":"ListItem","position":1,"name":"Portada","item":"https:\/\/www.noticiasradioreflejos.com.ar\/2021\/"},{"@type":"ListItem","position":2,"name":"Concurso Fotogr\u00e1fico &quot;El respeto no tiene Genero&quot;"}]},{"@type":"WebSite","@id":"https:\/\/www.noticiasradioreflejos.com.ar\/2021\/#website","url":"https:\/\/www.noticiasradioreflejos.com.ar\/2021\/","name":"Noticias Radio Reflejos","description":"Las noticias de mi comarca","potentialAction":[{"@type":"SearchAction","target":{"@type":"EntryPoint","urlTemplate":"https:\/\/www.noticiasradioreflejos.com.ar\/2021\/?s={search_term_string}"},"query-input":{"@type":"PropertyValueSpecification","valueRequired":true,"valueName":"search_term_string"}}],"inLanguage":"es"},{"@type":"Person","@id":"https:\/\/www.noticiasradioreflejos.com.ar\/2021\/#\/schema\/person\/ad82545263dcc5ec0996818884fd5fb1","name":"Arnaldo Botto","image":{"@type":"ImageObject","inLanguage":"es","@id":"https:\/\/www.noticiasradioreflejos.com.ar\/2021\/#\/schema\/person\/image\/","url":"https:\/\/secure.gravatar.com\/avatar\/55cb5e37c1efa326397366e6974cb338056df65cb50e7d64d1cf314e87504837?s=96&d=mm&r=g","contentUrl":"https:\/\/secure.gravatar.com\/avatar\/55cb5e37c1efa326397366e6974cb338056df65cb50e7d64d1cf314e87504837?s=96&d=mm&r=g","caption":"Arnaldo Botto"},"url":"https:\/\/www.noticiasradioreflejos.com.ar\/2021\/author\/arnaldo\/"}]}},"_links":{"self":[{"href":"https:\/\/www.noticiasradioreflejos.com.ar\/2021\/wp-json\/wp\/v2\/posts\/22381","targetHints":{"allow":["GET"]}}],"collection":[{"href":"https:\/\/www.noticiasradioreflejos.com.ar\/2021\/wp-json\/wp\/v2\/posts"}],"about":[{"href":"https:\/\/www.noticiasradioreflejos.com.ar\/2021\/wp-json\/wp\/v2\/types\/post"}],"author":[{"embeddable":true,"href":"https:\/\/www.noticiasradioreflejos.com.ar\/2021\/wp-json\/wp\/v2\/users\/3"}],"replies":[{"embeddable":true,"href":"https:\/\/www.noticiasradioreflejos.com.ar\/2021\/wp-json\/wp\/v2\/comments?post=22381"}],"version-history":[{"count":0,"href":"https:\/\/www.noticiasradioreflejos.com.ar\/2021\/wp-json\/wp\/v2\/posts\/22381\/revisions"}],"wp:attachment":[{"href":"https:\/\/www.noticiasradioreflejos.com.ar\/2021\/wp-json\/wp\/v2\/media?parent=22381"}],"wp:term":[{"taxonomy":"category","embeddable":true,"href":"https:\/\/www.noticiasradioreflejos.com.ar\/2021\/wp-json\/wp\/v2\/categories?post=22381"},{"taxonomy":"post_tag","embeddable":true,"href":"https:\/\/www.noticiasradioreflejos.com.ar\/2021\/wp-json\/wp\/v2\/tags?post=22381"}],"curies":[{"name":"wp","href":"https:\/\/api.w.org\/{rel}","templated":true}]}}