{"id":22366,"date":"2018-06-11T16:28:39","date_gmt":"2018-06-11T19:28:39","guid":{"rendered":"http:\/\/www.noticiasradioreflejos.com.ar\/noticias\/?p=22366"},"modified":"2018-06-11T16:28:39","modified_gmt":"2018-06-11T19:28:39","slug":"las-inferiores-de-automoto-siguen-sumando","status":"publish","type":"post","link":"https:\/\/www.noticiasradioreflejos.com.ar\/2021\/las-inferiores-de-automoto-siguen-sumando\/","title":{"rendered":"Las inferiores de Automoto siguen sumando"},"content":{"rendered":"<p>La goleada de la Sexta y el empate de la Octava fue el saldo de la presentaci\u00f3n de las inferiores del Automoto Club Deportivo ante El Progreso de Santa Mar\u00eda, en el marco de la decimotercera jornada del torneo Apertura que organiza la Liga Regional de F\u00fatbol de Coronel Su\u00e1rez.<!--more--><br \/>\nLas otras dos divisiones tuvieron jornada de descanso, teniendo en cuenta que el visitante s\u00f3lo cuenta con dos categor\u00edas en la presente temporada.<br \/>\nLa Sexta fue netamente superior a su rival y termin\u00f3 ganando por 7 a 0, gracias a los goles del artillero Valentino Bucchi (3), Sim\u00f3n Wallace (2), Santiago Santana y Nicol\u00e1s Abreg\u00fa.<br \/>\nDe este modo, el azulgrana lleg\u00f3 a los 15 puntos y se mantiene a uno del cuarto Club Sarmiento de Pig\u00fc\u00e9, el pr\u00f3ximo rival.<br \/>\nPor su parte, la Octava resign\u00f3 dos unidades al igualar con El Progreso sin abrir el marcador. El resultado, y la victoria de San Mart\u00edn de Santa Trinidad, lo dej\u00f3 en la segunda ubicaci\u00f3n, a dos unidades del antes mencionado.<br \/>\nLa actividad del pr\u00f3ximo s\u00e1bado se trasladar\u00e1 al mi\u00e9rcoles 20 (feriado nacional), como consecuencia de la presentaci\u00f3n de la Selecci\u00f3n Argentina en el Mundial de Rusia 2018. Ese d\u00eda, Automoto recibir\u00e1 a Club Sarmiento en todas las categor\u00edas.<br \/>\nLas tablas de posiciones de la Zona \u201cA\u201d son las siguientes:<br \/>\nQuinta<br \/>\nEquipo Pts PJ G E P Gf Gc<br \/>\nBoca Juniors 30 10 10 0 0 35 6<br \/>\nClub Sarmiento 24 9 8 0 1 28 6<br \/>\nPe\u00f1arol (Pig\u00fc\u00e9) 13 8 4 1 3 24 15<br \/>\nAutomoto 12 8 4 0 4 11 15<br \/>\nSan Mart\u00edn (ST) 12 9 4 0 5 19 29<br \/>\nE. de Comercio 10 8 3 1 4 17 21<br \/>\nUni\u00f3n (T) 9 10 3 0 7 15 22<br \/>\nSan Mart\u00edn (S) 7 9 2 1 6 9 24<br \/>\nIndependiente 1 9 0 1 8 6 26<br \/>\nSexta<br \/>\nEquipo Pts PJ G E P Gf Gc<br \/>\nBoca Juniors 28 10 9 1 0 36 7<br \/>\nUni\u00f3n (Tornquist) 23 10 7 2 1 31 11<br \/>\nPe\u00f1arol (P) 17 8 5 2 1 29 4<br \/>\nClub Sarmiento 16 8 5 1 2 22 8<br \/>\nAutomoto 15 9 4 3 2 27 12<br \/>\nE. de Comercio 5 8 1 2 5 3 21<br \/>\nIndependiente 4 9 1 1 7 7 30<br \/>\nSan Mart\u00edn (ST) 3 9 1 0 8 7 37<br \/>\nEl Progreso 3 9 1 0 8 6 38<br \/>\nS\u00e9ptima<br \/>\nEquipo Pts PJ G E P Gf Gc<br \/>\nClub Sarmiento A 25 10 8 1 1 46 7<br \/>\nE. de Comercio 22 10 7 1 2 30 10<br \/>\nPe\u00f1arol (Pig\u00fc\u00e9) 21 9 7 0 2 33 11<br \/>\nBoca Juniors 17 11 4 5 2 14 8<br \/>\nUni\u00f3n (Tornquist) 16 11 5 1 5 29 35<br \/>\nD. Sarmiento B 14 11 4 2 5 22 23<br \/>\nAutomoto 13 9 3 4 2 23 14<br \/>\nSan Mart\u00edn (ST) 11 10 3 2 5 15 25<br \/>\nSan Mart\u00edn (S) 5 10 1 2 7 6 49<br \/>\nIndependiente 0 11 0 0 11 3 39<br \/>\nOctava<br \/>\nEquipo Pts PJ G E P Gf Gc<br \/>\nSan Mart\u00edn (ST) 27 11 8 3 0 22 5<br \/>\nAutomoto 25 10 8 1 1 25 4<br \/>\nClub Sarmiento A 20 10 6 2 2 19 8<br \/>\nEl Progreso 17 11 5 2 4 23 11<br \/>\nSan Mart\u00edn (S) 16 11 4 4 3 9 15<br \/>\nBoca Juniors 13 11 3 4 4 11 11<br \/>\nD. Sarmiento B 11 10 3 2 5 8 18<br \/>\nIndependiente 11 11 3 2 6 9 17<br \/>\nPe\u00f1arol (Pig\u00fc\u00e9) 4 8 1 1 6 4 22<br \/>\nUni\u00f3n (Tornquist) 1 11 0 1 10 3 22<br \/>\nM\u00e1s fotos: https:\/\/www.facebook.com\/pg\/automototornquist\/photos\/?tab=album&amp;album_id=1904504929569504<br \/>\nDepartamento de Prensa \u2013 Automoto Club Deportivo<br \/>\nwww.clubautomotopasion.com.ar<br \/>\nFacebook: \/automototornquist<br \/>\nTwitter: @ClubAutomoto<br \/>\n<a href=\"http:\/\/farm2.staticflickr.com\/1752\/42739962551_883aa7f743_z.jpg\" title=\"automoto sigue sumando4\" rel=\"\"><img loading=\"lazy\" decoding=\"async\" src=\"http:\/\/farm2.staticflickr.com\/1752\/42739962551_883aa7f743_z.jpg\" width=\"640\" height=\"555\" alt=\"automoto sigue sumando4\" title=\"automoto sigue sumando4\" class=\"aligncenter\"><\/a><br \/>\n<a href=\"http:\/\/farm2.staticflickr.com\/1742\/42739962671_6d80be8b6b_z.jpg\" title=\"automoto sigue sumando3\" rel=\"\"><img loading=\"lazy\" decoding=\"async\" src=\"http:\/\/farm2.staticflickr.com\/1742\/42739962671_6d80be8b6b_z.jpg\" width=\"640\" height=\"281\" alt=\"automoto sigue sumando3\" title=\"automoto sigue sumando3\" class=\"aligncenter\"><\/a><br \/>\n<a href=\"http:\/\/farm2.staticflickr.com\/1746\/42739964161_c2393e5657_z.jpg\" title=\"automoto sigue sumando2\" rel=\"\"><img loading=\"lazy\" decoding=\"async\" src=\"http:\/\/farm2.staticflickr.com\/1746\/42739964161_c2393e5657_z.jpg\" width=\"640\" height=\"503\" alt=\"automoto sigue sumando2\" title=\"automoto sigue sumando2\" class=\"aligncenter\"><\/a><\/p>\n","protected":false},"excerpt":{"rendered":"<p>La goleada de la Sexta y el empate de la Octava fue el saldo de la presentaci\u00f3n de las inferiores del Automoto Club Deportivo ante El Progreso de Santa Mar\u00eda, en el marco de la decimotercera jornada del torneo Apertura que organiza la Liga Regional de F\u00fatbol de Coronel Su\u00e1rez.<\/p>\n","protected":false},"author":3,"featured_media":0,"comment_status":"closed","ping_status":"open","sticky":false,"template":"","format":"standard","meta":{"footnotes":""},"categories":[27],"tags":[],"class_list":["post-22366","post","type-post","status-publish","format-standard","hentry","category-deportes"],"yoast_head":"<!-- This site is optimized with the Yoast SEO plugin v25.9 - https:\/\/yoast.com\/wordpress\/plugins\/seo\/ -->\n<title>Las inferiores de Automoto siguen sumando - Noticias Radio Reflejos<\/title>\n<meta name=\"robots\" content=\"index, follow, max-snippet:-1, max-image-preview:large, max-video-preview:-1\" \/>\n<link rel=\"canonical\" href=\"https:\/\/www.noticiasradioreflejos.com.ar\/2021\/las-inferiores-de-automoto-siguen-sumando\/\" \/>\n<meta property=\"og:locale\" content=\"es_ES\" \/>\n<meta property=\"og:type\" content=\"article\" \/>\n<meta property=\"og:title\" content=\"Las inferiores de Automoto siguen sumando - Noticias Radio Reflejos\" \/>\n<meta property=\"og:description\" content=\"La goleada de la Sexta y el empate de la Octava fue el saldo de la presentaci\u00f3n de las inferiores del Automoto Club Deportivo ante El Progreso de Santa Mar\u00eda, en el marco de la decimotercera jornada del torneo Apertura que organiza la Liga Regional de F\u00fatbol de Coronel Su\u00e1rez.\" \/>\n<meta property=\"og:url\" content=\"https:\/\/www.noticiasradioreflejos.com.ar\/2021\/las-inferiores-de-automoto-siguen-sumando\/\" \/>\n<meta property=\"og:site_name\" content=\"Noticias Radio Reflejos\" \/>\n<meta property=\"article:published_time\" content=\"2018-06-11T19:28:39+00:00\" \/>\n<meta property=\"og:image\" content=\"http:\/\/farm2.staticflickr.com\/1752\/42739962551_883aa7f743_z.jpg\" \/>\n<meta name=\"author\" content=\"Arnaldo Botto\" \/>\n<meta name=\"twitter:card\" content=\"summary_large_image\" \/>\n<script type=\"application\/ld+json\" class=\"yoast-schema-graph\">{\"@context\":\"https:\/\/schema.org\",\"@graph\":[{\"@type\":\"WebPage\",\"@id\":\"https:\/\/www.noticiasradioreflejos.com.ar\/2021\/las-inferiores-de-automoto-siguen-sumando\/\",\"url\":\"https:\/\/www.noticiasradioreflejos.com.ar\/2021\/las-inferiores-de-automoto-siguen-sumando\/\",\"name\":\"Las inferiores de Automoto siguen sumando - Noticias Radio Reflejos\",\"isPartOf\":{\"@id\":\"https:\/\/www.noticiasradioreflejos.com.ar\/2021\/#website\"},\"primaryImageOfPage\":{\"@id\":\"https:\/\/www.noticiasradioreflejos.com.ar\/2021\/las-inferiores-de-automoto-siguen-sumando\/#primaryimage\"},\"image\":{\"@id\":\"https:\/\/www.noticiasradioreflejos.com.ar\/2021\/las-inferiores-de-automoto-siguen-sumando\/#primaryimage\"},\"thumbnailUrl\":\"http:\/\/farm2.staticflickr.com\/1752\/42739962551_883aa7f743_z.jpg\",\"datePublished\":\"2018-06-11T19:28:39+00:00\",\"author\":{\"@id\":\"https:\/\/www.noticiasradioreflejos.com.ar\/2021\/#\/schema\/person\/ad82545263dcc5ec0996818884fd5fb1\"},\"breadcrumb\":{\"@id\":\"https:\/\/www.noticiasradioreflejos.com.ar\/2021\/las-inferiores-de-automoto-siguen-sumando\/#breadcrumb\"},\"inLanguage\":\"es\",\"potentialAction\":[{\"@type\":\"ReadAction\",\"target\":[\"https:\/\/www.noticiasradioreflejos.com.ar\/2021\/las-inferiores-de-automoto-siguen-sumando\/\"]}]},{\"@type\":\"ImageObject\",\"inLanguage\":\"es\",\"@id\":\"https:\/\/www.noticiasradioreflejos.com.ar\/2021\/las-inferiores-de-automoto-siguen-sumando\/#primaryimage\",\"url\":\"http:\/\/farm2.staticflickr.com\/1752\/42739962551_883aa7f743_z.jpg\",\"contentUrl\":\"http:\/\/farm2.staticflickr.com\/1752\/42739962551_883aa7f743_z.jpg\"},{\"@type\":\"BreadcrumbList\",\"@id\":\"https:\/\/www.noticiasradioreflejos.com.ar\/2021\/las-inferiores-de-automoto-siguen-sumando\/#breadcrumb\",\"itemListElement\":[{\"@type\":\"ListItem\",\"position\":1,\"name\":\"Portada\",\"item\":\"https:\/\/www.noticiasradioreflejos.com.ar\/2021\/\"},{\"@type\":\"ListItem\",\"position\":2,\"name\":\"Las inferiores de Automoto siguen sumando\"}]},{\"@type\":\"WebSite\",\"@id\":\"https:\/\/www.noticiasradioreflejos.com.ar\/2021\/#website\",\"url\":\"https:\/\/www.noticiasradioreflejos.com.ar\/2021\/\",\"name\":\"Noticias Radio Reflejos\",\"description\":\"Las noticias de mi comarca\",\"potentialAction\":[{\"@type\":\"SearchAction\",\"target\":{\"@type\":\"EntryPoint\",\"urlTemplate\":\"https:\/\/www.noticiasradioreflejos.com.ar\/2021\/?s={search_term_string}\"},\"query-input\":{\"@type\":\"PropertyValueSpecification\",\"valueRequired\":true,\"valueName\":\"search_term_string\"}}],\"inLanguage\":\"es\"},{\"@type\":\"Person\",\"@id\":\"https:\/\/www.noticiasradioreflejos.com.ar\/2021\/#\/schema\/person\/ad82545263dcc5ec0996818884fd5fb1\",\"name\":\"Arnaldo Botto\",\"image\":{\"@type\":\"ImageObject\",\"inLanguage\":\"es\",\"@id\":\"https:\/\/www.noticiasradioreflejos.com.ar\/2021\/#\/schema\/person\/image\/\",\"url\":\"https:\/\/secure.gravatar.com\/avatar\/55cb5e37c1efa326397366e6974cb338056df65cb50e7d64d1cf314e87504837?s=96&d=mm&r=g\",\"contentUrl\":\"https:\/\/secure.gravatar.com\/avatar\/55cb5e37c1efa326397366e6974cb338056df65cb50e7d64d1cf314e87504837?s=96&d=mm&r=g\",\"caption\":\"Arnaldo Botto\"},\"url\":\"https:\/\/www.noticiasradioreflejos.com.ar\/2021\/author\/arnaldo\/\"}]}<\/script>\n<!-- \/ Yoast SEO plugin. -->","yoast_head_json":{"title":"Las inferiores de Automoto siguen sumando - Noticias Radio Reflejos","robots":{"index":"index","follow":"follow","max-snippet":"max-snippet:-1","max-image-preview":"max-image-preview:large","max-video-preview":"max-video-preview:-1"},"canonical":"https:\/\/www.noticiasradioreflejos.com.ar\/2021\/las-inferiores-de-automoto-siguen-sumando\/","og_locale":"es_ES","og_type":"article","og_title":"Las inferiores de Automoto siguen sumando - Noticias Radio Reflejos","og_description":"La goleada de la Sexta y el empate de la Octava fue el saldo de la presentaci\u00f3n de las inferiores del Automoto Club Deportivo ante El Progreso de Santa Mar\u00eda, en el marco de la decimotercera jornada del torneo Apertura que organiza la Liga Regional de F\u00fatbol de Coronel Su\u00e1rez.","og_url":"https:\/\/www.noticiasradioreflejos.com.ar\/2021\/las-inferiores-de-automoto-siguen-sumando\/","og_site_name":"Noticias Radio Reflejos","article_published_time":"2018-06-11T19:28:39+00:00","og_image":[{"url":"http:\/\/farm2.staticflickr.com\/1752\/42739962551_883aa7f743_z.jpg","type":"","width":"","height":""}],"author":"Arnaldo Botto","twitter_card":"summary_large_image","schema":{"@context":"https:\/\/schema.org","@graph":[{"@type":"WebPage","@id":"https:\/\/www.noticiasradioreflejos.com.ar\/2021\/las-inferiores-de-automoto-siguen-sumando\/","url":"https:\/\/www.noticiasradioreflejos.com.ar\/2021\/las-inferiores-de-automoto-siguen-sumando\/","name":"Las inferiores de Automoto siguen sumando - Noticias Radio Reflejos","isPartOf":{"@id":"https:\/\/www.noticiasradioreflejos.com.ar\/2021\/#website"},"primaryImageOfPage":{"@id":"https:\/\/www.noticiasradioreflejos.com.ar\/2021\/las-inferiores-de-automoto-siguen-sumando\/#primaryimage"},"image":{"@id":"https:\/\/www.noticiasradioreflejos.com.ar\/2021\/las-inferiores-de-automoto-siguen-sumando\/#primaryimage"},"thumbnailUrl":"http:\/\/farm2.staticflickr.com\/1752\/42739962551_883aa7f743_z.jpg","datePublished":"2018-06-11T19:28:39+00:00","author":{"@id":"https:\/\/www.noticiasradioreflejos.com.ar\/2021\/#\/schema\/person\/ad82545263dcc5ec0996818884fd5fb1"},"breadcrumb":{"@id":"https:\/\/www.noticiasradioreflejos.com.ar\/2021\/las-inferiores-de-automoto-siguen-sumando\/#breadcrumb"},"inLanguage":"es","potentialAction":[{"@type":"ReadAction","target":["https:\/\/www.noticiasradioreflejos.com.ar\/2021\/las-inferiores-de-automoto-siguen-sumando\/"]}]},{"@type":"ImageObject","inLanguage":"es","@id":"https:\/\/www.noticiasradioreflejos.com.ar\/2021\/las-inferiores-de-automoto-siguen-sumando\/#primaryimage","url":"http:\/\/farm2.staticflickr.com\/1752\/42739962551_883aa7f743_z.jpg","contentUrl":"http:\/\/farm2.staticflickr.com\/1752\/42739962551_883aa7f743_z.jpg"},{"@type":"BreadcrumbList","@id":"https:\/\/www.noticiasradioreflejos.com.ar\/2021\/las-inferiores-de-automoto-siguen-sumando\/#breadcrumb","itemListElement":[{"@type":"ListItem","position":1,"name":"Portada","item":"https:\/\/www.noticiasradioreflejos.com.ar\/2021\/"},{"@type":"ListItem","position":2,"name":"Las inferiores de Automoto siguen sumando"}]},{"@type":"WebSite","@id":"https:\/\/www.noticiasradioreflejos.com.ar\/2021\/#website","url":"https:\/\/www.noticiasradioreflejos.com.ar\/2021\/","name":"Noticias Radio Reflejos","description":"Las noticias de mi comarca","potentialAction":[{"@type":"SearchAction","target":{"@type":"EntryPoint","urlTemplate":"https:\/\/www.noticiasradioreflejos.com.ar\/2021\/?s={search_term_string}"},"query-input":{"@type":"PropertyValueSpecification","valueRequired":true,"valueName":"search_term_string"}}],"inLanguage":"es"},{"@type":"Person","@id":"https:\/\/www.noticiasradioreflejos.com.ar\/2021\/#\/schema\/person\/ad82545263dcc5ec0996818884fd5fb1","name":"Arnaldo Botto","image":{"@type":"ImageObject","inLanguage":"es","@id":"https:\/\/www.noticiasradioreflejos.com.ar\/2021\/#\/schema\/person\/image\/","url":"https:\/\/secure.gravatar.com\/avatar\/55cb5e37c1efa326397366e6974cb338056df65cb50e7d64d1cf314e87504837?s=96&d=mm&r=g","contentUrl":"https:\/\/secure.gravatar.com\/avatar\/55cb5e37c1efa326397366e6974cb338056df65cb50e7d64d1cf314e87504837?s=96&d=mm&r=g","caption":"Arnaldo Botto"},"url":"https:\/\/www.noticiasradioreflejos.com.ar\/2021\/author\/arnaldo\/"}]}},"_links":{"self":[{"href":"https:\/\/www.noticiasradioreflejos.com.ar\/2021\/wp-json\/wp\/v2\/posts\/22366","targetHints":{"allow":["GET"]}}],"collection":[{"href":"https:\/\/www.noticiasradioreflejos.com.ar\/2021\/wp-json\/wp\/v2\/posts"}],"about":[{"href":"https:\/\/www.noticiasradioreflejos.com.ar\/2021\/wp-json\/wp\/v2\/types\/post"}],"author":[{"embeddable":true,"href":"https:\/\/www.noticiasradioreflejos.com.ar\/2021\/wp-json\/wp\/v2\/users\/3"}],"replies":[{"embeddable":true,"href":"https:\/\/www.noticiasradioreflejos.com.ar\/2021\/wp-json\/wp\/v2\/comments?post=22366"}],"version-history":[{"count":0,"href":"https:\/\/www.noticiasradioreflejos.com.ar\/2021\/wp-json\/wp\/v2\/posts\/22366\/revisions"}],"wp:attachment":[{"href":"https:\/\/www.noticiasradioreflejos.com.ar\/2021\/wp-json\/wp\/v2\/media?parent=22366"}],"wp:term":[{"taxonomy":"category","embeddable":true,"href":"https:\/\/www.noticiasradioreflejos.com.ar\/2021\/wp-json\/wp\/v2\/categories?post=22366"},{"taxonomy":"post_tag","embeddable":true,"href":"https:\/\/www.noticiasradioreflejos.com.ar\/2021\/wp-json\/wp\/v2\/tags?post=22366"}],"curies":[{"name":"wp","href":"https:\/\/api.w.org\/{rel}","templated":true}]}}