{"id":22360,"date":"2018-06-11T08:46:39","date_gmt":"2018-06-11T11:46:39","guid":{"rendered":"http:\/\/www.noticiasradioreflejos.com.ar\/noticias\/?p=22360"},"modified":"2018-06-11T08:46:39","modified_gmt":"2018-06-11T11:46:39","slug":"llega-una-intensa-ola-de-frio-y-posibles-nevadas-a-la-comarca","status":"publish","type":"post","link":"https:\/\/www.noticiasradioreflejos.com.ar\/2021\/llega-una-intensa-ola-de-frio-y-posibles-nevadas-a-la-comarca\/","title":{"rendered":"Llega una intensa ola de fr\u00edo y posibles nevadas a la Comarca."},"content":{"rendered":"<p><a href=\"http:\/\/www.noticiasradioreflejos.com.ar\/noticias\/wp-content\/uploads\/2018\/06\/100_4437.jpg\"><img loading=\"lazy\" decoding=\"async\" class=\"alignleft size-large wp-image-22361\" src=\"http:\/\/www.noticiasradioreflejos.com.ar\/noticias\/wp-content\/uploads\/2018\/06\/100_4437-1024x768.jpg\" alt=\"100_4437\" width=\"1024\" height=\"768\" \/><\/a>Una fuerte e intensa ola de fr\u00edo llagar\u00e1 en las pr\u00f3ximas horas a la zona serrana con temperaturas que se ubicar\u00edan entre los -5\u00b0 y los 7\u00b0 de m\u00e1xima con lluvias y nevadas.<br \/>\n<!--more--><br \/>\nLas provincias patag\u00f3nicas desde hace 48 hs est\u00e1n en emergencia por las intensas nevadas que se registran principalmente en la zona cordillerana. El f\u00e9nomeno arribar\u00e1 a nuestra comarca en las pr\u00f3ximas horas y comenzar\u00e1 a sentirse a partir de ma\u00f1ana, martes donde tambi\u00e9n se registraran precipitaciones, con nevadas en las sierras y posiblemente en el Villa ventana Y Sierra de la Ventana.<br \/>\nLas provincias de Neuqu\u00e9n y Chubut formaron desde el s\u00e1bado, comit\u00e9 de emergencia para atender las necesidades de la poblaci\u00f3n durante un temporal de nieve que mantiene intransitables las rutas y amenaza con \u00abviento blanco\u00bb durante las dos jornadas pr\u00f3ximas, inform\u00f3 el gobierno neuquino.<br \/>\n\u00abSe mantienen las condiciones previstas con el ingreso de un sistema de aire polar, bajas temperaturas y nevadas intensas sobre la provincia\u00bb, anunci\u00f3 el Comit\u00e9 en un comunicado.<br \/>\nEl temporal \u00abafecta el centro oeste con precipitaciones de variada intensidad, especialmente nevadas intensas y viento blanco durante las pr\u00f3ximas 48 horas, con mejoramientos temporarios\u00bb, pronostica. \u00abEn los valles y meseta se registrar\u00e1n per\u00edodos de lluvia y aguanieve\u00bb, indica el Comit\u00e9.<br \/>\nEst\u00e1n \u00abintransitables todas las rutas de la zona afectada por el temporal, por lo que est\u00e1 cortada la circulaci\u00f3n de veh\u00edculos de la ruta nacional 237 desde Pic\u00fan Leuf\u00fa hacia el sur; desde Challac\u00f3 por ruta nacional 22 hacia Zapala; y por ruta nacional 40 desde Zapala hacia el centro, sur y norte de la provincia\u00bb, precisa el organismo.<br \/>\nEl Comit\u00e9 recomend\u00f3 usar los n\u00fameros telef\u00f3nicos 107 para Emergencias M\u00e9dicas; el 105 de Defensa Civil; el 100 de Bomberos y el 101 de la Polic\u00eda.<\/p>\n","protected":false},"excerpt":{"rendered":"<p>Una fuerte e intensa ola de fr\u00edo llagar\u00e1 en las pr\u00f3ximas horas a la zona serrana con temperaturas que se ubicar\u00edan entre los -5\u00b0 y los 7\u00b0 de m\u00e1xima con lluvias y nevadas.<\/p>\n","protected":false},"author":3,"featured_media":12301,"comment_status":"closed","ping_status":"open","sticky":false,"template":"","format":"standard","meta":{"footnotes":""},"categories":[26],"tags":[],"class_list":["post-22360","post","type-post","status-publish","format-standard","has-post-thumbnail","hentry","category-sociedad"],"yoast_head":"<!-- This site is optimized with the Yoast SEO plugin v25.9 - https:\/\/yoast.com\/wordpress\/plugins\/seo\/ -->\n<title>Llega una intensa ola de fr\u00edo y posibles nevadas a la Comarca. - Noticias Radio Reflejos<\/title>\n<meta name=\"robots\" content=\"index, follow, max-snippet:-1, max-image-preview:large, max-video-preview:-1\" \/>\n<link rel=\"canonical\" href=\"https:\/\/www.noticiasradioreflejos.com.ar\/2021\/llega-una-intensa-ola-de-frio-y-posibles-nevadas-a-la-comarca\/\" \/>\n<meta property=\"og:locale\" content=\"es_ES\" \/>\n<meta property=\"og:type\" content=\"article\" \/>\n<meta property=\"og:title\" content=\"Llega una intensa ola de fr\u00edo y posibles nevadas a la Comarca. - Noticias Radio Reflejos\" \/>\n<meta property=\"og:description\" content=\"Una fuerte e intensa ola de fr\u00edo llagar\u00e1 en las pr\u00f3ximas horas a la zona serrana con temperaturas que se ubicar\u00edan entre los -5\u00b0 y los 7\u00b0 de m\u00e1xima con lluvias y nevadas.\" \/>\n<meta property=\"og:url\" content=\"https:\/\/www.noticiasradioreflejos.com.ar\/2021\/llega-una-intensa-ola-de-frio-y-posibles-nevadas-a-la-comarca\/\" \/>\n<meta property=\"og:site_name\" content=\"Noticias Radio Reflejos\" \/>\n<meta property=\"article:published_time\" content=\"2018-06-11T11:46:39+00:00\" \/>\n<meta property=\"og:image\" content=\"https:\/\/www.noticiasradioreflejos.com.ar\/2021\/wp-content\/uploads\/2017\/07\/nevo24_381805263.jpg\" \/>\n\t<meta property=\"og:image:width\" content=\"903\" \/>\n\t<meta property=\"og:image:height\" content=\"600\" \/>\n\t<meta property=\"og:image:type\" content=\"image\/jpeg\" \/>\n<meta name=\"author\" content=\"Arnaldo Botto\" \/>\n<meta name=\"twitter:card\" content=\"summary_large_image\" \/>\n<script type=\"application\/ld+json\" class=\"yoast-schema-graph\">{\"@context\":\"https:\/\/schema.org\",\"@graph\":[{\"@type\":\"WebPage\",\"@id\":\"https:\/\/www.noticiasradioreflejos.com.ar\/2021\/llega-una-intensa-ola-de-frio-y-posibles-nevadas-a-la-comarca\/\",\"url\":\"https:\/\/www.noticiasradioreflejos.com.ar\/2021\/llega-una-intensa-ola-de-frio-y-posibles-nevadas-a-la-comarca\/\",\"name\":\"Llega una intensa ola de fr\u00edo y posibles nevadas a la Comarca. - Noticias Radio Reflejos\",\"isPartOf\":{\"@id\":\"https:\/\/www.noticiasradioreflejos.com.ar\/2021\/#website\"},\"primaryImageOfPage\":{\"@id\":\"https:\/\/www.noticiasradioreflejos.com.ar\/2021\/llega-una-intensa-ola-de-frio-y-posibles-nevadas-a-la-comarca\/#primaryimage\"},\"image\":{\"@id\":\"https:\/\/www.noticiasradioreflejos.com.ar\/2021\/llega-una-intensa-ola-de-frio-y-posibles-nevadas-a-la-comarca\/#primaryimage\"},\"thumbnailUrl\":\"https:\/\/www.noticiasradioreflejos.com.ar\/2021\/wp-content\/uploads\/2017\/07\/nevo24_381805263.jpg\",\"datePublished\":\"2018-06-11T11:46:39+00:00\",\"author\":{\"@id\":\"https:\/\/www.noticiasradioreflejos.com.ar\/2021\/#\/schema\/person\/ad82545263dcc5ec0996818884fd5fb1\"},\"breadcrumb\":{\"@id\":\"https:\/\/www.noticiasradioreflejos.com.ar\/2021\/llega-una-intensa-ola-de-frio-y-posibles-nevadas-a-la-comarca\/#breadcrumb\"},\"inLanguage\":\"es\",\"potentialAction\":[{\"@type\":\"ReadAction\",\"target\":[\"https:\/\/www.noticiasradioreflejos.com.ar\/2021\/llega-una-intensa-ola-de-frio-y-posibles-nevadas-a-la-comarca\/\"]}]},{\"@type\":\"ImageObject\",\"inLanguage\":\"es\",\"@id\":\"https:\/\/www.noticiasradioreflejos.com.ar\/2021\/llega-una-intensa-ola-de-frio-y-posibles-nevadas-a-la-comarca\/#primaryimage\",\"url\":\"https:\/\/www.noticiasradioreflejos.com.ar\/2021\/wp-content\/uploads\/2017\/07\/nevo24_381805263.jpg\",\"contentUrl\":\"https:\/\/www.noticiasradioreflejos.com.ar\/2021\/wp-content\/uploads\/2017\/07\/nevo24_381805263.jpg\",\"width\":903,\"height\":600},{\"@type\":\"BreadcrumbList\",\"@id\":\"https:\/\/www.noticiasradioreflejos.com.ar\/2021\/llega-una-intensa-ola-de-frio-y-posibles-nevadas-a-la-comarca\/#breadcrumb\",\"itemListElement\":[{\"@type\":\"ListItem\",\"position\":1,\"name\":\"Portada\",\"item\":\"https:\/\/www.noticiasradioreflejos.com.ar\/2021\/\"},{\"@type\":\"ListItem\",\"position\":2,\"name\":\"Llega una intensa ola de fr\u00edo y posibles nevadas a la Comarca.\"}]},{\"@type\":\"WebSite\",\"@id\":\"https:\/\/www.noticiasradioreflejos.com.ar\/2021\/#website\",\"url\":\"https:\/\/www.noticiasradioreflejos.com.ar\/2021\/\",\"name\":\"Noticias Radio Reflejos\",\"description\":\"Las noticias de mi comarca\",\"potentialAction\":[{\"@type\":\"SearchAction\",\"target\":{\"@type\":\"EntryPoint\",\"urlTemplate\":\"https:\/\/www.noticiasradioreflejos.com.ar\/2021\/?s={search_term_string}\"},\"query-input\":{\"@type\":\"PropertyValueSpecification\",\"valueRequired\":true,\"valueName\":\"search_term_string\"}}],\"inLanguage\":\"es\"},{\"@type\":\"Person\",\"@id\":\"https:\/\/www.noticiasradioreflejos.com.ar\/2021\/#\/schema\/person\/ad82545263dcc5ec0996818884fd5fb1\",\"name\":\"Arnaldo Botto\",\"image\":{\"@type\":\"ImageObject\",\"inLanguage\":\"es\",\"@id\":\"https:\/\/www.noticiasradioreflejos.com.ar\/2021\/#\/schema\/person\/image\/\",\"url\":\"https:\/\/secure.gravatar.com\/avatar\/55cb5e37c1efa326397366e6974cb338056df65cb50e7d64d1cf314e87504837?s=96&d=mm&r=g\",\"contentUrl\":\"https:\/\/secure.gravatar.com\/avatar\/55cb5e37c1efa326397366e6974cb338056df65cb50e7d64d1cf314e87504837?s=96&d=mm&r=g\",\"caption\":\"Arnaldo Botto\"},\"url\":\"https:\/\/www.noticiasradioreflejos.com.ar\/2021\/author\/arnaldo\/\"}]}<\/script>\n<!-- \/ Yoast SEO plugin. -->","yoast_head_json":{"title":"Llega una intensa ola de fr\u00edo y posibles nevadas a la Comarca. - Noticias Radio Reflejos","robots":{"index":"index","follow":"follow","max-snippet":"max-snippet:-1","max-image-preview":"max-image-preview:large","max-video-preview":"max-video-preview:-1"},"canonical":"https:\/\/www.noticiasradioreflejos.com.ar\/2021\/llega-una-intensa-ola-de-frio-y-posibles-nevadas-a-la-comarca\/","og_locale":"es_ES","og_type":"article","og_title":"Llega una intensa ola de fr\u00edo y posibles nevadas a la Comarca. - Noticias Radio Reflejos","og_description":"Una fuerte e intensa ola de fr\u00edo llagar\u00e1 en las pr\u00f3ximas horas a la zona serrana con temperaturas que se ubicar\u00edan entre los -5\u00b0 y los 7\u00b0 de m\u00e1xima con lluvias y nevadas.","og_url":"https:\/\/www.noticiasradioreflejos.com.ar\/2021\/llega-una-intensa-ola-de-frio-y-posibles-nevadas-a-la-comarca\/","og_site_name":"Noticias Radio Reflejos","article_published_time":"2018-06-11T11:46:39+00:00","og_image":[{"width":903,"height":600,"url":"https:\/\/www.noticiasradioreflejos.com.ar\/2021\/wp-content\/uploads\/2017\/07\/nevo24_381805263.jpg","type":"image\/jpeg"}],"author":"Arnaldo Botto","twitter_card":"summary_large_image","schema":{"@context":"https:\/\/schema.org","@graph":[{"@type":"WebPage","@id":"https:\/\/www.noticiasradioreflejos.com.ar\/2021\/llega-una-intensa-ola-de-frio-y-posibles-nevadas-a-la-comarca\/","url":"https:\/\/www.noticiasradioreflejos.com.ar\/2021\/llega-una-intensa-ola-de-frio-y-posibles-nevadas-a-la-comarca\/","name":"Llega una intensa ola de fr\u00edo y posibles nevadas a la Comarca. - Noticias Radio Reflejos","isPartOf":{"@id":"https:\/\/www.noticiasradioreflejos.com.ar\/2021\/#website"},"primaryImageOfPage":{"@id":"https:\/\/www.noticiasradioreflejos.com.ar\/2021\/llega-una-intensa-ola-de-frio-y-posibles-nevadas-a-la-comarca\/#primaryimage"},"image":{"@id":"https:\/\/www.noticiasradioreflejos.com.ar\/2021\/llega-una-intensa-ola-de-frio-y-posibles-nevadas-a-la-comarca\/#primaryimage"},"thumbnailUrl":"https:\/\/www.noticiasradioreflejos.com.ar\/2021\/wp-content\/uploads\/2017\/07\/nevo24_381805263.jpg","datePublished":"2018-06-11T11:46:39+00:00","author":{"@id":"https:\/\/www.noticiasradioreflejos.com.ar\/2021\/#\/schema\/person\/ad82545263dcc5ec0996818884fd5fb1"},"breadcrumb":{"@id":"https:\/\/www.noticiasradioreflejos.com.ar\/2021\/llega-una-intensa-ola-de-frio-y-posibles-nevadas-a-la-comarca\/#breadcrumb"},"inLanguage":"es","potentialAction":[{"@type":"ReadAction","target":["https:\/\/www.noticiasradioreflejos.com.ar\/2021\/llega-una-intensa-ola-de-frio-y-posibles-nevadas-a-la-comarca\/"]}]},{"@type":"ImageObject","inLanguage":"es","@id":"https:\/\/www.noticiasradioreflejos.com.ar\/2021\/llega-una-intensa-ola-de-frio-y-posibles-nevadas-a-la-comarca\/#primaryimage","url":"https:\/\/www.noticiasradioreflejos.com.ar\/2021\/wp-content\/uploads\/2017\/07\/nevo24_381805263.jpg","contentUrl":"https:\/\/www.noticiasradioreflejos.com.ar\/2021\/wp-content\/uploads\/2017\/07\/nevo24_381805263.jpg","width":903,"height":600},{"@type":"BreadcrumbList","@id":"https:\/\/www.noticiasradioreflejos.com.ar\/2021\/llega-una-intensa-ola-de-frio-y-posibles-nevadas-a-la-comarca\/#breadcrumb","itemListElement":[{"@type":"ListItem","position":1,"name":"Portada","item":"https:\/\/www.noticiasradioreflejos.com.ar\/2021\/"},{"@type":"ListItem","position":2,"name":"Llega una intensa ola de fr\u00edo y posibles nevadas a la Comarca."}]},{"@type":"WebSite","@id":"https:\/\/www.noticiasradioreflejos.com.ar\/2021\/#website","url":"https:\/\/www.noticiasradioreflejos.com.ar\/2021\/","name":"Noticias Radio Reflejos","description":"Las noticias de mi comarca","potentialAction":[{"@type":"SearchAction","target":{"@type":"EntryPoint","urlTemplate":"https:\/\/www.noticiasradioreflejos.com.ar\/2021\/?s={search_term_string}"},"query-input":{"@type":"PropertyValueSpecification","valueRequired":true,"valueName":"search_term_string"}}],"inLanguage":"es"},{"@type":"Person","@id":"https:\/\/www.noticiasradioreflejos.com.ar\/2021\/#\/schema\/person\/ad82545263dcc5ec0996818884fd5fb1","name":"Arnaldo Botto","image":{"@type":"ImageObject","inLanguage":"es","@id":"https:\/\/www.noticiasradioreflejos.com.ar\/2021\/#\/schema\/person\/image\/","url":"https:\/\/secure.gravatar.com\/avatar\/55cb5e37c1efa326397366e6974cb338056df65cb50e7d64d1cf314e87504837?s=96&d=mm&r=g","contentUrl":"https:\/\/secure.gravatar.com\/avatar\/55cb5e37c1efa326397366e6974cb338056df65cb50e7d64d1cf314e87504837?s=96&d=mm&r=g","caption":"Arnaldo Botto"},"url":"https:\/\/www.noticiasradioreflejos.com.ar\/2021\/author\/arnaldo\/"}]}},"_links":{"self":[{"href":"https:\/\/www.noticiasradioreflejos.com.ar\/2021\/wp-json\/wp\/v2\/posts\/22360","targetHints":{"allow":["GET"]}}],"collection":[{"href":"https:\/\/www.noticiasradioreflejos.com.ar\/2021\/wp-json\/wp\/v2\/posts"}],"about":[{"href":"https:\/\/www.noticiasradioreflejos.com.ar\/2021\/wp-json\/wp\/v2\/types\/post"}],"author":[{"embeddable":true,"href":"https:\/\/www.noticiasradioreflejos.com.ar\/2021\/wp-json\/wp\/v2\/users\/3"}],"replies":[{"embeddable":true,"href":"https:\/\/www.noticiasradioreflejos.com.ar\/2021\/wp-json\/wp\/v2\/comments?post=22360"}],"version-history":[{"count":0,"href":"https:\/\/www.noticiasradioreflejos.com.ar\/2021\/wp-json\/wp\/v2\/posts\/22360\/revisions"}],"wp:featuredmedia":[{"embeddable":true,"href":"https:\/\/www.noticiasradioreflejos.com.ar\/2021\/wp-json\/wp\/v2\/media\/12301"}],"wp:attachment":[{"href":"https:\/\/www.noticiasradioreflejos.com.ar\/2021\/wp-json\/wp\/v2\/media?parent=22360"}],"wp:term":[{"taxonomy":"category","embeddable":true,"href":"https:\/\/www.noticiasradioreflejos.com.ar\/2021\/wp-json\/wp\/v2\/categories?post=22360"},{"taxonomy":"post_tag","embeddable":true,"href":"https:\/\/www.noticiasradioreflejos.com.ar\/2021\/wp-json\/wp\/v2\/tags?post=22360"}],"curies":[{"name":"wp","href":"https:\/\/api.w.org\/{rel}","templated":true}]}}