{"id":22350,"date":"2018-06-11T07:42:10","date_gmt":"2018-06-11T10:42:10","guid":{"rendered":"http:\/\/www.noticiasradioreflejos.com.ar\/noticias\/?p=22350"},"modified":"2018-06-11T07:42:10","modified_gmt":"2018-06-11T10:42:10","slug":"el-sub-16-de-automoto-voley-ira-por-el-oro-en-bahia","status":"publish","type":"post","link":"https:\/\/www.noticiasradioreflejos.com.ar\/2021\/el-sub-16-de-automoto-voley-ira-por-el-oro-en-bahia\/","title":{"rendered":"El Sub 16 de Automoto V\u00f3ley ir\u00e1 por el oro en Bah\u00eda"},"content":{"rendered":"<p><a title=\"01\" href=\"http:\/\/farm2.staticflickr.com\/1756\/27862820637_5268685b1c.jpg\" rel=\"\"><img loading=\"lazy\" decoding=\"async\" class=\"alignleft\" style=\"float: left;\" title=\"01\" src=\"http:\/\/farm2.staticflickr.com\/1756\/27862820637_5268685b1c.jpg\" alt=\"01\" width=\"500\" height=\"375\" \/><\/a>Despu\u00e9s de finalizar la fase regular compartiendo la primera ubicaci\u00f3n de la tabla de posiciones, el equipo femenino Sub 16 B del Automoto Club Deportivo clasific\u00f3 para afrontar la Copa de Oro del torneo Apertura que organiza la Asociaci\u00f3n Bahiense de V\u00f3leibol.<!--more--><br \/>\nDebido al sistema de desempate del certamen, las azulgranas quedaron preclasificadas segundas y deber\u00e1n medirse en semifinales con Olimpo, que qued\u00f3 ubicado en el tercer puesto. El trascendental choque se disputar\u00e1 el pr\u00f3ximo domingo, a partir de las 12.30, en la cancha N\u00b0 1 del gimnasio de las aurinegras.<br \/>\nEn el mismo lugar, pero en la cancha N\u00b0 2, cotejar\u00e1n los otros dos conjuntos que accedieron a la llave decisiva del primer certamen de la temporada: Espora y Tiro Federal.<br \/>\nPor su parte, el Sub 13 ocup\u00f3 la quinta ubicaci\u00f3n final luego de compartir la cuarta plaza con Ateneo, que se vio beneficiado con el sistema de desempate. Por eso, las chicas de Automoto debieron conformarse con acceder a la definici\u00f3n de la Copa de Plata.<br \/>\nLas m\u00e1s peque\u00f1as tambi\u00e9n tendr\u00e1n actividad el domingo: su rival ser\u00e1 Olimpo, en la cancha N\u00b0 1, desde las 11 horas.<br \/>\nLas posiciones finales de la fase regular quedaron de la siguiente manera:<br \/>\n&#8211; Sub 16: 1) Espora, 15 puntos; 2) Automoto, 15; 3) Olimpo, 13; 4) Tiro Federal, 12; 5) Club Universitario, 8; 6) Estudiantes, 7; 7) Ateneo, 2; 8) Club Universitario \u201cB\u201d, 1.<br \/>\n&#8211; Sub 13: 1) Estrella, 17 puntos; 2) Espora, 13; 3) Villa Mitre, 9; 4) Ateneo, 6; 5) Automoto, 6; 6) Tiro Federal, 5; 7) Estudiantes, 1; 8) Olimpo, 0.<br \/>\nDepartamento de Prensa \u2013 Automoto Club Deportivo<br \/>\nwww.clubautomotopasion.com.ar<br \/>\nFacebook: \/automototornquist<br \/>\nTwitter: @ClubAutomoto<\/p>\n","protected":false},"excerpt":{"rendered":"<p>Despu\u00e9s de finalizar la fase regular compartiendo la primera ubicaci\u00f3n de la tabla de posiciones, el equipo femenino Sub 16 B del Automoto Club Deportivo clasific\u00f3 para afrontar la Copa de Oro del torneo Apertura que organiza la Asociaci\u00f3n Bahiense de V\u00f3leibol.<\/p>\n","protected":false},"author":3,"featured_media":0,"comment_status":"closed","ping_status":"open","sticky":false,"template":"","format":"standard","meta":{"footnotes":""},"categories":[27],"tags":[],"class_list":["post-22350","post","type-post","status-publish","format-standard","hentry","category-deportes"],"yoast_head":"<!-- This site is optimized with the Yoast SEO plugin v25.9 - https:\/\/yoast.com\/wordpress\/plugins\/seo\/ -->\n<title>El Sub 16 de Automoto V\u00f3ley ir\u00e1 por el oro en Bah\u00eda - Noticias Radio Reflejos<\/title>\n<meta name=\"robots\" content=\"index, follow, max-snippet:-1, max-image-preview:large, max-video-preview:-1\" \/>\n<link rel=\"canonical\" href=\"https:\/\/www.noticiasradioreflejos.com.ar\/2021\/el-sub-16-de-automoto-voley-ira-por-el-oro-en-bahia\/\" \/>\n<meta property=\"og:locale\" content=\"es_ES\" \/>\n<meta property=\"og:type\" content=\"article\" \/>\n<meta property=\"og:title\" content=\"El Sub 16 de Automoto V\u00f3ley ir\u00e1 por el oro en Bah\u00eda - Noticias Radio Reflejos\" \/>\n<meta property=\"og:description\" content=\"Despu\u00e9s de finalizar la fase regular compartiendo la primera ubicaci\u00f3n de la tabla de posiciones, el equipo femenino Sub 16 B del Automoto Club Deportivo clasific\u00f3 para afrontar la Copa de Oro del torneo Apertura que organiza la Asociaci\u00f3n Bahiense de V\u00f3leibol.\" \/>\n<meta property=\"og:url\" content=\"https:\/\/www.noticiasradioreflejos.com.ar\/2021\/el-sub-16-de-automoto-voley-ira-por-el-oro-en-bahia\/\" \/>\n<meta property=\"og:site_name\" content=\"Noticias Radio Reflejos\" \/>\n<meta property=\"article:published_time\" content=\"2018-06-11T10:42:10+00:00\" \/>\n<meta property=\"og:image\" content=\"http:\/\/farm2.staticflickr.com\/1756\/27862820637_5268685b1c.jpg\" \/>\n<meta name=\"author\" content=\"Arnaldo Botto\" \/>\n<meta name=\"twitter:card\" content=\"summary_large_image\" \/>\n<script type=\"application\/ld+json\" class=\"yoast-schema-graph\">{\"@context\":\"https:\/\/schema.org\",\"@graph\":[{\"@type\":\"WebPage\",\"@id\":\"https:\/\/www.noticiasradioreflejos.com.ar\/2021\/el-sub-16-de-automoto-voley-ira-por-el-oro-en-bahia\/\",\"url\":\"https:\/\/www.noticiasradioreflejos.com.ar\/2021\/el-sub-16-de-automoto-voley-ira-por-el-oro-en-bahia\/\",\"name\":\"El Sub 16 de Automoto V\u00f3ley ir\u00e1 por el oro en Bah\u00eda - Noticias Radio Reflejos\",\"isPartOf\":{\"@id\":\"https:\/\/www.noticiasradioreflejos.com.ar\/2021\/#website\"},\"primaryImageOfPage\":{\"@id\":\"https:\/\/www.noticiasradioreflejos.com.ar\/2021\/el-sub-16-de-automoto-voley-ira-por-el-oro-en-bahia\/#primaryimage\"},\"image\":{\"@id\":\"https:\/\/www.noticiasradioreflejos.com.ar\/2021\/el-sub-16-de-automoto-voley-ira-por-el-oro-en-bahia\/#primaryimage\"},\"thumbnailUrl\":\"http:\/\/farm2.staticflickr.com\/1756\/27862820637_5268685b1c.jpg\",\"datePublished\":\"2018-06-11T10:42:10+00:00\",\"author\":{\"@id\":\"https:\/\/www.noticiasradioreflejos.com.ar\/2021\/#\/schema\/person\/ad82545263dcc5ec0996818884fd5fb1\"},\"breadcrumb\":{\"@id\":\"https:\/\/www.noticiasradioreflejos.com.ar\/2021\/el-sub-16-de-automoto-voley-ira-por-el-oro-en-bahia\/#breadcrumb\"},\"inLanguage\":\"es\",\"potentialAction\":[{\"@type\":\"ReadAction\",\"target\":[\"https:\/\/www.noticiasradioreflejos.com.ar\/2021\/el-sub-16-de-automoto-voley-ira-por-el-oro-en-bahia\/\"]}]},{\"@type\":\"ImageObject\",\"inLanguage\":\"es\",\"@id\":\"https:\/\/www.noticiasradioreflejos.com.ar\/2021\/el-sub-16-de-automoto-voley-ira-por-el-oro-en-bahia\/#primaryimage\",\"url\":\"http:\/\/farm2.staticflickr.com\/1756\/27862820637_5268685b1c.jpg\",\"contentUrl\":\"http:\/\/farm2.staticflickr.com\/1756\/27862820637_5268685b1c.jpg\"},{\"@type\":\"BreadcrumbList\",\"@id\":\"https:\/\/www.noticiasradioreflejos.com.ar\/2021\/el-sub-16-de-automoto-voley-ira-por-el-oro-en-bahia\/#breadcrumb\",\"itemListElement\":[{\"@type\":\"ListItem\",\"position\":1,\"name\":\"Portada\",\"item\":\"https:\/\/www.noticiasradioreflejos.com.ar\/2021\/\"},{\"@type\":\"ListItem\",\"position\":2,\"name\":\"El Sub 16 de Automoto V\u00f3ley ir\u00e1 por el oro en Bah\u00eda\"}]},{\"@type\":\"WebSite\",\"@id\":\"https:\/\/www.noticiasradioreflejos.com.ar\/2021\/#website\",\"url\":\"https:\/\/www.noticiasradioreflejos.com.ar\/2021\/\",\"name\":\"Noticias Radio Reflejos\",\"description\":\"Las noticias de mi comarca\",\"potentialAction\":[{\"@type\":\"SearchAction\",\"target\":{\"@type\":\"EntryPoint\",\"urlTemplate\":\"https:\/\/www.noticiasradioreflejos.com.ar\/2021\/?s={search_term_string}\"},\"query-input\":{\"@type\":\"PropertyValueSpecification\",\"valueRequired\":true,\"valueName\":\"search_term_string\"}}],\"inLanguage\":\"es\"},{\"@type\":\"Person\",\"@id\":\"https:\/\/www.noticiasradioreflejos.com.ar\/2021\/#\/schema\/person\/ad82545263dcc5ec0996818884fd5fb1\",\"name\":\"Arnaldo Botto\",\"image\":{\"@type\":\"ImageObject\",\"inLanguage\":\"es\",\"@id\":\"https:\/\/www.noticiasradioreflejos.com.ar\/2021\/#\/schema\/person\/image\/\",\"url\":\"https:\/\/secure.gravatar.com\/avatar\/55cb5e37c1efa326397366e6974cb338056df65cb50e7d64d1cf314e87504837?s=96&d=mm&r=g\",\"contentUrl\":\"https:\/\/secure.gravatar.com\/avatar\/55cb5e37c1efa326397366e6974cb338056df65cb50e7d64d1cf314e87504837?s=96&d=mm&r=g\",\"caption\":\"Arnaldo Botto\"},\"url\":\"https:\/\/www.noticiasradioreflejos.com.ar\/2021\/author\/arnaldo\/\"}]}<\/script>\n<!-- \/ Yoast SEO plugin. -->","yoast_head_json":{"title":"El Sub 16 de Automoto V\u00f3ley ir\u00e1 por el oro en Bah\u00eda - Noticias Radio Reflejos","robots":{"index":"index","follow":"follow","max-snippet":"max-snippet:-1","max-image-preview":"max-image-preview:large","max-video-preview":"max-video-preview:-1"},"canonical":"https:\/\/www.noticiasradioreflejos.com.ar\/2021\/el-sub-16-de-automoto-voley-ira-por-el-oro-en-bahia\/","og_locale":"es_ES","og_type":"article","og_title":"El Sub 16 de Automoto V\u00f3ley ir\u00e1 por el oro en Bah\u00eda - Noticias Radio Reflejos","og_description":"Despu\u00e9s de finalizar la fase regular compartiendo la primera ubicaci\u00f3n de la tabla de posiciones, el equipo femenino Sub 16 B del Automoto Club Deportivo clasific\u00f3 para afrontar la Copa de Oro del torneo Apertura que organiza la Asociaci\u00f3n Bahiense de V\u00f3leibol.","og_url":"https:\/\/www.noticiasradioreflejos.com.ar\/2021\/el-sub-16-de-automoto-voley-ira-por-el-oro-en-bahia\/","og_site_name":"Noticias Radio Reflejos","article_published_time":"2018-06-11T10:42:10+00:00","og_image":[{"url":"http:\/\/farm2.staticflickr.com\/1756\/27862820637_5268685b1c.jpg","type":"","width":"","height":""}],"author":"Arnaldo Botto","twitter_card":"summary_large_image","schema":{"@context":"https:\/\/schema.org","@graph":[{"@type":"WebPage","@id":"https:\/\/www.noticiasradioreflejos.com.ar\/2021\/el-sub-16-de-automoto-voley-ira-por-el-oro-en-bahia\/","url":"https:\/\/www.noticiasradioreflejos.com.ar\/2021\/el-sub-16-de-automoto-voley-ira-por-el-oro-en-bahia\/","name":"El Sub 16 de Automoto V\u00f3ley ir\u00e1 por el oro en Bah\u00eda - Noticias Radio Reflejos","isPartOf":{"@id":"https:\/\/www.noticiasradioreflejos.com.ar\/2021\/#website"},"primaryImageOfPage":{"@id":"https:\/\/www.noticiasradioreflejos.com.ar\/2021\/el-sub-16-de-automoto-voley-ira-por-el-oro-en-bahia\/#primaryimage"},"image":{"@id":"https:\/\/www.noticiasradioreflejos.com.ar\/2021\/el-sub-16-de-automoto-voley-ira-por-el-oro-en-bahia\/#primaryimage"},"thumbnailUrl":"http:\/\/farm2.staticflickr.com\/1756\/27862820637_5268685b1c.jpg","datePublished":"2018-06-11T10:42:10+00:00","author":{"@id":"https:\/\/www.noticiasradioreflejos.com.ar\/2021\/#\/schema\/person\/ad82545263dcc5ec0996818884fd5fb1"},"breadcrumb":{"@id":"https:\/\/www.noticiasradioreflejos.com.ar\/2021\/el-sub-16-de-automoto-voley-ira-por-el-oro-en-bahia\/#breadcrumb"},"inLanguage":"es","potentialAction":[{"@type":"ReadAction","target":["https:\/\/www.noticiasradioreflejos.com.ar\/2021\/el-sub-16-de-automoto-voley-ira-por-el-oro-en-bahia\/"]}]},{"@type":"ImageObject","inLanguage":"es","@id":"https:\/\/www.noticiasradioreflejos.com.ar\/2021\/el-sub-16-de-automoto-voley-ira-por-el-oro-en-bahia\/#primaryimage","url":"http:\/\/farm2.staticflickr.com\/1756\/27862820637_5268685b1c.jpg","contentUrl":"http:\/\/farm2.staticflickr.com\/1756\/27862820637_5268685b1c.jpg"},{"@type":"BreadcrumbList","@id":"https:\/\/www.noticiasradioreflejos.com.ar\/2021\/el-sub-16-de-automoto-voley-ira-por-el-oro-en-bahia\/#breadcrumb","itemListElement":[{"@type":"ListItem","position":1,"name":"Portada","item":"https:\/\/www.noticiasradioreflejos.com.ar\/2021\/"},{"@type":"ListItem","position":2,"name":"El Sub 16 de Automoto V\u00f3ley ir\u00e1 por el oro en Bah\u00eda"}]},{"@type":"WebSite","@id":"https:\/\/www.noticiasradioreflejos.com.ar\/2021\/#website","url":"https:\/\/www.noticiasradioreflejos.com.ar\/2021\/","name":"Noticias Radio Reflejos","description":"Las noticias de mi comarca","potentialAction":[{"@type":"SearchAction","target":{"@type":"EntryPoint","urlTemplate":"https:\/\/www.noticiasradioreflejos.com.ar\/2021\/?s={search_term_string}"},"query-input":{"@type":"PropertyValueSpecification","valueRequired":true,"valueName":"search_term_string"}}],"inLanguage":"es"},{"@type":"Person","@id":"https:\/\/www.noticiasradioreflejos.com.ar\/2021\/#\/schema\/person\/ad82545263dcc5ec0996818884fd5fb1","name":"Arnaldo Botto","image":{"@type":"ImageObject","inLanguage":"es","@id":"https:\/\/www.noticiasradioreflejos.com.ar\/2021\/#\/schema\/person\/image\/","url":"https:\/\/secure.gravatar.com\/avatar\/55cb5e37c1efa326397366e6974cb338056df65cb50e7d64d1cf314e87504837?s=96&d=mm&r=g","contentUrl":"https:\/\/secure.gravatar.com\/avatar\/55cb5e37c1efa326397366e6974cb338056df65cb50e7d64d1cf314e87504837?s=96&d=mm&r=g","caption":"Arnaldo Botto"},"url":"https:\/\/www.noticiasradioreflejos.com.ar\/2021\/author\/arnaldo\/"}]}},"_links":{"self":[{"href":"https:\/\/www.noticiasradioreflejos.com.ar\/2021\/wp-json\/wp\/v2\/posts\/22350","targetHints":{"allow":["GET"]}}],"collection":[{"href":"https:\/\/www.noticiasradioreflejos.com.ar\/2021\/wp-json\/wp\/v2\/posts"}],"about":[{"href":"https:\/\/www.noticiasradioreflejos.com.ar\/2021\/wp-json\/wp\/v2\/types\/post"}],"author":[{"embeddable":true,"href":"https:\/\/www.noticiasradioreflejos.com.ar\/2021\/wp-json\/wp\/v2\/users\/3"}],"replies":[{"embeddable":true,"href":"https:\/\/www.noticiasradioreflejos.com.ar\/2021\/wp-json\/wp\/v2\/comments?post=22350"}],"version-history":[{"count":0,"href":"https:\/\/www.noticiasradioreflejos.com.ar\/2021\/wp-json\/wp\/v2\/posts\/22350\/revisions"}],"wp:attachment":[{"href":"https:\/\/www.noticiasradioreflejos.com.ar\/2021\/wp-json\/wp\/v2\/media?parent=22350"}],"wp:term":[{"taxonomy":"category","embeddable":true,"href":"https:\/\/www.noticiasradioreflejos.com.ar\/2021\/wp-json\/wp\/v2\/categories?post=22350"},{"taxonomy":"post_tag","embeddable":true,"href":"https:\/\/www.noticiasradioreflejos.com.ar\/2021\/wp-json\/wp\/v2\/tags?post=22350"}],"curies":[{"name":"wp","href":"https:\/\/api.w.org\/{rel}","templated":true}]}}