{"id":22314,"date":"2018-06-08T11:20:30","date_gmt":"2018-06-08T14:20:30","guid":{"rendered":"http:\/\/www.noticiasradioreflejos.com.ar\/noticias\/?p=22314"},"modified":"2018-06-08T11:20:30","modified_gmt":"2018-06-08T14:20:30","slug":"llega-desde-caba-a-sierra-de-la-ventana-uno-de-los-espectaculos-mas-exitosos-y-aclamados-de-la-cartelera-portena","status":"publish","type":"post","link":"https:\/\/www.noticiasradioreflejos.com.ar\/2021\/llega-desde-caba-a-sierra-de-la-ventana-uno-de-los-espectaculos-mas-exitosos-y-aclamados-de-la-cartelera-portena\/","title":{"rendered":"Llega a Sierra de la Ventana uno de los espect\u00e1culos m\u00e1s exitosos y aclamados de la cartelera porte\u00f1a"},"content":{"rendered":"<p><a title=\"pelotudo-768x512\" href=\"http:\/\/farm2.staticflickr.com\/1730\/27804266077_baa825764b.jpg\" rel=\"\"><img loading=\"lazy\" decoding=\"async\" class=\"alignleft\" style=\"float: left;\" title=\"pelotudo-768x512\" src=\"http:\/\/farm2.staticflickr.com\/1730\/27804266077_baa825764b.jpg\" alt=\"pelotudo-768x512\" width=\"500\" height=\"333\" \/><\/a>\u00abANTOLOG\u00cdA DE UN PELOTUDO IMPORTANTE, recargado\u00bb, el \u00e9xito unipersonal de humor de y por Cristian Majolo. Luego de su exitoso paso por Tornquist y Bah\u00eda Blanca en el mes de mayo, estar\u00e1 en nuestra comarca este VIERNES 8 de JUNIO a las 21 hs en EL CENTRO CULTURAL SIERRA DE LA VENTANA, AV DEL GOLF S \/ N (PREDIO DEL FERROCARRIL).<br \/>\nDurante el programa \u00abUn Mate y un Caf\u00e9\u00bb hablamos con Cristian, y concoemos detalles de la obra teatral de su autor\u00eda que esta noche presenta en la comarca.<!--more--><br \/>\nPara esta \u00fanica funci\u00f3n las entradas anticipadas est\u00e1n en venta en dicha sala . solo en puerta el d\u00eda de la funci\u00f3n a $ 150. \u00a1\u00a1\u00a1No llegar a \u00faltimo momento porque se agotan !!!<br \/>\n\u00abANTOLOG\u00cdA DE UN PELOTUDO IMPORTANTE, recargado\u00bb de y por Cristian Majolo llega m\u00e1s pelotudo que nunca a nuestra ciudad de SIERRA DE LA VENTANA luego de su gira 2017\/2018 por distintos escenarios de todo el pa\u00eds \u00a1Vas a re\u00edr de principio a fin!<br \/>\nEl \u00fanico \u00c9XITO de este espect\u00e1culo son sus 7 mon\u00f3logos, 7 historias, 7 personajes, 7 hombres que muestran su lado tonto, su comportamiento imb\u00e9cil, el pelotudo argentino que vive en ellos. Asfixiados por el amor, el odio, las mujeres, los viajes, los sue\u00f1os y las frustraciones. En escena solo un actor que interpreta, juega, emociona y transmite tanta pelotudez humana peligrosamente identificable.<br \/>\nChispa, simpleza esc\u00e9nica, emoci\u00f3n, cuerpo en movimiento y picard\u00eda l\u00e9xica, ingredientes bien batidos para crear un c\u00f3ctel que desde los primeros sorbos nos lleva a un lugar de identificaci\u00f3n, de risa pura y diversi\u00f3n. \u00a1\u00a1\u00a1No te la podes perder !<br \/>\nEn su gira de verano 2017-2018 visit\u00f3 San Nicol\u00e1s, Mar\u00eda Juana, San Jorge, Pergamino, Banfield, Tandil, Bah\u00eda Blanca, Rauch, Villa Gesell, Mar Azul, Mar del Plata La Emilia, Villa Ramallo, CABA, Tornquist, Villa Constituci\u00f3n , San Pedro y sigue girando.<br \/>\n<iframe loading=\"lazy\" src=\"https:\/\/w.soundcloud.com\/player\/?url=https%3A\/\/api.soundcloud.com\/tracks\/455597829&amp;color=%23ff5500&amp;auto_play=false&amp;hide_related=false&amp;show_comments=true&amp;show_user=true&amp;show_reposts=false&amp;show_teaser=true\" width=\"100%\" height=\"166\" frameborder=\"no\" scrolling=\"no\"><\/iframe><\/p>\n","protected":false},"excerpt":{"rendered":"<p>\u00abANTOLOG\u00cdA DE UN PELOTUDO IMPORTANTE, recargado\u00bb, el \u00e9xito unipersonal de humor de y por Cristian Majolo. Luego de su exitoso paso por Tornquist y Bah\u00eda Blanca en el mes de mayo, estar\u00e1 en nuestra comarca este VIERNES 8 de JUNIO a las 21 hs en EL CENTRO CULTURAL SIERRA DE LA VENTANA, AV DEL GOLF [&hellip;]<\/p>\n","protected":false},"author":3,"featured_media":0,"comment_status":"closed","ping_status":"open","sticky":false,"template":"","format":"standard","meta":{"footnotes":""},"categories":[35],"tags":[],"class_list":["post-22314","post","type-post","status-publish","format-standard","hentry","category-cultura"],"yoast_head":"<!-- This site is optimized with the Yoast SEO plugin v25.9 - https:\/\/yoast.com\/wordpress\/plugins\/seo\/ -->\n<title>Llega a Sierra de la Ventana uno de los espect\u00e1culos m\u00e1s exitosos y aclamados de la cartelera porte\u00f1a - Noticias Radio Reflejos<\/title>\n<meta name=\"robots\" content=\"index, follow, max-snippet:-1, max-image-preview:large, max-video-preview:-1\" \/>\n<link rel=\"canonical\" href=\"https:\/\/www.noticiasradioreflejos.com.ar\/2021\/llega-desde-caba-a-sierra-de-la-ventana-uno-de-los-espectaculos-mas-exitosos-y-aclamados-de-la-cartelera-portena\/\" \/>\n<meta property=\"og:locale\" content=\"es_ES\" \/>\n<meta property=\"og:type\" content=\"article\" \/>\n<meta property=\"og:title\" content=\"Llega a Sierra de la Ventana uno de los espect\u00e1culos m\u00e1s exitosos y aclamados de la cartelera porte\u00f1a - Noticias Radio Reflejos\" \/>\n<meta property=\"og:description\" content=\"\u00abANTOLOG\u00cdA DE UN PELOTUDO IMPORTANTE, recargado\u00bb, el \u00e9xito unipersonal de humor de y por Cristian Majolo. Luego de su exitoso paso por Tornquist y Bah\u00eda Blanca en el mes de mayo, estar\u00e1 en nuestra comarca este VIERNES 8 de JUNIO a las 21 hs en EL CENTRO CULTURAL SIERRA DE LA VENTANA, AV DEL GOLF [&hellip;]\" \/>\n<meta property=\"og:url\" content=\"https:\/\/www.noticiasradioreflejos.com.ar\/2021\/llega-desde-caba-a-sierra-de-la-ventana-uno-de-los-espectaculos-mas-exitosos-y-aclamados-de-la-cartelera-portena\/\" \/>\n<meta property=\"og:site_name\" content=\"Noticias Radio Reflejos\" \/>\n<meta property=\"article:published_time\" content=\"2018-06-08T14:20:30+00:00\" \/>\n<meta property=\"og:image\" content=\"http:\/\/farm2.staticflickr.com\/1730\/27804266077_baa825764b.jpg\" \/>\n<meta name=\"author\" content=\"Arnaldo Botto\" \/>\n<meta name=\"twitter:card\" content=\"summary_large_image\" \/>\n<script type=\"application\/ld+json\" class=\"yoast-schema-graph\">{\"@context\":\"https:\/\/schema.org\",\"@graph\":[{\"@type\":\"WebPage\",\"@id\":\"https:\/\/www.noticiasradioreflejos.com.ar\/2021\/llega-desde-caba-a-sierra-de-la-ventana-uno-de-los-espectaculos-mas-exitosos-y-aclamados-de-la-cartelera-portena\/\",\"url\":\"https:\/\/www.noticiasradioreflejos.com.ar\/2021\/llega-desde-caba-a-sierra-de-la-ventana-uno-de-los-espectaculos-mas-exitosos-y-aclamados-de-la-cartelera-portena\/\",\"name\":\"Llega a Sierra de la Ventana uno de los espect\u00e1culos m\u00e1s exitosos y aclamados de la cartelera porte\u00f1a - Noticias Radio Reflejos\",\"isPartOf\":{\"@id\":\"https:\/\/www.noticiasradioreflejos.com.ar\/2021\/#website\"},\"primaryImageOfPage\":{\"@id\":\"https:\/\/www.noticiasradioreflejos.com.ar\/2021\/llega-desde-caba-a-sierra-de-la-ventana-uno-de-los-espectaculos-mas-exitosos-y-aclamados-de-la-cartelera-portena\/#primaryimage\"},\"image\":{\"@id\":\"https:\/\/www.noticiasradioreflejos.com.ar\/2021\/llega-desde-caba-a-sierra-de-la-ventana-uno-de-los-espectaculos-mas-exitosos-y-aclamados-de-la-cartelera-portena\/#primaryimage\"},\"thumbnailUrl\":\"http:\/\/farm2.staticflickr.com\/1730\/27804266077_baa825764b.jpg\",\"datePublished\":\"2018-06-08T14:20:30+00:00\",\"author\":{\"@id\":\"https:\/\/www.noticiasradioreflejos.com.ar\/2021\/#\/schema\/person\/ad82545263dcc5ec0996818884fd5fb1\"},\"breadcrumb\":{\"@id\":\"https:\/\/www.noticiasradioreflejos.com.ar\/2021\/llega-desde-caba-a-sierra-de-la-ventana-uno-de-los-espectaculos-mas-exitosos-y-aclamados-de-la-cartelera-portena\/#breadcrumb\"},\"inLanguage\":\"es\",\"potentialAction\":[{\"@type\":\"ReadAction\",\"target\":[\"https:\/\/www.noticiasradioreflejos.com.ar\/2021\/llega-desde-caba-a-sierra-de-la-ventana-uno-de-los-espectaculos-mas-exitosos-y-aclamados-de-la-cartelera-portena\/\"]}]},{\"@type\":\"ImageObject\",\"inLanguage\":\"es\",\"@id\":\"https:\/\/www.noticiasradioreflejos.com.ar\/2021\/llega-desde-caba-a-sierra-de-la-ventana-uno-de-los-espectaculos-mas-exitosos-y-aclamados-de-la-cartelera-portena\/#primaryimage\",\"url\":\"http:\/\/farm2.staticflickr.com\/1730\/27804266077_baa825764b.jpg\",\"contentUrl\":\"http:\/\/farm2.staticflickr.com\/1730\/27804266077_baa825764b.jpg\"},{\"@type\":\"BreadcrumbList\",\"@id\":\"https:\/\/www.noticiasradioreflejos.com.ar\/2021\/llega-desde-caba-a-sierra-de-la-ventana-uno-de-los-espectaculos-mas-exitosos-y-aclamados-de-la-cartelera-portena\/#breadcrumb\",\"itemListElement\":[{\"@type\":\"ListItem\",\"position\":1,\"name\":\"Portada\",\"item\":\"https:\/\/www.noticiasradioreflejos.com.ar\/2021\/\"},{\"@type\":\"ListItem\",\"position\":2,\"name\":\"Llega a Sierra de la Ventana uno de los espect\u00e1culos m\u00e1s exitosos y aclamados de la cartelera porte\u00f1a\"}]},{\"@type\":\"WebSite\",\"@id\":\"https:\/\/www.noticiasradioreflejos.com.ar\/2021\/#website\",\"url\":\"https:\/\/www.noticiasradioreflejos.com.ar\/2021\/\",\"name\":\"Noticias Radio Reflejos\",\"description\":\"Las noticias de mi comarca\",\"potentialAction\":[{\"@type\":\"SearchAction\",\"target\":{\"@type\":\"EntryPoint\",\"urlTemplate\":\"https:\/\/www.noticiasradioreflejos.com.ar\/2021\/?s={search_term_string}\"},\"query-input\":{\"@type\":\"PropertyValueSpecification\",\"valueRequired\":true,\"valueName\":\"search_term_string\"}}],\"inLanguage\":\"es\"},{\"@type\":\"Person\",\"@id\":\"https:\/\/www.noticiasradioreflejos.com.ar\/2021\/#\/schema\/person\/ad82545263dcc5ec0996818884fd5fb1\",\"name\":\"Arnaldo Botto\",\"image\":{\"@type\":\"ImageObject\",\"inLanguage\":\"es\",\"@id\":\"https:\/\/www.noticiasradioreflejos.com.ar\/2021\/#\/schema\/person\/image\/\",\"url\":\"https:\/\/secure.gravatar.com\/avatar\/55cb5e37c1efa326397366e6974cb338056df65cb50e7d64d1cf314e87504837?s=96&d=mm&r=g\",\"contentUrl\":\"https:\/\/secure.gravatar.com\/avatar\/55cb5e37c1efa326397366e6974cb338056df65cb50e7d64d1cf314e87504837?s=96&d=mm&r=g\",\"caption\":\"Arnaldo Botto\"},\"url\":\"https:\/\/www.noticiasradioreflejos.com.ar\/2021\/author\/arnaldo\/\"}]}<\/script>\n<!-- \/ Yoast SEO plugin. -->","yoast_head_json":{"title":"Llega a Sierra de la Ventana uno de los espect\u00e1culos m\u00e1s exitosos y aclamados de la cartelera porte\u00f1a - Noticias Radio Reflejos","robots":{"index":"index","follow":"follow","max-snippet":"max-snippet:-1","max-image-preview":"max-image-preview:large","max-video-preview":"max-video-preview:-1"},"canonical":"https:\/\/www.noticiasradioreflejos.com.ar\/2021\/llega-desde-caba-a-sierra-de-la-ventana-uno-de-los-espectaculos-mas-exitosos-y-aclamados-de-la-cartelera-portena\/","og_locale":"es_ES","og_type":"article","og_title":"Llega a Sierra de la Ventana uno de los espect\u00e1culos m\u00e1s exitosos y aclamados de la cartelera porte\u00f1a - Noticias Radio Reflejos","og_description":"\u00abANTOLOG\u00cdA DE UN PELOTUDO IMPORTANTE, recargado\u00bb, el \u00e9xito unipersonal de humor de y por Cristian Majolo. Luego de su exitoso paso por Tornquist y Bah\u00eda Blanca en el mes de mayo, estar\u00e1 en nuestra comarca este VIERNES 8 de JUNIO a las 21 hs en EL CENTRO CULTURAL SIERRA DE LA VENTANA, AV DEL GOLF [&hellip;]","og_url":"https:\/\/www.noticiasradioreflejos.com.ar\/2021\/llega-desde-caba-a-sierra-de-la-ventana-uno-de-los-espectaculos-mas-exitosos-y-aclamados-de-la-cartelera-portena\/","og_site_name":"Noticias Radio Reflejos","article_published_time":"2018-06-08T14:20:30+00:00","og_image":[{"url":"http:\/\/farm2.staticflickr.com\/1730\/27804266077_baa825764b.jpg","type":"","width":"","height":""}],"author":"Arnaldo Botto","twitter_card":"summary_large_image","schema":{"@context":"https:\/\/schema.org","@graph":[{"@type":"WebPage","@id":"https:\/\/www.noticiasradioreflejos.com.ar\/2021\/llega-desde-caba-a-sierra-de-la-ventana-uno-de-los-espectaculos-mas-exitosos-y-aclamados-de-la-cartelera-portena\/","url":"https:\/\/www.noticiasradioreflejos.com.ar\/2021\/llega-desde-caba-a-sierra-de-la-ventana-uno-de-los-espectaculos-mas-exitosos-y-aclamados-de-la-cartelera-portena\/","name":"Llega a Sierra de la Ventana uno de los espect\u00e1culos m\u00e1s exitosos y aclamados de la cartelera porte\u00f1a - Noticias Radio Reflejos","isPartOf":{"@id":"https:\/\/www.noticiasradioreflejos.com.ar\/2021\/#website"},"primaryImageOfPage":{"@id":"https:\/\/www.noticiasradioreflejos.com.ar\/2021\/llega-desde-caba-a-sierra-de-la-ventana-uno-de-los-espectaculos-mas-exitosos-y-aclamados-de-la-cartelera-portena\/#primaryimage"},"image":{"@id":"https:\/\/www.noticiasradioreflejos.com.ar\/2021\/llega-desde-caba-a-sierra-de-la-ventana-uno-de-los-espectaculos-mas-exitosos-y-aclamados-de-la-cartelera-portena\/#primaryimage"},"thumbnailUrl":"http:\/\/farm2.staticflickr.com\/1730\/27804266077_baa825764b.jpg","datePublished":"2018-06-08T14:20:30+00:00","author":{"@id":"https:\/\/www.noticiasradioreflejos.com.ar\/2021\/#\/schema\/person\/ad82545263dcc5ec0996818884fd5fb1"},"breadcrumb":{"@id":"https:\/\/www.noticiasradioreflejos.com.ar\/2021\/llega-desde-caba-a-sierra-de-la-ventana-uno-de-los-espectaculos-mas-exitosos-y-aclamados-de-la-cartelera-portena\/#breadcrumb"},"inLanguage":"es","potentialAction":[{"@type":"ReadAction","target":["https:\/\/www.noticiasradioreflejos.com.ar\/2021\/llega-desde-caba-a-sierra-de-la-ventana-uno-de-los-espectaculos-mas-exitosos-y-aclamados-de-la-cartelera-portena\/"]}]},{"@type":"ImageObject","inLanguage":"es","@id":"https:\/\/www.noticiasradioreflejos.com.ar\/2021\/llega-desde-caba-a-sierra-de-la-ventana-uno-de-los-espectaculos-mas-exitosos-y-aclamados-de-la-cartelera-portena\/#primaryimage","url":"http:\/\/farm2.staticflickr.com\/1730\/27804266077_baa825764b.jpg","contentUrl":"http:\/\/farm2.staticflickr.com\/1730\/27804266077_baa825764b.jpg"},{"@type":"BreadcrumbList","@id":"https:\/\/www.noticiasradioreflejos.com.ar\/2021\/llega-desde-caba-a-sierra-de-la-ventana-uno-de-los-espectaculos-mas-exitosos-y-aclamados-de-la-cartelera-portena\/#breadcrumb","itemListElement":[{"@type":"ListItem","position":1,"name":"Portada","item":"https:\/\/www.noticiasradioreflejos.com.ar\/2021\/"},{"@type":"ListItem","position":2,"name":"Llega a Sierra de la Ventana uno de los espect\u00e1culos m\u00e1s exitosos y aclamados de la cartelera porte\u00f1a"}]},{"@type":"WebSite","@id":"https:\/\/www.noticiasradioreflejos.com.ar\/2021\/#website","url":"https:\/\/www.noticiasradioreflejos.com.ar\/2021\/","name":"Noticias Radio Reflejos","description":"Las noticias de mi comarca","potentialAction":[{"@type":"SearchAction","target":{"@type":"EntryPoint","urlTemplate":"https:\/\/www.noticiasradioreflejos.com.ar\/2021\/?s={search_term_string}"},"query-input":{"@type":"PropertyValueSpecification","valueRequired":true,"valueName":"search_term_string"}}],"inLanguage":"es"},{"@type":"Person","@id":"https:\/\/www.noticiasradioreflejos.com.ar\/2021\/#\/schema\/person\/ad82545263dcc5ec0996818884fd5fb1","name":"Arnaldo Botto","image":{"@type":"ImageObject","inLanguage":"es","@id":"https:\/\/www.noticiasradioreflejos.com.ar\/2021\/#\/schema\/person\/image\/","url":"https:\/\/secure.gravatar.com\/avatar\/55cb5e37c1efa326397366e6974cb338056df65cb50e7d64d1cf314e87504837?s=96&d=mm&r=g","contentUrl":"https:\/\/secure.gravatar.com\/avatar\/55cb5e37c1efa326397366e6974cb338056df65cb50e7d64d1cf314e87504837?s=96&d=mm&r=g","caption":"Arnaldo Botto"},"url":"https:\/\/www.noticiasradioreflejos.com.ar\/2021\/author\/arnaldo\/"}]}},"_links":{"self":[{"href":"https:\/\/www.noticiasradioreflejos.com.ar\/2021\/wp-json\/wp\/v2\/posts\/22314","targetHints":{"allow":["GET"]}}],"collection":[{"href":"https:\/\/www.noticiasradioreflejos.com.ar\/2021\/wp-json\/wp\/v2\/posts"}],"about":[{"href":"https:\/\/www.noticiasradioreflejos.com.ar\/2021\/wp-json\/wp\/v2\/types\/post"}],"author":[{"embeddable":true,"href":"https:\/\/www.noticiasradioreflejos.com.ar\/2021\/wp-json\/wp\/v2\/users\/3"}],"replies":[{"embeddable":true,"href":"https:\/\/www.noticiasradioreflejos.com.ar\/2021\/wp-json\/wp\/v2\/comments?post=22314"}],"version-history":[{"count":0,"href":"https:\/\/www.noticiasradioreflejos.com.ar\/2021\/wp-json\/wp\/v2\/posts\/22314\/revisions"}],"wp:attachment":[{"href":"https:\/\/www.noticiasradioreflejos.com.ar\/2021\/wp-json\/wp\/v2\/media?parent=22314"}],"wp:term":[{"taxonomy":"category","embeddable":true,"href":"https:\/\/www.noticiasradioreflejos.com.ar\/2021\/wp-json\/wp\/v2\/categories?post=22314"},{"taxonomy":"post_tag","embeddable":true,"href":"https:\/\/www.noticiasradioreflejos.com.ar\/2021\/wp-json\/wp\/v2\/tags?post=22314"}],"curies":[{"name":"wp","href":"https:\/\/api.w.org\/{rel}","templated":true}]}}