{"id":22219,"date":"2018-06-05T18:58:04","date_gmt":"2018-06-05T21:58:04","guid":{"rendered":"http:\/\/www.noticiasradioreflejos.com.ar\/noticias\/?p=22219"},"modified":"2018-06-05T18:58:04","modified_gmt":"2018-06-05T21:58:04","slug":"la-octava-de-automoto-regreso-a-la-cima","status":"publish","type":"post","link":"https:\/\/www.noticiasradioreflejos.com.ar\/2021\/la-octava-de-automoto-regreso-a-la-cima\/","title":{"rendered":"La Octava de Automoto regres\u00f3 a la cima"},"content":{"rendered":"<p>Con una gran producci\u00f3n, principalmente en la primera mitad de juego, la Octava divisi\u00f3n de Automoto gole\u00f3 a Boca Juniors de Coronel Su\u00e1rez por 4 a 0 y se trep\u00f3 nuevamente a lo m\u00e1s alto de la tabla de posiciones de la Zona \u201cA\u201d de su categor\u00eda, en el marco de la duod\u00e9cima jornada \u2013primera de las revanchas\u2014del torneo Apertura que organiza la Liga Regional de F\u00fatbol.<!--more--><br \/>\nLos m\u00e1s peque\u00f1os de la instituci\u00f3n fueron los \u00fanicos en suma de a tres en el enfrentamiento con el xeneize suarense, dado que en los restantes enfrentamientos se registr\u00f3 un empate (en S\u00e9ptima) y dos derrotas (Sexta y Quinta).<br \/>\nCon tres tantos del artillero Bautista Frentes (de gran partido) y uno de Ger\u00f3nimo Kugler, la divisional acumul\u00f3 los puntos necesarios para alcanzar a San Mart\u00edn de Santa Trinidad, que cosech\u00f3 un empate en esta jornada.<br \/>\nDe esta manera, ambos re\u00fanen 24 unidades, aunque los azulgranas tienen un partido pendiente ante Pe\u00f1arol de Pig\u00fc\u00e9.<br \/>\nLa S\u00e9ptima, por su parte, no pudo superar a un rival directo en la lucha por acceder a la instancia decisiva del certamen. En un partido muy parejo, el encuentro finaliz\u00f3 igualado sin abrir el marcador.<br \/>\nLas otras dos categor\u00edas no pudieron sumar. La Quinta cay\u00f3 por 2 a 0 y la Sexta por 4 a 2, con dos tantos de Donato Mazzarini.<br \/>\nEl pr\u00f3ximo s\u00e1bado, Automoto recibir\u00e1 a El Progreso de Santa Mar\u00eda en Sexta y Octava, las dos \u00fanicas divisiones que presenta al mencionada entidad en esta temporada.<br \/>\nLas tablas de posiciones de la Zona \u201cA\u201d son las siguientes:<br \/>\n<strong>Quinta<\/strong><\/p>\n<table>\n<tbody>\n<tr>\n<td><strong>Equipo<\/strong><\/td>\n<td><strong>Pts<\/strong><\/td>\n<td><strong>PJ<\/strong><\/td>\n<td><strong>G<\/strong><\/td>\n<td><strong>E<\/strong><\/td>\n<td><strong>P<\/strong><\/td>\n<td><strong>Gf<\/strong><\/td>\n<td><strong>Gc<\/strong><\/td>\n<\/tr>\n<tr>\n<td>Boca Juniors<\/td>\n<td><strong>27<\/strong><\/td>\n<td>9<\/td>\n<td>9<\/td>\n<td>0<\/td>\n<td>0<\/td>\n<td>28<\/td>\n<td>6<\/td>\n<\/tr>\n<tr>\n<td>Club Sarmiento<\/td>\n<td><strong>21<\/strong><\/td>\n<td>8<\/td>\n<td>7<\/td>\n<td>0<\/td>\n<td>1<\/td>\n<td>25<\/td>\n<td>5<\/td>\n<\/tr>\n<tr>\n<td>Pe\u00f1arol (Pig\u00fc\u00e9)<\/td>\n<td><strong>13<\/strong><\/td>\n<td>8<\/td>\n<td>4<\/td>\n<td>1<\/td>\n<td>3<\/td>\n<td>24<\/td>\n<td>15<\/td>\n<\/tr>\n<tr>\n<td>San Mart\u00edn (ST)<\/td>\n<td><strong>12<\/strong><\/td>\n<td>8<\/td>\n<td>4<\/td>\n<td>0<\/td>\n<td>4<\/td>\n<td>19<\/td>\n<td>22<\/td>\n<\/tr>\n<tr>\n<td><strong>Automoto<\/strong><\/td>\n<td><strong>12<\/strong><\/td>\n<td><strong>8<\/strong><\/td>\n<td><strong>4<\/strong><\/td>\n<td><strong>0<\/strong><\/td>\n<td><strong>4<\/strong><\/td>\n<td><strong>11<\/strong><\/td>\n<td><strong>15<\/strong><\/td>\n<\/tr>\n<tr>\n<td>E. de Comercio<\/td>\n<td><strong>10<\/strong><\/td>\n<td>8<\/td>\n<td>3<\/td>\n<td>1<\/td>\n<td>4<\/td>\n<td>17<\/td>\n<td>21<\/td>\n<\/tr>\n<tr>\n<td>San Mart\u00edn (S)<\/td>\n<td><strong>7<\/strong><\/td>\n<td>8<\/td>\n<td>2<\/td>\n<td>1<\/td>\n<td>5<\/td>\n<td>8<\/td>\n<td>21<\/td>\n<\/tr>\n<tr>\n<td>Uni\u00f3n (T)<\/td>\n<td><strong>6<\/strong><\/td>\n<td>9<\/td>\n<td>2<\/td>\n<td>0<\/td>\n<td>7<\/td>\n<td>13<\/td>\n<td>21<\/td>\n<\/tr>\n<tr>\n<td>Independiente<\/td>\n<td><strong>1<\/strong><\/td>\n<td>8<\/td>\n<td>0<\/td>\n<td>1<\/td>\n<td>7<\/td>\n<td>5<\/td>\n<td>24<\/td>\n<\/tr>\n<\/tbody>\n<\/table>\n<p>&nbsp;<br \/>\n<strong>Sexta<\/strong><\/p>\n<table>\n<tbody>\n<tr>\n<td><strong>Equipo<\/strong><\/td>\n<td><strong>Pts<\/strong><\/td>\n<td><strong>PJ<\/strong><\/td>\n<td><strong>G<\/strong><\/td>\n<td><strong>E<\/strong><\/td>\n<td><strong>P<\/strong><\/td>\n<td><strong>Gf<\/strong><\/td>\n<td><strong>Gc<\/strong><\/td>\n<\/tr>\n<tr>\n<td>Boca Juniors<\/td>\n<td><strong>25<\/strong><\/td>\n<td>9<\/td>\n<td>8<\/td>\n<td>1<\/td>\n<td>0<\/td>\n<td>32<\/td>\n<td>7<\/td>\n<\/tr>\n<tr>\n<td>Uni\u00f3n (Tornquist)<\/td>\n<td><strong>20<\/strong><\/td>\n<td>9<\/td>\n<td>6<\/td>\n<td>2<\/td>\n<td>1<\/td>\n<td>29<\/td>\n<td>10<\/td>\n<\/tr>\n<tr>\n<td>Pe\u00f1arol (P)<\/td>\n<td><strong>17<\/strong><\/td>\n<td>8<\/td>\n<td>5<\/td>\n<td>2<\/td>\n<td>1<\/td>\n<td>29<\/td>\n<td>4<\/td>\n<\/tr>\n<tr>\n<td>Club Sarmiento<\/td>\n<td><strong>16<\/strong><\/td>\n<td>8<\/td>\n<td>5<\/td>\n<td>1<\/td>\n<td>2<\/td>\n<td>22<\/td>\n<td>8<\/td>\n<\/tr>\n<tr>\n<td><strong>Automoto<\/strong><\/td>\n<td><strong>12<\/strong><\/td>\n<td><strong>8<\/strong><\/td>\n<td><strong>3<\/strong><\/td>\n<td><strong>3<\/strong><\/td>\n<td><strong>2<\/strong><\/td>\n<td><strong>20<\/strong><\/td>\n<td><strong>12<\/strong><\/td>\n<\/tr>\n<tr>\n<td>E. de Comercio<\/td>\n<td><strong>5<\/strong><\/td>\n<td>8<\/td>\n<td>1<\/td>\n<td>2<\/td>\n<td>5<\/td>\n<td>3<\/td>\n<td>21<\/td>\n<\/tr>\n<tr>\n<td>Independiente<\/td>\n<td><strong>4<\/strong><\/td>\n<td>8<\/td>\n<td>1<\/td>\n<td>1<\/td>\n<td>6<\/td>\n<td>6<\/td>\n<td>28<\/td>\n<\/tr>\n<tr>\n<td>El Progreso<\/td>\n<td><strong>3<\/strong><\/td>\n<td>8<\/td>\n<td>1<\/td>\n<td>0<\/td>\n<td>7<\/td>\n<td>6<\/td>\n<td>31<\/td>\n<\/tr>\n<tr>\n<td>San Mart\u00edn (ST)<\/td>\n<td><strong>3<\/strong><\/td>\n<td>8<\/td>\n<td>1<\/td>\n<td>0<\/td>\n<td>7<\/td>\n<td>7<\/td>\n<td>33<\/td>\n<\/tr>\n<\/tbody>\n<\/table>\n<p>&nbsp;<br \/>\n<strong>S\u00e9ptima<\/strong><\/p>\n<table>\n<tbody>\n<tr>\n<td><strong>Equipo<\/strong><\/td>\n<td><strong>Pts<\/strong><\/td>\n<td><strong>PJ<\/strong><\/td>\n<td><strong>G<\/strong><\/td>\n<td><strong>E<\/strong><\/td>\n<td><strong>P<\/strong><\/td>\n<td><strong>Gf<\/strong><\/td>\n<td><strong>Gc<\/strong><\/td>\n<\/tr>\n<tr>\n<td>Club Sarmiento A<\/td>\n<td><strong>22<\/strong><\/td>\n<td>9<\/td>\n<td>7<\/td>\n<td>1<\/td>\n<td>1<\/td>\n<td>38<\/td>\n<td>6<\/td>\n<\/tr>\n<tr>\n<td>Pe\u00f1arol (Pig\u00fc\u00e9)<\/td>\n<td><strong>21<\/strong><\/td>\n<td>9<\/td>\n<td>7<\/td>\n<td>0<\/td>\n<td>2<\/td>\n<td>33<\/td>\n<td>11<\/td>\n<\/tr>\n<tr>\n<td>E. de Comercio<\/td>\n<td><strong>21<\/strong><\/td>\n<td>9<\/td>\n<td>7<\/td>\n<td>0<\/td>\n<td>2<\/td>\n<td>29<\/td>\n<td>9<\/td>\n<\/tr>\n<tr>\n<td>Boca Juniors<\/td>\n<td><strong>14<\/strong><\/td>\n<td>10<\/td>\n<td>3<\/td>\n<td>5<\/td>\n<td>2<\/td>\n<td>11<\/td>\n<td>7<\/td>\n<\/tr>\n<tr>\n<td><strong>Automoto<\/strong><\/td>\n<td><strong>13<\/strong><\/td>\n<td><strong>9<\/strong><\/td>\n<td><strong>3<\/strong><\/td>\n<td><strong>4<\/strong><\/td>\n<td><strong>2<\/strong><\/td>\n<td><strong>23<\/strong><\/td>\n<td><strong>14<\/strong><\/td>\n<\/tr>\n<tr>\n<td>D. Sarmiento B<\/td>\n<td><strong>13<\/strong><\/td>\n<td>10<\/td>\n<td>4<\/td>\n<td>1<\/td>\n<td>5<\/td>\n<td>21<\/td>\n<td>22<\/td>\n<\/tr>\n<tr>\n<td>Uni\u00f3n (Tornquist)<\/td>\n<td><strong>13<\/strong><\/td>\n<td>10<\/td>\n<td>4<\/td>\n<td>1<\/td>\n<td>5<\/td>\n<td>28<\/td>\n<td>35<\/td>\n<\/tr>\n<tr>\n<td>San Mart\u00edn (ST)<\/td>\n<td><strong>11<\/strong><\/td>\n<td>9<\/td>\n<td>3<\/td>\n<td>2<\/td>\n<td>4<\/td>\n<td>14<\/td>\n<td>22<\/td>\n<\/tr>\n<tr>\n<td>San Mart\u00edn (S)<\/td>\n<td><strong>5<\/strong><\/td>\n<td>9<\/td>\n<td>1<\/td>\n<td>2<\/td>\n<td>6<\/td>\n<td>5<\/td>\n<td>41<\/td>\n<\/tr>\n<tr>\n<td>Independiente<\/td>\n<td><strong>0<\/strong><\/td>\n<td>10<\/td>\n<td>0<\/td>\n<td>0<\/td>\n<td>10<\/td>\n<td>3<\/td>\n<td>38<\/td>\n<\/tr>\n<\/tbody>\n<\/table>\n<p>&nbsp;<br \/>\n<strong>Octava<\/strong><\/p>\n<table>\n<tbody>\n<tr>\n<td><strong>Equipo<\/strong><\/td>\n<td><strong>Pts<\/strong><\/td>\n<td><strong>PJ<\/strong><\/td>\n<td><strong>G<\/strong><\/td>\n<td><strong>E<\/strong><\/td>\n<td><strong>P<\/strong><\/td>\n<td><strong>Gf<\/strong><\/td>\n<td><strong>Gc<\/strong><\/td>\n<\/tr>\n<tr>\n<td><strong>Automoto<\/strong><\/td>\n<td><strong>24<\/strong><\/td>\n<td><strong>9<\/strong><\/td>\n<td><strong>8<\/strong><\/td>\n<td><strong>0<\/strong><\/td>\n<td><strong>1<\/strong><\/td>\n<td><strong>25<\/strong><\/td>\n<td><strong>4<\/strong><\/td>\n<\/tr>\n<tr>\n<td>San Mart\u00edn (ST)<\/td>\n<td><strong>24<\/strong><\/td>\n<td>10<\/td>\n<td>7<\/td>\n<td>3<\/td>\n<td>0<\/td>\n<td>19<\/td>\n<td>4<\/td>\n<\/tr>\n<tr>\n<td>Club Sarmiento A<\/td>\n<td><strong>19<\/strong><\/td>\n<td>9<\/td>\n<td>6<\/td>\n<td>1<\/td>\n<td>2<\/td>\n<td>18<\/td>\n<td>7<\/td>\n<\/tr>\n<tr>\n<td>El Progreso<\/td>\n<td><strong>16<\/strong><\/td>\n<td>10<\/td>\n<td>5<\/td>\n<td>1<\/td>\n<td>4<\/td>\n<td>23<\/td>\n<td>11<\/td>\n<\/tr>\n<tr>\n<td>San Mart\u00edn (S)<\/td>\n<td><strong>15<\/strong><\/td>\n<td>10<\/td>\n<td>4<\/td>\n<td>3<\/td>\n<td>3<\/td>\n<td>8<\/td>\n<td>14<\/td>\n<\/tr>\n<tr>\n<td>Boca Juniors<\/td>\n<td><strong>13<\/strong><\/td>\n<td>10<\/td>\n<td>3<\/td>\n<td>4<\/td>\n<td>3<\/td>\n<td>10<\/td>\n<td>8<\/td>\n<\/tr>\n<tr>\n<td>D. Sarmiento B<\/td>\n<td><strong>11<\/strong><\/td>\n<td>10<\/td>\n<td>3<\/td>\n<td>2<\/td>\n<td>5<\/td>\n<td>8<\/td>\n<td>18<\/td>\n<\/tr>\n<tr>\n<td>Independiente<\/td>\n<td><strong>8<\/strong><\/td>\n<td>10<\/td>\n<td>2<\/td>\n<td>2<\/td>\n<td>6<\/td>\n<td>8<\/td>\n<td>17<\/td>\n<\/tr>\n<tr>\n<td>Pe\u00f1arol (Pig\u00fc\u00e9)<\/td>\n<td><strong>4<\/strong><\/td>\n<td>8<\/td>\n<td>1<\/td>\n<td>1<\/td>\n<td>6<\/td>\n<td>4<\/td>\n<td>22<\/td>\n<\/tr>\n<tr>\n<td>Uni\u00f3n (Tornquist)<\/td>\n<td><strong>1<\/strong><\/td>\n<td>10<\/td>\n<td>0<\/td>\n<td>1<\/td>\n<td>9<\/td>\n<td>3<\/td>\n<td>21<\/td>\n<\/tr>\n<\/tbody>\n<\/table>\n<p>&nbsp;<br \/>\n&nbsp;<br \/>\nDepartamento de Prensa \u2013 Automoto Club Deportivo<br \/>\nwww.clubautomotopasion.com.ar<br \/>\nFacebook: \/automototornquist<br \/>\nTwitter: @ClubAutomoto<br \/>\n&nbsp;<\/p>\n","protected":false},"excerpt":{"rendered":"<p>Con una gran producci\u00f3n, principalmente en la primera mitad de juego, la Octava divisi\u00f3n de Automoto gole\u00f3 a Boca Juniors de Coronel Su\u00e1rez por 4 a 0 y se trep\u00f3 nuevamente a lo m\u00e1s alto de la tabla de posiciones de la Zona \u201cA\u201d de su categor\u00eda, en el marco de la duod\u00e9cima jornada \u2013primera [&hellip;]<\/p>\n","protected":false},"author":3,"featured_media":0,"comment_status":"closed","ping_status":"open","sticky":false,"template":"","format":"standard","meta":{"footnotes":""},"categories":[27],"tags":[],"class_list":["post-22219","post","type-post","status-publish","format-standard","hentry","category-deportes"],"yoast_head":"<!-- This site is optimized with the Yoast SEO plugin v25.9 - https:\/\/yoast.com\/wordpress\/plugins\/seo\/ -->\n<title>La Octava de Automoto regres\u00f3 a la cima - Noticias Radio Reflejos<\/title>\n<meta name=\"robots\" content=\"index, follow, max-snippet:-1, max-image-preview:large, max-video-preview:-1\" \/>\n<link rel=\"canonical\" href=\"https:\/\/www.noticiasradioreflejos.com.ar\/2021\/la-octava-de-automoto-regreso-a-la-cima\/\" \/>\n<meta property=\"og:locale\" content=\"es_ES\" \/>\n<meta property=\"og:type\" content=\"article\" \/>\n<meta property=\"og:title\" content=\"La Octava de Automoto regres\u00f3 a la cima - Noticias Radio Reflejos\" \/>\n<meta property=\"og:description\" content=\"Con una gran producci\u00f3n, principalmente en la primera mitad de juego, la Octava divisi\u00f3n de Automoto gole\u00f3 a Boca Juniors de Coronel Su\u00e1rez por 4 a 0 y se trep\u00f3 nuevamente a lo m\u00e1s alto de la tabla de posiciones de la Zona \u201cA\u201d de su categor\u00eda, en el marco de la duod\u00e9cima jornada \u2013primera [&hellip;]\" \/>\n<meta property=\"og:url\" content=\"https:\/\/www.noticiasradioreflejos.com.ar\/2021\/la-octava-de-automoto-regreso-a-la-cima\/\" \/>\n<meta property=\"og:site_name\" content=\"Noticias Radio Reflejos\" \/>\n<meta property=\"article:published_time\" content=\"2018-06-05T21:58:04+00:00\" \/>\n<meta property=\"og:image\" content=\"https:\/\/www.noticiasradioreflejos.com.ar\/2021\/wp-content\/uploads\/2021\/07\/logosol300x200.png\" \/>\n\t<meta property=\"og:image:width\" content=\"300\" \/>\n\t<meta property=\"og:image:height\" content=\"200\" \/>\n\t<meta property=\"og:image:type\" content=\"image\/png\" \/>\n<meta name=\"author\" content=\"Arnaldo Botto\" \/>\n<meta name=\"twitter:card\" content=\"summary_large_image\" \/>\n<script type=\"application\/ld+json\" class=\"yoast-schema-graph\">{\"@context\":\"https:\/\/schema.org\",\"@graph\":[{\"@type\":\"WebPage\",\"@id\":\"https:\/\/www.noticiasradioreflejos.com.ar\/2021\/la-octava-de-automoto-regreso-a-la-cima\/\",\"url\":\"https:\/\/www.noticiasradioreflejos.com.ar\/2021\/la-octava-de-automoto-regreso-a-la-cima\/\",\"name\":\"La Octava de Automoto regres\u00f3 a la cima - Noticias Radio Reflejos\",\"isPartOf\":{\"@id\":\"https:\/\/www.noticiasradioreflejos.com.ar\/2021\/#website\"},\"datePublished\":\"2018-06-05T21:58:04+00:00\",\"author\":{\"@id\":\"https:\/\/www.noticiasradioreflejos.com.ar\/2021\/#\/schema\/person\/ad82545263dcc5ec0996818884fd5fb1\"},\"breadcrumb\":{\"@id\":\"https:\/\/www.noticiasradioreflejos.com.ar\/2021\/la-octava-de-automoto-regreso-a-la-cima\/#breadcrumb\"},\"inLanguage\":\"es\",\"potentialAction\":[{\"@type\":\"ReadAction\",\"target\":[\"https:\/\/www.noticiasradioreflejos.com.ar\/2021\/la-octava-de-automoto-regreso-a-la-cima\/\"]}]},{\"@type\":\"BreadcrumbList\",\"@id\":\"https:\/\/www.noticiasradioreflejos.com.ar\/2021\/la-octava-de-automoto-regreso-a-la-cima\/#breadcrumb\",\"itemListElement\":[{\"@type\":\"ListItem\",\"position\":1,\"name\":\"Portada\",\"item\":\"https:\/\/www.noticiasradioreflejos.com.ar\/2021\/\"},{\"@type\":\"ListItem\",\"position\":2,\"name\":\"La Octava de Automoto regres\u00f3 a la cima\"}]},{\"@type\":\"WebSite\",\"@id\":\"https:\/\/www.noticiasradioreflejos.com.ar\/2021\/#website\",\"url\":\"https:\/\/www.noticiasradioreflejos.com.ar\/2021\/\",\"name\":\"Noticias Radio Reflejos\",\"description\":\"Las noticias de mi comarca\",\"potentialAction\":[{\"@type\":\"SearchAction\",\"target\":{\"@type\":\"EntryPoint\",\"urlTemplate\":\"https:\/\/www.noticiasradioreflejos.com.ar\/2021\/?s={search_term_string}\"},\"query-input\":{\"@type\":\"PropertyValueSpecification\",\"valueRequired\":true,\"valueName\":\"search_term_string\"}}],\"inLanguage\":\"es\"},{\"@type\":\"Person\",\"@id\":\"https:\/\/www.noticiasradioreflejos.com.ar\/2021\/#\/schema\/person\/ad82545263dcc5ec0996818884fd5fb1\",\"name\":\"Arnaldo Botto\",\"image\":{\"@type\":\"ImageObject\",\"inLanguage\":\"es\",\"@id\":\"https:\/\/www.noticiasradioreflejos.com.ar\/2021\/#\/schema\/person\/image\/\",\"url\":\"https:\/\/secure.gravatar.com\/avatar\/55cb5e37c1efa326397366e6974cb338056df65cb50e7d64d1cf314e87504837?s=96&d=mm&r=g\",\"contentUrl\":\"https:\/\/secure.gravatar.com\/avatar\/55cb5e37c1efa326397366e6974cb338056df65cb50e7d64d1cf314e87504837?s=96&d=mm&r=g\",\"caption\":\"Arnaldo Botto\"},\"url\":\"https:\/\/www.noticiasradioreflejos.com.ar\/2021\/author\/arnaldo\/\"}]}<\/script>\n<!-- \/ Yoast SEO plugin. -->","yoast_head_json":{"title":"La Octava de Automoto regres\u00f3 a la cima - Noticias Radio Reflejos","robots":{"index":"index","follow":"follow","max-snippet":"max-snippet:-1","max-image-preview":"max-image-preview:large","max-video-preview":"max-video-preview:-1"},"canonical":"https:\/\/www.noticiasradioreflejos.com.ar\/2021\/la-octava-de-automoto-regreso-a-la-cima\/","og_locale":"es_ES","og_type":"article","og_title":"La Octava de Automoto regres\u00f3 a la cima - Noticias Radio Reflejos","og_description":"Con una gran producci\u00f3n, principalmente en la primera mitad de juego, la Octava divisi\u00f3n de Automoto gole\u00f3 a Boca Juniors de Coronel Su\u00e1rez por 4 a 0 y se trep\u00f3 nuevamente a lo m\u00e1s alto de la tabla de posiciones de la Zona \u201cA\u201d de su categor\u00eda, en el marco de la duod\u00e9cima jornada \u2013primera [&hellip;]","og_url":"https:\/\/www.noticiasradioreflejos.com.ar\/2021\/la-octava-de-automoto-regreso-a-la-cima\/","og_site_name":"Noticias Radio Reflejos","article_published_time":"2018-06-05T21:58:04+00:00","og_image":[{"width":300,"height":200,"url":"https:\/\/www.noticiasradioreflejos.com.ar\/2021\/wp-content\/uploads\/2021\/07\/logosol300x200.png","type":"image\/png"}],"author":"Arnaldo Botto","twitter_card":"summary_large_image","schema":{"@context":"https:\/\/schema.org","@graph":[{"@type":"WebPage","@id":"https:\/\/www.noticiasradioreflejos.com.ar\/2021\/la-octava-de-automoto-regreso-a-la-cima\/","url":"https:\/\/www.noticiasradioreflejos.com.ar\/2021\/la-octava-de-automoto-regreso-a-la-cima\/","name":"La Octava de Automoto regres\u00f3 a la cima - Noticias Radio Reflejos","isPartOf":{"@id":"https:\/\/www.noticiasradioreflejos.com.ar\/2021\/#website"},"datePublished":"2018-06-05T21:58:04+00:00","author":{"@id":"https:\/\/www.noticiasradioreflejos.com.ar\/2021\/#\/schema\/person\/ad82545263dcc5ec0996818884fd5fb1"},"breadcrumb":{"@id":"https:\/\/www.noticiasradioreflejos.com.ar\/2021\/la-octava-de-automoto-regreso-a-la-cima\/#breadcrumb"},"inLanguage":"es","potentialAction":[{"@type":"ReadAction","target":["https:\/\/www.noticiasradioreflejos.com.ar\/2021\/la-octava-de-automoto-regreso-a-la-cima\/"]}]},{"@type":"BreadcrumbList","@id":"https:\/\/www.noticiasradioreflejos.com.ar\/2021\/la-octava-de-automoto-regreso-a-la-cima\/#breadcrumb","itemListElement":[{"@type":"ListItem","position":1,"name":"Portada","item":"https:\/\/www.noticiasradioreflejos.com.ar\/2021\/"},{"@type":"ListItem","position":2,"name":"La Octava de Automoto regres\u00f3 a la cima"}]},{"@type":"WebSite","@id":"https:\/\/www.noticiasradioreflejos.com.ar\/2021\/#website","url":"https:\/\/www.noticiasradioreflejos.com.ar\/2021\/","name":"Noticias Radio Reflejos","description":"Las noticias de mi comarca","potentialAction":[{"@type":"SearchAction","target":{"@type":"EntryPoint","urlTemplate":"https:\/\/www.noticiasradioreflejos.com.ar\/2021\/?s={search_term_string}"},"query-input":{"@type":"PropertyValueSpecification","valueRequired":true,"valueName":"search_term_string"}}],"inLanguage":"es"},{"@type":"Person","@id":"https:\/\/www.noticiasradioreflejos.com.ar\/2021\/#\/schema\/person\/ad82545263dcc5ec0996818884fd5fb1","name":"Arnaldo Botto","image":{"@type":"ImageObject","inLanguage":"es","@id":"https:\/\/www.noticiasradioreflejos.com.ar\/2021\/#\/schema\/person\/image\/","url":"https:\/\/secure.gravatar.com\/avatar\/55cb5e37c1efa326397366e6974cb338056df65cb50e7d64d1cf314e87504837?s=96&d=mm&r=g","contentUrl":"https:\/\/secure.gravatar.com\/avatar\/55cb5e37c1efa326397366e6974cb338056df65cb50e7d64d1cf314e87504837?s=96&d=mm&r=g","caption":"Arnaldo Botto"},"url":"https:\/\/www.noticiasradioreflejos.com.ar\/2021\/author\/arnaldo\/"}]}},"_links":{"self":[{"href":"https:\/\/www.noticiasradioreflejos.com.ar\/2021\/wp-json\/wp\/v2\/posts\/22219","targetHints":{"allow":["GET"]}}],"collection":[{"href":"https:\/\/www.noticiasradioreflejos.com.ar\/2021\/wp-json\/wp\/v2\/posts"}],"about":[{"href":"https:\/\/www.noticiasradioreflejos.com.ar\/2021\/wp-json\/wp\/v2\/types\/post"}],"author":[{"embeddable":true,"href":"https:\/\/www.noticiasradioreflejos.com.ar\/2021\/wp-json\/wp\/v2\/users\/3"}],"replies":[{"embeddable":true,"href":"https:\/\/www.noticiasradioreflejos.com.ar\/2021\/wp-json\/wp\/v2\/comments?post=22219"}],"version-history":[{"count":0,"href":"https:\/\/www.noticiasradioreflejos.com.ar\/2021\/wp-json\/wp\/v2\/posts\/22219\/revisions"}],"wp:attachment":[{"href":"https:\/\/www.noticiasradioreflejos.com.ar\/2021\/wp-json\/wp\/v2\/media?parent=22219"}],"wp:term":[{"taxonomy":"category","embeddable":true,"href":"https:\/\/www.noticiasradioreflejos.com.ar\/2021\/wp-json\/wp\/v2\/categories?post=22219"},{"taxonomy":"post_tag","embeddable":true,"href":"https:\/\/www.noticiasradioreflejos.com.ar\/2021\/wp-json\/wp\/v2\/tags?post=22219"}],"curies":[{"name":"wp","href":"https:\/\/api.w.org\/{rel}","templated":true}]}}