{"id":22202,"date":"2018-06-05T14:44:15","date_gmt":"2018-06-05T17:44:15","guid":{"rendered":"http:\/\/www.noticiasradioreflejos.com.ar\/noticias\/?p=22202"},"modified":"2018-06-05T14:44:15","modified_gmt":"2018-06-05T17:44:15","slug":"aumento-de-combustibles","status":"publish","type":"post","link":"https:\/\/www.noticiasradioreflejos.com.ar\/2021\/aumento-de-combustibles\/","title":{"rendered":"Aumento de combustibles"},"content":{"rendered":"<p>PREOCUPACI\u00d3N Y RECHAZO AL AUMENTO DEL PRECIO DE LOS COMBUSTIBLES<br \/>\nEste \u00faltimo incremento es absolutamente inapropiado e implica un alto costo social<br \/>\nEl CONADUV desea manifestar la gran preocupaci\u00f3n que genera a toda la sociedad el aumento en el precio de los combustibles que sigue en alza, sin control y sin l\u00edmite alguno.<!--more--><br \/>\nEsta situaci\u00f3n confirma la debilidad manifiesta del Gobierno Nacional, cediendo ante las presiones de las empresas petroleras que pretenden seguir conservando privilegios que afectan los intereses de la inmensa mayor\u00eda de los argentinos y la econom\u00eda nacional.<br \/>\nLos precios exorbitantes de los combustibles acosan a la poblaci\u00f3n, mientras el accionar desembozado e impune de las empresas petroleras causa conmoci\u00f3n interna, provocan a la sociedad y desestabiliza al Ejecutivo Nacional.<br \/>\nEs as\u00ed que desde el CONADUV se exhorta al Gobierno Nacional para que se fijen precios que se correspondan con los reales costos de producci\u00f3n y la situaci\u00f3n econ\u00f3mica del Pa\u00eds.<br \/>\nRicardo Lasca, del Centro Argentino de Ingenieros Agr\u00f3nomos (CADIA) y Coordinador del Comit\u00e9 Nacional de Defensa del Usuario Vial (CONADUV) manifest\u00f3: \u201ceste nuevo aumento en el precio de los combustibles autom\u00e1ticamente genera m\u00e1s inflaci\u00f3n, incremento en el costo de transporte, menor competitividad, repercutiendo fundamentalmente en los fletes, y por ende, en las actividades productivas y servicios, y en definitiva en los productos de la canasta familiar\u201d. \u201cEntre combustible, peaje, seguro, patente, VTV, mantenimiento de los veh\u00edculos, impuestos, y otros, deberemos volver al SULKY\u201d<br \/>\n\u201cEsto es un ejemplo claro del doble discurso de quienes gobiernan, que por un lado manifiestan defender el inter\u00e9s general y el bolsillo de la gente, y por el otro, siguen favoreciendo las fabulosas ganancias de las petroleras, de los grandes grupos econ\u00f3micos y los amigos del poder.\u201d<br \/>\nBs. As. 06-2018<br \/>\nComit\u00e9 Nacional de Defensa del Usuario Vial (CONADUV)<br \/>\n(011) 15-4435-9162<br \/>\n&nbsp;<br \/>\n&#8211; CONADUV &#8211;<br \/>\nCOMIT\u00c9 NACIONAL DE DEFENSA DEL USUARIO VIAL<br \/>\nAvda. de Mayo 1370 \u2013 9\u00ba piso of. 226\/229 \u2013 (1362) CABA \u2013 Tel 4383-8925-(011)15-4435-9162 E-Mail. conaduv@yahoo.com.ar ingagronomos@yahoo.com.ar<\/p>\n","protected":false},"excerpt":{"rendered":"<p>PREOCUPACI\u00d3N Y RECHAZO AL AUMENTO DEL PRECIO DE LOS COMBUSTIBLES Este \u00faltimo incremento es absolutamente inapropiado e implica un alto costo social El CONADUV desea manifestar la gran preocupaci\u00f3n que genera a toda la sociedad el aumento en el precio de los combustibles que sigue en alza, sin control y sin l\u00edmite alguno.<\/p>\n","protected":false},"author":3,"featured_media":0,"comment_status":"closed","ping_status":"open","sticky":false,"template":"","format":"standard","meta":{"footnotes":""},"categories":[36],"tags":[],"class_list":["post-22202","post","type-post","status-publish","format-standard","hentry","category-economia"],"yoast_head":"<!-- This site is optimized with the Yoast SEO plugin v25.9 - https:\/\/yoast.com\/wordpress\/plugins\/seo\/ -->\n<title>Aumento de combustibles - Noticias Radio Reflejos<\/title>\n<meta name=\"robots\" content=\"index, follow, max-snippet:-1, max-image-preview:large, max-video-preview:-1\" \/>\n<link rel=\"canonical\" href=\"https:\/\/www.noticiasradioreflejos.com.ar\/2021\/aumento-de-combustibles\/\" \/>\n<meta property=\"og:locale\" content=\"es_ES\" \/>\n<meta property=\"og:type\" content=\"article\" \/>\n<meta property=\"og:title\" content=\"Aumento de combustibles - Noticias Radio Reflejos\" \/>\n<meta property=\"og:description\" content=\"PREOCUPACI\u00d3N Y RECHAZO AL AUMENTO DEL PRECIO DE LOS COMBUSTIBLES Este \u00faltimo incremento es absolutamente inapropiado e implica un alto costo social El CONADUV desea manifestar la gran preocupaci\u00f3n que genera a toda la sociedad el aumento en el precio de los combustibles que sigue en alza, sin control y sin l\u00edmite alguno.\" \/>\n<meta property=\"og:url\" content=\"https:\/\/www.noticiasradioreflejos.com.ar\/2021\/aumento-de-combustibles\/\" \/>\n<meta property=\"og:site_name\" content=\"Noticias Radio Reflejos\" \/>\n<meta property=\"article:published_time\" content=\"2018-06-05T17:44:15+00:00\" \/>\n<meta property=\"og:image\" content=\"https:\/\/www.noticiasradioreflejos.com.ar\/2021\/wp-content\/uploads\/2021\/07\/logosol300x200.png\" \/>\n\t<meta property=\"og:image:width\" content=\"300\" \/>\n\t<meta property=\"og:image:height\" content=\"200\" \/>\n\t<meta property=\"og:image:type\" content=\"image\/png\" \/>\n<meta name=\"author\" content=\"Arnaldo Botto\" \/>\n<meta name=\"twitter:card\" content=\"summary_large_image\" \/>\n<script type=\"application\/ld+json\" class=\"yoast-schema-graph\">{\"@context\":\"https:\/\/schema.org\",\"@graph\":[{\"@type\":\"WebPage\",\"@id\":\"https:\/\/www.noticiasradioreflejos.com.ar\/2021\/aumento-de-combustibles\/\",\"url\":\"https:\/\/www.noticiasradioreflejos.com.ar\/2021\/aumento-de-combustibles\/\",\"name\":\"Aumento de combustibles - Noticias Radio Reflejos\",\"isPartOf\":{\"@id\":\"https:\/\/www.noticiasradioreflejos.com.ar\/2021\/#website\"},\"datePublished\":\"2018-06-05T17:44:15+00:00\",\"author\":{\"@id\":\"https:\/\/www.noticiasradioreflejos.com.ar\/2021\/#\/schema\/person\/ad82545263dcc5ec0996818884fd5fb1\"},\"breadcrumb\":{\"@id\":\"https:\/\/www.noticiasradioreflejos.com.ar\/2021\/aumento-de-combustibles\/#breadcrumb\"},\"inLanguage\":\"es\",\"potentialAction\":[{\"@type\":\"ReadAction\",\"target\":[\"https:\/\/www.noticiasradioreflejos.com.ar\/2021\/aumento-de-combustibles\/\"]}]},{\"@type\":\"BreadcrumbList\",\"@id\":\"https:\/\/www.noticiasradioreflejos.com.ar\/2021\/aumento-de-combustibles\/#breadcrumb\",\"itemListElement\":[{\"@type\":\"ListItem\",\"position\":1,\"name\":\"Portada\",\"item\":\"https:\/\/www.noticiasradioreflejos.com.ar\/2021\/\"},{\"@type\":\"ListItem\",\"position\":2,\"name\":\"Aumento de combustibles\"}]},{\"@type\":\"WebSite\",\"@id\":\"https:\/\/www.noticiasradioreflejos.com.ar\/2021\/#website\",\"url\":\"https:\/\/www.noticiasradioreflejos.com.ar\/2021\/\",\"name\":\"Noticias Radio Reflejos\",\"description\":\"Las noticias de mi comarca\",\"potentialAction\":[{\"@type\":\"SearchAction\",\"target\":{\"@type\":\"EntryPoint\",\"urlTemplate\":\"https:\/\/www.noticiasradioreflejos.com.ar\/2021\/?s={search_term_string}\"},\"query-input\":{\"@type\":\"PropertyValueSpecification\",\"valueRequired\":true,\"valueName\":\"search_term_string\"}}],\"inLanguage\":\"es\"},{\"@type\":\"Person\",\"@id\":\"https:\/\/www.noticiasradioreflejos.com.ar\/2021\/#\/schema\/person\/ad82545263dcc5ec0996818884fd5fb1\",\"name\":\"Arnaldo Botto\",\"image\":{\"@type\":\"ImageObject\",\"inLanguage\":\"es\",\"@id\":\"https:\/\/www.noticiasradioreflejos.com.ar\/2021\/#\/schema\/person\/image\/\",\"url\":\"https:\/\/secure.gravatar.com\/avatar\/55cb5e37c1efa326397366e6974cb338056df65cb50e7d64d1cf314e87504837?s=96&d=mm&r=g\",\"contentUrl\":\"https:\/\/secure.gravatar.com\/avatar\/55cb5e37c1efa326397366e6974cb338056df65cb50e7d64d1cf314e87504837?s=96&d=mm&r=g\",\"caption\":\"Arnaldo Botto\"},\"url\":\"https:\/\/www.noticiasradioreflejos.com.ar\/2021\/author\/arnaldo\/\"}]}<\/script>\n<!-- \/ Yoast SEO plugin. -->","yoast_head_json":{"title":"Aumento de combustibles - Noticias Radio Reflejos","robots":{"index":"index","follow":"follow","max-snippet":"max-snippet:-1","max-image-preview":"max-image-preview:large","max-video-preview":"max-video-preview:-1"},"canonical":"https:\/\/www.noticiasradioreflejos.com.ar\/2021\/aumento-de-combustibles\/","og_locale":"es_ES","og_type":"article","og_title":"Aumento de combustibles - Noticias Radio Reflejos","og_description":"PREOCUPACI\u00d3N Y RECHAZO AL AUMENTO DEL PRECIO DE LOS COMBUSTIBLES Este \u00faltimo incremento es absolutamente inapropiado e implica un alto costo social El CONADUV desea manifestar la gran preocupaci\u00f3n que genera a toda la sociedad el aumento en el precio de los combustibles que sigue en alza, sin control y sin l\u00edmite alguno.","og_url":"https:\/\/www.noticiasradioreflejos.com.ar\/2021\/aumento-de-combustibles\/","og_site_name":"Noticias Radio Reflejos","article_published_time":"2018-06-05T17:44:15+00:00","og_image":[{"width":300,"height":200,"url":"https:\/\/www.noticiasradioreflejos.com.ar\/2021\/wp-content\/uploads\/2021\/07\/logosol300x200.png","type":"image\/png"}],"author":"Arnaldo Botto","twitter_card":"summary_large_image","schema":{"@context":"https:\/\/schema.org","@graph":[{"@type":"WebPage","@id":"https:\/\/www.noticiasradioreflejos.com.ar\/2021\/aumento-de-combustibles\/","url":"https:\/\/www.noticiasradioreflejos.com.ar\/2021\/aumento-de-combustibles\/","name":"Aumento de combustibles - Noticias Radio Reflejos","isPartOf":{"@id":"https:\/\/www.noticiasradioreflejos.com.ar\/2021\/#website"},"datePublished":"2018-06-05T17:44:15+00:00","author":{"@id":"https:\/\/www.noticiasradioreflejos.com.ar\/2021\/#\/schema\/person\/ad82545263dcc5ec0996818884fd5fb1"},"breadcrumb":{"@id":"https:\/\/www.noticiasradioreflejos.com.ar\/2021\/aumento-de-combustibles\/#breadcrumb"},"inLanguage":"es","potentialAction":[{"@type":"ReadAction","target":["https:\/\/www.noticiasradioreflejos.com.ar\/2021\/aumento-de-combustibles\/"]}]},{"@type":"BreadcrumbList","@id":"https:\/\/www.noticiasradioreflejos.com.ar\/2021\/aumento-de-combustibles\/#breadcrumb","itemListElement":[{"@type":"ListItem","position":1,"name":"Portada","item":"https:\/\/www.noticiasradioreflejos.com.ar\/2021\/"},{"@type":"ListItem","position":2,"name":"Aumento de combustibles"}]},{"@type":"WebSite","@id":"https:\/\/www.noticiasradioreflejos.com.ar\/2021\/#website","url":"https:\/\/www.noticiasradioreflejos.com.ar\/2021\/","name":"Noticias Radio Reflejos","description":"Las noticias de mi comarca","potentialAction":[{"@type":"SearchAction","target":{"@type":"EntryPoint","urlTemplate":"https:\/\/www.noticiasradioreflejos.com.ar\/2021\/?s={search_term_string}"},"query-input":{"@type":"PropertyValueSpecification","valueRequired":true,"valueName":"search_term_string"}}],"inLanguage":"es"},{"@type":"Person","@id":"https:\/\/www.noticiasradioreflejos.com.ar\/2021\/#\/schema\/person\/ad82545263dcc5ec0996818884fd5fb1","name":"Arnaldo Botto","image":{"@type":"ImageObject","inLanguage":"es","@id":"https:\/\/www.noticiasradioreflejos.com.ar\/2021\/#\/schema\/person\/image\/","url":"https:\/\/secure.gravatar.com\/avatar\/55cb5e37c1efa326397366e6974cb338056df65cb50e7d64d1cf314e87504837?s=96&d=mm&r=g","contentUrl":"https:\/\/secure.gravatar.com\/avatar\/55cb5e37c1efa326397366e6974cb338056df65cb50e7d64d1cf314e87504837?s=96&d=mm&r=g","caption":"Arnaldo Botto"},"url":"https:\/\/www.noticiasradioreflejos.com.ar\/2021\/author\/arnaldo\/"}]}},"_links":{"self":[{"href":"https:\/\/www.noticiasradioreflejos.com.ar\/2021\/wp-json\/wp\/v2\/posts\/22202","targetHints":{"allow":["GET"]}}],"collection":[{"href":"https:\/\/www.noticiasradioreflejos.com.ar\/2021\/wp-json\/wp\/v2\/posts"}],"about":[{"href":"https:\/\/www.noticiasradioreflejos.com.ar\/2021\/wp-json\/wp\/v2\/types\/post"}],"author":[{"embeddable":true,"href":"https:\/\/www.noticiasradioreflejos.com.ar\/2021\/wp-json\/wp\/v2\/users\/3"}],"replies":[{"embeddable":true,"href":"https:\/\/www.noticiasradioreflejos.com.ar\/2021\/wp-json\/wp\/v2\/comments?post=22202"}],"version-history":[{"count":0,"href":"https:\/\/www.noticiasradioreflejos.com.ar\/2021\/wp-json\/wp\/v2\/posts\/22202\/revisions"}],"wp:attachment":[{"href":"https:\/\/www.noticiasradioreflejos.com.ar\/2021\/wp-json\/wp\/v2\/media?parent=22202"}],"wp:term":[{"taxonomy":"category","embeddable":true,"href":"https:\/\/www.noticiasradioreflejos.com.ar\/2021\/wp-json\/wp\/v2\/categories?post=22202"},{"taxonomy":"post_tag","embeddable":true,"href":"https:\/\/www.noticiasradioreflejos.com.ar\/2021\/wp-json\/wp\/v2\/tags?post=22202"}],"curies":[{"name":"wp","href":"https:\/\/api.w.org\/{rel}","templated":true}]}}