{"id":22197,"date":"2018-06-05T14:33:01","date_gmt":"2018-06-05T17:33:01","guid":{"rendered":"http:\/\/www.noticiasradioreflejos.com.ar\/noticias\/?p=22197"},"modified":"2018-06-05T14:33:01","modified_gmt":"2018-06-05T17:33:01","slug":"carta-de-lectores-claudio-vasco-iribarren","status":"publish","type":"post","link":"https:\/\/www.noticiasradioreflejos.com.ar\/2021\/carta-de-lectores-claudio-vasco-iribarren\/","title":{"rendered":"Carta de lectores, Claudio &quot;Vasco&quot; Iribarren"},"content":{"rendered":"<p class=\"x_m_-3260500640628649219ydpcdb490c6yiv9088617587ydp5b9cdacaMsoNormal\"><b><u>Fuera de foco<\/u><\/b><\/p>\n<div>Bombita de luz<\/div>\n<div>www.cambiaelfoquito<\/div>\n<div>\u00abConsciente\u00bb de la cr\u00edtica situaci\u00f3n q vive el pa\u00eds&#8230;el presidente FOCALIZA su atenci\u00f3n en las l\u00e1mparitas!!!. Y lanza la consigna de CAMBIEMOS &#8230;el foquito. (En l\u00ednea con la propuesta, a nivel local el tema tambi\u00e9n est\u00e1 instalado, qui\u00e9n cambia el foquito?).<\/div>\n<p><!--more--><\/p>\n<p class=\"x_m_-3260500640628649219ydpcdb490c6yiv9088617587ydp5b9cdacaMsoNormal\">Impuestazo, tarifazo, naftazo,\u00a0 inflaci\u00f3n, recesi\u00f3n, comida por las nubes, la gente cagada de angustia!!!. Endeudados hasta los ejes, otra vez bajo el yugo del FMI!!!<\/p>\n<p class=\"x_m_-3260500640628649219ydpcdb490c6yiv9088617587ydp5b9cdacaMsoNormal\">Y uds, con la guita afuera y hablando de burletes y luces Led!!!.<\/p>\n<p class=\"x_m_-3260500640628649219ydpcdb490c6yiv9088617587ydp5b9cdacaMsoNormal\">Los muchachos del \u00abiluminismo\u00bb off shore, hacen negocios mientras desguazan el pa\u00eds.<\/p>\n<p class=\"x_m_-3260500640628649219ydpcdb490c6yiv9088617587ydp5b9cdacaMsoNormal\">Claudio \u00abVasco\u00bb Iribarren<\/p>\n","protected":false},"excerpt":{"rendered":"<p>Fuera de foco Bombita de luz www.cambiaelfoquito \u00abConsciente\u00bb de la cr\u00edtica situaci\u00f3n q vive el pa\u00eds&#8230;el presidente FOCALIZA su atenci\u00f3n en las l\u00e1mparitas!!!. Y lanza la consigna de CAMBIEMOS &#8230;el foquito. (En l\u00ednea con la propuesta, a nivel local el tema tambi\u00e9n est\u00e1 instalado, qui\u00e9n cambia el foquito?).<\/p>\n","protected":false},"author":3,"featured_media":0,"comment_status":"closed","ping_status":"open","sticky":false,"template":"","format":"standard","meta":{"footnotes":""},"categories":[26],"tags":[],"class_list":["post-22197","post","type-post","status-publish","format-standard","hentry","category-sociedad"],"yoast_head":"<!-- This site is optimized with the Yoast SEO plugin v25.9 - https:\/\/yoast.com\/wordpress\/plugins\/seo\/ -->\n<title>Carta de lectores, Claudio &quot;Vasco&quot; Iribarren - Noticias Radio Reflejos<\/title>\n<meta name=\"robots\" content=\"index, follow, max-snippet:-1, max-image-preview:large, max-video-preview:-1\" \/>\n<link rel=\"canonical\" href=\"https:\/\/www.noticiasradioreflejos.com.ar\/2021\/carta-de-lectores-claudio-vasco-iribarren\/\" \/>\n<meta property=\"og:locale\" content=\"es_ES\" \/>\n<meta property=\"og:type\" content=\"article\" \/>\n<meta property=\"og:title\" content=\"Carta de lectores, Claudio &quot;Vasco&quot; Iribarren - Noticias Radio Reflejos\" \/>\n<meta property=\"og:description\" content=\"Fuera de foco Bombita de luz www.cambiaelfoquito \u00abConsciente\u00bb de la cr\u00edtica situaci\u00f3n q vive el pa\u00eds&#8230;el presidente FOCALIZA su atenci\u00f3n en las l\u00e1mparitas!!!. Y lanza la consigna de CAMBIEMOS &#8230;el foquito. (En l\u00ednea con la propuesta, a nivel local el tema tambi\u00e9n est\u00e1 instalado, qui\u00e9n cambia el foquito?).\" \/>\n<meta property=\"og:url\" content=\"https:\/\/www.noticiasradioreflejos.com.ar\/2021\/carta-de-lectores-claudio-vasco-iribarren\/\" \/>\n<meta property=\"og:site_name\" content=\"Noticias Radio Reflejos\" \/>\n<meta property=\"article:published_time\" content=\"2018-06-05T17:33:01+00:00\" \/>\n<meta property=\"og:image\" content=\"https:\/\/www.noticiasradioreflejos.com.ar\/2021\/wp-content\/uploads\/2018\/04\/carta_lector_1.jpg\" \/>\n\t<meta property=\"og:image:width\" content=\"935\" \/>\n\t<meta property=\"og:image:height\" content=\"595\" \/>\n\t<meta property=\"og:image:type\" content=\"image\/jpeg\" \/>\n<meta name=\"author\" content=\"Arnaldo Botto\" \/>\n<meta name=\"twitter:card\" content=\"summary_large_image\" \/>\n<script type=\"application\/ld+json\" class=\"yoast-schema-graph\">{\"@context\":\"https:\/\/schema.org\",\"@graph\":[{\"@type\":\"WebPage\",\"@id\":\"https:\/\/www.noticiasradioreflejos.com.ar\/2021\/carta-de-lectores-claudio-vasco-iribarren\/\",\"url\":\"https:\/\/www.noticiasradioreflejos.com.ar\/2021\/carta-de-lectores-claudio-vasco-iribarren\/\",\"name\":\"Carta de lectores, Claudio &quot;Vasco&quot; Iribarren - Noticias Radio Reflejos\",\"isPartOf\":{\"@id\":\"https:\/\/www.noticiasradioreflejos.com.ar\/2021\/#website\"},\"datePublished\":\"2018-06-05T17:33:01+00:00\",\"author\":{\"@id\":\"https:\/\/www.noticiasradioreflejos.com.ar\/2021\/#\/schema\/person\/ad82545263dcc5ec0996818884fd5fb1\"},\"breadcrumb\":{\"@id\":\"https:\/\/www.noticiasradioreflejos.com.ar\/2021\/carta-de-lectores-claudio-vasco-iribarren\/#breadcrumb\"},\"inLanguage\":\"es\",\"potentialAction\":[{\"@type\":\"ReadAction\",\"target\":[\"https:\/\/www.noticiasradioreflejos.com.ar\/2021\/carta-de-lectores-claudio-vasco-iribarren\/\"]}]},{\"@type\":\"BreadcrumbList\",\"@id\":\"https:\/\/www.noticiasradioreflejos.com.ar\/2021\/carta-de-lectores-claudio-vasco-iribarren\/#breadcrumb\",\"itemListElement\":[{\"@type\":\"ListItem\",\"position\":1,\"name\":\"Portada\",\"item\":\"https:\/\/www.noticiasradioreflejos.com.ar\/2021\/\"},{\"@type\":\"ListItem\",\"position\":2,\"name\":\"Carta de lectores, Claudio &quot;Vasco&quot; Iribarren\"}]},{\"@type\":\"WebSite\",\"@id\":\"https:\/\/www.noticiasradioreflejos.com.ar\/2021\/#website\",\"url\":\"https:\/\/www.noticiasradioreflejos.com.ar\/2021\/\",\"name\":\"Noticias Radio Reflejos\",\"description\":\"Las noticias de mi comarca\",\"potentialAction\":[{\"@type\":\"SearchAction\",\"target\":{\"@type\":\"EntryPoint\",\"urlTemplate\":\"https:\/\/www.noticiasradioreflejos.com.ar\/2021\/?s={search_term_string}\"},\"query-input\":{\"@type\":\"PropertyValueSpecification\",\"valueRequired\":true,\"valueName\":\"search_term_string\"}}],\"inLanguage\":\"es\"},{\"@type\":\"Person\",\"@id\":\"https:\/\/www.noticiasradioreflejos.com.ar\/2021\/#\/schema\/person\/ad82545263dcc5ec0996818884fd5fb1\",\"name\":\"Arnaldo Botto\",\"image\":{\"@type\":\"ImageObject\",\"inLanguage\":\"es\",\"@id\":\"https:\/\/www.noticiasradioreflejos.com.ar\/2021\/#\/schema\/person\/image\/\",\"url\":\"https:\/\/secure.gravatar.com\/avatar\/55cb5e37c1efa326397366e6974cb338056df65cb50e7d64d1cf314e87504837?s=96&d=mm&r=g\",\"contentUrl\":\"https:\/\/secure.gravatar.com\/avatar\/55cb5e37c1efa326397366e6974cb338056df65cb50e7d64d1cf314e87504837?s=96&d=mm&r=g\",\"caption\":\"Arnaldo Botto\"},\"url\":\"https:\/\/www.noticiasradioreflejos.com.ar\/2021\/author\/arnaldo\/\"}]}<\/script>\n<!-- \/ Yoast SEO plugin. -->","yoast_head_json":{"title":"Carta de lectores, Claudio &quot;Vasco&quot; Iribarren - Noticias Radio Reflejos","robots":{"index":"index","follow":"follow","max-snippet":"max-snippet:-1","max-image-preview":"max-image-preview:large","max-video-preview":"max-video-preview:-1"},"canonical":"https:\/\/www.noticiasradioreflejos.com.ar\/2021\/carta-de-lectores-claudio-vasco-iribarren\/","og_locale":"es_ES","og_type":"article","og_title":"Carta de lectores, Claudio &quot;Vasco&quot; Iribarren - Noticias Radio Reflejos","og_description":"Fuera de foco Bombita de luz www.cambiaelfoquito \u00abConsciente\u00bb de la cr\u00edtica situaci\u00f3n q vive el pa\u00eds&#8230;el presidente FOCALIZA su atenci\u00f3n en las l\u00e1mparitas!!!. Y lanza la consigna de CAMBIEMOS &#8230;el foquito. (En l\u00ednea con la propuesta, a nivel local el tema tambi\u00e9n est\u00e1 instalado, qui\u00e9n cambia el foquito?).","og_url":"https:\/\/www.noticiasradioreflejos.com.ar\/2021\/carta-de-lectores-claudio-vasco-iribarren\/","og_site_name":"Noticias Radio Reflejos","article_published_time":"2018-06-05T17:33:01+00:00","og_image":[{"width":935,"height":595,"url":"https:\/\/www.noticiasradioreflejos.com.ar\/2021\/wp-content\/uploads\/2018\/04\/carta_lector_1.jpg","type":"image\/jpeg"}],"author":"Arnaldo Botto","twitter_card":"summary_large_image","schema":{"@context":"https:\/\/schema.org","@graph":[{"@type":"WebPage","@id":"https:\/\/www.noticiasradioreflejos.com.ar\/2021\/carta-de-lectores-claudio-vasco-iribarren\/","url":"https:\/\/www.noticiasradioreflejos.com.ar\/2021\/carta-de-lectores-claudio-vasco-iribarren\/","name":"Carta de lectores, Claudio &quot;Vasco&quot; Iribarren - Noticias Radio Reflejos","isPartOf":{"@id":"https:\/\/www.noticiasradioreflejos.com.ar\/2021\/#website"},"datePublished":"2018-06-05T17:33:01+00:00","author":{"@id":"https:\/\/www.noticiasradioreflejos.com.ar\/2021\/#\/schema\/person\/ad82545263dcc5ec0996818884fd5fb1"},"breadcrumb":{"@id":"https:\/\/www.noticiasradioreflejos.com.ar\/2021\/carta-de-lectores-claudio-vasco-iribarren\/#breadcrumb"},"inLanguage":"es","potentialAction":[{"@type":"ReadAction","target":["https:\/\/www.noticiasradioreflejos.com.ar\/2021\/carta-de-lectores-claudio-vasco-iribarren\/"]}]},{"@type":"BreadcrumbList","@id":"https:\/\/www.noticiasradioreflejos.com.ar\/2021\/carta-de-lectores-claudio-vasco-iribarren\/#breadcrumb","itemListElement":[{"@type":"ListItem","position":1,"name":"Portada","item":"https:\/\/www.noticiasradioreflejos.com.ar\/2021\/"},{"@type":"ListItem","position":2,"name":"Carta de lectores, Claudio &quot;Vasco&quot; Iribarren"}]},{"@type":"WebSite","@id":"https:\/\/www.noticiasradioreflejos.com.ar\/2021\/#website","url":"https:\/\/www.noticiasradioreflejos.com.ar\/2021\/","name":"Noticias Radio Reflejos","description":"Las noticias de mi comarca","potentialAction":[{"@type":"SearchAction","target":{"@type":"EntryPoint","urlTemplate":"https:\/\/www.noticiasradioreflejos.com.ar\/2021\/?s={search_term_string}"},"query-input":{"@type":"PropertyValueSpecification","valueRequired":true,"valueName":"search_term_string"}}],"inLanguage":"es"},{"@type":"Person","@id":"https:\/\/www.noticiasradioreflejos.com.ar\/2021\/#\/schema\/person\/ad82545263dcc5ec0996818884fd5fb1","name":"Arnaldo Botto","image":{"@type":"ImageObject","inLanguage":"es","@id":"https:\/\/www.noticiasradioreflejos.com.ar\/2021\/#\/schema\/person\/image\/","url":"https:\/\/secure.gravatar.com\/avatar\/55cb5e37c1efa326397366e6974cb338056df65cb50e7d64d1cf314e87504837?s=96&d=mm&r=g","contentUrl":"https:\/\/secure.gravatar.com\/avatar\/55cb5e37c1efa326397366e6974cb338056df65cb50e7d64d1cf314e87504837?s=96&d=mm&r=g","caption":"Arnaldo Botto"},"url":"https:\/\/www.noticiasradioreflejos.com.ar\/2021\/author\/arnaldo\/"}]}},"_links":{"self":[{"href":"https:\/\/www.noticiasradioreflejos.com.ar\/2021\/wp-json\/wp\/v2\/posts\/22197","targetHints":{"allow":["GET"]}}],"collection":[{"href":"https:\/\/www.noticiasradioreflejos.com.ar\/2021\/wp-json\/wp\/v2\/posts"}],"about":[{"href":"https:\/\/www.noticiasradioreflejos.com.ar\/2021\/wp-json\/wp\/v2\/types\/post"}],"author":[{"embeddable":true,"href":"https:\/\/www.noticiasradioreflejos.com.ar\/2021\/wp-json\/wp\/v2\/users\/3"}],"replies":[{"embeddable":true,"href":"https:\/\/www.noticiasradioreflejos.com.ar\/2021\/wp-json\/wp\/v2\/comments?post=22197"}],"version-history":[{"count":0,"href":"https:\/\/www.noticiasradioreflejos.com.ar\/2021\/wp-json\/wp\/v2\/posts\/22197\/revisions"}],"wp:attachment":[{"href":"https:\/\/www.noticiasradioreflejos.com.ar\/2021\/wp-json\/wp\/v2\/media?parent=22197"}],"wp:term":[{"taxonomy":"category","embeddable":true,"href":"https:\/\/www.noticiasradioreflejos.com.ar\/2021\/wp-json\/wp\/v2\/categories?post=22197"},{"taxonomy":"post_tag","embeddable":true,"href":"https:\/\/www.noticiasradioreflejos.com.ar\/2021\/wp-json\/wp\/v2\/tags?post=22197"}],"curies":[{"name":"wp","href":"https:\/\/api.w.org\/{rel}","templated":true}]}}