{"id":22136,"date":"2018-06-04T07:22:39","date_gmt":"2018-06-04T10:22:39","guid":{"rendered":"http:\/\/www.noticiasradioreflejos.com.ar\/noticias\/?p=22136"},"modified":"2018-06-04T07:22:39","modified_gmt":"2018-06-04T10:22:39","slug":"son-carton-pintado","status":"publish","type":"post","link":"https:\/\/www.noticiasradioreflejos.com.ar\/2021\/son-carton-pintado\/","title":{"rendered":"&quot;Son cart\u00f3n pintado&quot;"},"content":{"rendered":"<p><strong>Carta de lectores del SR. Medina Jos\u00e9 Luis<\/strong><br \/>\nSon las 20 hs de un domingo ,fr\u00edo como hace una semana ,con unas compa\u00f1eras y compa\u00f1eros de Bah\u00eda Blanca que me acompa\u00f1aron a visitar unas familias de la comarca nos encontramos con esta realidad \u00bb No hace falta ir al conurbano bonaerense\u00bb para ver el desastre que est\u00e1 ocasionando un gobierno de Clases <!--more--><br \/>\n.-Empezaron los fr\u00edos y Acci\u00f3n Social es un \u00abcart\u00f3n pintado\u00bb no s\u00e9 que est\u00e1n esperando para repartir le\u00f1a a las familias que no tienen recursos ni para comprar la le\u00f1a ,ni mucho menos garrafas para calefaccionarse ,est\u00e1n logrando que muchos menores y adultos terminen con bronquiolitis!!! Me pregunto a donde est\u00e1 el Estado ,el Municipio ,la Secretar\u00eda de Acci\u00f3n Social ? Seguramente los funcionarios est\u00e1n muy c\u00f3modos en sus casas con buena calefacci\u00f3n ,a ellos no les afecta el fr\u00edo!!! Dan verg\u00fcenza ajena ,por in\u00fatiles e insensibles!!! Gorbierno de clases! Si cinco personas pudimos cortar le\u00f1a y en un auto pudimos repartirla ,Secretar\u00eda de Acci\u00f3n Social no tienen mejor infraestructura? No hace falta que se les quemen los cerebros para darse cuenta que a muchas familias les hace falta esa miserable acci\u00f3n de llevarles le\u00f1a y no son planeros o vagos como alg\u00fan gorila desubicado piensa ,dentro de las familias que visitamos hay empleados municipales y otros trabajan de changas ,pero no les alcanza!!! Ojal\u00e1 muchos que trabajan haciendo pol\u00edtica ,visiten a muchas familias que no la pasan bien ,no solo para llevarle una boleta en \u00e9pocas de elecciones sino lo hagan todo el a\u00f1o!!! Espero que Acci\u00f3n Social Municipal deje de ser CARTON PINTADO y pase a estar con la gente y no detr\u00e1s de un escritorio!!!<br \/>\nMedina Jos\u00e9 Luis<br \/>\nDNI 14853294<br \/>\nVilla Ventana<\/p>\n","protected":false},"excerpt":{"rendered":"<p>Carta de lectores del SR. Medina Jos\u00e9 Luis Son las 20 hs de un domingo ,fr\u00edo como hace una semana ,con unas compa\u00f1eras y compa\u00f1eros de Bah\u00eda Blanca que me acompa\u00f1aron a visitar unas familias de la comarca nos encontramos con esta realidad \u00bb No hace falta ir al conurbano bonaerense\u00bb para ver el desastre [&hellip;]<\/p>\n","protected":false},"author":3,"featured_media":0,"comment_status":"closed","ping_status":"open","sticky":false,"template":"","format":"standard","meta":{"footnotes":""},"categories":[26],"tags":[],"class_list":["post-22136","post","type-post","status-publish","format-standard","hentry","category-sociedad"],"yoast_head":"<!-- This site is optimized with the Yoast SEO plugin v25.9 - https:\/\/yoast.com\/wordpress\/plugins\/seo\/ -->\n<title>&quot;Son cart\u00f3n pintado&quot; - Noticias Radio Reflejos<\/title>\n<meta name=\"robots\" content=\"index, follow, max-snippet:-1, max-image-preview:large, max-video-preview:-1\" \/>\n<link rel=\"canonical\" href=\"https:\/\/www.noticiasradioreflejos.com.ar\/2021\/son-carton-pintado\/\" \/>\n<meta property=\"og:locale\" content=\"es_ES\" \/>\n<meta property=\"og:type\" content=\"article\" \/>\n<meta property=\"og:title\" content=\"&quot;Son cart\u00f3n pintado&quot; - Noticias Radio Reflejos\" \/>\n<meta property=\"og:description\" content=\"Carta de lectores del SR. Medina Jos\u00e9 Luis Son las 20 hs de un domingo ,fr\u00edo como hace una semana ,con unas compa\u00f1eras y compa\u00f1eros de Bah\u00eda Blanca que me acompa\u00f1aron a visitar unas familias de la comarca nos encontramos con esta realidad \u00bb No hace falta ir al conurbano bonaerense\u00bb para ver el desastre [&hellip;]\" \/>\n<meta property=\"og:url\" content=\"https:\/\/www.noticiasradioreflejos.com.ar\/2021\/son-carton-pintado\/\" \/>\n<meta property=\"og:site_name\" content=\"Noticias Radio Reflejos\" \/>\n<meta property=\"article:published_time\" content=\"2018-06-04T10:22:39+00:00\" \/>\n<meta property=\"og:image\" content=\"https:\/\/www.noticiasradioreflejos.com.ar\/2021\/wp-content\/uploads\/2018\/04\/carta_lector_1.jpg\" \/>\n\t<meta property=\"og:image:width\" content=\"935\" \/>\n\t<meta property=\"og:image:height\" content=\"595\" \/>\n\t<meta property=\"og:image:type\" content=\"image\/jpeg\" \/>\n<meta name=\"author\" content=\"Arnaldo Botto\" \/>\n<meta name=\"twitter:card\" content=\"summary_large_image\" \/>\n<script type=\"application\/ld+json\" class=\"yoast-schema-graph\">{\"@context\":\"https:\/\/schema.org\",\"@graph\":[{\"@type\":\"WebPage\",\"@id\":\"https:\/\/www.noticiasradioreflejos.com.ar\/2021\/son-carton-pintado\/\",\"url\":\"https:\/\/www.noticiasradioreflejos.com.ar\/2021\/son-carton-pintado\/\",\"name\":\"&quot;Son cart\u00f3n pintado&quot; - Noticias Radio Reflejos\",\"isPartOf\":{\"@id\":\"https:\/\/www.noticiasradioreflejos.com.ar\/2021\/#website\"},\"datePublished\":\"2018-06-04T10:22:39+00:00\",\"author\":{\"@id\":\"https:\/\/www.noticiasradioreflejos.com.ar\/2021\/#\/schema\/person\/ad82545263dcc5ec0996818884fd5fb1\"},\"breadcrumb\":{\"@id\":\"https:\/\/www.noticiasradioreflejos.com.ar\/2021\/son-carton-pintado\/#breadcrumb\"},\"inLanguage\":\"es\",\"potentialAction\":[{\"@type\":\"ReadAction\",\"target\":[\"https:\/\/www.noticiasradioreflejos.com.ar\/2021\/son-carton-pintado\/\"]}]},{\"@type\":\"BreadcrumbList\",\"@id\":\"https:\/\/www.noticiasradioreflejos.com.ar\/2021\/son-carton-pintado\/#breadcrumb\",\"itemListElement\":[{\"@type\":\"ListItem\",\"position\":1,\"name\":\"Portada\",\"item\":\"https:\/\/www.noticiasradioreflejos.com.ar\/2021\/\"},{\"@type\":\"ListItem\",\"position\":2,\"name\":\"&quot;Son cart\u00f3n pintado&quot;\"}]},{\"@type\":\"WebSite\",\"@id\":\"https:\/\/www.noticiasradioreflejos.com.ar\/2021\/#website\",\"url\":\"https:\/\/www.noticiasradioreflejos.com.ar\/2021\/\",\"name\":\"Noticias Radio Reflejos\",\"description\":\"Las noticias de mi comarca\",\"potentialAction\":[{\"@type\":\"SearchAction\",\"target\":{\"@type\":\"EntryPoint\",\"urlTemplate\":\"https:\/\/www.noticiasradioreflejos.com.ar\/2021\/?s={search_term_string}\"},\"query-input\":{\"@type\":\"PropertyValueSpecification\",\"valueRequired\":true,\"valueName\":\"search_term_string\"}}],\"inLanguage\":\"es\"},{\"@type\":\"Person\",\"@id\":\"https:\/\/www.noticiasradioreflejos.com.ar\/2021\/#\/schema\/person\/ad82545263dcc5ec0996818884fd5fb1\",\"name\":\"Arnaldo Botto\",\"image\":{\"@type\":\"ImageObject\",\"inLanguage\":\"es\",\"@id\":\"https:\/\/www.noticiasradioreflejos.com.ar\/2021\/#\/schema\/person\/image\/\",\"url\":\"https:\/\/secure.gravatar.com\/avatar\/55cb5e37c1efa326397366e6974cb338056df65cb50e7d64d1cf314e87504837?s=96&d=mm&r=g\",\"contentUrl\":\"https:\/\/secure.gravatar.com\/avatar\/55cb5e37c1efa326397366e6974cb338056df65cb50e7d64d1cf314e87504837?s=96&d=mm&r=g\",\"caption\":\"Arnaldo Botto\"},\"url\":\"https:\/\/www.noticiasradioreflejos.com.ar\/2021\/author\/arnaldo\/\"}]}<\/script>\n<!-- \/ Yoast SEO plugin. -->","yoast_head_json":{"title":"&quot;Son cart\u00f3n pintado&quot; - Noticias Radio Reflejos","robots":{"index":"index","follow":"follow","max-snippet":"max-snippet:-1","max-image-preview":"max-image-preview:large","max-video-preview":"max-video-preview:-1"},"canonical":"https:\/\/www.noticiasradioreflejos.com.ar\/2021\/son-carton-pintado\/","og_locale":"es_ES","og_type":"article","og_title":"&quot;Son cart\u00f3n pintado&quot; - Noticias Radio Reflejos","og_description":"Carta de lectores del SR. Medina Jos\u00e9 Luis Son las 20 hs de un domingo ,fr\u00edo como hace una semana ,con unas compa\u00f1eras y compa\u00f1eros de Bah\u00eda Blanca que me acompa\u00f1aron a visitar unas familias de la comarca nos encontramos con esta realidad \u00bb No hace falta ir al conurbano bonaerense\u00bb para ver el desastre [&hellip;]","og_url":"https:\/\/www.noticiasradioreflejos.com.ar\/2021\/son-carton-pintado\/","og_site_name":"Noticias Radio Reflejos","article_published_time":"2018-06-04T10:22:39+00:00","og_image":[{"width":935,"height":595,"url":"https:\/\/www.noticiasradioreflejos.com.ar\/2021\/wp-content\/uploads\/2018\/04\/carta_lector_1.jpg","type":"image\/jpeg"}],"author":"Arnaldo Botto","twitter_card":"summary_large_image","schema":{"@context":"https:\/\/schema.org","@graph":[{"@type":"WebPage","@id":"https:\/\/www.noticiasradioreflejos.com.ar\/2021\/son-carton-pintado\/","url":"https:\/\/www.noticiasradioreflejos.com.ar\/2021\/son-carton-pintado\/","name":"&quot;Son cart\u00f3n pintado&quot; - Noticias Radio Reflejos","isPartOf":{"@id":"https:\/\/www.noticiasradioreflejos.com.ar\/2021\/#website"},"datePublished":"2018-06-04T10:22:39+00:00","author":{"@id":"https:\/\/www.noticiasradioreflejos.com.ar\/2021\/#\/schema\/person\/ad82545263dcc5ec0996818884fd5fb1"},"breadcrumb":{"@id":"https:\/\/www.noticiasradioreflejos.com.ar\/2021\/son-carton-pintado\/#breadcrumb"},"inLanguage":"es","potentialAction":[{"@type":"ReadAction","target":["https:\/\/www.noticiasradioreflejos.com.ar\/2021\/son-carton-pintado\/"]}]},{"@type":"BreadcrumbList","@id":"https:\/\/www.noticiasradioreflejos.com.ar\/2021\/son-carton-pintado\/#breadcrumb","itemListElement":[{"@type":"ListItem","position":1,"name":"Portada","item":"https:\/\/www.noticiasradioreflejos.com.ar\/2021\/"},{"@type":"ListItem","position":2,"name":"&quot;Son cart\u00f3n pintado&quot;"}]},{"@type":"WebSite","@id":"https:\/\/www.noticiasradioreflejos.com.ar\/2021\/#website","url":"https:\/\/www.noticiasradioreflejos.com.ar\/2021\/","name":"Noticias Radio Reflejos","description":"Las noticias de mi comarca","potentialAction":[{"@type":"SearchAction","target":{"@type":"EntryPoint","urlTemplate":"https:\/\/www.noticiasradioreflejos.com.ar\/2021\/?s={search_term_string}"},"query-input":{"@type":"PropertyValueSpecification","valueRequired":true,"valueName":"search_term_string"}}],"inLanguage":"es"},{"@type":"Person","@id":"https:\/\/www.noticiasradioreflejos.com.ar\/2021\/#\/schema\/person\/ad82545263dcc5ec0996818884fd5fb1","name":"Arnaldo Botto","image":{"@type":"ImageObject","inLanguage":"es","@id":"https:\/\/www.noticiasradioreflejos.com.ar\/2021\/#\/schema\/person\/image\/","url":"https:\/\/secure.gravatar.com\/avatar\/55cb5e37c1efa326397366e6974cb338056df65cb50e7d64d1cf314e87504837?s=96&d=mm&r=g","contentUrl":"https:\/\/secure.gravatar.com\/avatar\/55cb5e37c1efa326397366e6974cb338056df65cb50e7d64d1cf314e87504837?s=96&d=mm&r=g","caption":"Arnaldo Botto"},"url":"https:\/\/www.noticiasradioreflejos.com.ar\/2021\/author\/arnaldo\/"}]}},"_links":{"self":[{"href":"https:\/\/www.noticiasradioreflejos.com.ar\/2021\/wp-json\/wp\/v2\/posts\/22136","targetHints":{"allow":["GET"]}}],"collection":[{"href":"https:\/\/www.noticiasradioreflejos.com.ar\/2021\/wp-json\/wp\/v2\/posts"}],"about":[{"href":"https:\/\/www.noticiasradioreflejos.com.ar\/2021\/wp-json\/wp\/v2\/types\/post"}],"author":[{"embeddable":true,"href":"https:\/\/www.noticiasradioreflejos.com.ar\/2021\/wp-json\/wp\/v2\/users\/3"}],"replies":[{"embeddable":true,"href":"https:\/\/www.noticiasradioreflejos.com.ar\/2021\/wp-json\/wp\/v2\/comments?post=22136"}],"version-history":[{"count":0,"href":"https:\/\/www.noticiasradioreflejos.com.ar\/2021\/wp-json\/wp\/v2\/posts\/22136\/revisions"}],"wp:attachment":[{"href":"https:\/\/www.noticiasradioreflejos.com.ar\/2021\/wp-json\/wp\/v2\/media?parent=22136"}],"wp:term":[{"taxonomy":"category","embeddable":true,"href":"https:\/\/www.noticiasradioreflejos.com.ar\/2021\/wp-json\/wp\/v2\/categories?post=22136"},{"taxonomy":"post_tag","embeddable":true,"href":"https:\/\/www.noticiasradioreflejos.com.ar\/2021\/wp-json\/wp\/v2\/tags?post=22136"}],"curies":[{"name":"wp","href":"https:\/\/api.w.org\/{rel}","templated":true}]}}