{"id":22130,"date":"2018-06-03T20:35:31","date_gmt":"2018-06-03T23:35:31","guid":{"rendered":"http:\/\/www.noticiasradioreflejos.com.ar\/noticias\/?p=22130"},"modified":"2018-06-03T20:35:31","modified_gmt":"2018-06-03T23:35:31","slug":"no-se-metan-con-los-estudiantes-no-toquen-la-universidad-publica-porque-no-es-una-materia-inerte","status":"publish","type":"post","link":"https:\/\/www.noticiasradioreflejos.com.ar\/2021\/no-se-metan-con-los-estudiantes-no-toquen-la-universidad-publica-porque-no-es-una-materia-inerte\/","title":{"rendered":"&quot;No se metan con los estudiantes, no toquen la universidad p\u00fablica, porque no es una materia inerte&quot;"},"content":{"rendered":"<p>En el programa \u00abTiempo Educativo\u00bb del d\u00eda Viernes 1 de Junio, hablamos con el periodista y escritor Patricio Eleisegui, de reconocida trayectoria nacional e internacional por su libro \u00abEnvenenados\u00bb; donde abordamos distintos aspectos sobre el tratamiento del tema agrot\u00f3xicos en la educaci\u00f3n y conocemos su punto de vista sobre las expresiones de la gobernadora Vidal sobre las Universidades.<!--more--><br \/>\n\u00abEsto parte desde una directiva que tuvo su espejo en la interna del INTA, hace un par de a\u00f1os cuando una comunicaci\u00f3n interna les pidi\u00f3 a los mismos investigadores del Instituto Nacional de Tecnolog\u00eda Agropecuaria que dejen de usar la palabra agrot\u00f3xicos porque ellos dicen que esta cargada de una ideolog\u00eda en principio y despu\u00e9s aparte que es una ideolog\u00eda negativa sobre el concepto, uno que trabaja en comunicaci\u00f3n la palabra es la base, es nuestra base de comunicaci\u00f3n y la realidad es que nosotros construimos sentido, construimos cultura a partir de las palabras, por eso hoy por hoy se esta discutiendo el genero tambi\u00e9n de las palabras, en ese como decimos, es como definimos tambi\u00e9n la naturaleza de las cosas, en el caso de decir que agrot\u00f3xico esta ideologizado es negar que decir agroinsumo esta ideologizado tambi\u00e9n, como decir fitosanitario que es la otra palabra que inutiliza la industria para nombrar a los agrot\u00f3xicos, a los agroqu\u00edmicos, a los plaguicidas, uno puede llamarlos de muchas maneras, la mas fuerte es AGROVENENOS, que es una alternativa que podemos empezar a usar, la realidad es que hablamos de productos que son sustancias peligrosas y que en contacto con la salud humana realmente pueden provocar consecuencias nefastas, pero si es cierto que hay una decisi\u00f3n que ya estuvo tambi\u00e9n en la gesti\u00f3n anterior, cuando se ocultaron los manuales que eran cr\u00edticos respecto justamente de como se hacia el trabajo en el campo, del monocultivo de la soja, ayer de hecho me toco disertar en la universidad de Lomas de Zamora y la c\u00e1tedra de soberan\u00eda alimentaria que se conformo ah\u00ed, me entreg\u00f3 uno de los manuales que lograron rescatar porque los quemaron, mandaron a quemar casi todo el material que se hab\u00eda hecho en su momento que eran manuales para los colegios de la provincia de Buenos Aires, de los cuales, una de las coordinadoras es una de las referentes de la c\u00e1tedra de soberan\u00eda alimentaria y eso ocurri\u00f3 en el gobierno pasado, no se pod\u00eda hablar cr\u00edticamente de lo que era el monocultivo de la soja, y ahora esto se mantiene desde lo significativo de sostener un ministro como Lino Bara\u00f1ao, osea que de una gesti\u00f3n a la otra con todas las diferencias que ha habido entre el kirchnerismo y el macrismo, que haya existido una continuidad como vemos en este ministro, marca de que hay una pauta de estado que no se cambia, hay un modelo que se sostiene mas all\u00e1 de quienes ostenten o no el poder ejecutivo en la naci\u00f3n, y ah\u00ed es donde entran en juego los intereses de todos los actores que no est\u00e1n espec\u00edficamente en la cadena pol\u00edtica pero si tienen la presi\u00f3n suficiente como para direccionar o mantener un determinado rumbo econ\u00f3mico\u00bb. Expres\u00f3 Patricio<br \/>\n\u00abYo llegu\u00e9 a Buenos Aires en el 99, hice 2000 y 2001 en la universidad de Buenos Aires, fue en la \u00e9poca que apareci\u00f3 este hombre impresentable Lopez Murphy, que por suerte hoy es un cad\u00e1ver pol\u00edtico, otro mas no cierto, uno de los motivos que el enarbolaba como un problema para la gesti\u00f3n de De La R\u00faa, que no hay olvidarse de donde venia y a quien representaba, era el costo universitario, la misma cuesti\u00f3n que se trata de poner en discusi\u00f3n ahora, porque esto es una cabeza de playa para poner en discusi\u00f3n nuevamente el modo en que se esta abordando la educaci\u00f3n publica, que sabemos bien que esta gesti\u00f3n lo que menos quiere es expandirla, eso es real, lo que dice Maria Eugenia Vidal no esta fuera del nivel de pensamiento que tiene la c\u00fapula del gobierno bonaerense, o nacional tambi\u00e9n, f\u00edjense que es el primer gabinete que esta \u00edntegramente formado por egresados de universidades privadas, es la primera vez que ocurre en un gobierno argentino, entonces claramente no pueden salir a hablar de la universidad de Lomas de Zamora, vi\u00e9ndola como algo positivo, o la universidad del centro, o la universidad del sur, no van a hablar claramente porque ellos no pertenecen a ese segmento, no est\u00e1n formados en universidad publica, no entienden nada, del financiamiento y la oportunidad que eso representa para muchos de nosotros que vinimos a Buenos Aires, a La Plata, yo tengo una hermana estudiando en Bah\u00eda Blanca, todas son posibilidades que nos ha dado la universidad publica, y eso es algo que no se va a perder por mas que tengan cualquier intencionalidad pol\u00edtica, nosotros en el 2000\/2001 salimos a la calle con la universidad, yo estudi\u00e9 en ciencias sociales con much\u00edsimo orgullo, y salimos a la calle y cortamos calles, y dimos clases en las veredas, hicimos lo que hubo que hacer, y Lopez Murphy no nos duro ni dos semanas, a lo que voy es, no se metan con los estudiantes, no toquen la universidad publica, porque no es una materia inerte, osea no es la gente que esta dormitando en una ba\u00f1o de lujo en la UCA, venimos de abajo, y queremos lo mejor para todos, y esa es la posici\u00f3n que esta gente no entiende, no entiende que el pobre no quiere ser pobre toda la vida, y que este pa\u00eds esta hecho de clase media, que viene en gran medida de mi hijo el doctor, que fue el primero que estudi\u00f3, muchos somos primera generaci\u00f3n de estudiantes universitarios, en mi caso de mis dos familias, y eso nosotros, digo nosotros porque somos muchos, nosotros no vamos a ceder eso\u00bb.<br \/>\nNOTA COMPLETA:<br \/>\n<iframe loading=\"lazy\" src=\"https:\/\/w.soundcloud.com\/player\/?url=https%3A\/\/api.soundcloud.com\/tracks\/452296170&amp;color=%23ff5500&amp;auto_play=false&amp;hide_related=false&amp;show_comments=true&amp;show_user=true&amp;show_reposts=false&amp;show_teaser=true\" width=\"100%\" height=\"166\" frameborder=\"no\" scrolling=\"no\"><\/iframe><\/p>\n","protected":false},"excerpt":{"rendered":"<p>En el programa \u00abTiempo Educativo\u00bb del d\u00eda Viernes 1 de Junio, hablamos con el periodista y escritor Patricio Eleisegui, de reconocida trayectoria nacional e internacional por su libro \u00abEnvenenados\u00bb; donde abordamos distintos aspectos sobre el tratamiento del tema agrot\u00f3xicos en la educaci\u00f3n y conocemos su punto de vista sobre las expresiones de la gobernadora Vidal [&hellip;]<\/p>\n","protected":false},"author":3,"featured_media":0,"comment_status":"closed","ping_status":"open","sticky":false,"template":"","format":"standard","meta":{"footnotes":""},"categories":[31],"tags":[],"class_list":["post-22130","post","type-post","status-publish","format-standard","hentry","category-programas"],"yoast_head":"<!-- This site is optimized with the Yoast SEO plugin v25.9 - https:\/\/yoast.com\/wordpress\/plugins\/seo\/ -->\n<title>&quot;No se metan con los estudiantes, no toquen la universidad p\u00fablica, porque no es una materia inerte&quot; - Noticias Radio Reflejos<\/title>\n<meta name=\"robots\" content=\"index, follow, max-snippet:-1, max-image-preview:large, max-video-preview:-1\" \/>\n<link rel=\"canonical\" href=\"https:\/\/www.noticiasradioreflejos.com.ar\/2021\/no-se-metan-con-los-estudiantes-no-toquen-la-universidad-publica-porque-no-es-una-materia-inerte\/\" \/>\n<meta property=\"og:locale\" content=\"es_ES\" \/>\n<meta property=\"og:type\" content=\"article\" \/>\n<meta property=\"og:title\" content=\"&quot;No se metan con los estudiantes, no toquen la universidad p\u00fablica, porque no es una materia inerte&quot; - Noticias Radio Reflejos\" \/>\n<meta property=\"og:description\" content=\"En el programa \u00abTiempo Educativo\u00bb del d\u00eda Viernes 1 de Junio, hablamos con el periodista y escritor Patricio Eleisegui, de reconocida trayectoria nacional e internacional por su libro \u00abEnvenenados\u00bb; donde abordamos distintos aspectos sobre el tratamiento del tema agrot\u00f3xicos en la educaci\u00f3n y conocemos su punto de vista sobre las expresiones de la gobernadora Vidal [&hellip;]\" \/>\n<meta property=\"og:url\" content=\"https:\/\/www.noticiasradioreflejos.com.ar\/2021\/no-se-metan-con-los-estudiantes-no-toquen-la-universidad-publica-porque-no-es-una-materia-inerte\/\" \/>\n<meta property=\"og:site_name\" content=\"Noticias Radio Reflejos\" \/>\n<meta property=\"article:published_time\" content=\"2018-06-03T23:35:31+00:00\" \/>\n<meta property=\"og:image\" content=\"https:\/\/www.noticiasradioreflejos.com.ar\/2021\/wp-content\/uploads\/2021\/07\/logosol300x200.png\" \/>\n\t<meta property=\"og:image:width\" content=\"300\" \/>\n\t<meta property=\"og:image:height\" content=\"200\" \/>\n\t<meta property=\"og:image:type\" content=\"image\/png\" \/>\n<meta name=\"author\" content=\"Arnaldo Botto\" \/>\n<meta name=\"twitter:card\" content=\"summary_large_image\" \/>\n<script type=\"application\/ld+json\" class=\"yoast-schema-graph\">{\"@context\":\"https:\/\/schema.org\",\"@graph\":[{\"@type\":\"WebPage\",\"@id\":\"https:\/\/www.noticiasradioreflejos.com.ar\/2021\/no-se-metan-con-los-estudiantes-no-toquen-la-universidad-publica-porque-no-es-una-materia-inerte\/\",\"url\":\"https:\/\/www.noticiasradioreflejos.com.ar\/2021\/no-se-metan-con-los-estudiantes-no-toquen-la-universidad-publica-porque-no-es-una-materia-inerte\/\",\"name\":\"&quot;No se metan con los estudiantes, no toquen la universidad p\u00fablica, porque no es una materia inerte&quot; - Noticias Radio Reflejos\",\"isPartOf\":{\"@id\":\"https:\/\/www.noticiasradioreflejos.com.ar\/2021\/#website\"},\"datePublished\":\"2018-06-03T23:35:31+00:00\",\"author\":{\"@id\":\"https:\/\/www.noticiasradioreflejos.com.ar\/2021\/#\/schema\/person\/ad82545263dcc5ec0996818884fd5fb1\"},\"breadcrumb\":{\"@id\":\"https:\/\/www.noticiasradioreflejos.com.ar\/2021\/no-se-metan-con-los-estudiantes-no-toquen-la-universidad-publica-porque-no-es-una-materia-inerte\/#breadcrumb\"},\"inLanguage\":\"es\",\"potentialAction\":[{\"@type\":\"ReadAction\",\"target\":[\"https:\/\/www.noticiasradioreflejos.com.ar\/2021\/no-se-metan-con-los-estudiantes-no-toquen-la-universidad-publica-porque-no-es-una-materia-inerte\/\"]}]},{\"@type\":\"BreadcrumbList\",\"@id\":\"https:\/\/www.noticiasradioreflejos.com.ar\/2021\/no-se-metan-con-los-estudiantes-no-toquen-la-universidad-publica-porque-no-es-una-materia-inerte\/#breadcrumb\",\"itemListElement\":[{\"@type\":\"ListItem\",\"position\":1,\"name\":\"Portada\",\"item\":\"https:\/\/www.noticiasradioreflejos.com.ar\/2021\/\"},{\"@type\":\"ListItem\",\"position\":2,\"name\":\"&quot;No se metan con los estudiantes, no toquen la universidad p\u00fablica, porque no es una materia inerte&quot;\"}]},{\"@type\":\"WebSite\",\"@id\":\"https:\/\/www.noticiasradioreflejos.com.ar\/2021\/#website\",\"url\":\"https:\/\/www.noticiasradioreflejos.com.ar\/2021\/\",\"name\":\"Noticias Radio Reflejos\",\"description\":\"Las noticias de mi comarca\",\"potentialAction\":[{\"@type\":\"SearchAction\",\"target\":{\"@type\":\"EntryPoint\",\"urlTemplate\":\"https:\/\/www.noticiasradioreflejos.com.ar\/2021\/?s={search_term_string}\"},\"query-input\":{\"@type\":\"PropertyValueSpecification\",\"valueRequired\":true,\"valueName\":\"search_term_string\"}}],\"inLanguage\":\"es\"},{\"@type\":\"Person\",\"@id\":\"https:\/\/www.noticiasradioreflejos.com.ar\/2021\/#\/schema\/person\/ad82545263dcc5ec0996818884fd5fb1\",\"name\":\"Arnaldo Botto\",\"image\":{\"@type\":\"ImageObject\",\"inLanguage\":\"es\",\"@id\":\"https:\/\/www.noticiasradioreflejos.com.ar\/2021\/#\/schema\/person\/image\/\",\"url\":\"https:\/\/secure.gravatar.com\/avatar\/55cb5e37c1efa326397366e6974cb338056df65cb50e7d64d1cf314e87504837?s=96&d=mm&r=g\",\"contentUrl\":\"https:\/\/secure.gravatar.com\/avatar\/55cb5e37c1efa326397366e6974cb338056df65cb50e7d64d1cf314e87504837?s=96&d=mm&r=g\",\"caption\":\"Arnaldo Botto\"},\"url\":\"https:\/\/www.noticiasradioreflejos.com.ar\/2021\/author\/arnaldo\/\"}]}<\/script>\n<!-- \/ Yoast SEO plugin. -->","yoast_head_json":{"title":"&quot;No se metan con los estudiantes, no toquen la universidad p\u00fablica, porque no es una materia inerte&quot; - Noticias Radio Reflejos","robots":{"index":"index","follow":"follow","max-snippet":"max-snippet:-1","max-image-preview":"max-image-preview:large","max-video-preview":"max-video-preview:-1"},"canonical":"https:\/\/www.noticiasradioreflejos.com.ar\/2021\/no-se-metan-con-los-estudiantes-no-toquen-la-universidad-publica-porque-no-es-una-materia-inerte\/","og_locale":"es_ES","og_type":"article","og_title":"&quot;No se metan con los estudiantes, no toquen la universidad p\u00fablica, porque no es una materia inerte&quot; - Noticias Radio Reflejos","og_description":"En el programa \u00abTiempo Educativo\u00bb del d\u00eda Viernes 1 de Junio, hablamos con el periodista y escritor Patricio Eleisegui, de reconocida trayectoria nacional e internacional por su libro \u00abEnvenenados\u00bb; donde abordamos distintos aspectos sobre el tratamiento del tema agrot\u00f3xicos en la educaci\u00f3n y conocemos su punto de vista sobre las expresiones de la gobernadora Vidal [&hellip;]","og_url":"https:\/\/www.noticiasradioreflejos.com.ar\/2021\/no-se-metan-con-los-estudiantes-no-toquen-la-universidad-publica-porque-no-es-una-materia-inerte\/","og_site_name":"Noticias Radio Reflejos","article_published_time":"2018-06-03T23:35:31+00:00","og_image":[{"width":300,"height":200,"url":"https:\/\/www.noticiasradioreflejos.com.ar\/2021\/wp-content\/uploads\/2021\/07\/logosol300x200.png","type":"image\/png"}],"author":"Arnaldo Botto","twitter_card":"summary_large_image","schema":{"@context":"https:\/\/schema.org","@graph":[{"@type":"WebPage","@id":"https:\/\/www.noticiasradioreflejos.com.ar\/2021\/no-se-metan-con-los-estudiantes-no-toquen-la-universidad-publica-porque-no-es-una-materia-inerte\/","url":"https:\/\/www.noticiasradioreflejos.com.ar\/2021\/no-se-metan-con-los-estudiantes-no-toquen-la-universidad-publica-porque-no-es-una-materia-inerte\/","name":"&quot;No se metan con los estudiantes, no toquen la universidad p\u00fablica, porque no es una materia inerte&quot; - Noticias Radio Reflejos","isPartOf":{"@id":"https:\/\/www.noticiasradioreflejos.com.ar\/2021\/#website"},"datePublished":"2018-06-03T23:35:31+00:00","author":{"@id":"https:\/\/www.noticiasradioreflejos.com.ar\/2021\/#\/schema\/person\/ad82545263dcc5ec0996818884fd5fb1"},"breadcrumb":{"@id":"https:\/\/www.noticiasradioreflejos.com.ar\/2021\/no-se-metan-con-los-estudiantes-no-toquen-la-universidad-publica-porque-no-es-una-materia-inerte\/#breadcrumb"},"inLanguage":"es","potentialAction":[{"@type":"ReadAction","target":["https:\/\/www.noticiasradioreflejos.com.ar\/2021\/no-se-metan-con-los-estudiantes-no-toquen-la-universidad-publica-porque-no-es-una-materia-inerte\/"]}]},{"@type":"BreadcrumbList","@id":"https:\/\/www.noticiasradioreflejos.com.ar\/2021\/no-se-metan-con-los-estudiantes-no-toquen-la-universidad-publica-porque-no-es-una-materia-inerte\/#breadcrumb","itemListElement":[{"@type":"ListItem","position":1,"name":"Portada","item":"https:\/\/www.noticiasradioreflejos.com.ar\/2021\/"},{"@type":"ListItem","position":2,"name":"&quot;No se metan con los estudiantes, no toquen la universidad p\u00fablica, porque no es una materia inerte&quot;"}]},{"@type":"WebSite","@id":"https:\/\/www.noticiasradioreflejos.com.ar\/2021\/#website","url":"https:\/\/www.noticiasradioreflejos.com.ar\/2021\/","name":"Noticias Radio Reflejos","description":"Las noticias de mi comarca","potentialAction":[{"@type":"SearchAction","target":{"@type":"EntryPoint","urlTemplate":"https:\/\/www.noticiasradioreflejos.com.ar\/2021\/?s={search_term_string}"},"query-input":{"@type":"PropertyValueSpecification","valueRequired":true,"valueName":"search_term_string"}}],"inLanguage":"es"},{"@type":"Person","@id":"https:\/\/www.noticiasradioreflejos.com.ar\/2021\/#\/schema\/person\/ad82545263dcc5ec0996818884fd5fb1","name":"Arnaldo Botto","image":{"@type":"ImageObject","inLanguage":"es","@id":"https:\/\/www.noticiasradioreflejos.com.ar\/2021\/#\/schema\/person\/image\/","url":"https:\/\/secure.gravatar.com\/avatar\/55cb5e37c1efa326397366e6974cb338056df65cb50e7d64d1cf314e87504837?s=96&d=mm&r=g","contentUrl":"https:\/\/secure.gravatar.com\/avatar\/55cb5e37c1efa326397366e6974cb338056df65cb50e7d64d1cf314e87504837?s=96&d=mm&r=g","caption":"Arnaldo Botto"},"url":"https:\/\/www.noticiasradioreflejos.com.ar\/2021\/author\/arnaldo\/"}]}},"_links":{"self":[{"href":"https:\/\/www.noticiasradioreflejos.com.ar\/2021\/wp-json\/wp\/v2\/posts\/22130","targetHints":{"allow":["GET"]}}],"collection":[{"href":"https:\/\/www.noticiasradioreflejos.com.ar\/2021\/wp-json\/wp\/v2\/posts"}],"about":[{"href":"https:\/\/www.noticiasradioreflejos.com.ar\/2021\/wp-json\/wp\/v2\/types\/post"}],"author":[{"embeddable":true,"href":"https:\/\/www.noticiasradioreflejos.com.ar\/2021\/wp-json\/wp\/v2\/users\/3"}],"replies":[{"embeddable":true,"href":"https:\/\/www.noticiasradioreflejos.com.ar\/2021\/wp-json\/wp\/v2\/comments?post=22130"}],"version-history":[{"count":0,"href":"https:\/\/www.noticiasradioreflejos.com.ar\/2021\/wp-json\/wp\/v2\/posts\/22130\/revisions"}],"wp:attachment":[{"href":"https:\/\/www.noticiasradioreflejos.com.ar\/2021\/wp-json\/wp\/v2\/media?parent=22130"}],"wp:term":[{"taxonomy":"category","embeddable":true,"href":"https:\/\/www.noticiasradioreflejos.com.ar\/2021\/wp-json\/wp\/v2\/categories?post=22130"},{"taxonomy":"post_tag","embeddable":true,"href":"https:\/\/www.noticiasradioreflejos.com.ar\/2021\/wp-json\/wp\/v2\/tags?post=22130"}],"curies":[{"name":"wp","href":"https:\/\/api.w.org\/{rel}","templated":true}]}}