{"id":22120,"date":"2018-06-03T13:18:44","date_gmt":"2018-06-03T16:18:44","guid":{"rendered":"http:\/\/www.noticiasradioreflejos.com.ar\/noticias\/?p=22120"},"modified":"2018-06-03T13:18:44","modified_gmt":"2018-06-03T16:18:44","slug":"no-por-callar","status":"publish","type":"post","link":"https:\/\/www.noticiasradioreflejos.com.ar\/2021\/no-por-callar\/","title":{"rendered":"&quot;NO POR CALLAR&quot;"},"content":{"rendered":"<p><strong>Carta de lectores de la Sra Norma Fernandez<\/strong><br \/>\nYo soy de aquellas que creen que el silencio tambi\u00e9n expresa y que lo hace con m\u00e1s contundencia que el grito destemplado; prefiero callar si bien reconozco la verdad que subyace en \u201cel que calla otorga\u201d y, casi siempre, esta contradicci\u00f3n interna me hace naufragar en un mar de dudas entre contestar r y no hacerlo, lo que me obliga a dejar que pasen los d\u00edas, que se aquieten las pasiones y que los actores del conflicto empecemos a transitar por senderos m\u00e1s calmos.<!--more--><br \/>\nYa pas\u00f3 m\u00e1s de una semana desde el viernes 25 de mayo, un lapso considerable para que pudieran expresarse en libertad todo\/as los que quisieron hacerlo. Mientras tanto me aboqu\u00e9 a la tarea de leer con tranquila atenci\u00f3n, una a una, las opiniones vertidas en relaci\u00f3n al comunicado de prensa emitido por el Frente Popular \u201c25 de Febrero\u201d en el que se denuncia una actitud intolerante del se\u00f1or delegado.<br \/>\nEntre tantas expresiones, hall\u00e9 una que dice textualmente: \u201cPor favor, invito a quien public\u00f3 y comparti\u00f3 esto que conteste cada uno de los comentarios de los vecinos\u201d. Me pareci\u00f3 una solicitud atinada que merece la cortes\u00eda de una respuesta. No voy a replicar a cada comentario por separado pero s\u00ed responder\u00e9 sobre el hecho en tanto me comprenden las generales de la ley por ser yo una integrante del proyecto colectivo socio-pol\u00edtico-cultural arriba mencionado.<br \/>\nMuchos de los opinantes me conocen y yo los conozco a ellos pues soy vecina de Sierra de la Ventana desde hace m\u00e1s de quince a\u00f1os. Encontr\u00e9 en el foro a ex alumno\/as, ex compa\u00f1era de trabajo, vecino\/as, personas con las que compart\u00ed utop\u00edas comunitarias en las que laboramos con alegr\u00eda, compa\u00f1erismo, entusiasmo, respeto mutuo.<br \/>\nDe la comedida lectura realizada surge, a mi entender, un panorama extremadamente confuso como si estuviera jugando al \u201ctel\u00e9fono descompuesto\u201d. Se advierte, eso s\u00ed, una encomiable lealtad hacia el se\u00f1or delegado (a quien tambi\u00e9n conozco desde hace m\u00e1s de 15 a\u00f1os) aunque su defensa se basa en lo \u00fanico que no hizo, o sea: \u00a1sacar los papeles para que el espacio luzca limpio!<br \/>\nSiempre es bueno escuchar los ta\u00f1idos de todas las campanas para saber de qu\u00e9 se trata cualquier cuesti\u00f3n en cualquier circunstancia de la vida.<br \/>\nEn este caso en particular el Frente Popular \u201c25 de Febrero\u201d, que no es una entelequia sino que somos un grupo de personas de carne y hueso que vivimos y convivimos en la comarca, organizamos un acto para el 25 de Mayo convocados por el d\u00eda de la patria y por las consignas que movilizaron a centenas de miles de ciudadanos a lo largo y a lo ancho del pa\u00eds.<br \/>\nComo en todas las dem\u00e1s ocasiones en que realizamos actividades p\u00fablicas (incluida la pintura de pa\u00f1uelos de Madres en la vereda de la placita del ACA), tambi\u00e9n en esta oportunidad solicitamos a las autoridades y nos ha sido concedido el permiso correspondiente.<br \/>\nLos carteles de la pol\u00e9mica fueron realizados en hoja A4 y sujetados al travesa\u00f1o del cartel con un segmento de cinta de enmascarar de 1.5 cm de ancho por unos 5 cm de largo colocado en diagonal en cada esquina de la hoja. Todo aquel que alguna vez haya usado cinta de enmascarar debe saber que ese material no deja marca, por lo que la expresi\u00f3n \u201cpegatina\u201d es, al menos, exagerada.<br \/>\nComenzamos con nuestro proyecto a fines de 2015 y desde entonces hemos organizado diferentes encuentros en el lugar sin que hayamos tenido desavenencias con el se\u00f1or delegado ni con otra autoridad del gobierno actual.<br \/>\nEvidentemente algo influy\u00f3 en su \u00e1nimo ese d\u00eda para presentarse as\u00ed tan intempestivamente y arrancar los carteles pese a que todav\u00eda nos encontr\u00e1bamos all\u00ed y a pesar de que le pedimos que no lo haga ejerciendo esa violencia, a todas luces desproporcionada para lo que ten\u00eda delante suyo. Le aseguramos que nosotros \u00edbamos a quitarlos como hicimos siempre pero no quiso escuchar, continu\u00f3 mientras mascullaba improperios que no vienen al caso reproducir.<br \/>\nNos ignor\u00f3 por completo desestimando toda posibilidad de di\u00e1logo y el resultado del desencuentro fue nuestro reproche p\u00fablico por la actitud autoritaria e intolerante del funcionario, manifestaci\u00f3n que de ning\u00fan modo emite un juicio de valor acerca de sus condiciones morales, sus creencias personales o su idoneidad. Fin de la historia.<br \/>\nDe todo lo dem\u00e1s, podemos hablar y discutir en una gran asamblea popular si es que estamos dispuestos a dar el debate en t\u00e9rminos de pensamientos y de ideas que convoquen a la transformaci\u00f3n de la realidad para un mejor vivir en comunidad.<br \/>\nMuch\u00edsimas gracias.<br \/>\n<strong>NORMA BLANCA FERNANDEZ<\/strong><br \/>\n<a href=\"mailto:omnorsiven@gmail.com\"><strong>omnorsiven@gmail.com<\/strong><\/a><\/p>\n","protected":false},"excerpt":{"rendered":"<p>Carta de lectores de la Sra Norma Fernandez Yo soy de aquellas que creen que el silencio tambi\u00e9n expresa y que lo hace con m\u00e1s contundencia que el grito destemplado; prefiero callar si bien reconozco la verdad que subyace en \u201cel que calla otorga\u201d y, casi siempre, esta contradicci\u00f3n interna me hace naufragar en un [&hellip;]<\/p>\n","protected":false},"author":3,"featured_media":0,"comment_status":"closed","ping_status":"open","sticky":false,"template":"","format":"standard","meta":{"footnotes":""},"categories":[26],"tags":[],"class_list":["post-22120","post","type-post","status-publish","format-standard","hentry","category-sociedad"],"yoast_head":"<!-- This site is optimized with the Yoast SEO plugin v25.9 - https:\/\/yoast.com\/wordpress\/plugins\/seo\/ -->\n<title>&quot;NO POR CALLAR&quot; - Noticias Radio Reflejos<\/title>\n<meta name=\"robots\" content=\"index, follow, max-snippet:-1, max-image-preview:large, max-video-preview:-1\" \/>\n<link rel=\"canonical\" href=\"https:\/\/www.noticiasradioreflejos.com.ar\/2021\/no-por-callar\/\" \/>\n<meta property=\"og:locale\" content=\"es_ES\" \/>\n<meta property=\"og:type\" content=\"article\" \/>\n<meta property=\"og:title\" content=\"&quot;NO POR CALLAR&quot; - Noticias Radio Reflejos\" \/>\n<meta property=\"og:description\" content=\"Carta de lectores de la Sra Norma Fernandez Yo soy de aquellas que creen que el silencio tambi\u00e9n expresa y que lo hace con m\u00e1s contundencia que el grito destemplado; prefiero callar si bien reconozco la verdad que subyace en \u201cel que calla otorga\u201d y, casi siempre, esta contradicci\u00f3n interna me hace naufragar en un [&hellip;]\" \/>\n<meta property=\"og:url\" content=\"https:\/\/www.noticiasradioreflejos.com.ar\/2021\/no-por-callar\/\" \/>\n<meta property=\"og:site_name\" content=\"Noticias Radio Reflejos\" \/>\n<meta property=\"article:published_time\" content=\"2018-06-03T16:18:44+00:00\" \/>\n<meta property=\"og:image\" content=\"https:\/\/www.noticiasradioreflejos.com.ar\/2021\/wp-content\/uploads\/2018\/04\/carta_lector_1.jpg\" \/>\n\t<meta property=\"og:image:width\" content=\"935\" \/>\n\t<meta property=\"og:image:height\" content=\"595\" \/>\n\t<meta property=\"og:image:type\" content=\"image\/jpeg\" \/>\n<meta name=\"author\" content=\"Arnaldo Botto\" \/>\n<meta name=\"twitter:card\" content=\"summary_large_image\" \/>\n<script type=\"application\/ld+json\" class=\"yoast-schema-graph\">{\"@context\":\"https:\/\/schema.org\",\"@graph\":[{\"@type\":\"WebPage\",\"@id\":\"https:\/\/www.noticiasradioreflejos.com.ar\/2021\/no-por-callar\/\",\"url\":\"https:\/\/www.noticiasradioreflejos.com.ar\/2021\/no-por-callar\/\",\"name\":\"&quot;NO POR CALLAR&quot; - Noticias Radio Reflejos\",\"isPartOf\":{\"@id\":\"https:\/\/www.noticiasradioreflejos.com.ar\/2021\/#website\"},\"datePublished\":\"2018-06-03T16:18:44+00:00\",\"author\":{\"@id\":\"https:\/\/www.noticiasradioreflejos.com.ar\/2021\/#\/schema\/person\/ad82545263dcc5ec0996818884fd5fb1\"},\"breadcrumb\":{\"@id\":\"https:\/\/www.noticiasradioreflejos.com.ar\/2021\/no-por-callar\/#breadcrumb\"},\"inLanguage\":\"es\",\"potentialAction\":[{\"@type\":\"ReadAction\",\"target\":[\"https:\/\/www.noticiasradioreflejos.com.ar\/2021\/no-por-callar\/\"]}]},{\"@type\":\"BreadcrumbList\",\"@id\":\"https:\/\/www.noticiasradioreflejos.com.ar\/2021\/no-por-callar\/#breadcrumb\",\"itemListElement\":[{\"@type\":\"ListItem\",\"position\":1,\"name\":\"Portada\",\"item\":\"https:\/\/www.noticiasradioreflejos.com.ar\/2021\/\"},{\"@type\":\"ListItem\",\"position\":2,\"name\":\"&quot;NO POR CALLAR&quot;\"}]},{\"@type\":\"WebSite\",\"@id\":\"https:\/\/www.noticiasradioreflejos.com.ar\/2021\/#website\",\"url\":\"https:\/\/www.noticiasradioreflejos.com.ar\/2021\/\",\"name\":\"Noticias Radio Reflejos\",\"description\":\"Las noticias de mi comarca\",\"potentialAction\":[{\"@type\":\"SearchAction\",\"target\":{\"@type\":\"EntryPoint\",\"urlTemplate\":\"https:\/\/www.noticiasradioreflejos.com.ar\/2021\/?s={search_term_string}\"},\"query-input\":{\"@type\":\"PropertyValueSpecification\",\"valueRequired\":true,\"valueName\":\"search_term_string\"}}],\"inLanguage\":\"es\"},{\"@type\":\"Person\",\"@id\":\"https:\/\/www.noticiasradioreflejos.com.ar\/2021\/#\/schema\/person\/ad82545263dcc5ec0996818884fd5fb1\",\"name\":\"Arnaldo Botto\",\"image\":{\"@type\":\"ImageObject\",\"inLanguage\":\"es\",\"@id\":\"https:\/\/www.noticiasradioreflejos.com.ar\/2021\/#\/schema\/person\/image\/\",\"url\":\"https:\/\/secure.gravatar.com\/avatar\/55cb5e37c1efa326397366e6974cb338056df65cb50e7d64d1cf314e87504837?s=96&d=mm&r=g\",\"contentUrl\":\"https:\/\/secure.gravatar.com\/avatar\/55cb5e37c1efa326397366e6974cb338056df65cb50e7d64d1cf314e87504837?s=96&d=mm&r=g\",\"caption\":\"Arnaldo Botto\"},\"url\":\"https:\/\/www.noticiasradioreflejos.com.ar\/2021\/author\/arnaldo\/\"}]}<\/script>\n<!-- \/ Yoast SEO plugin. -->","yoast_head_json":{"title":"&quot;NO POR CALLAR&quot; - Noticias Radio Reflejos","robots":{"index":"index","follow":"follow","max-snippet":"max-snippet:-1","max-image-preview":"max-image-preview:large","max-video-preview":"max-video-preview:-1"},"canonical":"https:\/\/www.noticiasradioreflejos.com.ar\/2021\/no-por-callar\/","og_locale":"es_ES","og_type":"article","og_title":"&quot;NO POR CALLAR&quot; - Noticias Radio Reflejos","og_description":"Carta de lectores de la Sra Norma Fernandez Yo soy de aquellas que creen que el silencio tambi\u00e9n expresa y que lo hace con m\u00e1s contundencia que el grito destemplado; prefiero callar si bien reconozco la verdad que subyace en \u201cel que calla otorga\u201d y, casi siempre, esta contradicci\u00f3n interna me hace naufragar en un [&hellip;]","og_url":"https:\/\/www.noticiasradioreflejos.com.ar\/2021\/no-por-callar\/","og_site_name":"Noticias Radio Reflejos","article_published_time":"2018-06-03T16:18:44+00:00","og_image":[{"width":935,"height":595,"url":"https:\/\/www.noticiasradioreflejos.com.ar\/2021\/wp-content\/uploads\/2018\/04\/carta_lector_1.jpg","type":"image\/jpeg"}],"author":"Arnaldo Botto","twitter_card":"summary_large_image","schema":{"@context":"https:\/\/schema.org","@graph":[{"@type":"WebPage","@id":"https:\/\/www.noticiasradioreflejos.com.ar\/2021\/no-por-callar\/","url":"https:\/\/www.noticiasradioreflejos.com.ar\/2021\/no-por-callar\/","name":"&quot;NO POR CALLAR&quot; - Noticias Radio Reflejos","isPartOf":{"@id":"https:\/\/www.noticiasradioreflejos.com.ar\/2021\/#website"},"datePublished":"2018-06-03T16:18:44+00:00","author":{"@id":"https:\/\/www.noticiasradioreflejos.com.ar\/2021\/#\/schema\/person\/ad82545263dcc5ec0996818884fd5fb1"},"breadcrumb":{"@id":"https:\/\/www.noticiasradioreflejos.com.ar\/2021\/no-por-callar\/#breadcrumb"},"inLanguage":"es","potentialAction":[{"@type":"ReadAction","target":["https:\/\/www.noticiasradioreflejos.com.ar\/2021\/no-por-callar\/"]}]},{"@type":"BreadcrumbList","@id":"https:\/\/www.noticiasradioreflejos.com.ar\/2021\/no-por-callar\/#breadcrumb","itemListElement":[{"@type":"ListItem","position":1,"name":"Portada","item":"https:\/\/www.noticiasradioreflejos.com.ar\/2021\/"},{"@type":"ListItem","position":2,"name":"&quot;NO POR CALLAR&quot;"}]},{"@type":"WebSite","@id":"https:\/\/www.noticiasradioreflejos.com.ar\/2021\/#website","url":"https:\/\/www.noticiasradioreflejos.com.ar\/2021\/","name":"Noticias Radio Reflejos","description":"Las noticias de mi comarca","potentialAction":[{"@type":"SearchAction","target":{"@type":"EntryPoint","urlTemplate":"https:\/\/www.noticiasradioreflejos.com.ar\/2021\/?s={search_term_string}"},"query-input":{"@type":"PropertyValueSpecification","valueRequired":true,"valueName":"search_term_string"}}],"inLanguage":"es"},{"@type":"Person","@id":"https:\/\/www.noticiasradioreflejos.com.ar\/2021\/#\/schema\/person\/ad82545263dcc5ec0996818884fd5fb1","name":"Arnaldo Botto","image":{"@type":"ImageObject","inLanguage":"es","@id":"https:\/\/www.noticiasradioreflejos.com.ar\/2021\/#\/schema\/person\/image\/","url":"https:\/\/secure.gravatar.com\/avatar\/55cb5e37c1efa326397366e6974cb338056df65cb50e7d64d1cf314e87504837?s=96&d=mm&r=g","contentUrl":"https:\/\/secure.gravatar.com\/avatar\/55cb5e37c1efa326397366e6974cb338056df65cb50e7d64d1cf314e87504837?s=96&d=mm&r=g","caption":"Arnaldo Botto"},"url":"https:\/\/www.noticiasradioreflejos.com.ar\/2021\/author\/arnaldo\/"}]}},"_links":{"self":[{"href":"https:\/\/www.noticiasradioreflejos.com.ar\/2021\/wp-json\/wp\/v2\/posts\/22120","targetHints":{"allow":["GET"]}}],"collection":[{"href":"https:\/\/www.noticiasradioreflejos.com.ar\/2021\/wp-json\/wp\/v2\/posts"}],"about":[{"href":"https:\/\/www.noticiasradioreflejos.com.ar\/2021\/wp-json\/wp\/v2\/types\/post"}],"author":[{"embeddable":true,"href":"https:\/\/www.noticiasradioreflejos.com.ar\/2021\/wp-json\/wp\/v2\/users\/3"}],"replies":[{"embeddable":true,"href":"https:\/\/www.noticiasradioreflejos.com.ar\/2021\/wp-json\/wp\/v2\/comments?post=22120"}],"version-history":[{"count":0,"href":"https:\/\/www.noticiasradioreflejos.com.ar\/2021\/wp-json\/wp\/v2\/posts\/22120\/revisions"}],"wp:attachment":[{"href":"https:\/\/www.noticiasradioreflejos.com.ar\/2021\/wp-json\/wp\/v2\/media?parent=22120"}],"wp:term":[{"taxonomy":"category","embeddable":true,"href":"https:\/\/www.noticiasradioreflejos.com.ar\/2021\/wp-json\/wp\/v2\/categories?post=22120"},{"taxonomy":"post_tag","embeddable":true,"href":"https:\/\/www.noticiasradioreflejos.com.ar\/2021\/wp-json\/wp\/v2\/tags?post=22120"}],"curies":[{"name":"wp","href":"https:\/\/api.w.org\/{rel}","templated":true}]}}