{"id":22112,"date":"2018-06-03T13:07:37","date_gmt":"2018-06-03T16:07:37","guid":{"rendered":"http:\/\/www.noticiasradioreflejos.com.ar\/noticias\/?p=22112"},"modified":"2018-06-03T13:07:37","modified_gmt":"2018-06-03T16:07:37","slug":"celebracion-del-dia-del-bombero-voluntario-en-sierra-de-la-ventana","status":"publish","type":"post","link":"https:\/\/www.noticiasradioreflejos.com.ar\/2021\/celebracion-del-dia-del-bombero-voluntario-en-sierra-de-la-ventana\/","title":{"rendered":"Celebraci\u00f3n del D\u00eda del Bombero Voluntario en Sierra de la Ventana."},"content":{"rendered":"<p><a title=\"2 de junio - D\u00eda del Bombero (22)\" href=\"http:\/\/farm2.staticflickr.com\/1739\/28664451468_f0b1ccbf35.jpg\" rel=\"\"><img loading=\"lazy\" decoding=\"async\" class=\"alignleft\" style=\"float: left;\" title=\"2 de junio - D\u00eda del Bombero (22)\" src=\"http:\/\/farm2.staticflickr.com\/1739\/28664451468_f0b1ccbf35.jpg\" alt=\"2 de junio - D\u00eda del Bombero (22)\" width=\"500\" height=\"281\" \/><\/a>Un emotivo acto se realiz\u00f3 este s\u00e1bado 2 de junio en las instalaciones del cuartel local, al conmemorarse un nuevo aniversario de la fundaci\u00f3n del Primer Cuartel de Bomberos Voluntarios de la Argentina.<!--more--><br \/>\nDel\u00a0mismo participaron instituciones educativas, pol\u00edticas y sociales de Sierra y Villa Ventana, con la presencia del Delegado Municipal, <strong>Hugo Polvara<\/strong>, el Presidente del HCD de Tornquist,\u00a0<strong>Gustavo Moroncini<\/strong>, la Concejal <strong>Viviana Montibeller<\/strong>, el Secretario de Gobierno de Cnel. Su\u00e1rez, <strong>Ernesto Palenzona<\/strong>, el Sub Comisario de Sierra de la Ventana<strong> Pablo Parodi<\/strong> y otros funcionarios.<br \/>\nTras las palabras de bienvenida por parte de un integrante del cuerpo, se invit\u00f3 a entonar las estrofas del Himno Nacional y a continuaci\u00f3n se procedi\u00f3 a entregar un reconocimiento y pase a reserva por sus 25 a\u00f1os de servicio a Marcos Weinbender, quien se mostr\u00f3 muy emocionado, y dirigi\u00e9ndose al p\u00fablico, record\u00f3 cuando el oficial<strong> Vicente Molina<\/strong> lo invit\u00f3 a ser parte de la fuerza.<br \/>\n<a title=\"2 de junio - D\u00eda del Bombero (18)\" href=\"http:\/\/farm2.staticflickr.com\/1722\/42485836522_c0789a6789_z.jpg\" rel=\"\"><img loading=\"lazy\" decoding=\"async\" class=\"aligncenter\" title=\"2 de junio - D\u00eda del Bombero (18)\" src=\"http:\/\/farm2.staticflickr.com\/1722\/42485836522_c0789a6789_z.jpg\" alt=\"2 de junio - D\u00eda del Bombero (18)\" width=\"640\" height=\"360\" \/><\/a>Posteriormente, hicieron uso de la palabra, la Concejal Montibeller, el Sec. de Gobierno de Cnel. Su\u00e1rez Palenzona, ambos disculpando a los intendentes por su ausencia en el acto.<br \/>\nConclu\u00eddo esto, el Jefe del Cuerpo Activo <strong>Gustavo DeVizia<\/strong>, agradeci\u00f3 a los presentes, Comisi\u00f3n Directiva y especialmente a <strong>Fabi\u00e1n Streintemberger<\/strong>, Segundo Jefe, por su labor al frente de la instituci\u00f3n.<br \/>\nUna vez finalizadas las palabras del jefe bomberil, le toc\u00f3 el turno al Presidente de la CD, <strong>Sergio Dom\u00ednguez, <\/strong>que mediante sus palabras trasmiti\u00f3 a los presentes el esfuerzo y los graves momentos que se vivieron durante el \u00faltimo incendio que abarc\u00f3 m\u00e1s de 40 mil hect\u00e1reas de la zona serrana. Entre los momentos m\u00e1s dram\u00e1ticos que se vivieron, estuvo el que un bombero de Villa Ventana result\u00f3 muy mal herido y hasta se temi\u00f3 por su vida. En el lugar estaba presente este hombre, <strong>Ra\u00fal Chiuca<\/strong>, que junto al presidente de los Bomberos de Villa Ventana, <strong>Ra\u00fal Salerno<\/strong>, entregaron un reconocimiento al bombero\u00a0de Sierra de la Ventana<strong> Ezequiel Osvaldo<\/strong>, por el comportamiento valeroso durante ese momento crucial.<br \/>\n<a title=\"2 de junio - D\u00eda del Bombero (22)\" href=\"http:\/\/farm2.staticflickr.com\/1739\/28664451468_f0b1ccbf35_z.jpg\" rel=\"\"><img loading=\"lazy\" decoding=\"async\" class=\"aligncenter\" title=\"2 de junio - D\u00eda del Bombero (22)\" src=\"http:\/\/farm2.staticflickr.com\/1739\/28664451468_f0b1ccbf35_z.jpg\" alt=\"2 de junio - D\u00eda del Bombero (22)\" width=\"640\" height=\"360\" \/><\/a><br \/>\nOtro momento destacado del acto fue la jura de 5 nuevos bomberos, que\u00a0se integran a partir de este momento al cuerpo activo; ellos son:<br \/>\n<strong>Pablo Guala, Santiago Calvi, Pablo Ferro Moreno, David De Castro y Dami\u00e1n Andrade<\/strong>, los que juraron frente al Jefe Gustavo De Vizia y todo el p\u00fablico presente, que los aplaudi\u00f3 en forma muy intensa.<br \/>\nEl cierre estuvo a cargo del Presidente local que despidi\u00f3 y agradeci\u00f3 a los presentes.<br \/>\nSeguidamente toda la familias de bomberos disfrutaron de una cena show que cont\u00f3 con la presencia de <strong>Fabio Gonz\u00e1lez<\/strong>\u00a0como n\u00famero art\u00edstico.<br \/>\n<a title=\"2 de junio - D\u00eda del Bombero (66)\" href=\"http:\/\/farm2.staticflickr.com\/1751\/41635525165_be88edeaee_z.jpg\" rel=\"\"><img loading=\"lazy\" decoding=\"async\" class=\"aligncenter\" title=\"2 de junio - D\u00eda del Bombero (66)\" src=\"http:\/\/farm2.staticflickr.com\/1751\/41635525165_be88edeaee_z.jpg\" alt=\"2 de junio - D\u00eda del Bombero (66)\" width=\"640\" height=\"366\" \/><\/a><br \/>\n<a href=\"https:\/\/www.facebook.com\/pg\/NoticiasRadioReflejos\/photos\/?tab=album&amp;album_id=598408127193766\">Ver mas Fotos:<\/a><\/p>\n","protected":false},"excerpt":{"rendered":"<p>Un emotivo acto se realiz\u00f3 este s\u00e1bado 2 de junio en las instalaciones del cuartel local, al conmemorarse un nuevo aniversario de la fundaci\u00f3n del Primer Cuartel de Bomberos Voluntarios de la Argentina.<\/p>\n","protected":false},"author":3,"featured_media":0,"comment_status":"closed","ping_status":"open","sticky":false,"template":"","format":"standard","meta":{"footnotes":""},"categories":[26],"tags":[],"class_list":["post-22112","post","type-post","status-publish","format-standard","hentry","category-sociedad"],"yoast_head":"<!-- This site is optimized with the Yoast SEO plugin v25.9 - https:\/\/yoast.com\/wordpress\/plugins\/seo\/ -->\n<title>Celebraci\u00f3n del D\u00eda del Bombero Voluntario en Sierra de la Ventana. - Noticias Radio Reflejos<\/title>\n<meta name=\"robots\" content=\"index, follow, max-snippet:-1, max-image-preview:large, max-video-preview:-1\" \/>\n<link rel=\"canonical\" href=\"https:\/\/www.noticiasradioreflejos.com.ar\/2021\/celebracion-del-dia-del-bombero-voluntario-en-sierra-de-la-ventana\/\" \/>\n<meta property=\"og:locale\" content=\"es_ES\" \/>\n<meta property=\"og:type\" content=\"article\" \/>\n<meta property=\"og:title\" content=\"Celebraci\u00f3n del D\u00eda del Bombero Voluntario en Sierra de la Ventana. - Noticias Radio Reflejos\" \/>\n<meta property=\"og:description\" content=\"Un emotivo acto se realiz\u00f3 este s\u00e1bado 2 de junio en las instalaciones del cuartel local, al conmemorarse un nuevo aniversario de la fundaci\u00f3n del Primer Cuartel de Bomberos Voluntarios de la Argentina.\" \/>\n<meta property=\"og:url\" content=\"https:\/\/www.noticiasradioreflejos.com.ar\/2021\/celebracion-del-dia-del-bombero-voluntario-en-sierra-de-la-ventana\/\" \/>\n<meta property=\"og:site_name\" content=\"Noticias Radio Reflejos\" \/>\n<meta property=\"article:published_time\" content=\"2018-06-03T16:07:37+00:00\" \/>\n<meta property=\"og:image\" content=\"http:\/\/farm2.staticflickr.com\/1739\/28664451468_f0b1ccbf35.jpg\" \/>\n<meta name=\"author\" content=\"Arnaldo Botto\" \/>\n<meta name=\"twitter:card\" content=\"summary_large_image\" \/>\n<script type=\"application\/ld+json\" class=\"yoast-schema-graph\">{\"@context\":\"https:\/\/schema.org\",\"@graph\":[{\"@type\":\"WebPage\",\"@id\":\"https:\/\/www.noticiasradioreflejos.com.ar\/2021\/celebracion-del-dia-del-bombero-voluntario-en-sierra-de-la-ventana\/\",\"url\":\"https:\/\/www.noticiasradioreflejos.com.ar\/2021\/celebracion-del-dia-del-bombero-voluntario-en-sierra-de-la-ventana\/\",\"name\":\"Celebraci\u00f3n del D\u00eda del Bombero Voluntario en Sierra de la Ventana. - Noticias Radio Reflejos\",\"isPartOf\":{\"@id\":\"https:\/\/www.noticiasradioreflejos.com.ar\/2021\/#website\"},\"primaryImageOfPage\":{\"@id\":\"https:\/\/www.noticiasradioreflejos.com.ar\/2021\/celebracion-del-dia-del-bombero-voluntario-en-sierra-de-la-ventana\/#primaryimage\"},\"image\":{\"@id\":\"https:\/\/www.noticiasradioreflejos.com.ar\/2021\/celebracion-del-dia-del-bombero-voluntario-en-sierra-de-la-ventana\/#primaryimage\"},\"thumbnailUrl\":\"http:\/\/farm2.staticflickr.com\/1739\/28664451468_f0b1ccbf35.jpg\",\"datePublished\":\"2018-06-03T16:07:37+00:00\",\"author\":{\"@id\":\"https:\/\/www.noticiasradioreflejos.com.ar\/2021\/#\/schema\/person\/ad82545263dcc5ec0996818884fd5fb1\"},\"breadcrumb\":{\"@id\":\"https:\/\/www.noticiasradioreflejos.com.ar\/2021\/celebracion-del-dia-del-bombero-voluntario-en-sierra-de-la-ventana\/#breadcrumb\"},\"inLanguage\":\"es\",\"potentialAction\":[{\"@type\":\"ReadAction\",\"target\":[\"https:\/\/www.noticiasradioreflejos.com.ar\/2021\/celebracion-del-dia-del-bombero-voluntario-en-sierra-de-la-ventana\/\"]}]},{\"@type\":\"ImageObject\",\"inLanguage\":\"es\",\"@id\":\"https:\/\/www.noticiasradioreflejos.com.ar\/2021\/celebracion-del-dia-del-bombero-voluntario-en-sierra-de-la-ventana\/#primaryimage\",\"url\":\"http:\/\/farm2.staticflickr.com\/1739\/28664451468_f0b1ccbf35.jpg\",\"contentUrl\":\"http:\/\/farm2.staticflickr.com\/1739\/28664451468_f0b1ccbf35.jpg\"},{\"@type\":\"BreadcrumbList\",\"@id\":\"https:\/\/www.noticiasradioreflejos.com.ar\/2021\/celebracion-del-dia-del-bombero-voluntario-en-sierra-de-la-ventana\/#breadcrumb\",\"itemListElement\":[{\"@type\":\"ListItem\",\"position\":1,\"name\":\"Portada\",\"item\":\"https:\/\/www.noticiasradioreflejos.com.ar\/2021\/\"},{\"@type\":\"ListItem\",\"position\":2,\"name\":\"Celebraci\u00f3n del D\u00eda del Bombero Voluntario en Sierra de la Ventana.\"}]},{\"@type\":\"WebSite\",\"@id\":\"https:\/\/www.noticiasradioreflejos.com.ar\/2021\/#website\",\"url\":\"https:\/\/www.noticiasradioreflejos.com.ar\/2021\/\",\"name\":\"Noticias Radio Reflejos\",\"description\":\"Las noticias de mi comarca\",\"potentialAction\":[{\"@type\":\"SearchAction\",\"target\":{\"@type\":\"EntryPoint\",\"urlTemplate\":\"https:\/\/www.noticiasradioreflejos.com.ar\/2021\/?s={search_term_string}\"},\"query-input\":{\"@type\":\"PropertyValueSpecification\",\"valueRequired\":true,\"valueName\":\"search_term_string\"}}],\"inLanguage\":\"es\"},{\"@type\":\"Person\",\"@id\":\"https:\/\/www.noticiasradioreflejos.com.ar\/2021\/#\/schema\/person\/ad82545263dcc5ec0996818884fd5fb1\",\"name\":\"Arnaldo Botto\",\"image\":{\"@type\":\"ImageObject\",\"inLanguage\":\"es\",\"@id\":\"https:\/\/www.noticiasradioreflejos.com.ar\/2021\/#\/schema\/person\/image\/\",\"url\":\"https:\/\/secure.gravatar.com\/avatar\/55cb5e37c1efa326397366e6974cb338056df65cb50e7d64d1cf314e87504837?s=96&d=mm&r=g\",\"contentUrl\":\"https:\/\/secure.gravatar.com\/avatar\/55cb5e37c1efa326397366e6974cb338056df65cb50e7d64d1cf314e87504837?s=96&d=mm&r=g\",\"caption\":\"Arnaldo Botto\"},\"url\":\"https:\/\/www.noticiasradioreflejos.com.ar\/2021\/author\/arnaldo\/\"}]}<\/script>\n<!-- \/ Yoast SEO plugin. -->","yoast_head_json":{"title":"Celebraci\u00f3n del D\u00eda del Bombero Voluntario en Sierra de la Ventana. - Noticias Radio Reflejos","robots":{"index":"index","follow":"follow","max-snippet":"max-snippet:-1","max-image-preview":"max-image-preview:large","max-video-preview":"max-video-preview:-1"},"canonical":"https:\/\/www.noticiasradioreflejos.com.ar\/2021\/celebracion-del-dia-del-bombero-voluntario-en-sierra-de-la-ventana\/","og_locale":"es_ES","og_type":"article","og_title":"Celebraci\u00f3n del D\u00eda del Bombero Voluntario en Sierra de la Ventana. - Noticias Radio Reflejos","og_description":"Un emotivo acto se realiz\u00f3 este s\u00e1bado 2 de junio en las instalaciones del cuartel local, al conmemorarse un nuevo aniversario de la fundaci\u00f3n del Primer Cuartel de Bomberos Voluntarios de la Argentina.","og_url":"https:\/\/www.noticiasradioreflejos.com.ar\/2021\/celebracion-del-dia-del-bombero-voluntario-en-sierra-de-la-ventana\/","og_site_name":"Noticias Radio Reflejos","article_published_time":"2018-06-03T16:07:37+00:00","og_image":[{"url":"http:\/\/farm2.staticflickr.com\/1739\/28664451468_f0b1ccbf35.jpg","type":"","width":"","height":""}],"author":"Arnaldo Botto","twitter_card":"summary_large_image","schema":{"@context":"https:\/\/schema.org","@graph":[{"@type":"WebPage","@id":"https:\/\/www.noticiasradioreflejos.com.ar\/2021\/celebracion-del-dia-del-bombero-voluntario-en-sierra-de-la-ventana\/","url":"https:\/\/www.noticiasradioreflejos.com.ar\/2021\/celebracion-del-dia-del-bombero-voluntario-en-sierra-de-la-ventana\/","name":"Celebraci\u00f3n del D\u00eda del Bombero Voluntario en Sierra de la Ventana. - Noticias Radio Reflejos","isPartOf":{"@id":"https:\/\/www.noticiasradioreflejos.com.ar\/2021\/#website"},"primaryImageOfPage":{"@id":"https:\/\/www.noticiasradioreflejos.com.ar\/2021\/celebracion-del-dia-del-bombero-voluntario-en-sierra-de-la-ventana\/#primaryimage"},"image":{"@id":"https:\/\/www.noticiasradioreflejos.com.ar\/2021\/celebracion-del-dia-del-bombero-voluntario-en-sierra-de-la-ventana\/#primaryimage"},"thumbnailUrl":"http:\/\/farm2.staticflickr.com\/1739\/28664451468_f0b1ccbf35.jpg","datePublished":"2018-06-03T16:07:37+00:00","author":{"@id":"https:\/\/www.noticiasradioreflejos.com.ar\/2021\/#\/schema\/person\/ad82545263dcc5ec0996818884fd5fb1"},"breadcrumb":{"@id":"https:\/\/www.noticiasradioreflejos.com.ar\/2021\/celebracion-del-dia-del-bombero-voluntario-en-sierra-de-la-ventana\/#breadcrumb"},"inLanguage":"es","potentialAction":[{"@type":"ReadAction","target":["https:\/\/www.noticiasradioreflejos.com.ar\/2021\/celebracion-del-dia-del-bombero-voluntario-en-sierra-de-la-ventana\/"]}]},{"@type":"ImageObject","inLanguage":"es","@id":"https:\/\/www.noticiasradioreflejos.com.ar\/2021\/celebracion-del-dia-del-bombero-voluntario-en-sierra-de-la-ventana\/#primaryimage","url":"http:\/\/farm2.staticflickr.com\/1739\/28664451468_f0b1ccbf35.jpg","contentUrl":"http:\/\/farm2.staticflickr.com\/1739\/28664451468_f0b1ccbf35.jpg"},{"@type":"BreadcrumbList","@id":"https:\/\/www.noticiasradioreflejos.com.ar\/2021\/celebracion-del-dia-del-bombero-voluntario-en-sierra-de-la-ventana\/#breadcrumb","itemListElement":[{"@type":"ListItem","position":1,"name":"Portada","item":"https:\/\/www.noticiasradioreflejos.com.ar\/2021\/"},{"@type":"ListItem","position":2,"name":"Celebraci\u00f3n del D\u00eda del Bombero Voluntario en Sierra de la Ventana."}]},{"@type":"WebSite","@id":"https:\/\/www.noticiasradioreflejos.com.ar\/2021\/#website","url":"https:\/\/www.noticiasradioreflejos.com.ar\/2021\/","name":"Noticias Radio Reflejos","description":"Las noticias de mi comarca","potentialAction":[{"@type":"SearchAction","target":{"@type":"EntryPoint","urlTemplate":"https:\/\/www.noticiasradioreflejos.com.ar\/2021\/?s={search_term_string}"},"query-input":{"@type":"PropertyValueSpecification","valueRequired":true,"valueName":"search_term_string"}}],"inLanguage":"es"},{"@type":"Person","@id":"https:\/\/www.noticiasradioreflejos.com.ar\/2021\/#\/schema\/person\/ad82545263dcc5ec0996818884fd5fb1","name":"Arnaldo Botto","image":{"@type":"ImageObject","inLanguage":"es","@id":"https:\/\/www.noticiasradioreflejos.com.ar\/2021\/#\/schema\/person\/image\/","url":"https:\/\/secure.gravatar.com\/avatar\/55cb5e37c1efa326397366e6974cb338056df65cb50e7d64d1cf314e87504837?s=96&d=mm&r=g","contentUrl":"https:\/\/secure.gravatar.com\/avatar\/55cb5e37c1efa326397366e6974cb338056df65cb50e7d64d1cf314e87504837?s=96&d=mm&r=g","caption":"Arnaldo Botto"},"url":"https:\/\/www.noticiasradioreflejos.com.ar\/2021\/author\/arnaldo\/"}]}},"_links":{"self":[{"href":"https:\/\/www.noticiasradioreflejos.com.ar\/2021\/wp-json\/wp\/v2\/posts\/22112","targetHints":{"allow":["GET"]}}],"collection":[{"href":"https:\/\/www.noticiasradioreflejos.com.ar\/2021\/wp-json\/wp\/v2\/posts"}],"about":[{"href":"https:\/\/www.noticiasradioreflejos.com.ar\/2021\/wp-json\/wp\/v2\/types\/post"}],"author":[{"embeddable":true,"href":"https:\/\/www.noticiasradioreflejos.com.ar\/2021\/wp-json\/wp\/v2\/users\/3"}],"replies":[{"embeddable":true,"href":"https:\/\/www.noticiasradioreflejos.com.ar\/2021\/wp-json\/wp\/v2\/comments?post=22112"}],"version-history":[{"count":0,"href":"https:\/\/www.noticiasradioreflejos.com.ar\/2021\/wp-json\/wp\/v2\/posts\/22112\/revisions"}],"wp:attachment":[{"href":"https:\/\/www.noticiasradioreflejos.com.ar\/2021\/wp-json\/wp\/v2\/media?parent=22112"}],"wp:term":[{"taxonomy":"category","embeddable":true,"href":"https:\/\/www.noticiasradioreflejos.com.ar\/2021\/wp-json\/wp\/v2\/categories?post=22112"},{"taxonomy":"post_tag","embeddable":true,"href":"https:\/\/www.noticiasradioreflejos.com.ar\/2021\/wp-json\/wp\/v2\/tags?post=22112"}],"curies":[{"name":"wp","href":"https:\/\/api.w.org\/{rel}","templated":true}]}}