{"id":22106,"date":"2018-06-03T11:42:12","date_gmt":"2018-06-03T14:42:12","guid":{"rendered":"http:\/\/www.noticiasradioreflejos.com.ar\/noticias\/?p=22106"},"modified":"2018-06-03T11:42:12","modified_gmt":"2018-06-03T14:42:12","slug":"8va-fecha-del-torneo-apertura-de-damas-de-hockey-del-sudoeste","status":"publish","type":"post","link":"https:\/\/www.noticiasradioreflejos.com.ar\/2021\/8va-fecha-del-torneo-apertura-de-damas-de-hockey-del-sudoeste\/","title":{"rendered":"8va Fecha del Torneo Apertura de Damas de Hockey del Sudoeste."},"content":{"rendered":"<p>Club Atl\u00e9tico Ventana se impuso c\u00f3modamente\u00a0como visitante por 6 a 1 a Pe\u00f1arol. Resultados de los partidos disputados este s\u00e1bado 2 de junio por el\u00a0Torneo Apertura de Hockey femenino de la Federaci\u00f3n de Hockey del Sudoeste Bonaerense. Ventana se impuso c\u00f3modamente como visitante por 6 a 1 a Pe\u00f1arol.<!--more--><br \/>\n<strong><em>Primera Divisi\u00f3n<\/em><\/strong><\/p>\n<table width=\"516\">\n<tbody>\n<tr>\n<td width=\"188\"><strong>Sarmiento<\/strong><\/td>\n<td width=\"47\"><strong>3<\/strong><\/td>\n<td width=\"47\"><strong>vs<\/strong><\/td>\n<td width=\"47\"><strong>2<\/strong><\/td>\n<td width=\"188\"><strong>Hockey Carhu\u00e9<\/strong><\/td>\n<\/tr>\n<tr>\n<td colspan=\"2\" width=\"235\">Martina S\u00e1nchez<\/td>\n<td rowspan=\"3\" width=\"47\">Goles<\/td>\n<td colspan=\"2\" width=\"235\">Mar\u00eda Seijas<\/td>\n<\/tr>\n<tr>\n<td colspan=\"2\" width=\"235\">Manuela Asprea<\/td>\n<td colspan=\"2\" width=\"235\">Daiana Castro<\/td>\n<\/tr>\n<tr>\n<td colspan=\"2\" width=\"235\">Antonela Alazard<\/td>\n<td colspan=\"2\" width=\"235\"><\/td>\n<\/tr>\n<tr>\n<td colspan=\"2\" width=\"235\"><\/td>\n<td width=\"47\">TV<\/td>\n<td colspan=\"2\" width=\"235\">Joscelyn Wolf<\/td>\n<\/tr>\n<\/tbody>\n<\/table>\n<p><strong><em>\u00a0<\/em><\/strong><\/p>\n<table width=\"516\">\n<tbody>\n<tr>\n<td width=\"188\"><strong>Dep. Sarmiento<\/strong><\/td>\n<td width=\"47\"><strong>3<\/strong><\/td>\n<td width=\"47\"><strong>vs<\/strong><\/td>\n<td width=\"47\"><strong>1<\/strong><\/td>\n<td width=\"188\"><strong>Alumni<\/strong><\/td>\n<\/tr>\n<tr>\n<td colspan=\"2\" width=\"235\">Graciana Licck<\/td>\n<td rowspan=\"3\" width=\"47\">Goles<\/td>\n<td colspan=\"2\" width=\"235\">Julieta Artola<\/td>\n<\/tr>\n<tr>\n<td colspan=\"2\" width=\"235\">Magali Bacigalupo<\/td>\n<td colspan=\"2\" width=\"235\"><\/td>\n<\/tr>\n<tr>\n<td colspan=\"2\" width=\"235\">Victoria Encina Basso<\/td>\n<td colspan=\"2\" width=\"235\"><\/td>\n<\/tr>\n<tr>\n<td colspan=\"2\" width=\"235\"><\/td>\n<td width=\"47\">TV<\/td>\n<td colspan=\"2\" width=\"235\">Ariana Valencia<\/td>\n<\/tr>\n<\/tbody>\n<\/table>\n<p><strong><em>\u00a0<\/em><\/strong><\/p>\n<table width=\"516\">\n<tbody>\n<tr>\n<td width=\"188\"><strong>Club de Pelota<\/strong><\/td>\n<td width=\"47\"><strong>3<\/strong><\/td>\n<td width=\"47\"><strong>vs<\/strong><\/td>\n<td width=\"47\"><strong>3<\/strong><\/td>\n<td width=\"188\"><strong>CEF N\u00ba 83<\/strong><\/td>\n<\/tr>\n<tr>\n<td colspan=\"2\" width=\"235\">Teresa Bastard<\/td>\n<td rowspan=\"3\" width=\"47\">Goles<\/td>\n<td colspan=\"2\" width=\"235\">Aitana Ringelmann -2-<\/td>\n<\/tr>\n<tr>\n<td colspan=\"2\" width=\"235\">Florencia Covatti<\/td>\n<td colspan=\"2\" width=\"235\">Delfina Garc\u00eda<\/td>\n<\/tr>\n<tr>\n<td colspan=\"2\" width=\"235\">Clara Tobar<\/td>\n<td colspan=\"2\" width=\"235\"><\/td>\n<\/tr>\n<tr>\n<td colspan=\"2\" width=\"235\">Luc\u00eda P\u00e9rez, Clara Tobar<\/td>\n<td width=\"47\">TV<\/td>\n<td colspan=\"2\" width=\"235\">Mar\u00eda Luz Ichaso<\/td>\n<\/tr>\n<tr>\n<td colspan=\"2\" width=\"235\">Luc\u00eda P\u00e9rez, Clara Tobar<\/td>\n<td width=\"47\">TA<\/td>\n<td colspan=\"2\" width=\"235\"><\/td>\n<\/tr>\n<\/tbody>\n<\/table>\n<p><strong><em>\u00a0<\/em><\/strong><\/p>\n<table width=\"516\">\n<tbody>\n<tr>\n<td width=\"188\"><strong>Independiente<\/strong><\/td>\n<td width=\"47\"><strong>6<\/strong><\/td>\n<td width=\"47\"><strong>vs<\/strong><\/td>\n<td width=\"47\"><strong>1<\/strong><\/td>\n<td width=\"188\"><strong>San Mart\u00edn<\/strong><\/td>\n<\/tr>\n<tr>\n<td colspan=\"2\" width=\"235\">Caterina Roman -2-<\/td>\n<td rowspan=\"5\" width=\"47\">Goles<\/td>\n<td colspan=\"2\" width=\"235\">Daiana Poeig<\/td>\n<\/tr>\n<tr>\n<td colspan=\"2\" width=\"235\">Eugenia Rosales<\/td>\n<td colspan=\"2\" width=\"235\"><\/td>\n<\/tr>\n<tr>\n<td colspan=\"2\" width=\"235\">Martina Plaza<\/td>\n<td colspan=\"2\" width=\"235\"><\/td>\n<\/tr>\n<tr>\n<td colspan=\"2\" width=\"235\">Jazmin Jaime<\/td>\n<td colspan=\"2\" width=\"235\"><\/td>\n<\/tr>\n<tr>\n<td colspan=\"2\" width=\"235\">Micaela Ebertz<\/td>\n<td colspan=\"2\" width=\"235\"><\/td>\n<\/tr>\n<tr>\n<td colspan=\"2\" width=\"235\">Martina Plaza<\/td>\n<td width=\"47\">TV<\/td>\n<td colspan=\"2\" width=\"235\">Evelyn Arcidi\u00e1cono, Abigail Ferreira, Candela Hagg, Mar\u00eda Luz Reser<\/td>\n<\/tr>\n<\/tbody>\n<\/table>\n<p><strong><em>\u00a0<\/em><\/strong><br \/>\n<strong><em>Sexta Divisi\u00f3n<\/em><\/strong><\/p>\n<table width=\"516\">\n<tbody>\n<tr>\n<td width=\"188\"><strong>Club de Pelota<\/strong><\/td>\n<td width=\"47\"><strong>0<\/strong><\/td>\n<td width=\"47\"><strong>vs<\/strong><\/td>\n<td width=\"47\"><strong>3<\/strong><\/td>\n<td width=\"188\"><strong>CEF N\u00ba 83<\/strong><\/td>\n<\/tr>\n<tr>\n<td colspan=\"2\" width=\"235\"><\/td>\n<td rowspan=\"3\" width=\"47\">Goles<\/td>\n<td colspan=\"2\" width=\"235\">Mercedes Gonz\u00e1lez -2-<\/td>\n<\/tr>\n<tr>\n<td colspan=\"2\" width=\"235\"><\/td>\n<td colspan=\"2\" width=\"235\">Jimena Sevenants<\/td>\n<\/tr>\n<tr>\n<td colspan=\"2\" width=\"235\"><\/td>\n<td colspan=\"2\" width=\"235\"><\/td>\n<\/tr>\n<\/tbody>\n<\/table>\n<p><strong><em>\u00a0<\/em><\/strong><\/p>\n<table width=\"516\">\n<tbody>\n<tr>\n<td width=\"188\"><strong>Sarmiento<\/strong><\/td>\n<td width=\"47\"><strong>3<\/strong><\/td>\n<td width=\"47\"><strong>vs<\/strong><\/td>\n<td width=\"47\"><strong>0<\/strong><\/td>\n<td width=\"188\"><strong>Hockey Carhu\u00e9<\/strong><\/td>\n<\/tr>\n<tr>\n<td colspan=\"2\" width=\"235\">Martina S\u00e1nchez -3-<\/td>\n<td rowspan=\"3\" width=\"47\">Goles<\/td>\n<td colspan=\"2\" width=\"235\"><\/td>\n<\/tr>\n<tr>\n<td colspan=\"2\" width=\"235\"><\/td>\n<td colspan=\"2\" width=\"235\"><\/td>\n<\/tr>\n<tr>\n<td colspan=\"2\" width=\"235\"><\/td>\n<td colspan=\"2\" width=\"235\"><\/td>\n<\/tr>\n<tr>\n<td colspan=\"2\" width=\"235\">Lourdes Hipperdinger<\/td>\n<td width=\"47\">TV<\/td>\n<td colspan=\"2\" width=\"235\">Camila Iriarte, Nayla Penna<\/td>\n<\/tr>\n<\/tbody>\n<\/table>\n<p><strong><em>\u00a0<\/em><\/strong><\/p>\n<table width=\"516\">\n<tbody>\n<tr>\n<td width=\"188\"><strong>Independiente<\/strong><\/td>\n<td width=\"47\"><strong>1<\/strong><\/td>\n<td width=\"47\"><strong>vs<\/strong><\/td>\n<td width=\"47\"><strong>2<\/strong><\/td>\n<td width=\"188\"><strong>San Mart\u00edn<\/strong><\/td>\n<\/tr>\n<tr>\n<td colspan=\"2\" width=\"235\">Macarena Mas<\/td>\n<td rowspan=\"3\" width=\"47\">Goles<\/td>\n<td colspan=\"2\" width=\"235\">Luc\u00eda Literas -2-<\/td>\n<\/tr>\n<tr>\n<td colspan=\"2\" width=\"235\"><\/td>\n<td colspan=\"2\" width=\"235\"><\/td>\n<\/tr>\n<tr>\n<td colspan=\"2\" width=\"235\"><\/td>\n<td colspan=\"2\" width=\"235\"><\/td>\n<\/tr>\n<tr>\n<td colspan=\"2\" width=\"235\">Macarena Mas<\/td>\n<td width=\"47\">TV<\/td>\n<td colspan=\"2\" width=\"235\">Lucila Aguilera<\/td>\n<\/tr>\n<\/tbody>\n<\/table>\n<p><strong><em>\u00a0<\/em><\/strong><br \/>\n<strong><em>\u00a0<\/em><\/strong><\/p>\n<table width=\"516\">\n<tbody>\n<tr>\n<td width=\"188\"><strong>Pe\u00f1arol<\/strong><\/td>\n<td width=\"47\"><strong>1<\/strong><\/td>\n<td width=\"47\"><strong>vs<\/strong><\/td>\n<td width=\"47\"><strong>6<\/strong><\/td>\n<td width=\"188\"><strong>Atl. Ventana<\/strong><\/td>\n<\/tr>\n<tr>\n<td colspan=\"2\" width=\"235\">Abril Palma<\/td>\n<td rowspan=\"6\" width=\"47\">Goles<\/td>\n<td colspan=\"2\" width=\"235\">Luc\u00eda Stremmel<\/td>\n<\/tr>\n<tr>\n<td colspan=\"2\" width=\"235\"><\/td>\n<td colspan=\"2\" width=\"235\">Luc\u00eda Guastalli<\/td>\n<\/tr>\n<tr>\n<td colspan=\"2\" width=\"235\"><\/td>\n<td colspan=\"2\" width=\"235\">Clara Ostertag<\/td>\n<\/tr>\n<tr>\n<td colspan=\"2\" width=\"235\"><\/td>\n<td colspan=\"2\" width=\"235\">Analuz Streitenberger<\/td>\n<\/tr>\n<tr>\n<td colspan=\"2\" width=\"235\"><\/td>\n<td colspan=\"2\" width=\"235\">Maia Pi\u00f1ero<\/td>\n<\/tr>\n<tr>\n<td colspan=\"2\" width=\"235\"><\/td>\n<td colspan=\"2\" width=\"235\">Emilia Ladirat<\/td>\n<\/tr>\n<tr>\n<td colspan=\"2\" width=\"235\">Abril Palma<\/td>\n<td width=\"47\">TV<\/td>\n<td colspan=\"2\" width=\"235\"><\/td>\n<\/tr>\n<\/tbody>\n<\/table>\n<p><strong><em>\u00a0<\/em><\/strong><br \/>\n<strong><em>S\u00e9ptima Divisi\u00f3n<\/em><\/strong><\/p>\n<table width=\"516\">\n<tbody>\n<tr>\n<td width=\"188\"><strong>Sarmiento<\/strong><\/td>\n<td width=\"47\"><strong>8<\/strong><\/td>\n<td width=\"47\"><strong>vs<\/strong><\/td>\n<td width=\"47\"><strong>0<\/strong><\/td>\n<td width=\"188\"><strong>Hockey Carhu\u00e9<\/strong><\/td>\n<\/tr>\n<tr>\n<td colspan=\"2\" width=\"235\">Joaquina Llul -4-<\/td>\n<td rowspan=\"4\" width=\"47\">Goles<\/td>\n<td colspan=\"2\" width=\"235\"><\/td>\n<\/tr>\n<tr>\n<td colspan=\"2\" width=\"235\">Loudes Hipperdinger -2-<\/td>\n<td colspan=\"2\" width=\"235\"><\/td>\n<\/tr>\n<tr>\n<td colspan=\"2\" width=\"235\">Azul Arcos<\/td>\n<td colspan=\"2\" width=\"235\"><\/td>\n<\/tr>\n<tr>\n<td colspan=\"2\" width=\"235\">Constanza Llul<\/td>\n<td colspan=\"2\" width=\"235\"><\/td>\n<\/tr>\n<tr>\n<td colspan=\"2\" width=\"235\"><\/td>\n<td width=\"47\">TV<\/td>\n<td colspan=\"2\" width=\"235\">Guadalupe Nuesch<\/td>\n<\/tr>\n<tr>\n<td colspan=\"2\" width=\"235\"><\/td>\n<td width=\"47\">TA<\/td>\n<td colspan=\"2\" width=\"235\">Guadalupe Nuesch<\/td>\n<\/tr>\n<\/tbody>\n<\/table>\n<p><strong><em>\u00a0<\/em><\/strong><\/p>\n<table width=\"516\">\n<tbody>\n<tr>\n<td width=\"188\"><strong>Dep. Sarmiento<\/strong><\/td>\n<td width=\"47\"><strong>1<\/strong><\/td>\n<td width=\"47\"><strong>vs<\/strong><\/td>\n<td width=\"47\"><strong>1<\/strong><\/td>\n<td width=\"188\"><strong>Alumni<\/strong><\/td>\n<\/tr>\n<tr>\n<td colspan=\"2\" width=\"235\">Emilia Schwab<\/td>\n<td rowspan=\"3\" width=\"47\">Goles<\/td>\n<td colspan=\"2\" width=\"235\">Emilia<\/td>\n<\/tr>\n<tr>\n<td colspan=\"2\" width=\"235\"><\/td>\n<td colspan=\"2\" width=\"235\"><\/td>\n<\/tr>\n<tr>\n<td colspan=\"2\" width=\"235\"><\/td>\n<td colspan=\"2\" width=\"235\"><\/td>\n<\/tr>\n<\/tbody>\n<\/table>\n<p><strong><em>\u00a0<\/em><\/strong><br \/>\n<strong><u>TABLAS DE POSICIONES<\/u><\/strong><br \/>\n<a title=\"Sin t\u00edtulo\" href=\"http:\/\/farm2.staticflickr.com\/1741\/40728623680_f3b359d9d0.jpg\" rel=\"\"><img loading=\"lazy\" decoding=\"async\" class=\"alignleft\" style=\"float: left;\" title=\"Sin t\u00edtulo\" src=\"http:\/\/farm2.staticflickr.com\/1741\/40728623680_f3b359d9d0.jpg\" alt=\"Sin t\u00edtulo\" width=\"500\" height=\"489\" \/><\/a><br \/>\n&nbsp;<br \/>\n&nbsp;<br \/>\n&nbsp;<br \/>\n&nbsp;<br \/>\n&nbsp;<br \/>\n&nbsp;<br \/>\n&nbsp;<br \/>\n&nbsp;<br \/>\n&nbsp;<br \/>\n&nbsp;<br \/>\n&nbsp;<br \/>\n&nbsp;<br \/>\n&nbsp;<br \/>\n<a title=\"7ma\" href=\"http:\/\/farm2.staticflickr.com\/1730\/41634731515_dca9b6db85.jpg\" rel=\"\"><img loading=\"lazy\" decoding=\"async\" class=\"aligncenter\" title=\"7ma\" src=\"http:\/\/farm2.staticflickr.com\/1730\/41634731515_dca9b6db85.jpg\" alt=\"7ma\" width=\"500\" height=\"231\" \/><\/a><br \/>\n<strong><u>GOLEADORAS<\/u><\/strong><br \/>\n<strong>Primera<\/strong><\/p>\n<table width=\"329\">\n<tbody>\n<tr>\n<td width=\"160\"><strong>JUGADORA<\/strong><\/td>\n<td width=\"127\"><strong>EQUIPO<\/strong><\/td>\n<td width=\"43\"><strong>GOLES<\/strong><\/td>\n<\/tr>\n<tr>\n<td width=\"160\"><strong>Aitana Ringelmann<\/strong><\/td>\n<td width=\"127\">CEF N\u00ba 83<\/td>\n<td width=\"43\">20<\/td>\n<\/tr>\n<tr>\n<td width=\"160\"><strong>Martina S\u00e1nchez <\/strong><\/td>\n<td width=\"127\">Sarmiento P<\/td>\n<td width=\"43\">12<\/td>\n<\/tr>\n<tr>\n<td width=\"160\"><strong>Yuliana Vallejos<\/strong><\/td>\n<td width=\"127\">CEF N\u00ba 83<\/td>\n<td width=\"43\">8<\/td>\n<\/tr>\n<tr>\n<td width=\"160\"><strong>Faustina Pomies<\/strong><\/td>\n<td width=\"127\">CEF N\u00ba 83<\/td>\n<td width=\"43\">8<\/td>\n<\/tr>\n<tr>\n<td width=\"160\"><strong>Manuela Asprea<\/strong><\/td>\n<td width=\"127\">Sarmiento P<\/td>\n<td width=\"43\">7<\/td>\n<\/tr>\n<tr>\n<td width=\"160\"><strong>Luc\u00eda P\u00e9rez<\/strong><\/td>\n<td width=\"127\">Club de Pelota<\/td>\n<td width=\"43\">6<\/td>\n<\/tr>\n<tr>\n<td width=\"160\"><strong>Eugenia Rosales<\/strong><\/td>\n<td width=\"127\">Independiente<\/td>\n<td width=\"43\">6<\/td>\n<\/tr>\n<\/tbody>\n<\/table>\n<p><strong><u>\u00a0<\/u><\/strong><br \/>\n<strong>Sexta<\/strong><\/p>\n<table width=\"329\">\n<tbody>\n<tr>\n<td width=\"160\"><strong>JUGADORA<\/strong><\/td>\n<td width=\"127\"><strong>EQUIPO<\/strong><\/td>\n<td width=\"43\"><strong>GOLES<\/strong><\/td>\n<\/tr>\n<tr>\n<td width=\"160\"><strong>Martina S\u00e1nchez<\/strong><\/td>\n<td width=\"127\">Sarmiento P<\/td>\n<td width=\"43\">17<\/td>\n<\/tr>\n<tr>\n<td width=\"160\"><strong>Joaquina Llul<\/strong><\/td>\n<td width=\"127\">Sarmiento P<\/td>\n<td width=\"43\">10<\/td>\n<\/tr>\n<tr>\n<td width=\"160\"><strong>Angelina Mochi<\/strong><\/td>\n<td width=\"127\">CEF N\u00ba 83<\/td>\n<td width=\"43\">9<\/td>\n<\/tr>\n<tr>\n<td width=\"160\"><strong>Joscelyn Wolf<\/strong><\/td>\n<td width=\"127\">Hockey Carhu\u00e9<\/td>\n<td width=\"43\">7<\/td>\n<\/tr>\n<tr>\n<td width=\"160\"><strong>Catalina Grenada<\/strong><\/td>\n<td width=\"127\">CEF N\u00ba 83<\/td>\n<td width=\"43\">7<\/td>\n<\/tr>\n<tr>\n<td width=\"160\"><strong>Coral Astaburuaga<\/strong><\/td>\n<td width=\"127\">Club de Pelota<\/td>\n<td width=\"43\">5<\/td>\n<\/tr>\n<tr>\n<td width=\"160\"><strong>Camila Iriarte<\/strong><\/td>\n<td width=\"127\">Hockey Carhu\u00e9<\/td>\n<td width=\"43\">5<\/td>\n<\/tr>\n<tr>\n<td width=\"160\"><strong>Jimena Sevenants<\/strong><\/td>\n<td width=\"127\">CEF N\u00ba 83<\/td>\n<td width=\"43\">5<\/td>\n<\/tr>\n<\/tbody>\n<\/table>\n<p><strong>\u00a0<\/strong><br \/>\n<strong>\u00a0<\/strong><br \/>\n<strong>S\u00e9ptima<\/strong><\/p>\n<table width=\"329\">\n<tbody>\n<tr>\n<td width=\"160\"><strong>JUGADORA<\/strong><\/td>\n<td width=\"127\"><strong>EQUIPO<\/strong><\/td>\n<td width=\"43\"><strong>GOLES<\/strong><\/td>\n<\/tr>\n<tr>\n<td width=\"160\"><strong>Joaquina Llul<\/strong><\/td>\n<td width=\"127\">Sarmiento P<\/td>\n<td width=\"43\">15<\/td>\n<\/tr>\n<tr>\n<td width=\"160\"><strong>Analuz Streitenberger<\/strong><\/td>\n<td width=\"127\">Atl. Ventana<\/td>\n<td width=\"43\">13<\/td>\n<\/tr>\n<tr>\n<td width=\"160\"><strong>Mercedes Gonz\u00e1lez<\/strong><\/td>\n<td width=\"127\">CEF N\u00ba 83<\/td>\n<td width=\"43\">7<\/td>\n<\/tr>\n<tr>\n<td width=\"160\"><strong>M\u00e1xima Ocampos<\/strong><\/td>\n<td width=\"127\">Atl. Ventana<\/td>\n<td width=\"43\">5<\/td>\n<\/tr>\n<tr>\n<td width=\"160\"><strong>Felicitas Ramos<\/strong><\/td>\n<td width=\"127\">CEF N\u00ba 83<\/td>\n<td width=\"43\">4<\/td>\n<\/tr>\n<tr>\n<td width=\"160\"><strong>Ayelen Noel<\/strong><\/td>\n<td width=\"127\">CEF N\u00ba 83<\/td>\n<td width=\"43\">4<\/td>\n<\/tr>\n<tr>\n<td width=\"160\"><strong>Lola Marino<\/strong><\/td>\n<td width=\"127\">CEF N\u00ba 83<\/td>\n<td width=\"43\">4<\/td>\n<\/tr>\n<tr>\n<td width=\"160\"><strong>Mailen Marti<\/strong><\/td>\n<td width=\"127\">Sarmiento P<\/td>\n<td width=\"43\">4<\/td>\n<\/tr>\n<tr>\n<td width=\"160\"><strong>Lourdes Hipperdinger<\/strong><\/td>\n<td width=\"127\">Sarmiento P<\/td>\n<td width=\"43\">4<\/td>\n<\/tr>\n<\/tbody>\n<\/table>\n<p><strong>\u00a0<\/strong><br \/>\n<strong><u>\u00a0<\/u><\/strong><br \/>\n<strong><u>PR\u00d3XIMA FECHA (9na y \u00faltima de la etapa regular) 9 de junio<\/u><\/strong><br \/>\n<strong>PRIMERA<\/strong><\/p>\n<table width=\"423\">\n<tbody>\n<tr>\n<td width=\"188\"><strong>San Mart\u00edn<\/strong><\/td>\n<td width=\"47\"><strong>vs<\/strong><\/td>\n<td width=\"188\"><strong>Club de Pelota<\/strong><\/td>\n<\/tr>\n<tr>\n<td width=\"188\"><strong>CEF N\u00ba 83<\/strong><\/td>\n<td width=\"47\"><strong>vs<\/strong><\/td>\n<td width=\"188\"><strong>Dep. Sarmiento<\/strong><\/td>\n<\/tr>\n<tr>\n<td width=\"188\"><strong>Alumni<\/strong><\/td>\n<td width=\"47\"><strong>vs<\/strong><\/td>\n<td width=\"188\"><strong>Hockey Carhu\u00e9<\/strong><\/td>\n<\/tr>\n<tr>\n<td width=\"188\"><strong>Sarmiento<\/strong><\/td>\n<td width=\"47\"><strong>vs<\/strong><\/td>\n<td width=\"188\"><strong>Atl. Ventana<\/strong><\/td>\n<\/tr>\n<\/tbody>\n<\/table>\n<p><strong>\u00a0<\/strong><br \/>\n<strong>\u00a0<\/strong><br \/>\n<strong>SEXTA<\/strong><\/p>\n<table width=\"423\">\n<tbody>\n<tr>\n<td width=\"188\"><strong>San Mart\u00edn<\/strong><\/td>\n<td width=\"47\"><strong>vs<\/strong><\/td>\n<td width=\"188\"><strong>Club de Pelota<\/strong><\/td>\n<\/tr>\n<tr>\n<td width=\"188\"><strong>Sarmiento<\/strong><\/td>\n<td width=\"47\"><strong>vs<\/strong><\/td>\n<td width=\"188\"><strong>Atl. Ventana<\/strong><\/td>\n<\/tr>\n<tr>\n<td width=\"188\"><strong>Independiente<\/strong><\/td>\n<td width=\"47\"><strong>vs<\/strong><\/td>\n<td width=\"188\"><strong>Pe\u00f1arol<\/strong><\/td>\n<\/tr>\n<\/tbody>\n<\/table>\n<p><strong>\u00a0<\/strong><br \/>\n<strong><u>\u00a0<\/u><\/strong><br \/>\n<strong>S\u00c9PTIMA<\/strong><\/p>\n<table width=\"423\">\n<tbody>\n<tr>\n<td width=\"188\"><strong>CEF N\u00ba 83<\/strong><\/td>\n<td width=\"47\"><strong>vs<\/strong><\/td>\n<td width=\"188\"><strong>Dep. Sarmiento<\/strong><\/td>\n<\/tr>\n<tr>\n<td width=\"188\"><strong>Alumni<\/strong><\/td>\n<td width=\"47\"><strong>vs<\/strong><\/td>\n<td width=\"188\"><strong>Hockey Carhu\u00e9<\/strong><\/td>\n<\/tr>\n<tr>\n<td width=\"188\"><strong>Sarmiento<\/strong><\/td>\n<td width=\"47\"><strong>vs<\/strong><\/td>\n<td width=\"188\"><strong>Atl. Ventana<\/strong><\/td>\n<\/tr>\n<\/tbody>\n<\/table>\n<p><strong>\u00a0<\/strong><br \/>\n<strong>\u00a0<\/strong><br \/>\n<strong>\u00a0<\/strong><br \/>\n<strong>\u00a0<\/strong><br \/>\n<strong>\u00a0<\/strong><br \/>\n<strong>\u00a0<\/strong><\/p>\n","protected":false},"excerpt":{"rendered":"<p>Club Atl\u00e9tico Ventana se impuso c\u00f3modamente\u00a0como visitante por 6 a 1 a Pe\u00f1arol. Resultados de los partidos disputados este s\u00e1bado 2 de junio por el\u00a0Torneo Apertura de Hockey femenino de la Federaci\u00f3n de Hockey del Sudoeste Bonaerense. Ventana se impuso c\u00f3modamente como visitante por 6 a 1 a Pe\u00f1arol.<\/p>\n","protected":false},"author":3,"featured_media":0,"comment_status":"closed","ping_status":"open","sticky":false,"template":"","format":"standard","meta":{"footnotes":""},"categories":[27],"tags":[],"class_list":["post-22106","post","type-post","status-publish","format-standard","hentry","category-deportes"],"yoast_head":"<!-- This site is optimized with the Yoast SEO plugin v25.9 - https:\/\/yoast.com\/wordpress\/plugins\/seo\/ -->\n<title>8va Fecha del Torneo Apertura de Damas de Hockey del Sudoeste. - Noticias Radio Reflejos<\/title>\n<meta name=\"robots\" content=\"index, follow, max-snippet:-1, max-image-preview:large, max-video-preview:-1\" \/>\n<link rel=\"canonical\" href=\"https:\/\/www.noticiasradioreflejos.com.ar\/2021\/8va-fecha-del-torneo-apertura-de-damas-de-hockey-del-sudoeste\/\" \/>\n<meta property=\"og:locale\" content=\"es_ES\" \/>\n<meta property=\"og:type\" content=\"article\" \/>\n<meta property=\"og:title\" content=\"8va Fecha del Torneo Apertura de Damas de Hockey del Sudoeste. - Noticias Radio Reflejos\" \/>\n<meta property=\"og:description\" content=\"Club Atl\u00e9tico Ventana se impuso c\u00f3modamente\u00a0como visitante por 6 a 1 a Pe\u00f1arol. Resultados de los partidos disputados este s\u00e1bado 2 de junio por el\u00a0Torneo Apertura de Hockey femenino de la Federaci\u00f3n de Hockey del Sudoeste Bonaerense. Ventana se impuso c\u00f3modamente como visitante por 6 a 1 a Pe\u00f1arol.\" \/>\n<meta property=\"og:url\" content=\"https:\/\/www.noticiasradioreflejos.com.ar\/2021\/8va-fecha-del-torneo-apertura-de-damas-de-hockey-del-sudoeste\/\" \/>\n<meta property=\"og:site_name\" content=\"Noticias Radio Reflejos\" \/>\n<meta property=\"article:published_time\" content=\"2018-06-03T14:42:12+00:00\" \/>\n<meta property=\"og:image\" content=\"http:\/\/farm2.staticflickr.com\/1741\/40728623680_f3b359d9d0.jpg\" \/>\n<meta name=\"author\" content=\"Arnaldo Botto\" \/>\n<meta name=\"twitter:card\" content=\"summary_large_image\" \/>\n<script type=\"application\/ld+json\" class=\"yoast-schema-graph\">{\"@context\":\"https:\/\/schema.org\",\"@graph\":[{\"@type\":\"WebPage\",\"@id\":\"https:\/\/www.noticiasradioreflejos.com.ar\/2021\/8va-fecha-del-torneo-apertura-de-damas-de-hockey-del-sudoeste\/\",\"url\":\"https:\/\/www.noticiasradioreflejos.com.ar\/2021\/8va-fecha-del-torneo-apertura-de-damas-de-hockey-del-sudoeste\/\",\"name\":\"8va Fecha del Torneo Apertura de Damas de Hockey del Sudoeste. - Noticias Radio Reflejos\",\"isPartOf\":{\"@id\":\"https:\/\/www.noticiasradioreflejos.com.ar\/2021\/#website\"},\"primaryImageOfPage\":{\"@id\":\"https:\/\/www.noticiasradioreflejos.com.ar\/2021\/8va-fecha-del-torneo-apertura-de-damas-de-hockey-del-sudoeste\/#primaryimage\"},\"image\":{\"@id\":\"https:\/\/www.noticiasradioreflejos.com.ar\/2021\/8va-fecha-del-torneo-apertura-de-damas-de-hockey-del-sudoeste\/#primaryimage\"},\"thumbnailUrl\":\"http:\/\/farm2.staticflickr.com\/1741\/40728623680_f3b359d9d0.jpg\",\"datePublished\":\"2018-06-03T14:42:12+00:00\",\"author\":{\"@id\":\"https:\/\/www.noticiasradioreflejos.com.ar\/2021\/#\/schema\/person\/ad82545263dcc5ec0996818884fd5fb1\"},\"breadcrumb\":{\"@id\":\"https:\/\/www.noticiasradioreflejos.com.ar\/2021\/8va-fecha-del-torneo-apertura-de-damas-de-hockey-del-sudoeste\/#breadcrumb\"},\"inLanguage\":\"es\",\"potentialAction\":[{\"@type\":\"ReadAction\",\"target\":[\"https:\/\/www.noticiasradioreflejos.com.ar\/2021\/8va-fecha-del-torneo-apertura-de-damas-de-hockey-del-sudoeste\/\"]}]},{\"@type\":\"ImageObject\",\"inLanguage\":\"es\",\"@id\":\"https:\/\/www.noticiasradioreflejos.com.ar\/2021\/8va-fecha-del-torneo-apertura-de-damas-de-hockey-del-sudoeste\/#primaryimage\",\"url\":\"http:\/\/farm2.staticflickr.com\/1741\/40728623680_f3b359d9d0.jpg\",\"contentUrl\":\"http:\/\/farm2.staticflickr.com\/1741\/40728623680_f3b359d9d0.jpg\"},{\"@type\":\"BreadcrumbList\",\"@id\":\"https:\/\/www.noticiasradioreflejos.com.ar\/2021\/8va-fecha-del-torneo-apertura-de-damas-de-hockey-del-sudoeste\/#breadcrumb\",\"itemListElement\":[{\"@type\":\"ListItem\",\"position\":1,\"name\":\"Portada\",\"item\":\"https:\/\/www.noticiasradioreflejos.com.ar\/2021\/\"},{\"@type\":\"ListItem\",\"position\":2,\"name\":\"8va Fecha del Torneo Apertura de Damas de Hockey del Sudoeste.\"}]},{\"@type\":\"WebSite\",\"@id\":\"https:\/\/www.noticiasradioreflejos.com.ar\/2021\/#website\",\"url\":\"https:\/\/www.noticiasradioreflejos.com.ar\/2021\/\",\"name\":\"Noticias Radio Reflejos\",\"description\":\"Las noticias de mi comarca\",\"potentialAction\":[{\"@type\":\"SearchAction\",\"target\":{\"@type\":\"EntryPoint\",\"urlTemplate\":\"https:\/\/www.noticiasradioreflejos.com.ar\/2021\/?s={search_term_string}\"},\"query-input\":{\"@type\":\"PropertyValueSpecification\",\"valueRequired\":true,\"valueName\":\"search_term_string\"}}],\"inLanguage\":\"es\"},{\"@type\":\"Person\",\"@id\":\"https:\/\/www.noticiasradioreflejos.com.ar\/2021\/#\/schema\/person\/ad82545263dcc5ec0996818884fd5fb1\",\"name\":\"Arnaldo Botto\",\"image\":{\"@type\":\"ImageObject\",\"inLanguage\":\"es\",\"@id\":\"https:\/\/www.noticiasradioreflejos.com.ar\/2021\/#\/schema\/person\/image\/\",\"url\":\"https:\/\/secure.gravatar.com\/avatar\/55cb5e37c1efa326397366e6974cb338056df65cb50e7d64d1cf314e87504837?s=96&d=mm&r=g\",\"contentUrl\":\"https:\/\/secure.gravatar.com\/avatar\/55cb5e37c1efa326397366e6974cb338056df65cb50e7d64d1cf314e87504837?s=96&d=mm&r=g\",\"caption\":\"Arnaldo Botto\"},\"url\":\"https:\/\/www.noticiasradioreflejos.com.ar\/2021\/author\/arnaldo\/\"}]}<\/script>\n<!-- \/ Yoast SEO plugin. -->","yoast_head_json":{"title":"8va Fecha del Torneo Apertura de Damas de Hockey del Sudoeste. - Noticias Radio Reflejos","robots":{"index":"index","follow":"follow","max-snippet":"max-snippet:-1","max-image-preview":"max-image-preview:large","max-video-preview":"max-video-preview:-1"},"canonical":"https:\/\/www.noticiasradioreflejos.com.ar\/2021\/8va-fecha-del-torneo-apertura-de-damas-de-hockey-del-sudoeste\/","og_locale":"es_ES","og_type":"article","og_title":"8va Fecha del Torneo Apertura de Damas de Hockey del Sudoeste. - Noticias Radio Reflejos","og_description":"Club Atl\u00e9tico Ventana se impuso c\u00f3modamente\u00a0como visitante por 6 a 1 a Pe\u00f1arol. Resultados de los partidos disputados este s\u00e1bado 2 de junio por el\u00a0Torneo Apertura de Hockey femenino de la Federaci\u00f3n de Hockey del Sudoeste Bonaerense. Ventana se impuso c\u00f3modamente como visitante por 6 a 1 a Pe\u00f1arol.","og_url":"https:\/\/www.noticiasradioreflejos.com.ar\/2021\/8va-fecha-del-torneo-apertura-de-damas-de-hockey-del-sudoeste\/","og_site_name":"Noticias Radio Reflejos","article_published_time":"2018-06-03T14:42:12+00:00","og_image":[{"url":"http:\/\/farm2.staticflickr.com\/1741\/40728623680_f3b359d9d0.jpg","type":"","width":"","height":""}],"author":"Arnaldo Botto","twitter_card":"summary_large_image","schema":{"@context":"https:\/\/schema.org","@graph":[{"@type":"WebPage","@id":"https:\/\/www.noticiasradioreflejos.com.ar\/2021\/8va-fecha-del-torneo-apertura-de-damas-de-hockey-del-sudoeste\/","url":"https:\/\/www.noticiasradioreflejos.com.ar\/2021\/8va-fecha-del-torneo-apertura-de-damas-de-hockey-del-sudoeste\/","name":"8va Fecha del Torneo Apertura de Damas de Hockey del Sudoeste. - Noticias Radio Reflejos","isPartOf":{"@id":"https:\/\/www.noticiasradioreflejos.com.ar\/2021\/#website"},"primaryImageOfPage":{"@id":"https:\/\/www.noticiasradioreflejos.com.ar\/2021\/8va-fecha-del-torneo-apertura-de-damas-de-hockey-del-sudoeste\/#primaryimage"},"image":{"@id":"https:\/\/www.noticiasradioreflejos.com.ar\/2021\/8va-fecha-del-torneo-apertura-de-damas-de-hockey-del-sudoeste\/#primaryimage"},"thumbnailUrl":"http:\/\/farm2.staticflickr.com\/1741\/40728623680_f3b359d9d0.jpg","datePublished":"2018-06-03T14:42:12+00:00","author":{"@id":"https:\/\/www.noticiasradioreflejos.com.ar\/2021\/#\/schema\/person\/ad82545263dcc5ec0996818884fd5fb1"},"breadcrumb":{"@id":"https:\/\/www.noticiasradioreflejos.com.ar\/2021\/8va-fecha-del-torneo-apertura-de-damas-de-hockey-del-sudoeste\/#breadcrumb"},"inLanguage":"es","potentialAction":[{"@type":"ReadAction","target":["https:\/\/www.noticiasradioreflejos.com.ar\/2021\/8va-fecha-del-torneo-apertura-de-damas-de-hockey-del-sudoeste\/"]}]},{"@type":"ImageObject","inLanguage":"es","@id":"https:\/\/www.noticiasradioreflejos.com.ar\/2021\/8va-fecha-del-torneo-apertura-de-damas-de-hockey-del-sudoeste\/#primaryimage","url":"http:\/\/farm2.staticflickr.com\/1741\/40728623680_f3b359d9d0.jpg","contentUrl":"http:\/\/farm2.staticflickr.com\/1741\/40728623680_f3b359d9d0.jpg"},{"@type":"BreadcrumbList","@id":"https:\/\/www.noticiasradioreflejos.com.ar\/2021\/8va-fecha-del-torneo-apertura-de-damas-de-hockey-del-sudoeste\/#breadcrumb","itemListElement":[{"@type":"ListItem","position":1,"name":"Portada","item":"https:\/\/www.noticiasradioreflejos.com.ar\/2021\/"},{"@type":"ListItem","position":2,"name":"8va Fecha del Torneo Apertura de Damas de Hockey del Sudoeste."}]},{"@type":"WebSite","@id":"https:\/\/www.noticiasradioreflejos.com.ar\/2021\/#website","url":"https:\/\/www.noticiasradioreflejos.com.ar\/2021\/","name":"Noticias Radio Reflejos","description":"Las noticias de mi comarca","potentialAction":[{"@type":"SearchAction","target":{"@type":"EntryPoint","urlTemplate":"https:\/\/www.noticiasradioreflejos.com.ar\/2021\/?s={search_term_string}"},"query-input":{"@type":"PropertyValueSpecification","valueRequired":true,"valueName":"search_term_string"}}],"inLanguage":"es"},{"@type":"Person","@id":"https:\/\/www.noticiasradioreflejos.com.ar\/2021\/#\/schema\/person\/ad82545263dcc5ec0996818884fd5fb1","name":"Arnaldo Botto","image":{"@type":"ImageObject","inLanguage":"es","@id":"https:\/\/www.noticiasradioreflejos.com.ar\/2021\/#\/schema\/person\/image\/","url":"https:\/\/secure.gravatar.com\/avatar\/55cb5e37c1efa326397366e6974cb338056df65cb50e7d64d1cf314e87504837?s=96&d=mm&r=g","contentUrl":"https:\/\/secure.gravatar.com\/avatar\/55cb5e37c1efa326397366e6974cb338056df65cb50e7d64d1cf314e87504837?s=96&d=mm&r=g","caption":"Arnaldo Botto"},"url":"https:\/\/www.noticiasradioreflejos.com.ar\/2021\/author\/arnaldo\/"}]}},"_links":{"self":[{"href":"https:\/\/www.noticiasradioreflejos.com.ar\/2021\/wp-json\/wp\/v2\/posts\/22106","targetHints":{"allow":["GET"]}}],"collection":[{"href":"https:\/\/www.noticiasradioreflejos.com.ar\/2021\/wp-json\/wp\/v2\/posts"}],"about":[{"href":"https:\/\/www.noticiasradioreflejos.com.ar\/2021\/wp-json\/wp\/v2\/types\/post"}],"author":[{"embeddable":true,"href":"https:\/\/www.noticiasradioreflejos.com.ar\/2021\/wp-json\/wp\/v2\/users\/3"}],"replies":[{"embeddable":true,"href":"https:\/\/www.noticiasradioreflejos.com.ar\/2021\/wp-json\/wp\/v2\/comments?post=22106"}],"version-history":[{"count":0,"href":"https:\/\/www.noticiasradioreflejos.com.ar\/2021\/wp-json\/wp\/v2\/posts\/22106\/revisions"}],"wp:attachment":[{"href":"https:\/\/www.noticiasradioreflejos.com.ar\/2021\/wp-json\/wp\/v2\/media?parent=22106"}],"wp:term":[{"taxonomy":"category","embeddable":true,"href":"https:\/\/www.noticiasradioreflejos.com.ar\/2021\/wp-json\/wp\/v2\/categories?post=22106"},{"taxonomy":"post_tag","embeddable":true,"href":"https:\/\/www.noticiasradioreflejos.com.ar\/2021\/wp-json\/wp\/v2\/tags?post=22106"}],"curies":[{"name":"wp","href":"https:\/\/api.w.org\/{rel}","templated":true}]}}