{"id":22084,"date":"2018-06-01T22:13:27","date_gmt":"2018-06-02T01:13:27","guid":{"rendered":"http:\/\/www.noticiasradioreflejos.com.ar\/noticias\/?p=22084"},"modified":"2018-06-01T22:13:27","modified_gmt":"2018-06-02T01:13:27","slug":"el-municipio-presento-el-nuevo-servicio-de-mantenimiento-del-alumbrado-publico","status":"publish","type":"post","link":"https:\/\/www.noticiasradioreflejos.com.ar\/2021\/el-municipio-presento-el-nuevo-servicio-de-mantenimiento-del-alumbrado-publico\/","title":{"rendered":"El municipio present\u00f3 el nuevo servicio de mantenimiento del alumbrado p\u00fablico"},"content":{"rendered":"<p>Este viernes por la tarde, la Municipalidad de Tornquist present\u00f3 el nuevo servicio de mantenimiento del alumbrado p\u00fablico, del que se har\u00e1 cargo tras la cesi\u00f3n del convenio respectivo con la Cooperativa El\u00e9ctrica de Tornquist.<!--more--><br \/>\nEn ese marco, se expuso en el palacio municipal el hidroelevador adquirido por la comuna ($515.000) que se utilizar\u00e1 para llevar adelante las tareas.<br \/>\n\u201cEl municipio se har\u00e1 cargo de la reposici\u00f3n de l\u00e1mparas y de la poda de aboles en toda la ciudad y preferentemente cuando la CELT lo solicite\u201d, explic\u00f3 el Secretario de Gobierno, Ezequiel Gabella, y agreg\u00f3 que \u201cel \u00e1rea de operaci\u00f3n ser\u00e1 Tornquist, Villa Ventana y Villa Serrana La Gruta\u201d.<br \/>\nEl funcionario indic\u00f3 que \u201chay cuatro empleados municipales capacitados para operar la gr\u00faa, lo que no significa que los cuatro van a estar trabajando al mismo tiempo, sino que tenemos que tener m\u00e1s de dos, que son los m\u00ednimos necesarios\u201d.<br \/>\n\u201cLa persona elegida para ser el director operativo es Julio Villalba, que sabemos va a estar a la altura de la circunstancia porque tiene una vasta experiencia en el mantenimiento el\u00e9ctrico\u201d, anunci\u00f3 Gabella.<br \/>\n\u201cYa desde hace tiempo estaba en carpeta la incorporaci\u00f3n de Villalba, era intenci\u00f3n del intendente Sergio Bordoni tomar esa pieza valiosa y, cuando surgi\u00f3 lo del alumbrado, se dio el marco ideal para que sea \u00e9l la persona que lleve adelante este trabajo\u201d, agreg\u00f3.<br \/>\nAsimismo, confirm\u00f3 que Santiago Magnani, de manera externa, asesorar\u00e1 a los operarios respecto a las condiciones de seguridad de utilizaci\u00f3n de la nueva maquinaria.<br \/>\n\u201cQue la comuna se haga cargo del mantenimiento del alumbrado siempre se debi\u00f3 a cuestiones econ\u00f3micas, nos parec\u00eda justo hacerlo desde la municipalidad porque iba a significar un ahorro considerable, aun as\u00ed incorporando a una persona\u201d, aclar\u00f3.<br \/>\nRespecto a la prestaci\u00f3n del servicio, Gabella reiter\u00f3 que \u201csolo ser\u00e1 la reposici\u00f3n de l\u00e1mparas, cualquier otro desperfecto el\u00e9ctrico no es responsabilidad del municipio, sino de la Cooperativa El\u00e9ctrica\u201d.<br \/>\n\u201cLos reclamos de l\u00e1mparas quemadas o cualquier otro desperfecto que el vecino note sobre el tendido del alumbrado, se deben efectuar a Atenci\u00f3n Ciudadana las 24 hs, a cualquiera de las siguientes v\u00edas:<br \/>\n-Tel\u00e9fono fijo: 4941075 Interno: 333<br \/>\n-Celular: (291) 413.7411.<br \/>\n-P\u00e1gina Web: tornquist.gob.ar\/gestion-ciudadano<br \/>\n-App: Tornquist Reclamos<br \/>\n-E-mail: cotseguridad@gmail.com<br \/>\n\u201cEl servicio va a ser igual al que brindaba la CELT, no solo en calidad sino en tiempo, ya que se va a brindar las 24 h los 365 d\u00edas del a\u00f1o\u201d, afirm\u00f3 al respecto, aclarando que el cambio de<br \/>\nluminarias se realizar\u00e1 preferente de d\u00eda durante la jornada h\u00e1bil siguiente al reclamo, al tiempo que s\u00ed accionar\u00e1 la guardia cuando se trate de una emergencia.<br \/>\n<iframe loading=\"lazy\" width=\"100%\" height=\"166\" scrolling=\"no\" frameborder=\"no\" allow=\"autoplay\" src=\"https:\/\/w.soundcloud.com\/player\/?url=https%3A\/\/api.soundcloud.com\/tracks\/452530878&#038;color=%23ff5500&#038;auto_play=false&#038;hide_related=false&#038;show_comments=true&#038;show_user=true&#038;show_reposts=false&#038;show_teaser=true\"><\/iframe><br \/>\n<a href=\"http:\/\/farm2.staticflickr.com\/1757\/42453241062_ded5472b6f_z.jpg\" title=\"municipio5\" rel=\"\"><img loading=\"lazy\" decoding=\"async\" src=\"http:\/\/farm2.staticflickr.com\/1757\/42453241062_ded5472b6f_z.jpg\" width=\"640\" height=\"427\" alt=\"municipio5\" title=\"municipio5\" class=\"aligncenter\"><\/a><br \/>\n<a href=\"http:\/\/farm2.staticflickr.com\/1746\/42453241932_b2984171ee_z.jpg\" title=\"municipio4\" rel=\"\"><img loading=\"lazy\" decoding=\"async\" src=\"http:\/\/farm2.staticflickr.com\/1746\/42453241932_b2984171ee_z.jpg\" width=\"640\" height=\"427\" alt=\"municipio4\" title=\"municipio4\" class=\"aligncenter\"><\/a><br \/>\n<a href=\"http:\/\/farm1.staticflickr.com\/877\/42504781981_9e99df63f2_z.jpg\" title=\"municipio3\" rel=\"\"><img loading=\"lazy\" decoding=\"async\" src=\"http:\/\/farm1.staticflickr.com\/877\/42504781981_9e99df63f2_z.jpg\" width=\"640\" height=\"427\" alt=\"municipio3\" title=\"municipio3\" class=\"aligncenter\"><\/a><br \/>\n<a href=\"http:\/\/farm1.staticflickr.com\/877\/42453242792_5e92af5b98_z.jpg\" title=\"municipio2\" rel=\"\"><img loading=\"lazy\" decoding=\"async\" src=\"http:\/\/farm1.staticflickr.com\/877\/42453242792_5e92af5b98_z.jpg\" width=\"640\" height=\"427\" alt=\"municipio2\" title=\"municipio2\" class=\"aligncenter\"><\/a><\/p>\n","protected":false},"excerpt":{"rendered":"<p>Este viernes por la tarde, la Municipalidad de Tornquist present\u00f3 el nuevo servicio de mantenimiento del alumbrado p\u00fablico, del que se har\u00e1 cargo tras la cesi\u00f3n del convenio respectivo con la Cooperativa El\u00e9ctrica de Tornquist.<\/p>\n","protected":false},"author":3,"featured_media":0,"comment_status":"closed","ping_status":"open","sticky":false,"template":"","format":"standard","meta":{"footnotes":""},"categories":[26],"tags":[],"class_list":["post-22084","post","type-post","status-publish","format-standard","hentry","category-sociedad"],"yoast_head":"<!-- This site is optimized with the Yoast SEO plugin v25.9 - https:\/\/yoast.com\/wordpress\/plugins\/seo\/ -->\n<title>El municipio present\u00f3 el nuevo servicio de mantenimiento del alumbrado p\u00fablico - Noticias Radio Reflejos<\/title>\n<meta name=\"robots\" content=\"index, follow, max-snippet:-1, max-image-preview:large, max-video-preview:-1\" \/>\n<link rel=\"canonical\" href=\"https:\/\/www.noticiasradioreflejos.com.ar\/2021\/el-municipio-presento-el-nuevo-servicio-de-mantenimiento-del-alumbrado-publico\/\" \/>\n<meta property=\"og:locale\" content=\"es_ES\" \/>\n<meta property=\"og:type\" content=\"article\" \/>\n<meta property=\"og:title\" content=\"El municipio present\u00f3 el nuevo servicio de mantenimiento del alumbrado p\u00fablico - Noticias Radio Reflejos\" \/>\n<meta property=\"og:description\" content=\"Este viernes por la tarde, la Municipalidad de Tornquist present\u00f3 el nuevo servicio de mantenimiento del alumbrado p\u00fablico, del que se har\u00e1 cargo tras la cesi\u00f3n del convenio respectivo con la Cooperativa El\u00e9ctrica de Tornquist.\" \/>\n<meta property=\"og:url\" content=\"https:\/\/www.noticiasradioreflejos.com.ar\/2021\/el-municipio-presento-el-nuevo-servicio-de-mantenimiento-del-alumbrado-publico\/\" \/>\n<meta property=\"og:site_name\" content=\"Noticias Radio Reflejos\" \/>\n<meta property=\"article:published_time\" content=\"2018-06-02T01:13:27+00:00\" \/>\n<meta property=\"og:image\" content=\"http:\/\/farm2.staticflickr.com\/1757\/42453241062_ded5472b6f_z.jpg\" \/>\n<meta name=\"author\" content=\"Arnaldo Botto\" \/>\n<meta name=\"twitter:card\" content=\"summary_large_image\" \/>\n<script type=\"application\/ld+json\" class=\"yoast-schema-graph\">{\"@context\":\"https:\/\/schema.org\",\"@graph\":[{\"@type\":\"WebPage\",\"@id\":\"https:\/\/www.noticiasradioreflejos.com.ar\/2021\/el-municipio-presento-el-nuevo-servicio-de-mantenimiento-del-alumbrado-publico\/\",\"url\":\"https:\/\/www.noticiasradioreflejos.com.ar\/2021\/el-municipio-presento-el-nuevo-servicio-de-mantenimiento-del-alumbrado-publico\/\",\"name\":\"El municipio present\u00f3 el nuevo servicio de mantenimiento del alumbrado p\u00fablico - Noticias Radio Reflejos\",\"isPartOf\":{\"@id\":\"https:\/\/www.noticiasradioreflejos.com.ar\/2021\/#website\"},\"primaryImageOfPage\":{\"@id\":\"https:\/\/www.noticiasradioreflejos.com.ar\/2021\/el-municipio-presento-el-nuevo-servicio-de-mantenimiento-del-alumbrado-publico\/#primaryimage\"},\"image\":{\"@id\":\"https:\/\/www.noticiasradioreflejos.com.ar\/2021\/el-municipio-presento-el-nuevo-servicio-de-mantenimiento-del-alumbrado-publico\/#primaryimage\"},\"thumbnailUrl\":\"http:\/\/farm2.staticflickr.com\/1757\/42453241062_ded5472b6f_z.jpg\",\"datePublished\":\"2018-06-02T01:13:27+00:00\",\"author\":{\"@id\":\"https:\/\/www.noticiasradioreflejos.com.ar\/2021\/#\/schema\/person\/ad82545263dcc5ec0996818884fd5fb1\"},\"breadcrumb\":{\"@id\":\"https:\/\/www.noticiasradioreflejos.com.ar\/2021\/el-municipio-presento-el-nuevo-servicio-de-mantenimiento-del-alumbrado-publico\/#breadcrumb\"},\"inLanguage\":\"es\",\"potentialAction\":[{\"@type\":\"ReadAction\",\"target\":[\"https:\/\/www.noticiasradioreflejos.com.ar\/2021\/el-municipio-presento-el-nuevo-servicio-de-mantenimiento-del-alumbrado-publico\/\"]}]},{\"@type\":\"ImageObject\",\"inLanguage\":\"es\",\"@id\":\"https:\/\/www.noticiasradioreflejos.com.ar\/2021\/el-municipio-presento-el-nuevo-servicio-de-mantenimiento-del-alumbrado-publico\/#primaryimage\",\"url\":\"http:\/\/farm2.staticflickr.com\/1757\/42453241062_ded5472b6f_z.jpg\",\"contentUrl\":\"http:\/\/farm2.staticflickr.com\/1757\/42453241062_ded5472b6f_z.jpg\"},{\"@type\":\"BreadcrumbList\",\"@id\":\"https:\/\/www.noticiasradioreflejos.com.ar\/2021\/el-municipio-presento-el-nuevo-servicio-de-mantenimiento-del-alumbrado-publico\/#breadcrumb\",\"itemListElement\":[{\"@type\":\"ListItem\",\"position\":1,\"name\":\"Portada\",\"item\":\"https:\/\/www.noticiasradioreflejos.com.ar\/2021\/\"},{\"@type\":\"ListItem\",\"position\":2,\"name\":\"El municipio present\u00f3 el nuevo servicio de mantenimiento del alumbrado p\u00fablico\"}]},{\"@type\":\"WebSite\",\"@id\":\"https:\/\/www.noticiasradioreflejos.com.ar\/2021\/#website\",\"url\":\"https:\/\/www.noticiasradioreflejos.com.ar\/2021\/\",\"name\":\"Noticias Radio Reflejos\",\"description\":\"Las noticias de mi comarca\",\"potentialAction\":[{\"@type\":\"SearchAction\",\"target\":{\"@type\":\"EntryPoint\",\"urlTemplate\":\"https:\/\/www.noticiasradioreflejos.com.ar\/2021\/?s={search_term_string}\"},\"query-input\":{\"@type\":\"PropertyValueSpecification\",\"valueRequired\":true,\"valueName\":\"search_term_string\"}}],\"inLanguage\":\"es\"},{\"@type\":\"Person\",\"@id\":\"https:\/\/www.noticiasradioreflejos.com.ar\/2021\/#\/schema\/person\/ad82545263dcc5ec0996818884fd5fb1\",\"name\":\"Arnaldo Botto\",\"image\":{\"@type\":\"ImageObject\",\"inLanguage\":\"es\",\"@id\":\"https:\/\/www.noticiasradioreflejos.com.ar\/2021\/#\/schema\/person\/image\/\",\"url\":\"https:\/\/secure.gravatar.com\/avatar\/55cb5e37c1efa326397366e6974cb338056df65cb50e7d64d1cf314e87504837?s=96&d=mm&r=g\",\"contentUrl\":\"https:\/\/secure.gravatar.com\/avatar\/55cb5e37c1efa326397366e6974cb338056df65cb50e7d64d1cf314e87504837?s=96&d=mm&r=g\",\"caption\":\"Arnaldo Botto\"},\"url\":\"https:\/\/www.noticiasradioreflejos.com.ar\/2021\/author\/arnaldo\/\"}]}<\/script>\n<!-- \/ Yoast SEO plugin. -->","yoast_head_json":{"title":"El municipio present\u00f3 el nuevo servicio de mantenimiento del alumbrado p\u00fablico - Noticias Radio Reflejos","robots":{"index":"index","follow":"follow","max-snippet":"max-snippet:-1","max-image-preview":"max-image-preview:large","max-video-preview":"max-video-preview:-1"},"canonical":"https:\/\/www.noticiasradioreflejos.com.ar\/2021\/el-municipio-presento-el-nuevo-servicio-de-mantenimiento-del-alumbrado-publico\/","og_locale":"es_ES","og_type":"article","og_title":"El municipio present\u00f3 el nuevo servicio de mantenimiento del alumbrado p\u00fablico - Noticias Radio Reflejos","og_description":"Este viernes por la tarde, la Municipalidad de Tornquist present\u00f3 el nuevo servicio de mantenimiento del alumbrado p\u00fablico, del que se har\u00e1 cargo tras la cesi\u00f3n del convenio respectivo con la Cooperativa El\u00e9ctrica de Tornquist.","og_url":"https:\/\/www.noticiasradioreflejos.com.ar\/2021\/el-municipio-presento-el-nuevo-servicio-de-mantenimiento-del-alumbrado-publico\/","og_site_name":"Noticias Radio Reflejos","article_published_time":"2018-06-02T01:13:27+00:00","og_image":[{"url":"http:\/\/farm2.staticflickr.com\/1757\/42453241062_ded5472b6f_z.jpg","type":"","width":"","height":""}],"author":"Arnaldo Botto","twitter_card":"summary_large_image","schema":{"@context":"https:\/\/schema.org","@graph":[{"@type":"WebPage","@id":"https:\/\/www.noticiasradioreflejos.com.ar\/2021\/el-municipio-presento-el-nuevo-servicio-de-mantenimiento-del-alumbrado-publico\/","url":"https:\/\/www.noticiasradioreflejos.com.ar\/2021\/el-municipio-presento-el-nuevo-servicio-de-mantenimiento-del-alumbrado-publico\/","name":"El municipio present\u00f3 el nuevo servicio de mantenimiento del alumbrado p\u00fablico - Noticias Radio Reflejos","isPartOf":{"@id":"https:\/\/www.noticiasradioreflejos.com.ar\/2021\/#website"},"primaryImageOfPage":{"@id":"https:\/\/www.noticiasradioreflejos.com.ar\/2021\/el-municipio-presento-el-nuevo-servicio-de-mantenimiento-del-alumbrado-publico\/#primaryimage"},"image":{"@id":"https:\/\/www.noticiasradioreflejos.com.ar\/2021\/el-municipio-presento-el-nuevo-servicio-de-mantenimiento-del-alumbrado-publico\/#primaryimage"},"thumbnailUrl":"http:\/\/farm2.staticflickr.com\/1757\/42453241062_ded5472b6f_z.jpg","datePublished":"2018-06-02T01:13:27+00:00","author":{"@id":"https:\/\/www.noticiasradioreflejos.com.ar\/2021\/#\/schema\/person\/ad82545263dcc5ec0996818884fd5fb1"},"breadcrumb":{"@id":"https:\/\/www.noticiasradioreflejos.com.ar\/2021\/el-municipio-presento-el-nuevo-servicio-de-mantenimiento-del-alumbrado-publico\/#breadcrumb"},"inLanguage":"es","potentialAction":[{"@type":"ReadAction","target":["https:\/\/www.noticiasradioreflejos.com.ar\/2021\/el-municipio-presento-el-nuevo-servicio-de-mantenimiento-del-alumbrado-publico\/"]}]},{"@type":"ImageObject","inLanguage":"es","@id":"https:\/\/www.noticiasradioreflejos.com.ar\/2021\/el-municipio-presento-el-nuevo-servicio-de-mantenimiento-del-alumbrado-publico\/#primaryimage","url":"http:\/\/farm2.staticflickr.com\/1757\/42453241062_ded5472b6f_z.jpg","contentUrl":"http:\/\/farm2.staticflickr.com\/1757\/42453241062_ded5472b6f_z.jpg"},{"@type":"BreadcrumbList","@id":"https:\/\/www.noticiasradioreflejos.com.ar\/2021\/el-municipio-presento-el-nuevo-servicio-de-mantenimiento-del-alumbrado-publico\/#breadcrumb","itemListElement":[{"@type":"ListItem","position":1,"name":"Portada","item":"https:\/\/www.noticiasradioreflejos.com.ar\/2021\/"},{"@type":"ListItem","position":2,"name":"El municipio present\u00f3 el nuevo servicio de mantenimiento del alumbrado p\u00fablico"}]},{"@type":"WebSite","@id":"https:\/\/www.noticiasradioreflejos.com.ar\/2021\/#website","url":"https:\/\/www.noticiasradioreflejos.com.ar\/2021\/","name":"Noticias Radio Reflejos","description":"Las noticias de mi comarca","potentialAction":[{"@type":"SearchAction","target":{"@type":"EntryPoint","urlTemplate":"https:\/\/www.noticiasradioreflejos.com.ar\/2021\/?s={search_term_string}"},"query-input":{"@type":"PropertyValueSpecification","valueRequired":true,"valueName":"search_term_string"}}],"inLanguage":"es"},{"@type":"Person","@id":"https:\/\/www.noticiasradioreflejos.com.ar\/2021\/#\/schema\/person\/ad82545263dcc5ec0996818884fd5fb1","name":"Arnaldo Botto","image":{"@type":"ImageObject","inLanguage":"es","@id":"https:\/\/www.noticiasradioreflejos.com.ar\/2021\/#\/schema\/person\/image\/","url":"https:\/\/secure.gravatar.com\/avatar\/55cb5e37c1efa326397366e6974cb338056df65cb50e7d64d1cf314e87504837?s=96&d=mm&r=g","contentUrl":"https:\/\/secure.gravatar.com\/avatar\/55cb5e37c1efa326397366e6974cb338056df65cb50e7d64d1cf314e87504837?s=96&d=mm&r=g","caption":"Arnaldo Botto"},"url":"https:\/\/www.noticiasradioreflejos.com.ar\/2021\/author\/arnaldo\/"}]}},"_links":{"self":[{"href":"https:\/\/www.noticiasradioreflejos.com.ar\/2021\/wp-json\/wp\/v2\/posts\/22084","targetHints":{"allow":["GET"]}}],"collection":[{"href":"https:\/\/www.noticiasradioreflejos.com.ar\/2021\/wp-json\/wp\/v2\/posts"}],"about":[{"href":"https:\/\/www.noticiasradioreflejos.com.ar\/2021\/wp-json\/wp\/v2\/types\/post"}],"author":[{"embeddable":true,"href":"https:\/\/www.noticiasradioreflejos.com.ar\/2021\/wp-json\/wp\/v2\/users\/3"}],"replies":[{"embeddable":true,"href":"https:\/\/www.noticiasradioreflejos.com.ar\/2021\/wp-json\/wp\/v2\/comments?post=22084"}],"version-history":[{"count":0,"href":"https:\/\/www.noticiasradioreflejos.com.ar\/2021\/wp-json\/wp\/v2\/posts\/22084\/revisions"}],"wp:attachment":[{"href":"https:\/\/www.noticiasradioreflejos.com.ar\/2021\/wp-json\/wp\/v2\/media?parent=22084"}],"wp:term":[{"taxonomy":"category","embeddable":true,"href":"https:\/\/www.noticiasradioreflejos.com.ar\/2021\/wp-json\/wp\/v2\/categories?post=22084"},{"taxonomy":"post_tag","embeddable":true,"href":"https:\/\/www.noticiasradioreflejos.com.ar\/2021\/wp-json\/wp\/v2\/tags?post=22084"}],"curies":[{"name":"wp","href":"https:\/\/api.w.org\/{rel}","templated":true}]}}