{"id":22055,"date":"2018-06-01T09:45:12","date_gmt":"2018-06-01T12:45:12","guid":{"rendered":"http:\/\/www.noticiasradioreflejos.com.ar\/noticias\/?p=22055"},"modified":"2018-06-01T09:45:12","modified_gmt":"2018-06-01T12:45:12","slug":"influenza-equina-la-argentina-informo-a-la-oie-que-se-atenuo-la-epidemia","status":"publish","type":"post","link":"https:\/\/www.noticiasradioreflejos.com.ar\/2021\/influenza-equina-la-argentina-informo-a-la-oie-que-se-atenuo-la-epidemia\/","title":{"rendered":"Influenza equina: La Argentina inform\u00f3 a la OIE que se atenu\u00f3 la epidemia"},"content":{"rendered":"<p>Durante el mes de mayo no se recibieron denuncias de nuevos casos y el seguimiento que realiz\u00f3 el Senasa con los principales hip\u00f3dromos del pa\u00eds mostr\u00f3 que el n\u00famero de casos no super\u00f3 los valores esperables para esta \u00e9poca del a\u00f1o.<!--more--><br \/>\nA partir de la informaci\u00f3n brindada por los principales hip\u00f3dromos del pa\u00eds donde se registr\u00f3 la enfermedad, el Servicio Nacional de Sanidad y Calidad Agroalimentaria (Senasa) observ\u00f3 que se atenu\u00f3 la cantidad de casos de influenza equina (IE) y se alcanzaron los valores esperables para esta \u00e9poca del a\u00f1o.<br \/>\nEn consecuencia, el Senasa envi\u00f3 un informe final en tal sentido a la Organizaci\u00f3n Mundial de Sanidad Animal (OIE), que fue publicado en su interfaz de la base de datos del sistema mundial de informaci\u00f3n zoosanitaria (Wahis), al que se puede acceder desde: aqu\u00ed<br \/>\nEl seguimiento que realiz\u00f3 el Senasa permiti\u00f3, adem\u00e1s del registro habitual de denuncias, monitorear el n\u00famero de nuevos casos en la poblaci\u00f3n m\u00e1s afectada, por lo que envi\u00f3 a la OIE el mencionado informe final en el que consta que se atenu\u00f3 la epidemia, que afect\u00f3 en mayor medida a los caballos de carrera.<br \/>\nEn el marco de la responsabilidad que le cabe como pa\u00eds miembro, en marzo pasado el Senasa hab\u00eda notificado a la OIE la detecci\u00f3n de brotes de influenza equina con una ocurrencia y distribuci\u00f3n mayor a la esperable. En el mismo marco, ahora el organismo argentino inform\u00f3 a la OIE el cambio de la situaci\u00f3n de esta enfermedad en el pa\u00eds.<br \/>\nLa OIE es la encargada de transmitir la informaci\u00f3n recibida a todos los pa\u00edses miembros, a fin de que puedan protegerse contra las distintas enfermedades animales. Sus normas, adem\u00e1s, son empleadas como referencia internacional por la Organizaci\u00f3n Mundial del Comercio para el intercambio de mercader\u00edas y animales en pie.<br \/>\nEl Senasa contin\u00faa llevando adelante las actividades de prevenci\u00f3n y control correspondientes y una campa\u00f1a de comunicaci\u00f3n con recomendaciones sanitarias para evitar la eventual dispersi\u00f3n de la enfermedad.<br \/>\nAnte la aparici\u00f3n de signos compatibles con la influenza equina (fiebre, decaimiento, descarga nasal y tos), avisar de inmediato al Senasa, enviar un correo electr\u00f3nico a equinos@senasa.gob.ar o llamar a la l\u00ednea telef\u00f3nica (011) 4121-5411.<br \/>\nDebe recordarse que en el marco de la Ley 27.233, los propietarios de los animales son los responsables primarios de mantener su sanidad.<br \/>\nMaterial relacionado<br \/>\n<a href=\"http:\/\/www.senasa.gob.ar\/senasa-comunica\/noticias\/se-atenua-la-epidemia-de-la-influenza-equina\">http:\/\/www.senasa.gob.ar\/senasa-comunica\/noticias\/se-atenua-la-epidemia-de-la-influenza-equina<\/a><br \/>\nFolleto influenza equina<br \/>\nPrecauci\u00f3n sanitaria ante la notificaci\u00f3n de influenza equina en chile<br \/>\nPrecauci\u00f3n sanitaria en Mendoza ante casos de influenza equina<br \/>\nMedidas preventivas contra la influenza equina<br \/>\nVideo recomendaciones Facebook<br \/>\nEsteban Durante en Tel\u00e1m Radio<br \/>\nEsteban Durante en Pampero TV<br \/>\nEsteban Durante en Senasa TV<br \/>\nVideo recomendaciones Influenza Equina<br \/>\nVideo Influenza Equina. C\u00f3mo reconocerla y prevenirla<br \/>\nLimitar los movimientos de caballos previene el contagio de influenza equina<br \/>\nVideo recomendaciones influenza equina<a href=\"https:\/\/www.youtube.com\/watch?v=GtyFiF9A6Cw\" target=\"_blank\" rel=\"noopener\"> https:\/\/www.youtube.com\/watch?v=GtyFiF9A6Cw<\/a><\/p>\n","protected":false},"excerpt":{"rendered":"<p>Durante el mes de mayo no se recibieron denuncias de nuevos casos y el seguimiento que realiz\u00f3 el Senasa con los principales hip\u00f3dromos del pa\u00eds mostr\u00f3 que el n\u00famero de casos no super\u00f3 los valores esperables para esta \u00e9poca del a\u00f1o.<\/p>\n","protected":false},"author":3,"featured_media":0,"comment_status":"closed","ping_status":"open","sticky":false,"template":"","format":"standard","meta":{"footnotes":""},"categories":[25],"tags":[],"class_list":["post-22055","post","type-post","status-publish","format-standard","hentry","category-uncategorized"],"yoast_head":"<!-- This site is optimized with the Yoast SEO plugin v25.9 - https:\/\/yoast.com\/wordpress\/plugins\/seo\/ -->\n<title>Influenza equina: La Argentina inform\u00f3 a la OIE que se atenu\u00f3 la epidemia - Noticias Radio Reflejos<\/title>\n<meta name=\"robots\" content=\"index, follow, max-snippet:-1, max-image-preview:large, max-video-preview:-1\" \/>\n<link rel=\"canonical\" href=\"https:\/\/www.noticiasradioreflejos.com.ar\/2021\/influenza-equina-la-argentina-informo-a-la-oie-que-se-atenuo-la-epidemia\/\" \/>\n<meta property=\"og:locale\" content=\"es_ES\" \/>\n<meta property=\"og:type\" content=\"article\" \/>\n<meta property=\"og:title\" content=\"Influenza equina: La Argentina inform\u00f3 a la OIE que se atenu\u00f3 la epidemia - Noticias Radio Reflejos\" \/>\n<meta property=\"og:description\" content=\"Durante el mes de mayo no se recibieron denuncias de nuevos casos y el seguimiento que realiz\u00f3 el Senasa con los principales hip\u00f3dromos del pa\u00eds mostr\u00f3 que el n\u00famero de casos no super\u00f3 los valores esperables para esta \u00e9poca del a\u00f1o.\" \/>\n<meta property=\"og:url\" content=\"https:\/\/www.noticiasradioreflejos.com.ar\/2021\/influenza-equina-la-argentina-informo-a-la-oie-que-se-atenuo-la-epidemia\/\" \/>\n<meta property=\"og:site_name\" content=\"Noticias Radio Reflejos\" \/>\n<meta property=\"article:published_time\" content=\"2018-06-01T12:45:12+00:00\" \/>\n<meta property=\"og:image\" content=\"https:\/\/www.noticiasradioreflejos.com.ar\/2021\/wp-content\/uploads\/2021\/07\/logosol300x200.png\" \/>\n\t<meta property=\"og:image:width\" content=\"300\" \/>\n\t<meta property=\"og:image:height\" content=\"200\" \/>\n\t<meta property=\"og:image:type\" content=\"image\/png\" \/>\n<meta name=\"author\" content=\"Arnaldo Botto\" \/>\n<meta name=\"twitter:card\" content=\"summary_large_image\" \/>\n<script type=\"application\/ld+json\" class=\"yoast-schema-graph\">{\"@context\":\"https:\/\/schema.org\",\"@graph\":[{\"@type\":\"WebPage\",\"@id\":\"https:\/\/www.noticiasradioreflejos.com.ar\/2021\/influenza-equina-la-argentina-informo-a-la-oie-que-se-atenuo-la-epidemia\/\",\"url\":\"https:\/\/www.noticiasradioreflejos.com.ar\/2021\/influenza-equina-la-argentina-informo-a-la-oie-que-se-atenuo-la-epidemia\/\",\"name\":\"Influenza equina: La Argentina inform\u00f3 a la OIE que se atenu\u00f3 la epidemia - Noticias Radio Reflejos\",\"isPartOf\":{\"@id\":\"https:\/\/www.noticiasradioreflejos.com.ar\/2021\/#website\"},\"datePublished\":\"2018-06-01T12:45:12+00:00\",\"author\":{\"@id\":\"https:\/\/www.noticiasradioreflejos.com.ar\/2021\/#\/schema\/person\/ad82545263dcc5ec0996818884fd5fb1\"},\"breadcrumb\":{\"@id\":\"https:\/\/www.noticiasradioreflejos.com.ar\/2021\/influenza-equina-la-argentina-informo-a-la-oie-que-se-atenuo-la-epidemia\/#breadcrumb\"},\"inLanguage\":\"es\",\"potentialAction\":[{\"@type\":\"ReadAction\",\"target\":[\"https:\/\/www.noticiasradioreflejos.com.ar\/2021\/influenza-equina-la-argentina-informo-a-la-oie-que-se-atenuo-la-epidemia\/\"]}]},{\"@type\":\"BreadcrumbList\",\"@id\":\"https:\/\/www.noticiasradioreflejos.com.ar\/2021\/influenza-equina-la-argentina-informo-a-la-oie-que-se-atenuo-la-epidemia\/#breadcrumb\",\"itemListElement\":[{\"@type\":\"ListItem\",\"position\":1,\"name\":\"Portada\",\"item\":\"https:\/\/www.noticiasradioreflejos.com.ar\/2021\/\"},{\"@type\":\"ListItem\",\"position\":2,\"name\":\"Influenza equina: La Argentina inform\u00f3 a la OIE que se atenu\u00f3 la epidemia\"}]},{\"@type\":\"WebSite\",\"@id\":\"https:\/\/www.noticiasradioreflejos.com.ar\/2021\/#website\",\"url\":\"https:\/\/www.noticiasradioreflejos.com.ar\/2021\/\",\"name\":\"Noticias Radio Reflejos\",\"description\":\"Las noticias de mi comarca\",\"potentialAction\":[{\"@type\":\"SearchAction\",\"target\":{\"@type\":\"EntryPoint\",\"urlTemplate\":\"https:\/\/www.noticiasradioreflejos.com.ar\/2021\/?s={search_term_string}\"},\"query-input\":{\"@type\":\"PropertyValueSpecification\",\"valueRequired\":true,\"valueName\":\"search_term_string\"}}],\"inLanguage\":\"es\"},{\"@type\":\"Person\",\"@id\":\"https:\/\/www.noticiasradioreflejos.com.ar\/2021\/#\/schema\/person\/ad82545263dcc5ec0996818884fd5fb1\",\"name\":\"Arnaldo Botto\",\"image\":{\"@type\":\"ImageObject\",\"inLanguage\":\"es\",\"@id\":\"https:\/\/www.noticiasradioreflejos.com.ar\/2021\/#\/schema\/person\/image\/\",\"url\":\"https:\/\/secure.gravatar.com\/avatar\/55cb5e37c1efa326397366e6974cb338056df65cb50e7d64d1cf314e87504837?s=96&d=mm&r=g\",\"contentUrl\":\"https:\/\/secure.gravatar.com\/avatar\/55cb5e37c1efa326397366e6974cb338056df65cb50e7d64d1cf314e87504837?s=96&d=mm&r=g\",\"caption\":\"Arnaldo Botto\"},\"url\":\"https:\/\/www.noticiasradioreflejos.com.ar\/2021\/author\/arnaldo\/\"}]}<\/script>\n<!-- \/ Yoast SEO plugin. -->","yoast_head_json":{"title":"Influenza equina: La Argentina inform\u00f3 a la OIE que se atenu\u00f3 la epidemia - Noticias Radio Reflejos","robots":{"index":"index","follow":"follow","max-snippet":"max-snippet:-1","max-image-preview":"max-image-preview:large","max-video-preview":"max-video-preview:-1"},"canonical":"https:\/\/www.noticiasradioreflejos.com.ar\/2021\/influenza-equina-la-argentina-informo-a-la-oie-que-se-atenuo-la-epidemia\/","og_locale":"es_ES","og_type":"article","og_title":"Influenza equina: La Argentina inform\u00f3 a la OIE que se atenu\u00f3 la epidemia - Noticias Radio Reflejos","og_description":"Durante el mes de mayo no se recibieron denuncias de nuevos casos y el seguimiento que realiz\u00f3 el Senasa con los principales hip\u00f3dromos del pa\u00eds mostr\u00f3 que el n\u00famero de casos no super\u00f3 los valores esperables para esta \u00e9poca del a\u00f1o.","og_url":"https:\/\/www.noticiasradioreflejos.com.ar\/2021\/influenza-equina-la-argentina-informo-a-la-oie-que-se-atenuo-la-epidemia\/","og_site_name":"Noticias Radio Reflejos","article_published_time":"2018-06-01T12:45:12+00:00","og_image":[{"width":300,"height":200,"url":"https:\/\/www.noticiasradioreflejos.com.ar\/2021\/wp-content\/uploads\/2021\/07\/logosol300x200.png","type":"image\/png"}],"author":"Arnaldo Botto","twitter_card":"summary_large_image","schema":{"@context":"https:\/\/schema.org","@graph":[{"@type":"WebPage","@id":"https:\/\/www.noticiasradioreflejos.com.ar\/2021\/influenza-equina-la-argentina-informo-a-la-oie-que-se-atenuo-la-epidemia\/","url":"https:\/\/www.noticiasradioreflejos.com.ar\/2021\/influenza-equina-la-argentina-informo-a-la-oie-que-se-atenuo-la-epidemia\/","name":"Influenza equina: La Argentina inform\u00f3 a la OIE que se atenu\u00f3 la epidemia - Noticias Radio Reflejos","isPartOf":{"@id":"https:\/\/www.noticiasradioreflejos.com.ar\/2021\/#website"},"datePublished":"2018-06-01T12:45:12+00:00","author":{"@id":"https:\/\/www.noticiasradioreflejos.com.ar\/2021\/#\/schema\/person\/ad82545263dcc5ec0996818884fd5fb1"},"breadcrumb":{"@id":"https:\/\/www.noticiasradioreflejos.com.ar\/2021\/influenza-equina-la-argentina-informo-a-la-oie-que-se-atenuo-la-epidemia\/#breadcrumb"},"inLanguage":"es","potentialAction":[{"@type":"ReadAction","target":["https:\/\/www.noticiasradioreflejos.com.ar\/2021\/influenza-equina-la-argentina-informo-a-la-oie-que-se-atenuo-la-epidemia\/"]}]},{"@type":"BreadcrumbList","@id":"https:\/\/www.noticiasradioreflejos.com.ar\/2021\/influenza-equina-la-argentina-informo-a-la-oie-que-se-atenuo-la-epidemia\/#breadcrumb","itemListElement":[{"@type":"ListItem","position":1,"name":"Portada","item":"https:\/\/www.noticiasradioreflejos.com.ar\/2021\/"},{"@type":"ListItem","position":2,"name":"Influenza equina: La Argentina inform\u00f3 a la OIE que se atenu\u00f3 la epidemia"}]},{"@type":"WebSite","@id":"https:\/\/www.noticiasradioreflejos.com.ar\/2021\/#website","url":"https:\/\/www.noticiasradioreflejos.com.ar\/2021\/","name":"Noticias Radio Reflejos","description":"Las noticias de mi comarca","potentialAction":[{"@type":"SearchAction","target":{"@type":"EntryPoint","urlTemplate":"https:\/\/www.noticiasradioreflejos.com.ar\/2021\/?s={search_term_string}"},"query-input":{"@type":"PropertyValueSpecification","valueRequired":true,"valueName":"search_term_string"}}],"inLanguage":"es"},{"@type":"Person","@id":"https:\/\/www.noticiasradioreflejos.com.ar\/2021\/#\/schema\/person\/ad82545263dcc5ec0996818884fd5fb1","name":"Arnaldo Botto","image":{"@type":"ImageObject","inLanguage":"es","@id":"https:\/\/www.noticiasradioreflejos.com.ar\/2021\/#\/schema\/person\/image\/","url":"https:\/\/secure.gravatar.com\/avatar\/55cb5e37c1efa326397366e6974cb338056df65cb50e7d64d1cf314e87504837?s=96&d=mm&r=g","contentUrl":"https:\/\/secure.gravatar.com\/avatar\/55cb5e37c1efa326397366e6974cb338056df65cb50e7d64d1cf314e87504837?s=96&d=mm&r=g","caption":"Arnaldo Botto"},"url":"https:\/\/www.noticiasradioreflejos.com.ar\/2021\/author\/arnaldo\/"}]}},"_links":{"self":[{"href":"https:\/\/www.noticiasradioreflejos.com.ar\/2021\/wp-json\/wp\/v2\/posts\/22055","targetHints":{"allow":["GET"]}}],"collection":[{"href":"https:\/\/www.noticiasradioreflejos.com.ar\/2021\/wp-json\/wp\/v2\/posts"}],"about":[{"href":"https:\/\/www.noticiasradioreflejos.com.ar\/2021\/wp-json\/wp\/v2\/types\/post"}],"author":[{"embeddable":true,"href":"https:\/\/www.noticiasradioreflejos.com.ar\/2021\/wp-json\/wp\/v2\/users\/3"}],"replies":[{"embeddable":true,"href":"https:\/\/www.noticiasradioreflejos.com.ar\/2021\/wp-json\/wp\/v2\/comments?post=22055"}],"version-history":[{"count":0,"href":"https:\/\/www.noticiasradioreflejos.com.ar\/2021\/wp-json\/wp\/v2\/posts\/22055\/revisions"}],"wp:attachment":[{"href":"https:\/\/www.noticiasradioreflejos.com.ar\/2021\/wp-json\/wp\/v2\/media?parent=22055"}],"wp:term":[{"taxonomy":"category","embeddable":true,"href":"https:\/\/www.noticiasradioreflejos.com.ar\/2021\/wp-json\/wp\/v2\/categories?post=22055"},{"taxonomy":"post_tag","embeddable":true,"href":"https:\/\/www.noticiasradioreflejos.com.ar\/2021\/wp-json\/wp\/v2\/tags?post=22055"}],"curies":[{"name":"wp","href":"https:\/\/api.w.org\/{rel}","templated":true}]}}