{"id":22045,"date":"2018-06-01T08:57:59","date_gmt":"2018-06-01T11:57:59","guid":{"rendered":"http:\/\/www.noticiasradioreflejos.com.ar\/noticias\/?p=22045"},"modified":"2018-06-01T08:57:59","modified_gmt":"2018-06-01T11:57:59","slug":"cambiaron-los-jefes-policiales-de-sierra-y-saldungaray","status":"publish","type":"post","link":"https:\/\/www.noticiasradioreflejos.com.ar\/2021\/cambiaron-los-jefes-policiales-de-sierra-y-saldungaray\/","title":{"rendered":"Cambiaron los jefes policiales de Sierra y Saldungaray"},"content":{"rendered":"<p><a title=\"cambio-autoridades-policiales\" href=\"http:\/\/farm2.staticflickr.com\/1725\/41770555384_7b2fd3abfc.jpg\" rel=\"\"><img loading=\"lazy\" decoding=\"async\" class=\"alignleft\" style=\"float: left;\" title=\"cambio-autoridades-policiales\" src=\"http:\/\/farm2.staticflickr.com\/1725\/41770555384_7b2fd3abfc.jpg\" alt=\"cambio-autoridades-policiales\" width=\"500\" height=\"371\" \/><\/a>La Secretaria de Seguridad de la Municipalidad de Tornquist, lleva a conocimiento de la poblaci\u00f3n, que por disposici\u00f3n del Se\u00f1or Jefe Superintendencia Seguridad Interior Sur y en concordancia con la Secretaria de Seguridad de este distrito, ha dispuesto desde el lunes 28 del corriente mes y a\u00f1o, los siguientes cambios de jefes:<!--more--><br \/>\n-En la Sub Estaci\u00f3n Sierra de la Ventana, el Oficial Principal Parodi Pablo relevar\u00e1 en el cargo al Sub Comisario Sandoval Gonzalo;<br \/>\n-En la Sub Estaci\u00f3n Saldungaray, el Oficial Inspector Pinedo Diego relevar\u00e1 en el cargo al Oficial Principal Andr\u00e9 Andr\u00e9s Jorge, quien continuar\u00e1 prestando funciones como segundo Jefe en la Estaci\u00f3n de Policial Comunal Tornquist.<br \/>\nSECRETARIA DE SEGURIDAD \u2013 MUNICIPALIDAD DE TORNQUIST.-<\/p>\n","protected":false},"excerpt":{"rendered":"<p>La Secretaria de Seguridad de la Municipalidad de Tornquist, lleva a conocimiento de la poblaci\u00f3n, que por disposici\u00f3n del Se\u00f1or Jefe Superintendencia Seguridad Interior Sur y en concordancia con la Secretaria de Seguridad de este distrito, ha dispuesto desde el lunes 28 del corriente mes y a\u00f1o, los siguientes cambios de jefes:<\/p>\n","protected":false},"author":3,"featured_media":0,"comment_status":"closed","ping_status":"open","sticky":false,"template":"","format":"standard","meta":{"footnotes":""},"categories":[29],"tags":[],"class_list":["post-22045","post","type-post","status-publish","format-standard","hentry","category-policiales"],"yoast_head":"<!-- This site is optimized with the Yoast SEO plugin v25.9 - https:\/\/yoast.com\/wordpress\/plugins\/seo\/ -->\n<title>Cambiaron los jefes policiales de Sierra y Saldungaray - Noticias Radio Reflejos<\/title>\n<meta name=\"robots\" content=\"index, follow, max-snippet:-1, max-image-preview:large, max-video-preview:-1\" \/>\n<link rel=\"canonical\" href=\"https:\/\/www.noticiasradioreflejos.com.ar\/2021\/cambiaron-los-jefes-policiales-de-sierra-y-saldungaray\/\" \/>\n<meta property=\"og:locale\" content=\"es_ES\" \/>\n<meta property=\"og:type\" content=\"article\" \/>\n<meta property=\"og:title\" content=\"Cambiaron los jefes policiales de Sierra y Saldungaray - Noticias Radio Reflejos\" \/>\n<meta property=\"og:description\" content=\"La Secretaria de Seguridad de la Municipalidad de Tornquist, lleva a conocimiento de la poblaci\u00f3n, que por disposici\u00f3n del Se\u00f1or Jefe Superintendencia Seguridad Interior Sur y en concordancia con la Secretaria de Seguridad de este distrito, ha dispuesto desde el lunes 28 del corriente mes y a\u00f1o, los siguientes cambios de jefes:\" \/>\n<meta property=\"og:url\" content=\"https:\/\/www.noticiasradioreflejos.com.ar\/2021\/cambiaron-los-jefes-policiales-de-sierra-y-saldungaray\/\" \/>\n<meta property=\"og:site_name\" content=\"Noticias Radio Reflejos\" \/>\n<meta property=\"article:published_time\" content=\"2018-06-01T11:57:59+00:00\" \/>\n<meta property=\"og:image\" content=\"http:\/\/farm2.staticflickr.com\/1725\/41770555384_7b2fd3abfc.jpg\" \/>\n<meta name=\"author\" content=\"Arnaldo Botto\" \/>\n<meta name=\"twitter:card\" content=\"summary_large_image\" \/>\n<script type=\"application\/ld+json\" class=\"yoast-schema-graph\">{\"@context\":\"https:\/\/schema.org\",\"@graph\":[{\"@type\":\"WebPage\",\"@id\":\"https:\/\/www.noticiasradioreflejos.com.ar\/2021\/cambiaron-los-jefes-policiales-de-sierra-y-saldungaray\/\",\"url\":\"https:\/\/www.noticiasradioreflejos.com.ar\/2021\/cambiaron-los-jefes-policiales-de-sierra-y-saldungaray\/\",\"name\":\"Cambiaron los jefes policiales de Sierra y Saldungaray - Noticias Radio Reflejos\",\"isPartOf\":{\"@id\":\"https:\/\/www.noticiasradioreflejos.com.ar\/2021\/#website\"},\"primaryImageOfPage\":{\"@id\":\"https:\/\/www.noticiasradioreflejos.com.ar\/2021\/cambiaron-los-jefes-policiales-de-sierra-y-saldungaray\/#primaryimage\"},\"image\":{\"@id\":\"https:\/\/www.noticiasradioreflejos.com.ar\/2021\/cambiaron-los-jefes-policiales-de-sierra-y-saldungaray\/#primaryimage\"},\"thumbnailUrl\":\"http:\/\/farm2.staticflickr.com\/1725\/41770555384_7b2fd3abfc.jpg\",\"datePublished\":\"2018-06-01T11:57:59+00:00\",\"author\":{\"@id\":\"https:\/\/www.noticiasradioreflejos.com.ar\/2021\/#\/schema\/person\/ad82545263dcc5ec0996818884fd5fb1\"},\"breadcrumb\":{\"@id\":\"https:\/\/www.noticiasradioreflejos.com.ar\/2021\/cambiaron-los-jefes-policiales-de-sierra-y-saldungaray\/#breadcrumb\"},\"inLanguage\":\"es\",\"potentialAction\":[{\"@type\":\"ReadAction\",\"target\":[\"https:\/\/www.noticiasradioreflejos.com.ar\/2021\/cambiaron-los-jefes-policiales-de-sierra-y-saldungaray\/\"]}]},{\"@type\":\"ImageObject\",\"inLanguage\":\"es\",\"@id\":\"https:\/\/www.noticiasradioreflejos.com.ar\/2021\/cambiaron-los-jefes-policiales-de-sierra-y-saldungaray\/#primaryimage\",\"url\":\"http:\/\/farm2.staticflickr.com\/1725\/41770555384_7b2fd3abfc.jpg\",\"contentUrl\":\"http:\/\/farm2.staticflickr.com\/1725\/41770555384_7b2fd3abfc.jpg\"},{\"@type\":\"BreadcrumbList\",\"@id\":\"https:\/\/www.noticiasradioreflejos.com.ar\/2021\/cambiaron-los-jefes-policiales-de-sierra-y-saldungaray\/#breadcrumb\",\"itemListElement\":[{\"@type\":\"ListItem\",\"position\":1,\"name\":\"Portada\",\"item\":\"https:\/\/www.noticiasradioreflejos.com.ar\/2021\/\"},{\"@type\":\"ListItem\",\"position\":2,\"name\":\"Cambiaron los jefes policiales de Sierra y Saldungaray\"}]},{\"@type\":\"WebSite\",\"@id\":\"https:\/\/www.noticiasradioreflejos.com.ar\/2021\/#website\",\"url\":\"https:\/\/www.noticiasradioreflejos.com.ar\/2021\/\",\"name\":\"Noticias Radio Reflejos\",\"description\":\"Las noticias de mi comarca\",\"potentialAction\":[{\"@type\":\"SearchAction\",\"target\":{\"@type\":\"EntryPoint\",\"urlTemplate\":\"https:\/\/www.noticiasradioreflejos.com.ar\/2021\/?s={search_term_string}\"},\"query-input\":{\"@type\":\"PropertyValueSpecification\",\"valueRequired\":true,\"valueName\":\"search_term_string\"}}],\"inLanguage\":\"es\"},{\"@type\":\"Person\",\"@id\":\"https:\/\/www.noticiasradioreflejos.com.ar\/2021\/#\/schema\/person\/ad82545263dcc5ec0996818884fd5fb1\",\"name\":\"Arnaldo Botto\",\"image\":{\"@type\":\"ImageObject\",\"inLanguage\":\"es\",\"@id\":\"https:\/\/www.noticiasradioreflejos.com.ar\/2021\/#\/schema\/person\/image\/\",\"url\":\"https:\/\/secure.gravatar.com\/avatar\/55cb5e37c1efa326397366e6974cb338056df65cb50e7d64d1cf314e87504837?s=96&d=mm&r=g\",\"contentUrl\":\"https:\/\/secure.gravatar.com\/avatar\/55cb5e37c1efa326397366e6974cb338056df65cb50e7d64d1cf314e87504837?s=96&d=mm&r=g\",\"caption\":\"Arnaldo Botto\"},\"url\":\"https:\/\/www.noticiasradioreflejos.com.ar\/2021\/author\/arnaldo\/\"}]}<\/script>\n<!-- \/ Yoast SEO plugin. -->","yoast_head_json":{"title":"Cambiaron los jefes policiales de Sierra y Saldungaray - Noticias Radio Reflejos","robots":{"index":"index","follow":"follow","max-snippet":"max-snippet:-1","max-image-preview":"max-image-preview:large","max-video-preview":"max-video-preview:-1"},"canonical":"https:\/\/www.noticiasradioreflejos.com.ar\/2021\/cambiaron-los-jefes-policiales-de-sierra-y-saldungaray\/","og_locale":"es_ES","og_type":"article","og_title":"Cambiaron los jefes policiales de Sierra y Saldungaray - Noticias Radio Reflejos","og_description":"La Secretaria de Seguridad de la Municipalidad de Tornquist, lleva a conocimiento de la poblaci\u00f3n, que por disposici\u00f3n del Se\u00f1or Jefe Superintendencia Seguridad Interior Sur y en concordancia con la Secretaria de Seguridad de este distrito, ha dispuesto desde el lunes 28 del corriente mes y a\u00f1o, los siguientes cambios de jefes:","og_url":"https:\/\/www.noticiasradioreflejos.com.ar\/2021\/cambiaron-los-jefes-policiales-de-sierra-y-saldungaray\/","og_site_name":"Noticias Radio Reflejos","article_published_time":"2018-06-01T11:57:59+00:00","og_image":[{"url":"http:\/\/farm2.staticflickr.com\/1725\/41770555384_7b2fd3abfc.jpg","type":"","width":"","height":""}],"author":"Arnaldo Botto","twitter_card":"summary_large_image","schema":{"@context":"https:\/\/schema.org","@graph":[{"@type":"WebPage","@id":"https:\/\/www.noticiasradioreflejos.com.ar\/2021\/cambiaron-los-jefes-policiales-de-sierra-y-saldungaray\/","url":"https:\/\/www.noticiasradioreflejos.com.ar\/2021\/cambiaron-los-jefes-policiales-de-sierra-y-saldungaray\/","name":"Cambiaron los jefes policiales de Sierra y Saldungaray - Noticias Radio Reflejos","isPartOf":{"@id":"https:\/\/www.noticiasradioreflejos.com.ar\/2021\/#website"},"primaryImageOfPage":{"@id":"https:\/\/www.noticiasradioreflejos.com.ar\/2021\/cambiaron-los-jefes-policiales-de-sierra-y-saldungaray\/#primaryimage"},"image":{"@id":"https:\/\/www.noticiasradioreflejos.com.ar\/2021\/cambiaron-los-jefes-policiales-de-sierra-y-saldungaray\/#primaryimage"},"thumbnailUrl":"http:\/\/farm2.staticflickr.com\/1725\/41770555384_7b2fd3abfc.jpg","datePublished":"2018-06-01T11:57:59+00:00","author":{"@id":"https:\/\/www.noticiasradioreflejos.com.ar\/2021\/#\/schema\/person\/ad82545263dcc5ec0996818884fd5fb1"},"breadcrumb":{"@id":"https:\/\/www.noticiasradioreflejos.com.ar\/2021\/cambiaron-los-jefes-policiales-de-sierra-y-saldungaray\/#breadcrumb"},"inLanguage":"es","potentialAction":[{"@type":"ReadAction","target":["https:\/\/www.noticiasradioreflejos.com.ar\/2021\/cambiaron-los-jefes-policiales-de-sierra-y-saldungaray\/"]}]},{"@type":"ImageObject","inLanguage":"es","@id":"https:\/\/www.noticiasradioreflejos.com.ar\/2021\/cambiaron-los-jefes-policiales-de-sierra-y-saldungaray\/#primaryimage","url":"http:\/\/farm2.staticflickr.com\/1725\/41770555384_7b2fd3abfc.jpg","contentUrl":"http:\/\/farm2.staticflickr.com\/1725\/41770555384_7b2fd3abfc.jpg"},{"@type":"BreadcrumbList","@id":"https:\/\/www.noticiasradioreflejos.com.ar\/2021\/cambiaron-los-jefes-policiales-de-sierra-y-saldungaray\/#breadcrumb","itemListElement":[{"@type":"ListItem","position":1,"name":"Portada","item":"https:\/\/www.noticiasradioreflejos.com.ar\/2021\/"},{"@type":"ListItem","position":2,"name":"Cambiaron los jefes policiales de Sierra y Saldungaray"}]},{"@type":"WebSite","@id":"https:\/\/www.noticiasradioreflejos.com.ar\/2021\/#website","url":"https:\/\/www.noticiasradioreflejos.com.ar\/2021\/","name":"Noticias Radio Reflejos","description":"Las noticias de mi comarca","potentialAction":[{"@type":"SearchAction","target":{"@type":"EntryPoint","urlTemplate":"https:\/\/www.noticiasradioreflejos.com.ar\/2021\/?s={search_term_string}"},"query-input":{"@type":"PropertyValueSpecification","valueRequired":true,"valueName":"search_term_string"}}],"inLanguage":"es"},{"@type":"Person","@id":"https:\/\/www.noticiasradioreflejos.com.ar\/2021\/#\/schema\/person\/ad82545263dcc5ec0996818884fd5fb1","name":"Arnaldo Botto","image":{"@type":"ImageObject","inLanguage":"es","@id":"https:\/\/www.noticiasradioreflejos.com.ar\/2021\/#\/schema\/person\/image\/","url":"https:\/\/secure.gravatar.com\/avatar\/55cb5e37c1efa326397366e6974cb338056df65cb50e7d64d1cf314e87504837?s=96&d=mm&r=g","contentUrl":"https:\/\/secure.gravatar.com\/avatar\/55cb5e37c1efa326397366e6974cb338056df65cb50e7d64d1cf314e87504837?s=96&d=mm&r=g","caption":"Arnaldo Botto"},"url":"https:\/\/www.noticiasradioreflejos.com.ar\/2021\/author\/arnaldo\/"}]}},"_links":{"self":[{"href":"https:\/\/www.noticiasradioreflejos.com.ar\/2021\/wp-json\/wp\/v2\/posts\/22045","targetHints":{"allow":["GET"]}}],"collection":[{"href":"https:\/\/www.noticiasradioreflejos.com.ar\/2021\/wp-json\/wp\/v2\/posts"}],"about":[{"href":"https:\/\/www.noticiasradioreflejos.com.ar\/2021\/wp-json\/wp\/v2\/types\/post"}],"author":[{"embeddable":true,"href":"https:\/\/www.noticiasradioreflejos.com.ar\/2021\/wp-json\/wp\/v2\/users\/3"}],"replies":[{"embeddable":true,"href":"https:\/\/www.noticiasradioreflejos.com.ar\/2021\/wp-json\/wp\/v2\/comments?post=22045"}],"version-history":[{"count":0,"href":"https:\/\/www.noticiasradioreflejos.com.ar\/2021\/wp-json\/wp\/v2\/posts\/22045\/revisions"}],"wp:attachment":[{"href":"https:\/\/www.noticiasradioreflejos.com.ar\/2021\/wp-json\/wp\/v2\/media?parent=22045"}],"wp:term":[{"taxonomy":"category","embeddable":true,"href":"https:\/\/www.noticiasradioreflejos.com.ar\/2021\/wp-json\/wp\/v2\/categories?post=22045"},{"taxonomy":"post_tag","embeddable":true,"href":"https:\/\/www.noticiasradioreflejos.com.ar\/2021\/wp-json\/wp\/v2\/tags?post=22045"}],"curies":[{"name":"wp","href":"https:\/\/api.w.org\/{rel}","templated":true}]}}