{"id":22034,"date":"2018-05-31T21:31:28","date_gmt":"2018-06-01T00:31:28","guid":{"rendered":"http:\/\/www.noticiasradioreflejos.com.ar\/noticias\/?p=22034"},"modified":"2018-05-31T21:31:28","modified_gmt":"2018-06-01T00:31:28","slug":"proyecto-balneario-publico","status":"publish","type":"post","link":"https:\/\/www.noticiasradioreflejos.com.ar\/2021\/proyecto-balneario-publico\/","title":{"rendered":"Proyecto balneario p\u00fablico."},"content":{"rendered":"<p>En marzo del a\u00f1o 2015 se solicit\u00f3 por nota al gobierno de turno y al concejo deliberante en que situaci\u00f3n se encontraban dos parcelas ubicadas sobre la vera del arroyo Belisario donde se encuentra un peque\u00f1o dique, nuestra intenci\u00f3n era su puesta en valor para hacer de ella un lugar de esparcimiento y adem\u00e1s con la posibilidad de crear un balneario.<!--more--><br \/>\nEl 07 de diciembre del a\u00f1o 2016 en reuni\u00f3n del Concejo Deliberante se inici\u00f3 nuestra solicitud bajo el expediente N\u00b0 6903\/16<br \/>\nEste d\u00eda mi\u00e9rcoles 30 de mayo, junto al Sr. intendente Sergio Bordoni , la Sra. Secretaria de Obras P\u00fablicas Gisela Lencina y el Sr. Delegado Hugo Scabuso visitamos el predio para evaluar la factibilidad del proyecto, las autoridades conformes con el lugar por su enclave paisaj\u00edstico dieron su aprobaci\u00f3n al mismo.<br \/>\nPor lo tanto el Municipio se comprometi\u00f3 a construir en esas parcelas un BALNEARIO P\u00daBLICO con ingreso libre y gratuito para el disfrute de nuestros vecinos y visitantes , nuestra instituci\u00f3n colaborar\u00e1 entre otras tareas con la recaudaci\u00f3n de fondos para solventar parte de las obras por eso realizaremos una campa\u00f1a en la que solicitaremos un aporte voluntario de dinero a todos los vecinos partiendo de la base del valor de una bolsa de cemento<br \/>\nEsperamos el apoyo incondicional de nuestros vecinos de Villa Ventana y tambi\u00e9n de la Comarca<br \/>\nCORDIALES SALUDOS<br \/>\nComisi\u00f3n Directiva<br \/>\nAsociaci\u00f3n Prestadores Tur\u00edsticos y Comerciantes de Villa Ventana<\/p>\n","protected":false},"excerpt":{"rendered":"<p>En marzo del a\u00f1o 2015 se solicit\u00f3 por nota al gobierno de turno y al concejo deliberante en que situaci\u00f3n se encontraban dos parcelas ubicadas sobre la vera del arroyo Belisario donde se encuentra un peque\u00f1o dique, nuestra intenci\u00f3n era su puesta en valor para hacer de ella un lugar de esparcimiento y adem\u00e1s con [&hellip;]<\/p>\n","protected":false},"author":3,"featured_media":0,"comment_status":"closed","ping_status":"open","sticky":false,"template":"","format":"standard","meta":{"footnotes":""},"categories":[26],"tags":[],"class_list":["post-22034","post","type-post","status-publish","format-standard","hentry","category-sociedad"],"yoast_head":"<!-- This site is optimized with the Yoast SEO plugin v25.9 - https:\/\/yoast.com\/wordpress\/plugins\/seo\/ -->\n<title>Proyecto balneario p\u00fablico. - Noticias Radio Reflejos<\/title>\n<meta name=\"robots\" content=\"index, follow, max-snippet:-1, max-image-preview:large, max-video-preview:-1\" \/>\n<link rel=\"canonical\" href=\"https:\/\/www.noticiasradioreflejos.com.ar\/2021\/proyecto-balneario-publico\/\" \/>\n<meta property=\"og:locale\" content=\"es_ES\" \/>\n<meta property=\"og:type\" content=\"article\" \/>\n<meta property=\"og:title\" content=\"Proyecto balneario p\u00fablico. - Noticias Radio Reflejos\" \/>\n<meta property=\"og:description\" content=\"En marzo del a\u00f1o 2015 se solicit\u00f3 por nota al gobierno de turno y al concejo deliberante en que situaci\u00f3n se encontraban dos parcelas ubicadas sobre la vera del arroyo Belisario donde se encuentra un peque\u00f1o dique, nuestra intenci\u00f3n era su puesta en valor para hacer de ella un lugar de esparcimiento y adem\u00e1s con [&hellip;]\" \/>\n<meta property=\"og:url\" content=\"https:\/\/www.noticiasradioreflejos.com.ar\/2021\/proyecto-balneario-publico\/\" \/>\n<meta property=\"og:site_name\" content=\"Noticias Radio Reflejos\" \/>\n<meta property=\"article:published_time\" content=\"2018-06-01T00:31:28+00:00\" \/>\n<meta property=\"og:image\" content=\"https:\/\/www.noticiasradioreflejos.com.ar\/2021\/wp-content\/uploads\/2021\/07\/logosol300x200.png\" \/>\n\t<meta property=\"og:image:width\" content=\"300\" \/>\n\t<meta property=\"og:image:height\" content=\"200\" \/>\n\t<meta property=\"og:image:type\" content=\"image\/png\" \/>\n<meta name=\"author\" content=\"Arnaldo Botto\" \/>\n<meta name=\"twitter:card\" content=\"summary_large_image\" \/>\n<script type=\"application\/ld+json\" class=\"yoast-schema-graph\">{\"@context\":\"https:\/\/schema.org\",\"@graph\":[{\"@type\":\"WebPage\",\"@id\":\"https:\/\/www.noticiasradioreflejos.com.ar\/2021\/proyecto-balneario-publico\/\",\"url\":\"https:\/\/www.noticiasradioreflejos.com.ar\/2021\/proyecto-balneario-publico\/\",\"name\":\"Proyecto balneario p\u00fablico. - Noticias Radio Reflejos\",\"isPartOf\":{\"@id\":\"https:\/\/www.noticiasradioreflejos.com.ar\/2021\/#website\"},\"datePublished\":\"2018-06-01T00:31:28+00:00\",\"author\":{\"@id\":\"https:\/\/www.noticiasradioreflejos.com.ar\/2021\/#\/schema\/person\/ad82545263dcc5ec0996818884fd5fb1\"},\"breadcrumb\":{\"@id\":\"https:\/\/www.noticiasradioreflejos.com.ar\/2021\/proyecto-balneario-publico\/#breadcrumb\"},\"inLanguage\":\"es\",\"potentialAction\":[{\"@type\":\"ReadAction\",\"target\":[\"https:\/\/www.noticiasradioreflejos.com.ar\/2021\/proyecto-balneario-publico\/\"]}]},{\"@type\":\"BreadcrumbList\",\"@id\":\"https:\/\/www.noticiasradioreflejos.com.ar\/2021\/proyecto-balneario-publico\/#breadcrumb\",\"itemListElement\":[{\"@type\":\"ListItem\",\"position\":1,\"name\":\"Portada\",\"item\":\"https:\/\/www.noticiasradioreflejos.com.ar\/2021\/\"},{\"@type\":\"ListItem\",\"position\":2,\"name\":\"Proyecto balneario p\u00fablico.\"}]},{\"@type\":\"WebSite\",\"@id\":\"https:\/\/www.noticiasradioreflejos.com.ar\/2021\/#website\",\"url\":\"https:\/\/www.noticiasradioreflejos.com.ar\/2021\/\",\"name\":\"Noticias Radio Reflejos\",\"description\":\"Las noticias de mi comarca\",\"potentialAction\":[{\"@type\":\"SearchAction\",\"target\":{\"@type\":\"EntryPoint\",\"urlTemplate\":\"https:\/\/www.noticiasradioreflejos.com.ar\/2021\/?s={search_term_string}\"},\"query-input\":{\"@type\":\"PropertyValueSpecification\",\"valueRequired\":true,\"valueName\":\"search_term_string\"}}],\"inLanguage\":\"es\"},{\"@type\":\"Person\",\"@id\":\"https:\/\/www.noticiasradioreflejos.com.ar\/2021\/#\/schema\/person\/ad82545263dcc5ec0996818884fd5fb1\",\"name\":\"Arnaldo Botto\",\"image\":{\"@type\":\"ImageObject\",\"inLanguage\":\"es\",\"@id\":\"https:\/\/www.noticiasradioreflejos.com.ar\/2021\/#\/schema\/person\/image\/\",\"url\":\"https:\/\/secure.gravatar.com\/avatar\/55cb5e37c1efa326397366e6974cb338056df65cb50e7d64d1cf314e87504837?s=96&d=mm&r=g\",\"contentUrl\":\"https:\/\/secure.gravatar.com\/avatar\/55cb5e37c1efa326397366e6974cb338056df65cb50e7d64d1cf314e87504837?s=96&d=mm&r=g\",\"caption\":\"Arnaldo Botto\"},\"url\":\"https:\/\/www.noticiasradioreflejos.com.ar\/2021\/author\/arnaldo\/\"}]}<\/script>\n<!-- \/ Yoast SEO plugin. -->","yoast_head_json":{"title":"Proyecto balneario p\u00fablico. - Noticias Radio Reflejos","robots":{"index":"index","follow":"follow","max-snippet":"max-snippet:-1","max-image-preview":"max-image-preview:large","max-video-preview":"max-video-preview:-1"},"canonical":"https:\/\/www.noticiasradioreflejos.com.ar\/2021\/proyecto-balneario-publico\/","og_locale":"es_ES","og_type":"article","og_title":"Proyecto balneario p\u00fablico. - Noticias Radio Reflejos","og_description":"En marzo del a\u00f1o 2015 se solicit\u00f3 por nota al gobierno de turno y al concejo deliberante en que situaci\u00f3n se encontraban dos parcelas ubicadas sobre la vera del arroyo Belisario donde se encuentra un peque\u00f1o dique, nuestra intenci\u00f3n era su puesta en valor para hacer de ella un lugar de esparcimiento y adem\u00e1s con [&hellip;]","og_url":"https:\/\/www.noticiasradioreflejos.com.ar\/2021\/proyecto-balneario-publico\/","og_site_name":"Noticias Radio Reflejos","article_published_time":"2018-06-01T00:31:28+00:00","og_image":[{"width":300,"height":200,"url":"https:\/\/www.noticiasradioreflejos.com.ar\/2021\/wp-content\/uploads\/2021\/07\/logosol300x200.png","type":"image\/png"}],"author":"Arnaldo Botto","twitter_card":"summary_large_image","schema":{"@context":"https:\/\/schema.org","@graph":[{"@type":"WebPage","@id":"https:\/\/www.noticiasradioreflejos.com.ar\/2021\/proyecto-balneario-publico\/","url":"https:\/\/www.noticiasradioreflejos.com.ar\/2021\/proyecto-balneario-publico\/","name":"Proyecto balneario p\u00fablico. - Noticias Radio Reflejos","isPartOf":{"@id":"https:\/\/www.noticiasradioreflejos.com.ar\/2021\/#website"},"datePublished":"2018-06-01T00:31:28+00:00","author":{"@id":"https:\/\/www.noticiasradioreflejos.com.ar\/2021\/#\/schema\/person\/ad82545263dcc5ec0996818884fd5fb1"},"breadcrumb":{"@id":"https:\/\/www.noticiasradioreflejos.com.ar\/2021\/proyecto-balneario-publico\/#breadcrumb"},"inLanguage":"es","potentialAction":[{"@type":"ReadAction","target":["https:\/\/www.noticiasradioreflejos.com.ar\/2021\/proyecto-balneario-publico\/"]}]},{"@type":"BreadcrumbList","@id":"https:\/\/www.noticiasradioreflejos.com.ar\/2021\/proyecto-balneario-publico\/#breadcrumb","itemListElement":[{"@type":"ListItem","position":1,"name":"Portada","item":"https:\/\/www.noticiasradioreflejos.com.ar\/2021\/"},{"@type":"ListItem","position":2,"name":"Proyecto balneario p\u00fablico."}]},{"@type":"WebSite","@id":"https:\/\/www.noticiasradioreflejos.com.ar\/2021\/#website","url":"https:\/\/www.noticiasradioreflejos.com.ar\/2021\/","name":"Noticias Radio Reflejos","description":"Las noticias de mi comarca","potentialAction":[{"@type":"SearchAction","target":{"@type":"EntryPoint","urlTemplate":"https:\/\/www.noticiasradioreflejos.com.ar\/2021\/?s={search_term_string}"},"query-input":{"@type":"PropertyValueSpecification","valueRequired":true,"valueName":"search_term_string"}}],"inLanguage":"es"},{"@type":"Person","@id":"https:\/\/www.noticiasradioreflejos.com.ar\/2021\/#\/schema\/person\/ad82545263dcc5ec0996818884fd5fb1","name":"Arnaldo Botto","image":{"@type":"ImageObject","inLanguage":"es","@id":"https:\/\/www.noticiasradioreflejos.com.ar\/2021\/#\/schema\/person\/image\/","url":"https:\/\/secure.gravatar.com\/avatar\/55cb5e37c1efa326397366e6974cb338056df65cb50e7d64d1cf314e87504837?s=96&d=mm&r=g","contentUrl":"https:\/\/secure.gravatar.com\/avatar\/55cb5e37c1efa326397366e6974cb338056df65cb50e7d64d1cf314e87504837?s=96&d=mm&r=g","caption":"Arnaldo Botto"},"url":"https:\/\/www.noticiasradioreflejos.com.ar\/2021\/author\/arnaldo\/"}]}},"_links":{"self":[{"href":"https:\/\/www.noticiasradioreflejos.com.ar\/2021\/wp-json\/wp\/v2\/posts\/22034","targetHints":{"allow":["GET"]}}],"collection":[{"href":"https:\/\/www.noticiasradioreflejos.com.ar\/2021\/wp-json\/wp\/v2\/posts"}],"about":[{"href":"https:\/\/www.noticiasradioreflejos.com.ar\/2021\/wp-json\/wp\/v2\/types\/post"}],"author":[{"embeddable":true,"href":"https:\/\/www.noticiasradioreflejos.com.ar\/2021\/wp-json\/wp\/v2\/users\/3"}],"replies":[{"embeddable":true,"href":"https:\/\/www.noticiasradioreflejos.com.ar\/2021\/wp-json\/wp\/v2\/comments?post=22034"}],"version-history":[{"count":0,"href":"https:\/\/www.noticiasradioreflejos.com.ar\/2021\/wp-json\/wp\/v2\/posts\/22034\/revisions"}],"wp:attachment":[{"href":"https:\/\/www.noticiasradioreflejos.com.ar\/2021\/wp-json\/wp\/v2\/media?parent=22034"}],"wp:term":[{"taxonomy":"category","embeddable":true,"href":"https:\/\/www.noticiasradioreflejos.com.ar\/2021\/wp-json\/wp\/v2\/categories?post=22034"},{"taxonomy":"post_tag","embeddable":true,"href":"https:\/\/www.noticiasradioreflejos.com.ar\/2021\/wp-json\/wp\/v2\/tags?post=22034"}],"curies":[{"name":"wp","href":"https:\/\/api.w.org\/{rel}","templated":true}]}}