{"id":22022,"date":"2018-05-31T12:39:19","date_gmt":"2018-05-31T15:39:19","guid":{"rendered":"http:\/\/www.noticiasradioreflejos.com.ar\/noticias\/?p=22022"},"modified":"2018-05-31T12:39:19","modified_gmt":"2018-05-31T15:39:19","slug":"turismo-presente-en-la-presentacion-del-informe-elaborado-por-el-observatorio-economico-de-turismo","status":"publish","type":"post","link":"https:\/\/www.noticiasradioreflejos.com.ar\/2021\/turismo-presente-en-la-presentacion-del-informe-elaborado-por-el-observatorio-economico-de-turismo\/","title":{"rendered":"Turismo presente en la presentaci\u00f3n del informe elaborado por el Observatorio econ\u00f3mico de Turismo"},"content":{"rendered":"<p>Este mi\u00e9rcoles, en el Hotel Panamericano de CABA, se presentaron los resultados de los estudios sobre la evoluci\u00f3n de las condiciones socioecon\u00f3micas de la Naci\u00f3n, elaborado por el Observatorio Econ\u00f3mico de Turismo. La Secretar\u00eda de Turismo municipal estuvo presente en dicho evento, ya que nuestro destino fue incluido en dicho informe.<!--more--><br \/>\nEl trabajo elaborado de manera conjunta  entre el Ministerio de Turismo de Naci\u00f3n y la Facultad de Ciencias Econ\u00f3micas de la UBA, brinda informaci\u00f3n detallada y estad\u00edstica actualizada respecto del crecimiento tur\u00edstico de la provincia.<br \/>\nEs importante destacar que dicho observatorio posee datos ICCA (International Congress and Convention Assosiation).<br \/>\nNuestro distrito, al ser incorporado al Observatorio, se ver\u00e1 beneficiado, entre otros temas, en la incorporaci\u00f3n de la comarca como Turismo de Reuniones (para realizaci\u00f3n de eventos acad\u00e9micos, corporativos, culturales y deportivos).<\/p>\n","protected":false},"excerpt":{"rendered":"<p>Este mi\u00e9rcoles, en el Hotel Panamericano de CABA, se presentaron los resultados de los estudios sobre la evoluci\u00f3n de las condiciones socioecon\u00f3micas de la Naci\u00f3n, elaborado por el Observatorio Econ\u00f3mico de Turismo. La Secretar\u00eda de Turismo municipal estuvo presente en dicho evento, ya que nuestro destino fue incluido en dicho informe.<\/p>\n","protected":false},"author":3,"featured_media":0,"comment_status":"closed","ping_status":"open","sticky":false,"template":"","format":"standard","meta":{"footnotes":""},"categories":[33],"tags":[],"class_list":["post-22022","post","type-post","status-publish","format-standard","hentry","category-turismo"],"yoast_head":"<!-- This site is optimized with the Yoast SEO plugin v25.9 - https:\/\/yoast.com\/wordpress\/plugins\/seo\/ -->\n<title>Turismo presente en la presentaci\u00f3n del informe elaborado por el Observatorio econ\u00f3mico de Turismo - Noticias Radio Reflejos<\/title>\n<meta name=\"robots\" content=\"index, follow, max-snippet:-1, max-image-preview:large, max-video-preview:-1\" \/>\n<link rel=\"canonical\" href=\"https:\/\/www.noticiasradioreflejos.com.ar\/2021\/turismo-presente-en-la-presentacion-del-informe-elaborado-por-el-observatorio-economico-de-turismo\/\" \/>\n<meta property=\"og:locale\" content=\"es_ES\" \/>\n<meta property=\"og:type\" content=\"article\" \/>\n<meta property=\"og:title\" content=\"Turismo presente en la presentaci\u00f3n del informe elaborado por el Observatorio econ\u00f3mico de Turismo - Noticias Radio Reflejos\" \/>\n<meta property=\"og:description\" content=\"Este mi\u00e9rcoles, en el Hotel Panamericano de CABA, se presentaron los resultados de los estudios sobre la evoluci\u00f3n de las condiciones socioecon\u00f3micas de la Naci\u00f3n, elaborado por el Observatorio Econ\u00f3mico de Turismo. La Secretar\u00eda de Turismo municipal estuvo presente en dicho evento, ya que nuestro destino fue incluido en dicho informe.\" \/>\n<meta property=\"og:url\" content=\"https:\/\/www.noticiasradioreflejos.com.ar\/2021\/turismo-presente-en-la-presentacion-del-informe-elaborado-por-el-observatorio-economico-de-turismo\/\" \/>\n<meta property=\"og:site_name\" content=\"Noticias Radio Reflejos\" \/>\n<meta property=\"article:published_time\" content=\"2018-05-31T15:39:19+00:00\" \/>\n<meta property=\"og:image\" content=\"https:\/\/www.noticiasradioreflejos.com.ar\/2021\/wp-content\/uploads\/2021\/07\/logosol300x200.png\" \/>\n\t<meta property=\"og:image:width\" content=\"300\" \/>\n\t<meta property=\"og:image:height\" content=\"200\" \/>\n\t<meta property=\"og:image:type\" content=\"image\/png\" \/>\n<meta name=\"author\" content=\"Arnaldo Botto\" \/>\n<meta name=\"twitter:card\" content=\"summary_large_image\" \/>\n<script type=\"application\/ld+json\" class=\"yoast-schema-graph\">{\"@context\":\"https:\/\/schema.org\",\"@graph\":[{\"@type\":\"WebPage\",\"@id\":\"https:\/\/www.noticiasradioreflejos.com.ar\/2021\/turismo-presente-en-la-presentacion-del-informe-elaborado-por-el-observatorio-economico-de-turismo\/\",\"url\":\"https:\/\/www.noticiasradioreflejos.com.ar\/2021\/turismo-presente-en-la-presentacion-del-informe-elaborado-por-el-observatorio-economico-de-turismo\/\",\"name\":\"Turismo presente en la presentaci\u00f3n del informe elaborado por el Observatorio econ\u00f3mico de Turismo - Noticias Radio Reflejos\",\"isPartOf\":{\"@id\":\"https:\/\/www.noticiasradioreflejos.com.ar\/2021\/#website\"},\"datePublished\":\"2018-05-31T15:39:19+00:00\",\"author\":{\"@id\":\"https:\/\/www.noticiasradioreflejos.com.ar\/2021\/#\/schema\/person\/ad82545263dcc5ec0996818884fd5fb1\"},\"breadcrumb\":{\"@id\":\"https:\/\/www.noticiasradioreflejos.com.ar\/2021\/turismo-presente-en-la-presentacion-del-informe-elaborado-por-el-observatorio-economico-de-turismo\/#breadcrumb\"},\"inLanguage\":\"es\",\"potentialAction\":[{\"@type\":\"ReadAction\",\"target\":[\"https:\/\/www.noticiasradioreflejos.com.ar\/2021\/turismo-presente-en-la-presentacion-del-informe-elaborado-por-el-observatorio-economico-de-turismo\/\"]}]},{\"@type\":\"BreadcrumbList\",\"@id\":\"https:\/\/www.noticiasradioreflejos.com.ar\/2021\/turismo-presente-en-la-presentacion-del-informe-elaborado-por-el-observatorio-economico-de-turismo\/#breadcrumb\",\"itemListElement\":[{\"@type\":\"ListItem\",\"position\":1,\"name\":\"Portada\",\"item\":\"https:\/\/www.noticiasradioreflejos.com.ar\/2021\/\"},{\"@type\":\"ListItem\",\"position\":2,\"name\":\"Turismo presente en la presentaci\u00f3n del informe elaborado por el Observatorio econ\u00f3mico de Turismo\"}]},{\"@type\":\"WebSite\",\"@id\":\"https:\/\/www.noticiasradioreflejos.com.ar\/2021\/#website\",\"url\":\"https:\/\/www.noticiasradioreflejos.com.ar\/2021\/\",\"name\":\"Noticias Radio Reflejos\",\"description\":\"Las noticias de mi comarca\",\"potentialAction\":[{\"@type\":\"SearchAction\",\"target\":{\"@type\":\"EntryPoint\",\"urlTemplate\":\"https:\/\/www.noticiasradioreflejos.com.ar\/2021\/?s={search_term_string}\"},\"query-input\":{\"@type\":\"PropertyValueSpecification\",\"valueRequired\":true,\"valueName\":\"search_term_string\"}}],\"inLanguage\":\"es\"},{\"@type\":\"Person\",\"@id\":\"https:\/\/www.noticiasradioreflejos.com.ar\/2021\/#\/schema\/person\/ad82545263dcc5ec0996818884fd5fb1\",\"name\":\"Arnaldo Botto\",\"image\":{\"@type\":\"ImageObject\",\"inLanguage\":\"es\",\"@id\":\"https:\/\/www.noticiasradioreflejos.com.ar\/2021\/#\/schema\/person\/image\/\",\"url\":\"https:\/\/secure.gravatar.com\/avatar\/55cb5e37c1efa326397366e6974cb338056df65cb50e7d64d1cf314e87504837?s=96&d=mm&r=g\",\"contentUrl\":\"https:\/\/secure.gravatar.com\/avatar\/55cb5e37c1efa326397366e6974cb338056df65cb50e7d64d1cf314e87504837?s=96&d=mm&r=g\",\"caption\":\"Arnaldo Botto\"},\"url\":\"https:\/\/www.noticiasradioreflejos.com.ar\/2021\/author\/arnaldo\/\"}]}<\/script>\n<!-- \/ Yoast SEO plugin. -->","yoast_head_json":{"title":"Turismo presente en la presentaci\u00f3n del informe elaborado por el Observatorio econ\u00f3mico de Turismo - Noticias Radio Reflejos","robots":{"index":"index","follow":"follow","max-snippet":"max-snippet:-1","max-image-preview":"max-image-preview:large","max-video-preview":"max-video-preview:-1"},"canonical":"https:\/\/www.noticiasradioreflejos.com.ar\/2021\/turismo-presente-en-la-presentacion-del-informe-elaborado-por-el-observatorio-economico-de-turismo\/","og_locale":"es_ES","og_type":"article","og_title":"Turismo presente en la presentaci\u00f3n del informe elaborado por el Observatorio econ\u00f3mico de Turismo - Noticias Radio Reflejos","og_description":"Este mi\u00e9rcoles, en el Hotel Panamericano de CABA, se presentaron los resultados de los estudios sobre la evoluci\u00f3n de las condiciones socioecon\u00f3micas de la Naci\u00f3n, elaborado por el Observatorio Econ\u00f3mico de Turismo. La Secretar\u00eda de Turismo municipal estuvo presente en dicho evento, ya que nuestro destino fue incluido en dicho informe.","og_url":"https:\/\/www.noticiasradioreflejos.com.ar\/2021\/turismo-presente-en-la-presentacion-del-informe-elaborado-por-el-observatorio-economico-de-turismo\/","og_site_name":"Noticias Radio Reflejos","article_published_time":"2018-05-31T15:39:19+00:00","og_image":[{"width":300,"height":200,"url":"https:\/\/www.noticiasradioreflejos.com.ar\/2021\/wp-content\/uploads\/2021\/07\/logosol300x200.png","type":"image\/png"}],"author":"Arnaldo Botto","twitter_card":"summary_large_image","schema":{"@context":"https:\/\/schema.org","@graph":[{"@type":"WebPage","@id":"https:\/\/www.noticiasradioreflejos.com.ar\/2021\/turismo-presente-en-la-presentacion-del-informe-elaborado-por-el-observatorio-economico-de-turismo\/","url":"https:\/\/www.noticiasradioreflejos.com.ar\/2021\/turismo-presente-en-la-presentacion-del-informe-elaborado-por-el-observatorio-economico-de-turismo\/","name":"Turismo presente en la presentaci\u00f3n del informe elaborado por el Observatorio econ\u00f3mico de Turismo - Noticias Radio Reflejos","isPartOf":{"@id":"https:\/\/www.noticiasradioreflejos.com.ar\/2021\/#website"},"datePublished":"2018-05-31T15:39:19+00:00","author":{"@id":"https:\/\/www.noticiasradioreflejos.com.ar\/2021\/#\/schema\/person\/ad82545263dcc5ec0996818884fd5fb1"},"breadcrumb":{"@id":"https:\/\/www.noticiasradioreflejos.com.ar\/2021\/turismo-presente-en-la-presentacion-del-informe-elaborado-por-el-observatorio-economico-de-turismo\/#breadcrumb"},"inLanguage":"es","potentialAction":[{"@type":"ReadAction","target":["https:\/\/www.noticiasradioreflejos.com.ar\/2021\/turismo-presente-en-la-presentacion-del-informe-elaborado-por-el-observatorio-economico-de-turismo\/"]}]},{"@type":"BreadcrumbList","@id":"https:\/\/www.noticiasradioreflejos.com.ar\/2021\/turismo-presente-en-la-presentacion-del-informe-elaborado-por-el-observatorio-economico-de-turismo\/#breadcrumb","itemListElement":[{"@type":"ListItem","position":1,"name":"Portada","item":"https:\/\/www.noticiasradioreflejos.com.ar\/2021\/"},{"@type":"ListItem","position":2,"name":"Turismo presente en la presentaci\u00f3n del informe elaborado por el Observatorio econ\u00f3mico de Turismo"}]},{"@type":"WebSite","@id":"https:\/\/www.noticiasradioreflejos.com.ar\/2021\/#website","url":"https:\/\/www.noticiasradioreflejos.com.ar\/2021\/","name":"Noticias Radio Reflejos","description":"Las noticias de mi comarca","potentialAction":[{"@type":"SearchAction","target":{"@type":"EntryPoint","urlTemplate":"https:\/\/www.noticiasradioreflejos.com.ar\/2021\/?s={search_term_string}"},"query-input":{"@type":"PropertyValueSpecification","valueRequired":true,"valueName":"search_term_string"}}],"inLanguage":"es"},{"@type":"Person","@id":"https:\/\/www.noticiasradioreflejos.com.ar\/2021\/#\/schema\/person\/ad82545263dcc5ec0996818884fd5fb1","name":"Arnaldo Botto","image":{"@type":"ImageObject","inLanguage":"es","@id":"https:\/\/www.noticiasradioreflejos.com.ar\/2021\/#\/schema\/person\/image\/","url":"https:\/\/secure.gravatar.com\/avatar\/55cb5e37c1efa326397366e6974cb338056df65cb50e7d64d1cf314e87504837?s=96&d=mm&r=g","contentUrl":"https:\/\/secure.gravatar.com\/avatar\/55cb5e37c1efa326397366e6974cb338056df65cb50e7d64d1cf314e87504837?s=96&d=mm&r=g","caption":"Arnaldo Botto"},"url":"https:\/\/www.noticiasradioreflejos.com.ar\/2021\/author\/arnaldo\/"}]}},"_links":{"self":[{"href":"https:\/\/www.noticiasradioreflejos.com.ar\/2021\/wp-json\/wp\/v2\/posts\/22022","targetHints":{"allow":["GET"]}}],"collection":[{"href":"https:\/\/www.noticiasradioreflejos.com.ar\/2021\/wp-json\/wp\/v2\/posts"}],"about":[{"href":"https:\/\/www.noticiasradioreflejos.com.ar\/2021\/wp-json\/wp\/v2\/types\/post"}],"author":[{"embeddable":true,"href":"https:\/\/www.noticiasradioreflejos.com.ar\/2021\/wp-json\/wp\/v2\/users\/3"}],"replies":[{"embeddable":true,"href":"https:\/\/www.noticiasradioreflejos.com.ar\/2021\/wp-json\/wp\/v2\/comments?post=22022"}],"version-history":[{"count":0,"href":"https:\/\/www.noticiasradioreflejos.com.ar\/2021\/wp-json\/wp\/v2\/posts\/22022\/revisions"}],"wp:attachment":[{"href":"https:\/\/www.noticiasradioreflejos.com.ar\/2021\/wp-json\/wp\/v2\/media?parent=22022"}],"wp:term":[{"taxonomy":"category","embeddable":true,"href":"https:\/\/www.noticiasradioreflejos.com.ar\/2021\/wp-json\/wp\/v2\/categories?post=22022"},{"taxonomy":"post_tag","embeddable":true,"href":"https:\/\/www.noticiasradioreflejos.com.ar\/2021\/wp-json\/wp\/v2\/tags?post=22022"}],"curies":[{"name":"wp","href":"https:\/\/api.w.org\/{rel}","templated":true}]}}