{"id":22018,"date":"2018-05-31T15:50:55","date_gmt":"2018-05-31T18:50:55","guid":{"rendered":"http:\/\/www.noticiasradioreflejos.com.ar\/noticias\/?p=22018"},"modified":"2018-05-31T15:50:55","modified_gmt":"2018-05-31T18:50:55","slug":"hace-anos-que-queria-que-en-villa-haya-un-balneario-que-se-concrete-porque-no-tenemos","status":"publish","type":"post","link":"https:\/\/www.noticiasradioreflejos.com.ar\/2021\/hace-anos-que-queria-que-en-villa-haya-un-balneario-que-se-concrete-porque-no-tenemos\/","title":{"rendered":"&quot;Hace a\u00f1os que quer\u00eda que en Villa haya un balneario, que se concrete, porque no tenemos&quot;"},"content":{"rendered":"<p><a title=\"100_6646\" href=\"http:\/\/farm2.staticflickr.com\/1728\/27603275747_a2fc63013f.jpg\" rel=\"\"><img loading=\"lazy\" decoding=\"async\" class=\"alignleft\" style=\"float: left;\" title=\"100_6646\" src=\"http:\/\/farm2.staticflickr.com\/1728\/27603275747_a2fc63013f.jpg\" alt=\"100_6646\" width=\"491\" height=\"500\" \/><\/a>Gladys Contreras, presidente de la Asociaci\u00f3n de Prestadores y Comerciantes de Villa Ventana; durante una nota realizada hoy en nuestra emisora, anuncia varias obras que se realizar\u00e1n en la localidad, destacando una pileta de nataci\u00f3n que construir\u00e1 el municipio con la colaboraci\u00f3n de los vecinos de la villa sobre el cauce del Arroyo Belisario.<!--more--><br \/>\nRespecto a la apertura nuevamente de la calle Tres Picos, Gladys nos cont\u00f3, \u00abTiene soluci\u00f3n, el Intendente con toda voluntad le encontr\u00f3 la vuelta, y todos felices porque esa calle se va a volver a abrir, y van a trabajar los comerciantes, y los habitantes, asique esta bueno, me pone muy contenta, eso por un lado\u00bb.<br \/>\n\u00abAntes de las vacaciones de invierno dijo el Intendente que justamente ayer con la ingeniera Gisela Lencina, fuimos a ver el balneario, les cuento a la poblaci\u00f3n y a todos, la asociaci\u00f3n hace como 4 a\u00f1os vimos un lugarcito arriba de todo por el Belisario, es un lugar agreste, se ven las sierras, y bueno presentamos en el concejo eso, y lo quer\u00edamos para hacer un balneario, bueno en ese lugarcito ayer lo constato la ingeniera Lencina y el intendente Bordoni, y le encanto, pero lo queremos plasmar, queremos hacer algo para la poblaci\u00f3n, es lo que pasa en Villa cuando viene la sequ\u00eda o bueno por l\u00f3gica el dique se ensucia y despu\u00e9s queda todo eso estancado, entonces viendo eso esta bueno porque se va a hacer si dios quiere y si nos ayuda la poblaci\u00f3n, porque esto va a ser de todos, se va a concretar si dios quiere para la temporada esta que viene, le tenemos que poner las pilas, y se va a hacer una pileta como de nataci\u00f3n, cosa que esa agua se mantenga en la temporada, como una pileta de su casa de nataci\u00f3n, una piscina, mantenerla en la temporada, y que la pueda usar todo el pueblo, va a ser un balneario publico en Villa Ventana, hay retamas que tapan un mont\u00f3n, pero bueno, se pondr\u00e1n sobre la marcha, lo importante es que eso se pueda plasmar y que la gente tenga un lugar donde ba\u00f1arse. Vamos a necesitar a toda la poblaci\u00f3n, eso va a ser del municipio pero la asociaci\u00f3n va a trabajar en conjunto, vamos a pedir a la poblaci\u00f3n a cada habitante de Villa Ventana, la colaboraci\u00f3n del valor de una bolsa de cemento, estar\u00e1 200$, y bueno vamos a necesitar la colaboraci\u00f3n de cada vecino, vamos a ir casa por casa, para que eso se haga realidad, porque hay muchos gastos ah\u00ed, el municipio pone todo, ponen todo y nosotros con el tema del cemento que bueno va a llevar bastante cemento ah\u00ed, asique ayer estaba feliz por esto que es lo que realmente quer\u00eda, hace a\u00f1os que quer\u00eda que en Villa haya un balneario, que se concrete, porque no tenemos, llega la temporada y no hay un lugar\u00bb.<br \/>\n\u00abLleg\u00f3 una hamaca para discapacitados tambi\u00e9n que se va a colocar en la plaza salerno, asique ayer ya estuvimos buscando lugarcito ya esta aprobado el lugar, y el lunes ya van a poner la hamaca, asique eso tiene que fraguar una semana, y ya despu\u00e9s se puede habilitar, eso es otro trabajo de la asociaci\u00f3n\u00bb.<br \/>\nNOTA COMPLETA:<br \/>\n<iframe loading=\"lazy\" src=\"https:\/\/w.soundcloud.com\/player\/?url=https%3A\/\/api.soundcloud.com\/tracks\/451724088&amp;color=%23ff5500&amp;auto_play=false&amp;hide_related=false&amp;show_comments=true&amp;show_user=true&amp;show_reposts=false&amp;show_teaser=true\" width=\"100%\" height=\"166\" frameborder=\"no\" scrolling=\"no\"><\/iframe><\/p>\n","protected":false},"excerpt":{"rendered":"<p>Gladys Contreras, presidente de la Asociaci\u00f3n de Prestadores y Comerciantes de Villa Ventana; durante una nota realizada hoy en nuestra emisora, anuncia varias obras que se realizar\u00e1n en la localidad, destacando una pileta de nataci\u00f3n que construir\u00e1 el municipio con la colaboraci\u00f3n de los vecinos de la villa sobre el cauce del Arroyo Belisario.<\/p>\n","protected":false},"author":3,"featured_media":22019,"comment_status":"closed","ping_status":"open","sticky":false,"template":"","format":"standard","meta":{"footnotes":""},"categories":[26],"tags":[],"class_list":["post-22018","post","type-post","status-publish","format-standard","has-post-thumbnail","hentry","category-sociedad"],"yoast_head":"<!-- This site is optimized with the Yoast SEO plugin v25.9 - https:\/\/yoast.com\/wordpress\/plugins\/seo\/ -->\n<title>&quot;Hace a\u00f1os que quer\u00eda que en Villa haya un balneario, que se concrete, porque no tenemos&quot; - Noticias Radio Reflejos<\/title>\n<meta name=\"robots\" content=\"index, follow, max-snippet:-1, max-image-preview:large, max-video-preview:-1\" \/>\n<link rel=\"canonical\" href=\"https:\/\/www.noticiasradioreflejos.com.ar\/2021\/hace-anos-que-queria-que-en-villa-haya-un-balneario-que-se-concrete-porque-no-tenemos\/\" \/>\n<meta property=\"og:locale\" content=\"es_ES\" \/>\n<meta property=\"og:type\" content=\"article\" \/>\n<meta property=\"og:title\" content=\"&quot;Hace a\u00f1os que quer\u00eda que en Villa haya un balneario, que se concrete, porque no tenemos&quot; - Noticias Radio Reflejos\" \/>\n<meta property=\"og:description\" content=\"Gladys Contreras, presidente de la Asociaci\u00f3n de Prestadores y Comerciantes de Villa Ventana; durante una nota realizada hoy en nuestra emisora, anuncia varias obras que se realizar\u00e1n en la localidad, destacando una pileta de nataci\u00f3n que construir\u00e1 el municipio con la colaboraci\u00f3n de los vecinos de la villa sobre el cauce del Arroyo Belisario.\" \/>\n<meta property=\"og:url\" content=\"https:\/\/www.noticiasradioreflejos.com.ar\/2021\/hace-anos-que-queria-que-en-villa-haya-un-balneario-que-se-concrete-porque-no-tenemos\/\" \/>\n<meta property=\"og:site_name\" content=\"Noticias Radio Reflejos\" \/>\n<meta property=\"article:published_time\" content=\"2018-05-31T18:50:55+00:00\" \/>\n<meta property=\"og:image\" content=\"https:\/\/www.noticiasradioreflejos.com.ar\/2021\/wp-content\/uploads\/2018\/05\/11220011.jpg\" \/>\n\t<meta property=\"og:image:width\" content=\"1600\" \/>\n\t<meta property=\"og:image:height\" content=\"900\" \/>\n\t<meta property=\"og:image:type\" content=\"image\/jpeg\" \/>\n<meta name=\"author\" content=\"Arnaldo Botto\" \/>\n<meta name=\"twitter:card\" content=\"summary_large_image\" \/>\n<script type=\"application\/ld+json\" class=\"yoast-schema-graph\">{\"@context\":\"https:\/\/schema.org\",\"@graph\":[{\"@type\":\"WebPage\",\"@id\":\"https:\/\/www.noticiasradioreflejos.com.ar\/2021\/hace-anos-que-queria-que-en-villa-haya-un-balneario-que-se-concrete-porque-no-tenemos\/\",\"url\":\"https:\/\/www.noticiasradioreflejos.com.ar\/2021\/hace-anos-que-queria-que-en-villa-haya-un-balneario-que-se-concrete-porque-no-tenemos\/\",\"name\":\"&quot;Hace a\u00f1os que quer\u00eda que en Villa haya un balneario, que se concrete, porque no tenemos&quot; - Noticias Radio Reflejos\",\"isPartOf\":{\"@id\":\"https:\/\/www.noticiasradioreflejos.com.ar\/2021\/#website\"},\"primaryImageOfPage\":{\"@id\":\"https:\/\/www.noticiasradioreflejos.com.ar\/2021\/hace-anos-que-queria-que-en-villa-haya-un-balneario-que-se-concrete-porque-no-tenemos\/#primaryimage\"},\"image\":{\"@id\":\"https:\/\/www.noticiasradioreflejos.com.ar\/2021\/hace-anos-que-queria-que-en-villa-haya-un-balneario-que-se-concrete-porque-no-tenemos\/#primaryimage\"},\"thumbnailUrl\":\"https:\/\/www.noticiasradioreflejos.com.ar\/2021\/wp-content\/uploads\/2018\/05\/11220011.jpg\",\"datePublished\":\"2018-05-31T18:50:55+00:00\",\"author\":{\"@id\":\"https:\/\/www.noticiasradioreflejos.com.ar\/2021\/#\/schema\/person\/ad82545263dcc5ec0996818884fd5fb1\"},\"breadcrumb\":{\"@id\":\"https:\/\/www.noticiasradioreflejos.com.ar\/2021\/hace-anos-que-queria-que-en-villa-haya-un-balneario-que-se-concrete-porque-no-tenemos\/#breadcrumb\"},\"inLanguage\":\"es\",\"potentialAction\":[{\"@type\":\"ReadAction\",\"target\":[\"https:\/\/www.noticiasradioreflejos.com.ar\/2021\/hace-anos-que-queria-que-en-villa-haya-un-balneario-que-se-concrete-porque-no-tenemos\/\"]}]},{\"@type\":\"ImageObject\",\"inLanguage\":\"es\",\"@id\":\"https:\/\/www.noticiasradioreflejos.com.ar\/2021\/hace-anos-que-queria-que-en-villa-haya-un-balneario-que-se-concrete-porque-no-tenemos\/#primaryimage\",\"url\":\"https:\/\/www.noticiasradioreflejos.com.ar\/2021\/wp-content\/uploads\/2018\/05\/11220011.jpg\",\"contentUrl\":\"https:\/\/www.noticiasradioreflejos.com.ar\/2021\/wp-content\/uploads\/2018\/05\/11220011.jpg\",\"width\":1600,\"height\":900},{\"@type\":\"BreadcrumbList\",\"@id\":\"https:\/\/www.noticiasradioreflejos.com.ar\/2021\/hace-anos-que-queria-que-en-villa-haya-un-balneario-que-se-concrete-porque-no-tenemos\/#breadcrumb\",\"itemListElement\":[{\"@type\":\"ListItem\",\"position\":1,\"name\":\"Portada\",\"item\":\"https:\/\/www.noticiasradioreflejos.com.ar\/2021\/\"},{\"@type\":\"ListItem\",\"position\":2,\"name\":\"&quot;Hace a\u00f1os que quer\u00eda que en Villa haya un balneario, que se concrete, porque no tenemos&quot;\"}]},{\"@type\":\"WebSite\",\"@id\":\"https:\/\/www.noticiasradioreflejos.com.ar\/2021\/#website\",\"url\":\"https:\/\/www.noticiasradioreflejos.com.ar\/2021\/\",\"name\":\"Noticias Radio Reflejos\",\"description\":\"Las noticias de mi comarca\",\"potentialAction\":[{\"@type\":\"SearchAction\",\"target\":{\"@type\":\"EntryPoint\",\"urlTemplate\":\"https:\/\/www.noticiasradioreflejos.com.ar\/2021\/?s={search_term_string}\"},\"query-input\":{\"@type\":\"PropertyValueSpecification\",\"valueRequired\":true,\"valueName\":\"search_term_string\"}}],\"inLanguage\":\"es\"},{\"@type\":\"Person\",\"@id\":\"https:\/\/www.noticiasradioreflejos.com.ar\/2021\/#\/schema\/person\/ad82545263dcc5ec0996818884fd5fb1\",\"name\":\"Arnaldo Botto\",\"image\":{\"@type\":\"ImageObject\",\"inLanguage\":\"es\",\"@id\":\"https:\/\/www.noticiasradioreflejos.com.ar\/2021\/#\/schema\/person\/image\/\",\"url\":\"https:\/\/secure.gravatar.com\/avatar\/55cb5e37c1efa326397366e6974cb338056df65cb50e7d64d1cf314e87504837?s=96&d=mm&r=g\",\"contentUrl\":\"https:\/\/secure.gravatar.com\/avatar\/55cb5e37c1efa326397366e6974cb338056df65cb50e7d64d1cf314e87504837?s=96&d=mm&r=g\",\"caption\":\"Arnaldo Botto\"},\"url\":\"https:\/\/www.noticiasradioreflejos.com.ar\/2021\/author\/arnaldo\/\"}]}<\/script>\n<!-- \/ Yoast SEO plugin. -->","yoast_head_json":{"title":"&quot;Hace a\u00f1os que quer\u00eda que en Villa haya un balneario, que se concrete, porque no tenemos&quot; - Noticias Radio Reflejos","robots":{"index":"index","follow":"follow","max-snippet":"max-snippet:-1","max-image-preview":"max-image-preview:large","max-video-preview":"max-video-preview:-1"},"canonical":"https:\/\/www.noticiasradioreflejos.com.ar\/2021\/hace-anos-que-queria-que-en-villa-haya-un-balneario-que-se-concrete-porque-no-tenemos\/","og_locale":"es_ES","og_type":"article","og_title":"&quot;Hace a\u00f1os que quer\u00eda que en Villa haya un balneario, que se concrete, porque no tenemos&quot; - Noticias Radio Reflejos","og_description":"Gladys Contreras, presidente de la Asociaci\u00f3n de Prestadores y Comerciantes de Villa Ventana; durante una nota realizada hoy en nuestra emisora, anuncia varias obras que se realizar\u00e1n en la localidad, destacando una pileta de nataci\u00f3n que construir\u00e1 el municipio con la colaboraci\u00f3n de los vecinos de la villa sobre el cauce del Arroyo Belisario.","og_url":"https:\/\/www.noticiasradioreflejos.com.ar\/2021\/hace-anos-que-queria-que-en-villa-haya-un-balneario-que-se-concrete-porque-no-tenemos\/","og_site_name":"Noticias Radio Reflejos","article_published_time":"2018-05-31T18:50:55+00:00","og_image":[{"width":1600,"height":900,"url":"https:\/\/www.noticiasradioreflejos.com.ar\/2021\/wp-content\/uploads\/2018\/05\/11220011.jpg","type":"image\/jpeg"}],"author":"Arnaldo Botto","twitter_card":"summary_large_image","schema":{"@context":"https:\/\/schema.org","@graph":[{"@type":"WebPage","@id":"https:\/\/www.noticiasradioreflejos.com.ar\/2021\/hace-anos-que-queria-que-en-villa-haya-un-balneario-que-se-concrete-porque-no-tenemos\/","url":"https:\/\/www.noticiasradioreflejos.com.ar\/2021\/hace-anos-que-queria-que-en-villa-haya-un-balneario-que-se-concrete-porque-no-tenemos\/","name":"&quot;Hace a\u00f1os que quer\u00eda que en Villa haya un balneario, que se concrete, porque no tenemos&quot; - Noticias Radio Reflejos","isPartOf":{"@id":"https:\/\/www.noticiasradioreflejos.com.ar\/2021\/#website"},"primaryImageOfPage":{"@id":"https:\/\/www.noticiasradioreflejos.com.ar\/2021\/hace-anos-que-queria-que-en-villa-haya-un-balneario-que-se-concrete-porque-no-tenemos\/#primaryimage"},"image":{"@id":"https:\/\/www.noticiasradioreflejos.com.ar\/2021\/hace-anos-que-queria-que-en-villa-haya-un-balneario-que-se-concrete-porque-no-tenemos\/#primaryimage"},"thumbnailUrl":"https:\/\/www.noticiasradioreflejos.com.ar\/2021\/wp-content\/uploads\/2018\/05\/11220011.jpg","datePublished":"2018-05-31T18:50:55+00:00","author":{"@id":"https:\/\/www.noticiasradioreflejos.com.ar\/2021\/#\/schema\/person\/ad82545263dcc5ec0996818884fd5fb1"},"breadcrumb":{"@id":"https:\/\/www.noticiasradioreflejos.com.ar\/2021\/hace-anos-que-queria-que-en-villa-haya-un-balneario-que-se-concrete-porque-no-tenemos\/#breadcrumb"},"inLanguage":"es","potentialAction":[{"@type":"ReadAction","target":["https:\/\/www.noticiasradioreflejos.com.ar\/2021\/hace-anos-que-queria-que-en-villa-haya-un-balneario-que-se-concrete-porque-no-tenemos\/"]}]},{"@type":"ImageObject","inLanguage":"es","@id":"https:\/\/www.noticiasradioreflejos.com.ar\/2021\/hace-anos-que-queria-que-en-villa-haya-un-balneario-que-se-concrete-porque-no-tenemos\/#primaryimage","url":"https:\/\/www.noticiasradioreflejos.com.ar\/2021\/wp-content\/uploads\/2018\/05\/11220011.jpg","contentUrl":"https:\/\/www.noticiasradioreflejos.com.ar\/2021\/wp-content\/uploads\/2018\/05\/11220011.jpg","width":1600,"height":900},{"@type":"BreadcrumbList","@id":"https:\/\/www.noticiasradioreflejos.com.ar\/2021\/hace-anos-que-queria-que-en-villa-haya-un-balneario-que-se-concrete-porque-no-tenemos\/#breadcrumb","itemListElement":[{"@type":"ListItem","position":1,"name":"Portada","item":"https:\/\/www.noticiasradioreflejos.com.ar\/2021\/"},{"@type":"ListItem","position":2,"name":"&quot;Hace a\u00f1os que quer\u00eda que en Villa haya un balneario, que se concrete, porque no tenemos&quot;"}]},{"@type":"WebSite","@id":"https:\/\/www.noticiasradioreflejos.com.ar\/2021\/#website","url":"https:\/\/www.noticiasradioreflejos.com.ar\/2021\/","name":"Noticias Radio Reflejos","description":"Las noticias de mi comarca","potentialAction":[{"@type":"SearchAction","target":{"@type":"EntryPoint","urlTemplate":"https:\/\/www.noticiasradioreflejos.com.ar\/2021\/?s={search_term_string}"},"query-input":{"@type":"PropertyValueSpecification","valueRequired":true,"valueName":"search_term_string"}}],"inLanguage":"es"},{"@type":"Person","@id":"https:\/\/www.noticiasradioreflejos.com.ar\/2021\/#\/schema\/person\/ad82545263dcc5ec0996818884fd5fb1","name":"Arnaldo Botto","image":{"@type":"ImageObject","inLanguage":"es","@id":"https:\/\/www.noticiasradioreflejos.com.ar\/2021\/#\/schema\/person\/image\/","url":"https:\/\/secure.gravatar.com\/avatar\/55cb5e37c1efa326397366e6974cb338056df65cb50e7d64d1cf314e87504837?s=96&d=mm&r=g","contentUrl":"https:\/\/secure.gravatar.com\/avatar\/55cb5e37c1efa326397366e6974cb338056df65cb50e7d64d1cf314e87504837?s=96&d=mm&r=g","caption":"Arnaldo Botto"},"url":"https:\/\/www.noticiasradioreflejos.com.ar\/2021\/author\/arnaldo\/"}]}},"_links":{"self":[{"href":"https:\/\/www.noticiasradioreflejos.com.ar\/2021\/wp-json\/wp\/v2\/posts\/22018","targetHints":{"allow":["GET"]}}],"collection":[{"href":"https:\/\/www.noticiasradioreflejos.com.ar\/2021\/wp-json\/wp\/v2\/posts"}],"about":[{"href":"https:\/\/www.noticiasradioreflejos.com.ar\/2021\/wp-json\/wp\/v2\/types\/post"}],"author":[{"embeddable":true,"href":"https:\/\/www.noticiasradioreflejos.com.ar\/2021\/wp-json\/wp\/v2\/users\/3"}],"replies":[{"embeddable":true,"href":"https:\/\/www.noticiasradioreflejos.com.ar\/2021\/wp-json\/wp\/v2\/comments?post=22018"}],"version-history":[{"count":0,"href":"https:\/\/www.noticiasradioreflejos.com.ar\/2021\/wp-json\/wp\/v2\/posts\/22018\/revisions"}],"wp:featuredmedia":[{"embeddable":true,"href":"https:\/\/www.noticiasradioreflejos.com.ar\/2021\/wp-json\/wp\/v2\/media\/22019"}],"wp:attachment":[{"href":"https:\/\/www.noticiasradioreflejos.com.ar\/2021\/wp-json\/wp\/v2\/media?parent=22018"}],"wp:term":[{"taxonomy":"category","embeddable":true,"href":"https:\/\/www.noticiasradioreflejos.com.ar\/2021\/wp-json\/wp\/v2\/categories?post=22018"},{"taxonomy":"post_tag","embeddable":true,"href":"https:\/\/www.noticiasradioreflejos.com.ar\/2021\/wp-json\/wp\/v2\/tags?post=22018"}],"curies":[{"name":"wp","href":"https:\/\/api.w.org\/{rel}","templated":true}]}}