{"id":21979,"date":"2018-05-30T08:39:57","date_gmt":"2018-05-30T11:39:57","guid":{"rendered":"http:\/\/www.noticiasradioreflejos.com.ar\/noticias\/?p=21979"},"modified":"2018-05-30T08:39:57","modified_gmt":"2018-05-30T11:39:57","slug":"el-sub-16-de-automoto-voley-sumo-otra-doble-victoria","status":"publish","type":"post","link":"https:\/\/www.noticiasradioreflejos.com.ar\/2021\/el-sub-16-de-automoto-voley-sumo-otra-doble-victoria\/","title":{"rendered":"El Sub 16 de Automoto Voley sum\u00f3 otra doble victoria"},"content":{"rendered":"<p><a href=\"http:\/\/farm1.staticflickr.com\/873\/27581294707_a2b5fa22b2_z.jpg\" title=\"Voley06\" rel=\"\"><img loading=\"lazy\" decoding=\"async\" src=\"http:\/\/farm1.staticflickr.com\/873\/27581294707_a2b5fa22b2_z.jpg\" width=\"640\" height=\"405\" alt=\"Voley06\" title=\"Voley06\"><\/a>Fue otro fin de semana exitoso, que permiti\u00f3 continuar sumando experiencia y triunfos. <!--more--><br \/>\nEl equipo femenino Sub 16 de v\u00f3leibol del Automoto Club Deportivo cosech\u00f3 otra doble victoria en el torneo Apertura que organiza la Asociaci\u00f3n Bahiense de este deporte.<br \/>\nEn la cancha 2 del club Villa Mitre, las chicas azulgranas superaron a Tiro Federal por 2 sets a 1 y a Club Universitario por 2 a 0, demostrando una vez m\u00e1s que est\u00e1n a la altura de las circunstancias y se encuentran en condiciones de superar a cualquier equipo.<br \/>\nDe esta manera, Automoto suma 5 triunfos en 6 partidos, un arranque por dem\u00e1s promisorio, teniendo en cuenta que la entidad regres\u00f3 a la competencia despu\u00e9s de varios a\u00f1os de ausencia.<br \/>\nEl equipo Sub 13, en tanto, no corri\u00f3 la misma fortuna, debido a que cay\u00f3 por 2 a 0 ante Tiro Federal, en el \u00fanico encuentro que disput\u00f3 en esta jornada.<br \/>\n<a href=\"http:\/\/farm2.staticflickr.com\/1754\/42400811192_a6c3b123d3_z.jpg\" title=\"DSCN1207\" rel=\"\"><img loading=\"lazy\" decoding=\"async\" src=\"http:\/\/farm2.staticflickr.com\/1754\/42400811192_a6c3b123d3_z.jpg\" width=\"640\" height=\"480\" alt=\"DSCN1207\" title=\"DSCN1207\" class=\"aligncenter\"><\/a><br \/>\nM\u00e1s fotos: <a href=\"https:\/\/www.facebook.com\/pg\/automototornquist\/photos\/?tab=album&#038;album_id=1891259270894070\" target=\"_blank\" rel=\"noopener\">https:\/\/www.facebook.com\/pg\/automototornquist\/photos\/?tab=album&#038;album_id=1891259270894070<\/a><\/p>\n","protected":false},"excerpt":{"rendered":"<p>Fue otro fin de semana exitoso, que permiti\u00f3 continuar sumando experiencia y triunfos.<\/p>\n","protected":false},"author":3,"featured_media":0,"comment_status":"closed","ping_status":"open","sticky":false,"template":"","format":"standard","meta":{"footnotes":""},"categories":[27],"tags":[],"class_list":["post-21979","post","type-post","status-publish","format-standard","hentry","category-deportes"],"yoast_head":"<!-- This site is optimized with the Yoast SEO plugin v25.9 - https:\/\/yoast.com\/wordpress\/plugins\/seo\/ -->\n<title>El Sub 16 de Automoto Voley sum\u00f3 otra doble victoria - Noticias Radio Reflejos<\/title>\n<meta name=\"robots\" content=\"index, follow, max-snippet:-1, max-image-preview:large, max-video-preview:-1\" \/>\n<link rel=\"canonical\" href=\"https:\/\/www.noticiasradioreflejos.com.ar\/2021\/el-sub-16-de-automoto-voley-sumo-otra-doble-victoria\/\" \/>\n<meta property=\"og:locale\" content=\"es_ES\" \/>\n<meta property=\"og:type\" content=\"article\" \/>\n<meta property=\"og:title\" content=\"El Sub 16 de Automoto Voley sum\u00f3 otra doble victoria - Noticias Radio Reflejos\" \/>\n<meta property=\"og:description\" content=\"Fue otro fin de semana exitoso, que permiti\u00f3 continuar sumando experiencia y triunfos.\" \/>\n<meta property=\"og:url\" content=\"https:\/\/www.noticiasradioreflejos.com.ar\/2021\/el-sub-16-de-automoto-voley-sumo-otra-doble-victoria\/\" \/>\n<meta property=\"og:site_name\" content=\"Noticias Radio Reflejos\" \/>\n<meta property=\"article:published_time\" content=\"2018-05-30T11:39:57+00:00\" \/>\n<meta property=\"og:image\" content=\"http:\/\/farm1.staticflickr.com\/873\/27581294707_a2b5fa22b2_z.jpg\" \/>\n<meta name=\"author\" content=\"Arnaldo Botto\" \/>\n<meta name=\"twitter:card\" content=\"summary_large_image\" \/>\n<script type=\"application\/ld+json\" class=\"yoast-schema-graph\">{\"@context\":\"https:\/\/schema.org\",\"@graph\":[{\"@type\":\"WebPage\",\"@id\":\"https:\/\/www.noticiasradioreflejos.com.ar\/2021\/el-sub-16-de-automoto-voley-sumo-otra-doble-victoria\/\",\"url\":\"https:\/\/www.noticiasradioreflejos.com.ar\/2021\/el-sub-16-de-automoto-voley-sumo-otra-doble-victoria\/\",\"name\":\"El Sub 16 de Automoto Voley sum\u00f3 otra doble victoria - Noticias Radio Reflejos\",\"isPartOf\":{\"@id\":\"https:\/\/www.noticiasradioreflejos.com.ar\/2021\/#website\"},\"primaryImageOfPage\":{\"@id\":\"https:\/\/www.noticiasradioreflejos.com.ar\/2021\/el-sub-16-de-automoto-voley-sumo-otra-doble-victoria\/#primaryimage\"},\"image\":{\"@id\":\"https:\/\/www.noticiasradioreflejos.com.ar\/2021\/el-sub-16-de-automoto-voley-sumo-otra-doble-victoria\/#primaryimage\"},\"thumbnailUrl\":\"http:\/\/farm1.staticflickr.com\/873\/27581294707_a2b5fa22b2_z.jpg\",\"datePublished\":\"2018-05-30T11:39:57+00:00\",\"author\":{\"@id\":\"https:\/\/www.noticiasradioreflejos.com.ar\/2021\/#\/schema\/person\/ad82545263dcc5ec0996818884fd5fb1\"},\"breadcrumb\":{\"@id\":\"https:\/\/www.noticiasradioreflejos.com.ar\/2021\/el-sub-16-de-automoto-voley-sumo-otra-doble-victoria\/#breadcrumb\"},\"inLanguage\":\"es\",\"potentialAction\":[{\"@type\":\"ReadAction\",\"target\":[\"https:\/\/www.noticiasradioreflejos.com.ar\/2021\/el-sub-16-de-automoto-voley-sumo-otra-doble-victoria\/\"]}]},{\"@type\":\"ImageObject\",\"inLanguage\":\"es\",\"@id\":\"https:\/\/www.noticiasradioreflejos.com.ar\/2021\/el-sub-16-de-automoto-voley-sumo-otra-doble-victoria\/#primaryimage\",\"url\":\"http:\/\/farm1.staticflickr.com\/873\/27581294707_a2b5fa22b2_z.jpg\",\"contentUrl\":\"http:\/\/farm1.staticflickr.com\/873\/27581294707_a2b5fa22b2_z.jpg\"},{\"@type\":\"BreadcrumbList\",\"@id\":\"https:\/\/www.noticiasradioreflejos.com.ar\/2021\/el-sub-16-de-automoto-voley-sumo-otra-doble-victoria\/#breadcrumb\",\"itemListElement\":[{\"@type\":\"ListItem\",\"position\":1,\"name\":\"Portada\",\"item\":\"https:\/\/www.noticiasradioreflejos.com.ar\/2021\/\"},{\"@type\":\"ListItem\",\"position\":2,\"name\":\"El Sub 16 de Automoto Voley sum\u00f3 otra doble victoria\"}]},{\"@type\":\"WebSite\",\"@id\":\"https:\/\/www.noticiasradioreflejos.com.ar\/2021\/#website\",\"url\":\"https:\/\/www.noticiasradioreflejos.com.ar\/2021\/\",\"name\":\"Noticias Radio Reflejos\",\"description\":\"Las noticias de mi comarca\",\"potentialAction\":[{\"@type\":\"SearchAction\",\"target\":{\"@type\":\"EntryPoint\",\"urlTemplate\":\"https:\/\/www.noticiasradioreflejos.com.ar\/2021\/?s={search_term_string}\"},\"query-input\":{\"@type\":\"PropertyValueSpecification\",\"valueRequired\":true,\"valueName\":\"search_term_string\"}}],\"inLanguage\":\"es\"},{\"@type\":\"Person\",\"@id\":\"https:\/\/www.noticiasradioreflejos.com.ar\/2021\/#\/schema\/person\/ad82545263dcc5ec0996818884fd5fb1\",\"name\":\"Arnaldo Botto\",\"image\":{\"@type\":\"ImageObject\",\"inLanguage\":\"es\",\"@id\":\"https:\/\/www.noticiasradioreflejos.com.ar\/2021\/#\/schema\/person\/image\/\",\"url\":\"https:\/\/secure.gravatar.com\/avatar\/55cb5e37c1efa326397366e6974cb338056df65cb50e7d64d1cf314e87504837?s=96&d=mm&r=g\",\"contentUrl\":\"https:\/\/secure.gravatar.com\/avatar\/55cb5e37c1efa326397366e6974cb338056df65cb50e7d64d1cf314e87504837?s=96&d=mm&r=g\",\"caption\":\"Arnaldo Botto\"},\"url\":\"https:\/\/www.noticiasradioreflejos.com.ar\/2021\/author\/arnaldo\/\"}]}<\/script>\n<!-- \/ Yoast SEO plugin. -->","yoast_head_json":{"title":"El Sub 16 de Automoto Voley sum\u00f3 otra doble victoria - Noticias Radio Reflejos","robots":{"index":"index","follow":"follow","max-snippet":"max-snippet:-1","max-image-preview":"max-image-preview:large","max-video-preview":"max-video-preview:-1"},"canonical":"https:\/\/www.noticiasradioreflejos.com.ar\/2021\/el-sub-16-de-automoto-voley-sumo-otra-doble-victoria\/","og_locale":"es_ES","og_type":"article","og_title":"El Sub 16 de Automoto Voley sum\u00f3 otra doble victoria - Noticias Radio Reflejos","og_description":"Fue otro fin de semana exitoso, que permiti\u00f3 continuar sumando experiencia y triunfos.","og_url":"https:\/\/www.noticiasradioreflejos.com.ar\/2021\/el-sub-16-de-automoto-voley-sumo-otra-doble-victoria\/","og_site_name":"Noticias Radio Reflejos","article_published_time":"2018-05-30T11:39:57+00:00","og_image":[{"url":"http:\/\/farm1.staticflickr.com\/873\/27581294707_a2b5fa22b2_z.jpg","type":"","width":"","height":""}],"author":"Arnaldo Botto","twitter_card":"summary_large_image","schema":{"@context":"https:\/\/schema.org","@graph":[{"@type":"WebPage","@id":"https:\/\/www.noticiasradioreflejos.com.ar\/2021\/el-sub-16-de-automoto-voley-sumo-otra-doble-victoria\/","url":"https:\/\/www.noticiasradioreflejos.com.ar\/2021\/el-sub-16-de-automoto-voley-sumo-otra-doble-victoria\/","name":"El Sub 16 de Automoto Voley sum\u00f3 otra doble victoria - Noticias Radio Reflejos","isPartOf":{"@id":"https:\/\/www.noticiasradioreflejos.com.ar\/2021\/#website"},"primaryImageOfPage":{"@id":"https:\/\/www.noticiasradioreflejos.com.ar\/2021\/el-sub-16-de-automoto-voley-sumo-otra-doble-victoria\/#primaryimage"},"image":{"@id":"https:\/\/www.noticiasradioreflejos.com.ar\/2021\/el-sub-16-de-automoto-voley-sumo-otra-doble-victoria\/#primaryimage"},"thumbnailUrl":"http:\/\/farm1.staticflickr.com\/873\/27581294707_a2b5fa22b2_z.jpg","datePublished":"2018-05-30T11:39:57+00:00","author":{"@id":"https:\/\/www.noticiasradioreflejos.com.ar\/2021\/#\/schema\/person\/ad82545263dcc5ec0996818884fd5fb1"},"breadcrumb":{"@id":"https:\/\/www.noticiasradioreflejos.com.ar\/2021\/el-sub-16-de-automoto-voley-sumo-otra-doble-victoria\/#breadcrumb"},"inLanguage":"es","potentialAction":[{"@type":"ReadAction","target":["https:\/\/www.noticiasradioreflejos.com.ar\/2021\/el-sub-16-de-automoto-voley-sumo-otra-doble-victoria\/"]}]},{"@type":"ImageObject","inLanguage":"es","@id":"https:\/\/www.noticiasradioreflejos.com.ar\/2021\/el-sub-16-de-automoto-voley-sumo-otra-doble-victoria\/#primaryimage","url":"http:\/\/farm1.staticflickr.com\/873\/27581294707_a2b5fa22b2_z.jpg","contentUrl":"http:\/\/farm1.staticflickr.com\/873\/27581294707_a2b5fa22b2_z.jpg"},{"@type":"BreadcrumbList","@id":"https:\/\/www.noticiasradioreflejos.com.ar\/2021\/el-sub-16-de-automoto-voley-sumo-otra-doble-victoria\/#breadcrumb","itemListElement":[{"@type":"ListItem","position":1,"name":"Portada","item":"https:\/\/www.noticiasradioreflejos.com.ar\/2021\/"},{"@type":"ListItem","position":2,"name":"El Sub 16 de Automoto Voley sum\u00f3 otra doble victoria"}]},{"@type":"WebSite","@id":"https:\/\/www.noticiasradioreflejos.com.ar\/2021\/#website","url":"https:\/\/www.noticiasradioreflejos.com.ar\/2021\/","name":"Noticias Radio Reflejos","description":"Las noticias de mi comarca","potentialAction":[{"@type":"SearchAction","target":{"@type":"EntryPoint","urlTemplate":"https:\/\/www.noticiasradioreflejos.com.ar\/2021\/?s={search_term_string}"},"query-input":{"@type":"PropertyValueSpecification","valueRequired":true,"valueName":"search_term_string"}}],"inLanguage":"es"},{"@type":"Person","@id":"https:\/\/www.noticiasradioreflejos.com.ar\/2021\/#\/schema\/person\/ad82545263dcc5ec0996818884fd5fb1","name":"Arnaldo Botto","image":{"@type":"ImageObject","inLanguage":"es","@id":"https:\/\/www.noticiasradioreflejos.com.ar\/2021\/#\/schema\/person\/image\/","url":"https:\/\/secure.gravatar.com\/avatar\/55cb5e37c1efa326397366e6974cb338056df65cb50e7d64d1cf314e87504837?s=96&d=mm&r=g","contentUrl":"https:\/\/secure.gravatar.com\/avatar\/55cb5e37c1efa326397366e6974cb338056df65cb50e7d64d1cf314e87504837?s=96&d=mm&r=g","caption":"Arnaldo Botto"},"url":"https:\/\/www.noticiasradioreflejos.com.ar\/2021\/author\/arnaldo\/"}]}},"_links":{"self":[{"href":"https:\/\/www.noticiasradioreflejos.com.ar\/2021\/wp-json\/wp\/v2\/posts\/21979","targetHints":{"allow":["GET"]}}],"collection":[{"href":"https:\/\/www.noticiasradioreflejos.com.ar\/2021\/wp-json\/wp\/v2\/posts"}],"about":[{"href":"https:\/\/www.noticiasradioreflejos.com.ar\/2021\/wp-json\/wp\/v2\/types\/post"}],"author":[{"embeddable":true,"href":"https:\/\/www.noticiasradioreflejos.com.ar\/2021\/wp-json\/wp\/v2\/users\/3"}],"replies":[{"embeddable":true,"href":"https:\/\/www.noticiasradioreflejos.com.ar\/2021\/wp-json\/wp\/v2\/comments?post=21979"}],"version-history":[{"count":0,"href":"https:\/\/www.noticiasradioreflejos.com.ar\/2021\/wp-json\/wp\/v2\/posts\/21979\/revisions"}],"wp:attachment":[{"href":"https:\/\/www.noticiasradioreflejos.com.ar\/2021\/wp-json\/wp\/v2\/media?parent=21979"}],"wp:term":[{"taxonomy":"category","embeddable":true,"href":"https:\/\/www.noticiasradioreflejos.com.ar\/2021\/wp-json\/wp\/v2\/categories?post=21979"},{"taxonomy":"post_tag","embeddable":true,"href":"https:\/\/www.noticiasradioreflejos.com.ar\/2021\/wp-json\/wp\/v2\/tags?post=21979"}],"curies":[{"name":"wp","href":"https:\/\/api.w.org\/{rel}","templated":true}]}}