{"id":21962,"date":"2018-05-29T20:42:31","date_gmt":"2018-05-29T23:42:31","guid":{"rendered":"http:\/\/www.noticiasradioreflejos.com.ar\/noticias\/?p=21962"},"modified":"2018-05-29T20:42:31","modified_gmt":"2018-05-29T23:42:31","slug":"nuevos-proyectos-para-villa-ventana","status":"publish","type":"post","link":"https:\/\/www.noticiasradioreflejos.com.ar\/2021\/nuevos-proyectos-para-villa-ventana\/","title":{"rendered":"Nuevos proyectos para Villa Ventana"},"content":{"rendered":"<p>La C\u00e1mara de Comercio realiza gestiones para nuevos proyectos tur\u00edsticos.<br \/>\nHoy fue presentado en mesa de entrada del municipio dos notas, por un lado una solicitud para mejorar el acceso a Villa Ventana, y por otro la solicitud para la construcci\u00f3n de un puente colgante peatonal en la zona de la \u00abbarranca de los loros\u00bb sobre el Arroyo Belisario.<!--more--><br \/>\nEl pedido sobre el puente colgante es complemento de un proyecto, que ya se est\u00e1 poniendo en marcha, que consiste en la construcci\u00f3n de un Sendero Auto guiado \u00abRibera del Belisario\u00bb .<br \/>\nEl proyecto fue realizado por el CEPT 12 en conjunto con el Parque<br \/>\nProvincial y ahora se acopla la Camara de Comercio para lograr<br \/>\nmaterializarlo.<br \/>\nSon varias las razones por las que consideramos ser\u00eda muy importante la construcci\u00f3n del mismo.<br \/>\n1-Actualmente, para pasar al otro lado del arroyo, para acceder al \u00fanico espacio deportivo (cancha de futbol y v\u00f3ley) los vecinos utilizan una escalera muy peligrosa, sin normas de seguridad y tienen que cruzar por las piedras del arroyo, lo que se imposibilita cuando el arroyo esta crecido.<br \/>\n2-En conjunto con el Parque Provincial, el CEPT. 12 y la Camara de Comercio y Turismo de Villa Ventana, se est\u00e1 trabajando en concretar un proyecto que consistir\u00e1 en un Sendero \u00abRibera del Belisario\u00bb que tendr\u00e1 una longitud de aproximadamente 700 metros, conformando un circuito en el que se ubicar\u00e1 tambi\u00e9n un play\u00f3n de estacionamiento y miradores. Todo el sendero bordea el arroyo, y se proyecta colocar bancos de madera en dos sectores espec\u00edficos, frente a la \u00abBarranca de los Loros\u00bb y en un roquedal donde el terreno se abre con una hermosa vista del cord\u00f3n serrano. A lo largo del sendero se ubicar\u00e1 carteler\u00eda interpretativa sobre fauna y flora nativa del pastizal serrano-pampeano que se puede encontrar en el mismo.<br \/>\nEl primer beneficio visible, es contar con un espacio alternativo de recreaci\u00f3n y contacto con la naturaleza, dentro de Villa Ventana y fuera de los ya ofrecidos por el Parque Provincial Ernesto Tornquist, principal centro de atracci\u00f3n tur\u00edstica de la Comarca. Ese espacio podr\u00e1 ser<br \/>\ndisfrutado por toda la comunidad y por quienes visiten nuestra Comarca. Con la participaci\u00f3n activa de habitantes de nuestra comunidad en la ejecuci\u00f3n de este proyecto, estimamos promover el sentido de pertenencia a la misma, su compromiso y respeto por la naturaleza.<br \/>\n3-Se convertir\u00eda en una salida de emergencia ante crecidas del arroyo Belisario ya que como ha ocurrido en varias oportunidades, ante copiosas lluvias, se desborda el puente de entrada, quedando toda la poblaci\u00f3n incomunicada, sin poder ingresar o salir a la localidad, con el consecuente riesgo de ocurrir en ese mismo momento una emergencia m\u00e9dica o de alguna otra naturaleza.<br \/>\nEstamos trabajando en la gesti\u00f3n de fondos para lograr llevar adelante el proyecto.<br \/>\nTambi\u00e9n se volvi\u00f3 a tocar el tema de la contramano en la calle Tres Picos, en el sector de la Plaza. Posiblemente con la construcci\u00f3n de un sector de estacionamiento en la plaza y no permitiendo estacionar sobre la otra vereda, se volver\u00e1 a autorizar la doble circulaci\u00f3n, medida que ha afectado notablemente a varios comerciantes en ese sector y disminuyo considerablemente el tr\u00e1nsito por la avenida Tres Picos.<br \/>\nAtentamente Comisi\u00f3n Directiva C\u00e1mara de Comercio y Turismo de Villa Ventana.<br \/>\n<a href=\"https:\/\/es.scribd.com\/document\/380505128\/Nota-Solicitando-Autorizacion-Puente-Colgante\">Nota solicitando autorizaci\u00f3n puente colgante<\/a><br \/>\n<a href=\"https:\/\/es.scribd.com\/document\/380505241\/Nota-Por-Acceso-a-Villa-Ventana\">Nota por acceso a Villa Ventana<\/a><\/p>\n","protected":false},"excerpt":{"rendered":"<p>La C\u00e1mara de Comercio realiza gestiones para nuevos proyectos tur\u00edsticos. Hoy fue presentado en mesa de entrada del municipio dos notas, por un lado una solicitud para mejorar el acceso a Villa Ventana, y por otro la solicitud para la construcci\u00f3n de un puente colgante peatonal en la zona de la \u00abbarranca de los loros\u00bb [&hellip;]<\/p>\n","protected":false},"author":3,"featured_media":9448,"comment_status":"closed","ping_status":"open","sticky":false,"template":"","format":"standard","meta":{"footnotes":""},"categories":[26],"tags":[],"class_list":["post-21962","post","type-post","status-publish","format-standard","has-post-thumbnail","hentry","category-sociedad"],"yoast_head":"<!-- This site is optimized with the Yoast SEO plugin v25.9 - https:\/\/yoast.com\/wordpress\/plugins\/seo\/ -->\n<title>Nuevos proyectos para Villa Ventana - Noticias Radio Reflejos<\/title>\n<meta name=\"robots\" content=\"index, follow, max-snippet:-1, max-image-preview:large, max-video-preview:-1\" \/>\n<link rel=\"canonical\" href=\"https:\/\/www.noticiasradioreflejos.com.ar\/2021\/nuevos-proyectos-para-villa-ventana\/\" \/>\n<meta property=\"og:locale\" content=\"es_ES\" \/>\n<meta property=\"og:type\" content=\"article\" \/>\n<meta property=\"og:title\" content=\"Nuevos proyectos para Villa Ventana - Noticias Radio Reflejos\" \/>\n<meta property=\"og:description\" content=\"La C\u00e1mara de Comercio realiza gestiones para nuevos proyectos tur\u00edsticos. Hoy fue presentado en mesa de entrada del municipio dos notas, por un lado una solicitud para mejorar el acceso a Villa Ventana, y por otro la solicitud para la construcci\u00f3n de un puente colgante peatonal en la zona de la \u00abbarranca de los loros\u00bb [&hellip;]\" \/>\n<meta property=\"og:url\" content=\"https:\/\/www.noticiasradioreflejos.com.ar\/2021\/nuevos-proyectos-para-villa-ventana\/\" \/>\n<meta property=\"og:site_name\" content=\"Noticias Radio Reflejos\" \/>\n<meta property=\"article:published_time\" content=\"2018-05-29T23:42:31+00:00\" \/>\n<meta property=\"og:image\" content=\"https:\/\/www.noticiasradioreflejos.com.ar\/2021\/wp-content\/uploads\/2017\/04\/vv80.jpg\" \/>\n\t<meta property=\"og:image:width\" content=\"500\" \/>\n\t<meta property=\"og:image:height\" content=\"375\" \/>\n\t<meta property=\"og:image:type\" content=\"image\/jpeg\" \/>\n<meta name=\"author\" content=\"Arnaldo Botto\" \/>\n<meta name=\"twitter:card\" content=\"summary_large_image\" \/>\n<script type=\"application\/ld+json\" class=\"yoast-schema-graph\">{\"@context\":\"https:\/\/schema.org\",\"@graph\":[{\"@type\":\"WebPage\",\"@id\":\"https:\/\/www.noticiasradioreflejos.com.ar\/2021\/nuevos-proyectos-para-villa-ventana\/\",\"url\":\"https:\/\/www.noticiasradioreflejos.com.ar\/2021\/nuevos-proyectos-para-villa-ventana\/\",\"name\":\"Nuevos proyectos para Villa Ventana - Noticias Radio Reflejos\",\"isPartOf\":{\"@id\":\"https:\/\/www.noticiasradioreflejos.com.ar\/2021\/#website\"},\"primaryImageOfPage\":{\"@id\":\"https:\/\/www.noticiasradioreflejos.com.ar\/2021\/nuevos-proyectos-para-villa-ventana\/#primaryimage\"},\"image\":{\"@id\":\"https:\/\/www.noticiasradioreflejos.com.ar\/2021\/nuevos-proyectos-para-villa-ventana\/#primaryimage\"},\"thumbnailUrl\":\"https:\/\/www.noticiasradioreflejos.com.ar\/2021\/wp-content\/uploads\/2017\/04\/vv80.jpg\",\"datePublished\":\"2018-05-29T23:42:31+00:00\",\"author\":{\"@id\":\"https:\/\/www.noticiasradioreflejos.com.ar\/2021\/#\/schema\/person\/ad82545263dcc5ec0996818884fd5fb1\"},\"breadcrumb\":{\"@id\":\"https:\/\/www.noticiasradioreflejos.com.ar\/2021\/nuevos-proyectos-para-villa-ventana\/#breadcrumb\"},\"inLanguage\":\"es\",\"potentialAction\":[{\"@type\":\"ReadAction\",\"target\":[\"https:\/\/www.noticiasradioreflejos.com.ar\/2021\/nuevos-proyectos-para-villa-ventana\/\"]}]},{\"@type\":\"ImageObject\",\"inLanguage\":\"es\",\"@id\":\"https:\/\/www.noticiasradioreflejos.com.ar\/2021\/nuevos-proyectos-para-villa-ventana\/#primaryimage\",\"url\":\"https:\/\/www.noticiasradioreflejos.com.ar\/2021\/wp-content\/uploads\/2017\/04\/vv80.jpg\",\"contentUrl\":\"https:\/\/www.noticiasradioreflejos.com.ar\/2021\/wp-content\/uploads\/2017\/04\/vv80.jpg\",\"width\":500,\"height\":375},{\"@type\":\"BreadcrumbList\",\"@id\":\"https:\/\/www.noticiasradioreflejos.com.ar\/2021\/nuevos-proyectos-para-villa-ventana\/#breadcrumb\",\"itemListElement\":[{\"@type\":\"ListItem\",\"position\":1,\"name\":\"Portada\",\"item\":\"https:\/\/www.noticiasradioreflejos.com.ar\/2021\/\"},{\"@type\":\"ListItem\",\"position\":2,\"name\":\"Nuevos proyectos para Villa Ventana\"}]},{\"@type\":\"WebSite\",\"@id\":\"https:\/\/www.noticiasradioreflejos.com.ar\/2021\/#website\",\"url\":\"https:\/\/www.noticiasradioreflejos.com.ar\/2021\/\",\"name\":\"Noticias Radio Reflejos\",\"description\":\"Las noticias de mi comarca\",\"potentialAction\":[{\"@type\":\"SearchAction\",\"target\":{\"@type\":\"EntryPoint\",\"urlTemplate\":\"https:\/\/www.noticiasradioreflejos.com.ar\/2021\/?s={search_term_string}\"},\"query-input\":{\"@type\":\"PropertyValueSpecification\",\"valueRequired\":true,\"valueName\":\"search_term_string\"}}],\"inLanguage\":\"es\"},{\"@type\":\"Person\",\"@id\":\"https:\/\/www.noticiasradioreflejos.com.ar\/2021\/#\/schema\/person\/ad82545263dcc5ec0996818884fd5fb1\",\"name\":\"Arnaldo Botto\",\"image\":{\"@type\":\"ImageObject\",\"inLanguage\":\"es\",\"@id\":\"https:\/\/www.noticiasradioreflejos.com.ar\/2021\/#\/schema\/person\/image\/\",\"url\":\"https:\/\/secure.gravatar.com\/avatar\/55cb5e37c1efa326397366e6974cb338056df65cb50e7d64d1cf314e87504837?s=96&d=mm&r=g\",\"contentUrl\":\"https:\/\/secure.gravatar.com\/avatar\/55cb5e37c1efa326397366e6974cb338056df65cb50e7d64d1cf314e87504837?s=96&d=mm&r=g\",\"caption\":\"Arnaldo Botto\"},\"url\":\"https:\/\/www.noticiasradioreflejos.com.ar\/2021\/author\/arnaldo\/\"}]}<\/script>\n<!-- \/ Yoast SEO plugin. -->","yoast_head_json":{"title":"Nuevos proyectos para Villa Ventana - Noticias Radio Reflejos","robots":{"index":"index","follow":"follow","max-snippet":"max-snippet:-1","max-image-preview":"max-image-preview:large","max-video-preview":"max-video-preview:-1"},"canonical":"https:\/\/www.noticiasradioreflejos.com.ar\/2021\/nuevos-proyectos-para-villa-ventana\/","og_locale":"es_ES","og_type":"article","og_title":"Nuevos proyectos para Villa Ventana - Noticias Radio Reflejos","og_description":"La C\u00e1mara de Comercio realiza gestiones para nuevos proyectos tur\u00edsticos. Hoy fue presentado en mesa de entrada del municipio dos notas, por un lado una solicitud para mejorar el acceso a Villa Ventana, y por otro la solicitud para la construcci\u00f3n de un puente colgante peatonal en la zona de la \u00abbarranca de los loros\u00bb [&hellip;]","og_url":"https:\/\/www.noticiasradioreflejos.com.ar\/2021\/nuevos-proyectos-para-villa-ventana\/","og_site_name":"Noticias Radio Reflejos","article_published_time":"2018-05-29T23:42:31+00:00","og_image":[{"width":500,"height":375,"url":"https:\/\/www.noticiasradioreflejos.com.ar\/2021\/wp-content\/uploads\/2017\/04\/vv80.jpg","type":"image\/jpeg"}],"author":"Arnaldo Botto","twitter_card":"summary_large_image","schema":{"@context":"https:\/\/schema.org","@graph":[{"@type":"WebPage","@id":"https:\/\/www.noticiasradioreflejos.com.ar\/2021\/nuevos-proyectos-para-villa-ventana\/","url":"https:\/\/www.noticiasradioreflejos.com.ar\/2021\/nuevos-proyectos-para-villa-ventana\/","name":"Nuevos proyectos para Villa Ventana - Noticias Radio Reflejos","isPartOf":{"@id":"https:\/\/www.noticiasradioreflejos.com.ar\/2021\/#website"},"primaryImageOfPage":{"@id":"https:\/\/www.noticiasradioreflejos.com.ar\/2021\/nuevos-proyectos-para-villa-ventana\/#primaryimage"},"image":{"@id":"https:\/\/www.noticiasradioreflejos.com.ar\/2021\/nuevos-proyectos-para-villa-ventana\/#primaryimage"},"thumbnailUrl":"https:\/\/www.noticiasradioreflejos.com.ar\/2021\/wp-content\/uploads\/2017\/04\/vv80.jpg","datePublished":"2018-05-29T23:42:31+00:00","author":{"@id":"https:\/\/www.noticiasradioreflejos.com.ar\/2021\/#\/schema\/person\/ad82545263dcc5ec0996818884fd5fb1"},"breadcrumb":{"@id":"https:\/\/www.noticiasradioreflejos.com.ar\/2021\/nuevos-proyectos-para-villa-ventana\/#breadcrumb"},"inLanguage":"es","potentialAction":[{"@type":"ReadAction","target":["https:\/\/www.noticiasradioreflejos.com.ar\/2021\/nuevos-proyectos-para-villa-ventana\/"]}]},{"@type":"ImageObject","inLanguage":"es","@id":"https:\/\/www.noticiasradioreflejos.com.ar\/2021\/nuevos-proyectos-para-villa-ventana\/#primaryimage","url":"https:\/\/www.noticiasradioreflejos.com.ar\/2021\/wp-content\/uploads\/2017\/04\/vv80.jpg","contentUrl":"https:\/\/www.noticiasradioreflejos.com.ar\/2021\/wp-content\/uploads\/2017\/04\/vv80.jpg","width":500,"height":375},{"@type":"BreadcrumbList","@id":"https:\/\/www.noticiasradioreflejos.com.ar\/2021\/nuevos-proyectos-para-villa-ventana\/#breadcrumb","itemListElement":[{"@type":"ListItem","position":1,"name":"Portada","item":"https:\/\/www.noticiasradioreflejos.com.ar\/2021\/"},{"@type":"ListItem","position":2,"name":"Nuevos proyectos para Villa Ventana"}]},{"@type":"WebSite","@id":"https:\/\/www.noticiasradioreflejos.com.ar\/2021\/#website","url":"https:\/\/www.noticiasradioreflejos.com.ar\/2021\/","name":"Noticias Radio Reflejos","description":"Las noticias de mi comarca","potentialAction":[{"@type":"SearchAction","target":{"@type":"EntryPoint","urlTemplate":"https:\/\/www.noticiasradioreflejos.com.ar\/2021\/?s={search_term_string}"},"query-input":{"@type":"PropertyValueSpecification","valueRequired":true,"valueName":"search_term_string"}}],"inLanguage":"es"},{"@type":"Person","@id":"https:\/\/www.noticiasradioreflejos.com.ar\/2021\/#\/schema\/person\/ad82545263dcc5ec0996818884fd5fb1","name":"Arnaldo Botto","image":{"@type":"ImageObject","inLanguage":"es","@id":"https:\/\/www.noticiasradioreflejos.com.ar\/2021\/#\/schema\/person\/image\/","url":"https:\/\/secure.gravatar.com\/avatar\/55cb5e37c1efa326397366e6974cb338056df65cb50e7d64d1cf314e87504837?s=96&d=mm&r=g","contentUrl":"https:\/\/secure.gravatar.com\/avatar\/55cb5e37c1efa326397366e6974cb338056df65cb50e7d64d1cf314e87504837?s=96&d=mm&r=g","caption":"Arnaldo Botto"},"url":"https:\/\/www.noticiasradioreflejos.com.ar\/2021\/author\/arnaldo\/"}]}},"_links":{"self":[{"href":"https:\/\/www.noticiasradioreflejos.com.ar\/2021\/wp-json\/wp\/v2\/posts\/21962","targetHints":{"allow":["GET"]}}],"collection":[{"href":"https:\/\/www.noticiasradioreflejos.com.ar\/2021\/wp-json\/wp\/v2\/posts"}],"about":[{"href":"https:\/\/www.noticiasradioreflejos.com.ar\/2021\/wp-json\/wp\/v2\/types\/post"}],"author":[{"embeddable":true,"href":"https:\/\/www.noticiasradioreflejos.com.ar\/2021\/wp-json\/wp\/v2\/users\/3"}],"replies":[{"embeddable":true,"href":"https:\/\/www.noticiasradioreflejos.com.ar\/2021\/wp-json\/wp\/v2\/comments?post=21962"}],"version-history":[{"count":0,"href":"https:\/\/www.noticiasradioreflejos.com.ar\/2021\/wp-json\/wp\/v2\/posts\/21962\/revisions"}],"wp:featuredmedia":[{"embeddable":true,"href":"https:\/\/www.noticiasradioreflejos.com.ar\/2021\/wp-json\/wp\/v2\/media\/9448"}],"wp:attachment":[{"href":"https:\/\/www.noticiasradioreflejos.com.ar\/2021\/wp-json\/wp\/v2\/media?parent=21962"}],"wp:term":[{"taxonomy":"category","embeddable":true,"href":"https:\/\/www.noticiasradioreflejos.com.ar\/2021\/wp-json\/wp\/v2\/categories?post=21962"},{"taxonomy":"post_tag","embeddable":true,"href":"https:\/\/www.noticiasradioreflejos.com.ar\/2021\/wp-json\/wp\/v2\/tags?post=21962"}],"curies":[{"name":"wp","href":"https:\/\/api.w.org\/{rel}","templated":true}]}}