{"id":21941,"date":"2018-05-29T00:05:23","date_gmt":"2018-05-29T03:05:23","guid":{"rendered":"http:\/\/www.noticiasradioreflejos.com.ar\/noticias\/?p=21941"},"modified":"2018-05-29T00:05:23","modified_gmt":"2018-05-29T03:05:23","slug":"cientos-de-ninos-disfrutaron-del-encuentro-organizado-por-automoto","status":"publish","type":"post","link":"https:\/\/www.noticiasradioreflejos.com.ar\/2021\/cientos-de-ninos-disfrutaron-del-encuentro-organizado-por-automoto\/","title":{"rendered":"Cientos de ni\u00f1os disfrutaron del encuentro organizado por Automoto"},"content":{"rendered":"<p>Sonrisas, festejos, broncas, pero sobre todo, compa\u00f1erismo, camarader\u00eda y amistad. El encuentro de escuelitas de f\u00fatbol organizado por el Automoto Club Deportivo el pasado viernes, aprovechando el feriado nacional, dej\u00f3 todas esas im\u00e1genes.<!--more--><br \/>\nLos chicos de la entidad anfitriona estuvieron acompa\u00f1ados por sus pares de Olimpo, Rosario Puerto Belgrano de Punta Alta, Atl\u00e9tico Ventana y Uni\u00f3n de nuestra ciudad, conformando un nutrido grupo de peque\u00f1os jugadores que animaron una tarde espectacular y se divirtieron.<br \/>\nLa jornada se desarroll\u00f3 en las seis canchas distribuidas en el campo de juego principal del predio \u201cAgust\u00edn Ruppel\u201d, donde se disputaron partidos correspondientes a las categor\u00edas 2008 a 2012.<br \/>\nUno de los momentos sobresalientes de la tarde fue la participaci\u00f3n de los chicos de las categor\u00edas 2013 y 2014, que concurren a la denominada escuelita jard\u00edn, quienes saltaron al campo de juego para animar un partido entre Automoto y Uni\u00f3n.<br \/>\nEl tradicional encuentro que Automoto realiza en esta fecha no tuvo desperdicio. Quedaron en el anecdotario numerosos partidos, much\u00edsimos goles y la felicidad reflejada en los rostros de cada ni\u00f1o.<br \/>\nM\u00e1s fotos: https:\/\/www.facebook.com\/pg\/automototornquist\/photos\/?tab=album&amp;album_id=1888621414491189<br \/>\nDepartamento de Prensa \u2013 Automoto Club Deportivo<br \/>\nwww.clubautomotopasion.com.ar<br \/>\nFacebook: \/automototornquist<br \/>\nTwitter: @ClubAutomoto<br \/>\n<a href=\"http:\/\/farm2.staticflickr.com\/1732\/27552454137_685aa49afc_z.jpg\" title=\"encuentro5\" rel=\"\"><img loading=\"lazy\" decoding=\"async\" src=\"http:\/\/farm2.staticflickr.com\/1732\/27552454137_685aa49afc_z.jpg\" width=\"640\" height=\"427\" alt=\"encuentro5\" title=\"encuentro5\" class=\"aligncenter\"><\/a><br \/>\n<a href=\"http:\/\/farm1.staticflickr.com\/897\/41520250155_43c0e0393e_z.jpg\" title=\"encuentro4\" rel=\"\"><img loading=\"lazy\" decoding=\"async\" src=\"http:\/\/farm1.staticflickr.com\/897\/41520250155_43c0e0393e_z.jpg\" width=\"640\" height=\"426\" alt=\"encuentro4\" title=\"encuentro4\" class=\"aligncenter\"><\/a><br \/>\n<a href=\"http:\/\/farm2.staticflickr.com\/1729\/27552455617_18dd074eb7_z.jpg\" title=\"encuentro3\" rel=\"\"><img loading=\"lazy\" decoding=\"async\" src=\"http:\/\/farm2.staticflickr.com\/1729\/27552455617_18dd074eb7_z.jpg\" width=\"640\" height=\"352\" alt=\"encuentro3\" title=\"encuentro3\" class=\"aligncenter\"><\/a><br \/>\n<a href=\"http:\/\/farm2.staticflickr.com\/1751\/28549293138_8f3ec22c78_z.jpg\" title=\"encuentro2\" rel=\"\"><img loading=\"lazy\" decoding=\"async\" src=\"http:\/\/farm2.staticflickr.com\/1751\/28549293138_8f3ec22c78_z.jpg\" width=\"640\" height=\"369\" alt=\"encuentro2\" title=\"encuentro2\" class=\"aligncenter\"><\/a><\/p>\n","protected":false},"excerpt":{"rendered":"<p>Sonrisas, festejos, broncas, pero sobre todo, compa\u00f1erismo, camarader\u00eda y amistad. El encuentro de escuelitas de f\u00fatbol organizado por el Automoto Club Deportivo el pasado viernes, aprovechando el feriado nacional, dej\u00f3 todas esas im\u00e1genes.<\/p>\n","protected":false},"author":3,"featured_media":0,"comment_status":"closed","ping_status":"open","sticky":false,"template":"","format":"standard","meta":{"footnotes":""},"categories":[27],"tags":[],"class_list":["post-21941","post","type-post","status-publish","format-standard","hentry","category-deportes"],"yoast_head":"<!-- This site is optimized with the Yoast SEO plugin v25.9 - https:\/\/yoast.com\/wordpress\/plugins\/seo\/ -->\n<title>Cientos de ni\u00f1os disfrutaron del encuentro organizado por Automoto - Noticias Radio Reflejos<\/title>\n<meta name=\"robots\" content=\"index, follow, max-snippet:-1, max-image-preview:large, max-video-preview:-1\" \/>\n<link rel=\"canonical\" href=\"https:\/\/www.noticiasradioreflejos.com.ar\/2021\/cientos-de-ninos-disfrutaron-del-encuentro-organizado-por-automoto\/\" \/>\n<meta property=\"og:locale\" content=\"es_ES\" \/>\n<meta property=\"og:type\" content=\"article\" \/>\n<meta property=\"og:title\" content=\"Cientos de ni\u00f1os disfrutaron del encuentro organizado por Automoto - Noticias Radio Reflejos\" \/>\n<meta property=\"og:description\" content=\"Sonrisas, festejos, broncas, pero sobre todo, compa\u00f1erismo, camarader\u00eda y amistad. El encuentro de escuelitas de f\u00fatbol organizado por el Automoto Club Deportivo el pasado viernes, aprovechando el feriado nacional, dej\u00f3 todas esas im\u00e1genes.\" \/>\n<meta property=\"og:url\" content=\"https:\/\/www.noticiasradioreflejos.com.ar\/2021\/cientos-de-ninos-disfrutaron-del-encuentro-organizado-por-automoto\/\" \/>\n<meta property=\"og:site_name\" content=\"Noticias Radio Reflejos\" \/>\n<meta property=\"article:published_time\" content=\"2018-05-29T03:05:23+00:00\" \/>\n<meta property=\"og:image\" content=\"http:\/\/farm2.staticflickr.com\/1732\/27552454137_685aa49afc_z.jpg\" \/>\n<meta name=\"author\" content=\"Arnaldo Botto\" \/>\n<meta name=\"twitter:card\" content=\"summary_large_image\" \/>\n<script type=\"application\/ld+json\" class=\"yoast-schema-graph\">{\"@context\":\"https:\/\/schema.org\",\"@graph\":[{\"@type\":\"WebPage\",\"@id\":\"https:\/\/www.noticiasradioreflejos.com.ar\/2021\/cientos-de-ninos-disfrutaron-del-encuentro-organizado-por-automoto\/\",\"url\":\"https:\/\/www.noticiasradioreflejos.com.ar\/2021\/cientos-de-ninos-disfrutaron-del-encuentro-organizado-por-automoto\/\",\"name\":\"Cientos de ni\u00f1os disfrutaron del encuentro organizado por Automoto - Noticias Radio Reflejos\",\"isPartOf\":{\"@id\":\"https:\/\/www.noticiasradioreflejos.com.ar\/2021\/#website\"},\"primaryImageOfPage\":{\"@id\":\"https:\/\/www.noticiasradioreflejos.com.ar\/2021\/cientos-de-ninos-disfrutaron-del-encuentro-organizado-por-automoto\/#primaryimage\"},\"image\":{\"@id\":\"https:\/\/www.noticiasradioreflejos.com.ar\/2021\/cientos-de-ninos-disfrutaron-del-encuentro-organizado-por-automoto\/#primaryimage\"},\"thumbnailUrl\":\"http:\/\/farm2.staticflickr.com\/1732\/27552454137_685aa49afc_z.jpg\",\"datePublished\":\"2018-05-29T03:05:23+00:00\",\"author\":{\"@id\":\"https:\/\/www.noticiasradioreflejos.com.ar\/2021\/#\/schema\/person\/ad82545263dcc5ec0996818884fd5fb1\"},\"breadcrumb\":{\"@id\":\"https:\/\/www.noticiasradioreflejos.com.ar\/2021\/cientos-de-ninos-disfrutaron-del-encuentro-organizado-por-automoto\/#breadcrumb\"},\"inLanguage\":\"es\",\"potentialAction\":[{\"@type\":\"ReadAction\",\"target\":[\"https:\/\/www.noticiasradioreflejos.com.ar\/2021\/cientos-de-ninos-disfrutaron-del-encuentro-organizado-por-automoto\/\"]}]},{\"@type\":\"ImageObject\",\"inLanguage\":\"es\",\"@id\":\"https:\/\/www.noticiasradioreflejos.com.ar\/2021\/cientos-de-ninos-disfrutaron-del-encuentro-organizado-por-automoto\/#primaryimage\",\"url\":\"http:\/\/farm2.staticflickr.com\/1732\/27552454137_685aa49afc_z.jpg\",\"contentUrl\":\"http:\/\/farm2.staticflickr.com\/1732\/27552454137_685aa49afc_z.jpg\"},{\"@type\":\"BreadcrumbList\",\"@id\":\"https:\/\/www.noticiasradioreflejos.com.ar\/2021\/cientos-de-ninos-disfrutaron-del-encuentro-organizado-por-automoto\/#breadcrumb\",\"itemListElement\":[{\"@type\":\"ListItem\",\"position\":1,\"name\":\"Portada\",\"item\":\"https:\/\/www.noticiasradioreflejos.com.ar\/2021\/\"},{\"@type\":\"ListItem\",\"position\":2,\"name\":\"Cientos de ni\u00f1os disfrutaron del encuentro organizado por Automoto\"}]},{\"@type\":\"WebSite\",\"@id\":\"https:\/\/www.noticiasradioreflejos.com.ar\/2021\/#website\",\"url\":\"https:\/\/www.noticiasradioreflejos.com.ar\/2021\/\",\"name\":\"Noticias Radio Reflejos\",\"description\":\"Las noticias de mi comarca\",\"potentialAction\":[{\"@type\":\"SearchAction\",\"target\":{\"@type\":\"EntryPoint\",\"urlTemplate\":\"https:\/\/www.noticiasradioreflejos.com.ar\/2021\/?s={search_term_string}\"},\"query-input\":{\"@type\":\"PropertyValueSpecification\",\"valueRequired\":true,\"valueName\":\"search_term_string\"}}],\"inLanguage\":\"es\"},{\"@type\":\"Person\",\"@id\":\"https:\/\/www.noticiasradioreflejos.com.ar\/2021\/#\/schema\/person\/ad82545263dcc5ec0996818884fd5fb1\",\"name\":\"Arnaldo Botto\",\"image\":{\"@type\":\"ImageObject\",\"inLanguage\":\"es\",\"@id\":\"https:\/\/www.noticiasradioreflejos.com.ar\/2021\/#\/schema\/person\/image\/\",\"url\":\"https:\/\/secure.gravatar.com\/avatar\/55cb5e37c1efa326397366e6974cb338056df65cb50e7d64d1cf314e87504837?s=96&d=mm&r=g\",\"contentUrl\":\"https:\/\/secure.gravatar.com\/avatar\/55cb5e37c1efa326397366e6974cb338056df65cb50e7d64d1cf314e87504837?s=96&d=mm&r=g\",\"caption\":\"Arnaldo Botto\"},\"url\":\"https:\/\/www.noticiasradioreflejos.com.ar\/2021\/author\/arnaldo\/\"}]}<\/script>\n<!-- \/ Yoast SEO plugin. -->","yoast_head_json":{"title":"Cientos de ni\u00f1os disfrutaron del encuentro organizado por Automoto - Noticias Radio Reflejos","robots":{"index":"index","follow":"follow","max-snippet":"max-snippet:-1","max-image-preview":"max-image-preview:large","max-video-preview":"max-video-preview:-1"},"canonical":"https:\/\/www.noticiasradioreflejos.com.ar\/2021\/cientos-de-ninos-disfrutaron-del-encuentro-organizado-por-automoto\/","og_locale":"es_ES","og_type":"article","og_title":"Cientos de ni\u00f1os disfrutaron del encuentro organizado por Automoto - Noticias Radio Reflejos","og_description":"Sonrisas, festejos, broncas, pero sobre todo, compa\u00f1erismo, camarader\u00eda y amistad. El encuentro de escuelitas de f\u00fatbol organizado por el Automoto Club Deportivo el pasado viernes, aprovechando el feriado nacional, dej\u00f3 todas esas im\u00e1genes.","og_url":"https:\/\/www.noticiasradioreflejos.com.ar\/2021\/cientos-de-ninos-disfrutaron-del-encuentro-organizado-por-automoto\/","og_site_name":"Noticias Radio Reflejos","article_published_time":"2018-05-29T03:05:23+00:00","og_image":[{"url":"http:\/\/farm2.staticflickr.com\/1732\/27552454137_685aa49afc_z.jpg","type":"","width":"","height":""}],"author":"Arnaldo Botto","twitter_card":"summary_large_image","schema":{"@context":"https:\/\/schema.org","@graph":[{"@type":"WebPage","@id":"https:\/\/www.noticiasradioreflejos.com.ar\/2021\/cientos-de-ninos-disfrutaron-del-encuentro-organizado-por-automoto\/","url":"https:\/\/www.noticiasradioreflejos.com.ar\/2021\/cientos-de-ninos-disfrutaron-del-encuentro-organizado-por-automoto\/","name":"Cientos de ni\u00f1os disfrutaron del encuentro organizado por Automoto - Noticias Radio Reflejos","isPartOf":{"@id":"https:\/\/www.noticiasradioreflejos.com.ar\/2021\/#website"},"primaryImageOfPage":{"@id":"https:\/\/www.noticiasradioreflejos.com.ar\/2021\/cientos-de-ninos-disfrutaron-del-encuentro-organizado-por-automoto\/#primaryimage"},"image":{"@id":"https:\/\/www.noticiasradioreflejos.com.ar\/2021\/cientos-de-ninos-disfrutaron-del-encuentro-organizado-por-automoto\/#primaryimage"},"thumbnailUrl":"http:\/\/farm2.staticflickr.com\/1732\/27552454137_685aa49afc_z.jpg","datePublished":"2018-05-29T03:05:23+00:00","author":{"@id":"https:\/\/www.noticiasradioreflejos.com.ar\/2021\/#\/schema\/person\/ad82545263dcc5ec0996818884fd5fb1"},"breadcrumb":{"@id":"https:\/\/www.noticiasradioreflejos.com.ar\/2021\/cientos-de-ninos-disfrutaron-del-encuentro-organizado-por-automoto\/#breadcrumb"},"inLanguage":"es","potentialAction":[{"@type":"ReadAction","target":["https:\/\/www.noticiasradioreflejos.com.ar\/2021\/cientos-de-ninos-disfrutaron-del-encuentro-organizado-por-automoto\/"]}]},{"@type":"ImageObject","inLanguage":"es","@id":"https:\/\/www.noticiasradioreflejos.com.ar\/2021\/cientos-de-ninos-disfrutaron-del-encuentro-organizado-por-automoto\/#primaryimage","url":"http:\/\/farm2.staticflickr.com\/1732\/27552454137_685aa49afc_z.jpg","contentUrl":"http:\/\/farm2.staticflickr.com\/1732\/27552454137_685aa49afc_z.jpg"},{"@type":"BreadcrumbList","@id":"https:\/\/www.noticiasradioreflejos.com.ar\/2021\/cientos-de-ninos-disfrutaron-del-encuentro-organizado-por-automoto\/#breadcrumb","itemListElement":[{"@type":"ListItem","position":1,"name":"Portada","item":"https:\/\/www.noticiasradioreflejos.com.ar\/2021\/"},{"@type":"ListItem","position":2,"name":"Cientos de ni\u00f1os disfrutaron del encuentro organizado por Automoto"}]},{"@type":"WebSite","@id":"https:\/\/www.noticiasradioreflejos.com.ar\/2021\/#website","url":"https:\/\/www.noticiasradioreflejos.com.ar\/2021\/","name":"Noticias Radio Reflejos","description":"Las noticias de mi comarca","potentialAction":[{"@type":"SearchAction","target":{"@type":"EntryPoint","urlTemplate":"https:\/\/www.noticiasradioreflejos.com.ar\/2021\/?s={search_term_string}"},"query-input":{"@type":"PropertyValueSpecification","valueRequired":true,"valueName":"search_term_string"}}],"inLanguage":"es"},{"@type":"Person","@id":"https:\/\/www.noticiasradioreflejos.com.ar\/2021\/#\/schema\/person\/ad82545263dcc5ec0996818884fd5fb1","name":"Arnaldo Botto","image":{"@type":"ImageObject","inLanguage":"es","@id":"https:\/\/www.noticiasradioreflejos.com.ar\/2021\/#\/schema\/person\/image\/","url":"https:\/\/secure.gravatar.com\/avatar\/55cb5e37c1efa326397366e6974cb338056df65cb50e7d64d1cf314e87504837?s=96&d=mm&r=g","contentUrl":"https:\/\/secure.gravatar.com\/avatar\/55cb5e37c1efa326397366e6974cb338056df65cb50e7d64d1cf314e87504837?s=96&d=mm&r=g","caption":"Arnaldo Botto"},"url":"https:\/\/www.noticiasradioreflejos.com.ar\/2021\/author\/arnaldo\/"}]}},"_links":{"self":[{"href":"https:\/\/www.noticiasradioreflejos.com.ar\/2021\/wp-json\/wp\/v2\/posts\/21941","targetHints":{"allow":["GET"]}}],"collection":[{"href":"https:\/\/www.noticiasradioreflejos.com.ar\/2021\/wp-json\/wp\/v2\/posts"}],"about":[{"href":"https:\/\/www.noticiasradioreflejos.com.ar\/2021\/wp-json\/wp\/v2\/types\/post"}],"author":[{"embeddable":true,"href":"https:\/\/www.noticiasradioreflejos.com.ar\/2021\/wp-json\/wp\/v2\/users\/3"}],"replies":[{"embeddable":true,"href":"https:\/\/www.noticiasradioreflejos.com.ar\/2021\/wp-json\/wp\/v2\/comments?post=21941"}],"version-history":[{"count":0,"href":"https:\/\/www.noticiasradioreflejos.com.ar\/2021\/wp-json\/wp\/v2\/posts\/21941\/revisions"}],"wp:attachment":[{"href":"https:\/\/www.noticiasradioreflejos.com.ar\/2021\/wp-json\/wp\/v2\/media?parent=21941"}],"wp:term":[{"taxonomy":"category","embeddable":true,"href":"https:\/\/www.noticiasradioreflejos.com.ar\/2021\/wp-json\/wp\/v2\/categories?post=21941"},{"taxonomy":"post_tag","embeddable":true,"href":"https:\/\/www.noticiasradioreflejos.com.ar\/2021\/wp-json\/wp\/v2\/tags?post=21941"}],"curies":[{"name":"wp","href":"https:\/\/api.w.org\/{rel}","templated":true}]}}