{"id":21935,"date":"2018-05-29T08:47:05","date_gmt":"2018-05-29T11:47:05","guid":{"rendered":"http:\/\/www.noticiasradioreflejos.com.ar\/noticias\/?p=21935"},"modified":"2018-05-29T08:47:05","modified_gmt":"2018-05-29T11:47:05","slug":"agustin-rossi-en-tornquist-me-gustaria-ser-candidato-a-presidente","status":"publish","type":"post","link":"https:\/\/www.noticiasradioreflejos.com.ar\/2021\/agustin-rossi-en-tornquist-me-gustaria-ser-candidato-a-presidente\/","title":{"rendered":"Agust\u00edn Rossi en Tornquist: \u201cMe gustar\u00eda ser candidato a Presidente\u201d"},"content":{"rendered":"<p>En el marco de una recorrida que incluy\u00f3 localidades de toda la regi\u00f3n, este s\u00e1bado por la noche el diputado nacional por el Frente para la Victoria y Ministro de Defensa durante el gobierno de Cristina Kirchner, Agust\u00edn Rossi, visit\u00f3 Tornquist.<!--more--><br \/>\nEl legislador se lleg\u00f3 hasta la Unidad B\u00e1sica, que estuvo colmada y donde fue recibido por el presidente del Partido Justicialista local, V\u00edctor Leal, y el vicepresidente y ex intendente Gustavo Trankels. Tras su arribo a la sede de Rivadavia 127, Rossi brind\u00f3 una conferencia de prensa en la que, por espacio de media hora, habl\u00f3 de sus intenciones pol\u00edticas y le dispar\u00f3 a la gesti\u00f3n del Presidente Mauricio Macri.<br \/>\nEn primer lugar fue consultado sobre su intenci\u00f3n de ser candidato presidencial en 2019, a lo que respondi\u00f3: \u201cNo me escapo a las versiones period\u00edsticas pero tampoco creo que sea este el mejor momento para tomar una definici\u00f3n en ese sentido, Argentina est\u00e1 en una crisis econ\u00f3mica bastante profunda y me parece que est\u00e1 generando una movilidad en el escenario pol\u00edtico que haga inconveniente adelantar alg\u00fan tipo de decisiones\u201d.<br \/>\nSin embargo, admiti\u00f3 que \u201cme gustar\u00eda ser candidato a presidente\u201d y en ese sentido adelant\u00f3 que entre julio y agosto tomar\u00e1 la decisi\u00f3n de lanzarse o no. \u201cDesde principio de este a\u00f1o estoy recorriendo todo el pa\u00eds y en los \u00faltimos tiempos m\u00e1s intensamente en la Provincia de Buenos Aires\u201d, a\u00f1adi\u00f3 a prop\u00f3sito.<br \/>\n\u201cEL PUEBLO QUIERE SABER DE QU\u00c9 SE TRATA EL ACUERDO CON EL FMI\u201d<br \/>\nExpresamente en contra del acuerdo del Gobierno Nacional con el Fondo Monetario Internacional, manifest\u00f3 que se deben saber \u201ccu\u00e1les son las condicionalidades del acuerdo con el organismo financiero, por eso le pido al Presidente de la Naci\u00f3n que lo mande al Congreso para que los representantes del pueblo lo discutan de cara al conjunto de la sociedad\u201d.<br \/>\n\u201cLa movilizaci\u00f3n del viernes muestra claramente un sentimiento de disconformidad de la sociedad con la pol\u00edtica econ\u00f3mica y la decisi\u00f3n del gobierno de ir al FMI. Estamos en un gobierno que desde diciembre del a\u00f1o pasado, cuando se trat\u00f3 la ley de Reforma Previsional, empez\u00f3 con un proceso de deterioro de su imagen y de p\u00e9rdida de credibilidad, que es lo m\u00e1s importante que tiene un gobernante\u201d, agreg\u00f3.<br \/>\n\u201cEl acuerdo con el FMI \u2013continu\u00f3- va a profundizar el programa econ\u00f3mico y la crisis. Se vienen meses dif\u00edciles, va a haber recesi\u00f3n econ\u00f3mica, estamos llegando al 0% de crecimiento econ\u00f3mico, lo que significa que estamos en depresi\u00f3n. Ni siquiera vamos a crecer en funci\u00f3n del crecimiento vegetativo y eso se va a ver expresado en la actividad econ\u00f3mica en general\u201d.<br \/>\n\u201cLA POL\u00cdTICA AGROPECUARIA DEL GOBIERNO SE REDUJO A LA BAJA DE RETENCIONES\u201d<br \/>\n\u201cLa pol\u00edtica del gobierno en materia agropecuaria se redujo a la rebaja de retenciones y no tuvo otra pol\u00edtica espec\u00edfica para el sector\u201d, afirm\u00f3 m\u00e1s adelante sobre las medidas del Gobierno actual para con el campo.<br \/>\n\u201cNo hay pol\u00edticas activas para las econom\u00edas regionales ni para las cadenas productivas, incluso la baja de retenciones gener\u00f3 problemas en otras cadenas, como la porcina y la av\u00edcola. Los productores de poco volumen tienen inconvenientes fundamentalmente por el aumento de los insumos, pero el gobierno tom\u00f3 decisi\u00f3n de bajar las retenciones que tiene como impacto beneficio directo al sector m\u00e1s concentrado y no tiene en cuenta otras problem\u00e1ticas que aparecen claramente en el sector\u201d, asegur\u00f3.<br \/>\nEn esa l\u00ednea, Rossi consider\u00f3 que \u201cel gobierno desregul\u00f3 absolutamente el mercado, ahora las agroexportadoras entran y salen sin ning\u00fan tipo de control ni l\u00edmites. Les dio a los productores la posibilidad de liquidar cuando quieran y de ingresar ese dinero cuando quieran y si quieren, y todo eso hace que el Estado aparezca como fuertemente d\u00e9bil\u201d.<br \/>\n\u201cNecesitamos una pol\u00edtica de comercio exterior equilibrada, el gobierno dice que su problema es el d\u00e9ficit fiscal cuando en realidad es el d\u00e9ficit de la balanza comercial, ya que no est\u00e1 produciendo los d\u00f3lares genuinos que salen de la actividad econ\u00f3mica y genera un desbalance comercial porque exporta poco e importa mucho. Hay que poner un gran cartel en la Aduana que diga \u2018Todo lo que se puede producir en la Argentina se hace en la Argentina y se vende en la Argentina\u2019, para evitar esta avalancha de productos importados que tanto da\u00f1o nos hacen\u201d, sugiri\u00f3 adem\u00e1s.<br \/>\n\u201cNOS HICIERON CREER QUE SUBSIDIO ERA UNA MALA PALABRA\u201d<br \/>\nM\u00e1s adelante, el legislador del Frente para la Victoria se refiri\u00f3 a la ley que se trata en el Congreso que busca frenar el tarifazo. \u201cEspero que el presidente se ilumine, vetar una decisi\u00f3n de estas caracter\u00edsticas va a generar un enojo exponencial en el conjunto del pueblo, porque la gente est\u00e1 enojada con el gobierno\u201d, indic\u00f3.<br \/>\n\u201cEs una ley que favorece al pueblo, est\u00e1 hecha en defensa de los argentinos y no en contra de Macri. Las tarifas est\u00e1n impagables, que es distinto a lo caro, porque para lo caro uno hace el esfuerzo y lo paga; lo impagable lo abona un mes, pero ya dos o tres meses no se puede pagar\u201d, manifest\u00f3.<br \/>\n\u201cNos hicieron creer que la palabra subsidio era una mala palabra \u2013afirm\u00f3 en ese marco-, cuando en 2015 pa\u00edses como Estados Unidos y Alemania ten\u00edan un porcentaje de subsidios en la tarifa mayor a los de Argentina. Adem\u00e1s, los subsidios son fuertemente distributivos\u201d.<br \/>\n\u201cLA UNIDAD DEL PERONISMO HAY QUE HACERLA LO M\u00c1S AMPLIA POSIBLE\u201d<br \/>\nPor \u00faltimo, el \u2018Chivo\u2019 habl\u00f3 sobre la posible unidad del peronismo en el pa\u00eds, asegur\u00f3 que es \u201cun defensor de la unidad\u201d y que \u201chay que hacerla lo m\u00e1s amplia posible\u201d. \u201cHoy el 70% de los argentinos son cr\u00edticos del gobierno, entonces hay que tratar de construir una unidad que genere una propuesta pol\u00edtico electoral que pueda representar a la mayor cantidad de ese porcentaje. El \u00fanico miedo que tengo respecto a la unidad es que se construya sin proyectos, tiene que tener una idea\u201d, admiti\u00f3.<br \/>\nEn ese sentido, sugiri\u00f3 que las principales propuestas deben ser \u201cderogar la Reforma Previsional; que las tarifas no tienen que aumentar m\u00e1s de lo que aumenta el sueldo; una pol\u00edtica fiscal destinada a aumentar la demanda y a mejorar el poder adquisitivo del salario de manera tal de sostener el consumo y fortalecer el mercado interno; implementar pol\u00edticas monetarias con tasa de inter\u00e9s neutras o negativas con respecto a la inflaci\u00f3n habida cuenta que favorezcan a los sectores productivos y quien quiera invertir; y revalorizar valores tradicionales de Argentina como son producci\u00f3n y trabajo\u201d.<br \/>\n<iframe loading=\"lazy\" src=\"https:\/\/w.soundcloud.com\/player\/?url=https%3A\/\/api.soundcloud.com\/tracks\/450553200&amp;color=%23ff5500&amp;auto_play=false&amp;hide_related=false&amp;show_comments=true&amp;show_user=true&amp;show_reposts=false&amp;show_teaser=true\" width=\"100%\" height=\"166\" frameborder=\"no\" scrolling=\"no\"><\/iframe><br \/>\n<iframe loading=\"lazy\" src=\"https:\/\/w.soundcloud.com\/player\/?url=https%3A\/\/api.soundcloud.com\/tracks\/450553872&amp;color=%23ff5500&amp;auto_play=false&amp;hide_related=false&amp;show_comments=true&amp;show_user=true&amp;show_reposts=false&amp;show_teaser=true\" width=\"100%\" height=\"166\" frameborder=\"no\" scrolling=\"no\"><\/iframe><br \/>\n<a title=\"rossi4\" href=\"http:\/\/farm2.staticflickr.com\/1732\/40614443950_180db46b69_z.jpg\" rel=\"\"><img loading=\"lazy\" decoding=\"async\" class=\"aligncenter\" title=\"rossi4\" src=\"http:\/\/farm2.staticflickr.com\/1732\/40614443950_180db46b69_z.jpg\" alt=\"rossi4\" width=\"640\" height=\"427\" \/><\/a><br \/>\n<a title=\"rossi3\" href=\"http:\/\/farm2.staticflickr.com\/1725\/40614444740_06e6b6c67a_z.jpg\" rel=\"\"><img loading=\"lazy\" decoding=\"async\" class=\"aligncenter\" title=\"rossi3\" src=\"http:\/\/farm2.staticflickr.com\/1725\/40614444740_06e6b6c67a_z.jpg\" alt=\"rossi3\" width=\"640\" height=\"427\" \/><\/a><br \/>\n<a title=\"rossi\" href=\"http:\/\/farm2.staticflickr.com\/1739\/42372342342_c6036ea0d0_z.jpg\" rel=\"\"><img loading=\"lazy\" decoding=\"async\" class=\"aligncenter\" title=\"rossi\" src=\"http:\/\/farm2.staticflickr.com\/1739\/42372342342_c6036ea0d0_z.jpg\" alt=\"rossi\" width=\"640\" height=\"427\" \/><\/a><\/p>\n","protected":false},"excerpt":{"rendered":"<p>En el marco de una recorrida que incluy\u00f3 localidades de toda la regi\u00f3n, este s\u00e1bado por la noche el diputado nacional por el Frente para la Victoria y Ministro de Defensa durante el gobierno de Cristina Kirchner, Agust\u00edn Rossi, visit\u00f3 Tornquist.<\/p>\n","protected":false},"author":3,"featured_media":0,"comment_status":"closed","ping_status":"open","sticky":false,"template":"","format":"standard","meta":{"footnotes":""},"categories":[24],"tags":[],"class_list":["post-21935","post","type-post","status-publish","format-standard","hentry","category-politica"],"yoast_head":"<!-- This site is optimized with the Yoast SEO plugin v25.9 - https:\/\/yoast.com\/wordpress\/plugins\/seo\/ -->\n<title>Agust\u00edn Rossi en Tornquist: \u201cMe gustar\u00eda ser candidato a Presidente\u201d - Noticias Radio Reflejos<\/title>\n<meta name=\"robots\" content=\"index, follow, max-snippet:-1, max-image-preview:large, max-video-preview:-1\" \/>\n<link rel=\"canonical\" href=\"https:\/\/www.noticiasradioreflejos.com.ar\/2021\/agustin-rossi-en-tornquist-me-gustaria-ser-candidato-a-presidente\/\" \/>\n<meta property=\"og:locale\" content=\"es_ES\" \/>\n<meta property=\"og:type\" content=\"article\" \/>\n<meta property=\"og:title\" content=\"Agust\u00edn Rossi en Tornquist: \u201cMe gustar\u00eda ser candidato a Presidente\u201d - Noticias Radio Reflejos\" \/>\n<meta property=\"og:description\" content=\"En el marco de una recorrida que incluy\u00f3 localidades de toda la regi\u00f3n, este s\u00e1bado por la noche el diputado nacional por el Frente para la Victoria y Ministro de Defensa durante el gobierno de Cristina Kirchner, Agust\u00edn Rossi, visit\u00f3 Tornquist.\" \/>\n<meta property=\"og:url\" content=\"https:\/\/www.noticiasradioreflejos.com.ar\/2021\/agustin-rossi-en-tornquist-me-gustaria-ser-candidato-a-presidente\/\" \/>\n<meta property=\"og:site_name\" content=\"Noticias Radio Reflejos\" \/>\n<meta property=\"article:published_time\" content=\"2018-05-29T11:47:05+00:00\" \/>\n<meta property=\"og:image\" content=\"http:\/\/farm2.staticflickr.com\/1732\/40614443950_180db46b69_z.jpg\" \/>\n<meta name=\"author\" content=\"Arnaldo Botto\" \/>\n<meta name=\"twitter:card\" content=\"summary_large_image\" \/>\n<script type=\"application\/ld+json\" class=\"yoast-schema-graph\">{\"@context\":\"https:\/\/schema.org\",\"@graph\":[{\"@type\":\"WebPage\",\"@id\":\"https:\/\/www.noticiasradioreflejos.com.ar\/2021\/agustin-rossi-en-tornquist-me-gustaria-ser-candidato-a-presidente\/\",\"url\":\"https:\/\/www.noticiasradioreflejos.com.ar\/2021\/agustin-rossi-en-tornquist-me-gustaria-ser-candidato-a-presidente\/\",\"name\":\"Agust\u00edn Rossi en Tornquist: \u201cMe gustar\u00eda ser candidato a Presidente\u201d - Noticias Radio Reflejos\",\"isPartOf\":{\"@id\":\"https:\/\/www.noticiasradioreflejos.com.ar\/2021\/#website\"},\"primaryImageOfPage\":{\"@id\":\"https:\/\/www.noticiasradioreflejos.com.ar\/2021\/agustin-rossi-en-tornquist-me-gustaria-ser-candidato-a-presidente\/#primaryimage\"},\"image\":{\"@id\":\"https:\/\/www.noticiasradioreflejos.com.ar\/2021\/agustin-rossi-en-tornquist-me-gustaria-ser-candidato-a-presidente\/#primaryimage\"},\"thumbnailUrl\":\"http:\/\/farm2.staticflickr.com\/1732\/40614443950_180db46b69_z.jpg\",\"datePublished\":\"2018-05-29T11:47:05+00:00\",\"author\":{\"@id\":\"https:\/\/www.noticiasradioreflejos.com.ar\/2021\/#\/schema\/person\/ad82545263dcc5ec0996818884fd5fb1\"},\"breadcrumb\":{\"@id\":\"https:\/\/www.noticiasradioreflejos.com.ar\/2021\/agustin-rossi-en-tornquist-me-gustaria-ser-candidato-a-presidente\/#breadcrumb\"},\"inLanguage\":\"es\",\"potentialAction\":[{\"@type\":\"ReadAction\",\"target\":[\"https:\/\/www.noticiasradioreflejos.com.ar\/2021\/agustin-rossi-en-tornquist-me-gustaria-ser-candidato-a-presidente\/\"]}]},{\"@type\":\"ImageObject\",\"inLanguage\":\"es\",\"@id\":\"https:\/\/www.noticiasradioreflejos.com.ar\/2021\/agustin-rossi-en-tornquist-me-gustaria-ser-candidato-a-presidente\/#primaryimage\",\"url\":\"http:\/\/farm2.staticflickr.com\/1732\/40614443950_180db46b69_z.jpg\",\"contentUrl\":\"http:\/\/farm2.staticflickr.com\/1732\/40614443950_180db46b69_z.jpg\"},{\"@type\":\"BreadcrumbList\",\"@id\":\"https:\/\/www.noticiasradioreflejos.com.ar\/2021\/agustin-rossi-en-tornquist-me-gustaria-ser-candidato-a-presidente\/#breadcrumb\",\"itemListElement\":[{\"@type\":\"ListItem\",\"position\":1,\"name\":\"Portada\",\"item\":\"https:\/\/www.noticiasradioreflejos.com.ar\/2021\/\"},{\"@type\":\"ListItem\",\"position\":2,\"name\":\"Agust\u00edn Rossi en Tornquist: \u201cMe gustar\u00eda ser candidato a Presidente\u201d\"}]},{\"@type\":\"WebSite\",\"@id\":\"https:\/\/www.noticiasradioreflejos.com.ar\/2021\/#website\",\"url\":\"https:\/\/www.noticiasradioreflejos.com.ar\/2021\/\",\"name\":\"Noticias Radio Reflejos\",\"description\":\"Las noticias de mi comarca\",\"potentialAction\":[{\"@type\":\"SearchAction\",\"target\":{\"@type\":\"EntryPoint\",\"urlTemplate\":\"https:\/\/www.noticiasradioreflejos.com.ar\/2021\/?s={search_term_string}\"},\"query-input\":{\"@type\":\"PropertyValueSpecification\",\"valueRequired\":true,\"valueName\":\"search_term_string\"}}],\"inLanguage\":\"es\"},{\"@type\":\"Person\",\"@id\":\"https:\/\/www.noticiasradioreflejos.com.ar\/2021\/#\/schema\/person\/ad82545263dcc5ec0996818884fd5fb1\",\"name\":\"Arnaldo Botto\",\"image\":{\"@type\":\"ImageObject\",\"inLanguage\":\"es\",\"@id\":\"https:\/\/www.noticiasradioreflejos.com.ar\/2021\/#\/schema\/person\/image\/\",\"url\":\"https:\/\/secure.gravatar.com\/avatar\/55cb5e37c1efa326397366e6974cb338056df65cb50e7d64d1cf314e87504837?s=96&d=mm&r=g\",\"contentUrl\":\"https:\/\/secure.gravatar.com\/avatar\/55cb5e37c1efa326397366e6974cb338056df65cb50e7d64d1cf314e87504837?s=96&d=mm&r=g\",\"caption\":\"Arnaldo Botto\"},\"url\":\"https:\/\/www.noticiasradioreflejos.com.ar\/2021\/author\/arnaldo\/\"}]}<\/script>\n<!-- \/ Yoast SEO plugin. -->","yoast_head_json":{"title":"Agust\u00edn Rossi en Tornquist: \u201cMe gustar\u00eda ser candidato a Presidente\u201d - Noticias Radio Reflejos","robots":{"index":"index","follow":"follow","max-snippet":"max-snippet:-1","max-image-preview":"max-image-preview:large","max-video-preview":"max-video-preview:-1"},"canonical":"https:\/\/www.noticiasradioreflejos.com.ar\/2021\/agustin-rossi-en-tornquist-me-gustaria-ser-candidato-a-presidente\/","og_locale":"es_ES","og_type":"article","og_title":"Agust\u00edn Rossi en Tornquist: \u201cMe gustar\u00eda ser candidato a Presidente\u201d - Noticias Radio Reflejos","og_description":"En el marco de una recorrida que incluy\u00f3 localidades de toda la regi\u00f3n, este s\u00e1bado por la noche el diputado nacional por el Frente para la Victoria y Ministro de Defensa durante el gobierno de Cristina Kirchner, Agust\u00edn Rossi, visit\u00f3 Tornquist.","og_url":"https:\/\/www.noticiasradioreflejos.com.ar\/2021\/agustin-rossi-en-tornquist-me-gustaria-ser-candidato-a-presidente\/","og_site_name":"Noticias Radio Reflejos","article_published_time":"2018-05-29T11:47:05+00:00","og_image":[{"url":"http:\/\/farm2.staticflickr.com\/1732\/40614443950_180db46b69_z.jpg","type":"","width":"","height":""}],"author":"Arnaldo Botto","twitter_card":"summary_large_image","schema":{"@context":"https:\/\/schema.org","@graph":[{"@type":"WebPage","@id":"https:\/\/www.noticiasradioreflejos.com.ar\/2021\/agustin-rossi-en-tornquist-me-gustaria-ser-candidato-a-presidente\/","url":"https:\/\/www.noticiasradioreflejos.com.ar\/2021\/agustin-rossi-en-tornquist-me-gustaria-ser-candidato-a-presidente\/","name":"Agust\u00edn Rossi en Tornquist: \u201cMe gustar\u00eda ser candidato a Presidente\u201d - Noticias Radio Reflejos","isPartOf":{"@id":"https:\/\/www.noticiasradioreflejos.com.ar\/2021\/#website"},"primaryImageOfPage":{"@id":"https:\/\/www.noticiasradioreflejos.com.ar\/2021\/agustin-rossi-en-tornquist-me-gustaria-ser-candidato-a-presidente\/#primaryimage"},"image":{"@id":"https:\/\/www.noticiasradioreflejos.com.ar\/2021\/agustin-rossi-en-tornquist-me-gustaria-ser-candidato-a-presidente\/#primaryimage"},"thumbnailUrl":"http:\/\/farm2.staticflickr.com\/1732\/40614443950_180db46b69_z.jpg","datePublished":"2018-05-29T11:47:05+00:00","author":{"@id":"https:\/\/www.noticiasradioreflejos.com.ar\/2021\/#\/schema\/person\/ad82545263dcc5ec0996818884fd5fb1"},"breadcrumb":{"@id":"https:\/\/www.noticiasradioreflejos.com.ar\/2021\/agustin-rossi-en-tornquist-me-gustaria-ser-candidato-a-presidente\/#breadcrumb"},"inLanguage":"es","potentialAction":[{"@type":"ReadAction","target":["https:\/\/www.noticiasradioreflejos.com.ar\/2021\/agustin-rossi-en-tornquist-me-gustaria-ser-candidato-a-presidente\/"]}]},{"@type":"ImageObject","inLanguage":"es","@id":"https:\/\/www.noticiasradioreflejos.com.ar\/2021\/agustin-rossi-en-tornquist-me-gustaria-ser-candidato-a-presidente\/#primaryimage","url":"http:\/\/farm2.staticflickr.com\/1732\/40614443950_180db46b69_z.jpg","contentUrl":"http:\/\/farm2.staticflickr.com\/1732\/40614443950_180db46b69_z.jpg"},{"@type":"BreadcrumbList","@id":"https:\/\/www.noticiasradioreflejos.com.ar\/2021\/agustin-rossi-en-tornquist-me-gustaria-ser-candidato-a-presidente\/#breadcrumb","itemListElement":[{"@type":"ListItem","position":1,"name":"Portada","item":"https:\/\/www.noticiasradioreflejos.com.ar\/2021\/"},{"@type":"ListItem","position":2,"name":"Agust\u00edn Rossi en Tornquist: \u201cMe gustar\u00eda ser candidato a Presidente\u201d"}]},{"@type":"WebSite","@id":"https:\/\/www.noticiasradioreflejos.com.ar\/2021\/#website","url":"https:\/\/www.noticiasradioreflejos.com.ar\/2021\/","name":"Noticias Radio Reflejos","description":"Las noticias de mi comarca","potentialAction":[{"@type":"SearchAction","target":{"@type":"EntryPoint","urlTemplate":"https:\/\/www.noticiasradioreflejos.com.ar\/2021\/?s={search_term_string}"},"query-input":{"@type":"PropertyValueSpecification","valueRequired":true,"valueName":"search_term_string"}}],"inLanguage":"es"},{"@type":"Person","@id":"https:\/\/www.noticiasradioreflejos.com.ar\/2021\/#\/schema\/person\/ad82545263dcc5ec0996818884fd5fb1","name":"Arnaldo Botto","image":{"@type":"ImageObject","inLanguage":"es","@id":"https:\/\/www.noticiasradioreflejos.com.ar\/2021\/#\/schema\/person\/image\/","url":"https:\/\/secure.gravatar.com\/avatar\/55cb5e37c1efa326397366e6974cb338056df65cb50e7d64d1cf314e87504837?s=96&d=mm&r=g","contentUrl":"https:\/\/secure.gravatar.com\/avatar\/55cb5e37c1efa326397366e6974cb338056df65cb50e7d64d1cf314e87504837?s=96&d=mm&r=g","caption":"Arnaldo Botto"},"url":"https:\/\/www.noticiasradioreflejos.com.ar\/2021\/author\/arnaldo\/"}]}},"_links":{"self":[{"href":"https:\/\/www.noticiasradioreflejos.com.ar\/2021\/wp-json\/wp\/v2\/posts\/21935","targetHints":{"allow":["GET"]}}],"collection":[{"href":"https:\/\/www.noticiasradioreflejos.com.ar\/2021\/wp-json\/wp\/v2\/posts"}],"about":[{"href":"https:\/\/www.noticiasradioreflejos.com.ar\/2021\/wp-json\/wp\/v2\/types\/post"}],"author":[{"embeddable":true,"href":"https:\/\/www.noticiasradioreflejos.com.ar\/2021\/wp-json\/wp\/v2\/users\/3"}],"replies":[{"embeddable":true,"href":"https:\/\/www.noticiasradioreflejos.com.ar\/2021\/wp-json\/wp\/v2\/comments?post=21935"}],"version-history":[{"count":0,"href":"https:\/\/www.noticiasradioreflejos.com.ar\/2021\/wp-json\/wp\/v2\/posts\/21935\/revisions"}],"wp:attachment":[{"href":"https:\/\/www.noticiasradioreflejos.com.ar\/2021\/wp-json\/wp\/v2\/media?parent=21935"}],"wp:term":[{"taxonomy":"category","embeddable":true,"href":"https:\/\/www.noticiasradioreflejos.com.ar\/2021\/wp-json\/wp\/v2\/categories?post=21935"},{"taxonomy":"post_tag","embeddable":true,"href":"https:\/\/www.noticiasradioreflejos.com.ar\/2021\/wp-json\/wp\/v2\/tags?post=21935"}],"curies":[{"name":"wp","href":"https:\/\/api.w.org\/{rel}","templated":true}]}}