{"id":21860,"date":"2018-05-25T20:53:56","date_gmt":"2018-05-25T23:53:56","guid":{"rendered":"http:\/\/www.noticiasradioreflejos.com.ar\/noticias\/?p=21860"},"modified":"2018-05-25T20:53:56","modified_gmt":"2018-05-25T23:53:56","slug":"viernes-sabado-y-domingo-en-la-macedonio","status":"publish","type":"post","link":"https:\/\/www.noticiasradioreflejos.com.ar\/2021\/viernes-sabado-y-domingo-en-la-macedonio\/","title":{"rendered":"Viernes, S\u00e1bado y Domingo en la Macedonio"},"content":{"rendered":"<p class=\"x_m_2599128856927914234x_MsoNormal\">La\u00a0BIBLIOTECA POPULAR MACEDONIO FERN\u00c1NDEZ DE VILLA VENTANA invita a Uds. a las siguientes actividades:<\/p>\n<p class=\"x_m_2599128856927914234x_MsoNormal\"><b><u>&gt;Viernes 25 de Mayo \u2013 16 a 20 hs:<\/u><\/b>\u00a0Celebramos el D\u00eda de la Patria con libros y lecturas. Muestra de los libros comprados en la Feria del Libro en Bs As. *pueden traer mate y pastelitos para compartir<\/p>\n<p><!--more--><\/p>\n<p class=\"x_m_2599128856927914234x_MsoNormal\">&gt;<b><u>S\u00e1bado 26 de Mayo \u2013 14 a 18 hs.<\/u><\/b>\u00a0Paisajes musicales. La canci\u00f3n como un lugar para habitar. Taller destinado a personas interesadas en la po\u00e9tica del cuerpo, la voz y teatralidad. Coordinan: Ricardo Pilu Pontano (m\u00fasico- guitarrista profesional), Elke Aimonio (actriz-cantante profesional), Patricia R\u00edos (actriz \u2013directora teatral)<\/p>\n<div>\n<p class=\"x_m_2599128856927914234x_MsoNormal\">&gt;<b><u>S\u00e1bado 26 de Mayo \u2013 17.45 a 19.15 hs.<\/u><\/b>\u00a0Taller de historieta para ni\u00f1as y ni\u00f1os a cargo de Andr\u00e9s Far\u00edas<\/p>\n<p class=\"x_m_2599128856927914234x_MsoNormal\">&gt;<b>Domingo 27 de mayo, 18.30 hs.:\u00a0<i>Cine, caf\u00e9 y debate en la Biblio<\/i><\/b><\/p>\n<p class=\"x_m_2599128856927914234x_ydpdda52c57yiv4961841582plot\"><b>Se proyectar\u00e1 \u00abBaran\u00bb (Lluvia)<\/b><\/p>\n<p class=\"x_m_2599128856927914234x_ydpdda52c57yiv4961841582plot\"><b>A\u00f1o 2001<\/b><\/p>\n<p><b>Pa\u00eds:\u00a0<\/b>Ir\u00e1n<br \/>\n<b>Idioma:<\/b>\u00a0Persa Azer\u00ed<br \/>\n<b>Duraci\u00f3n:\u00a0<\/b>94 minutos<br \/>\n<b>G\u00e9nero:\u00a0<\/b>Drama-Romance<br \/>\nBasada en el libro del mismo nombre (Baran)<\/p>\n<p class=\"x_m_2599128856927914234x_ydpdda52c57yiv4961841582plot\">Dirigida por Majid Majidi<\/p>\n<p class=\"x_m_2599128856927914234x_ydpdda52c57yiv4961841582plot\">Reparto: Mohammad Amir, Hossein Abedini, Zahra Bahrami, Abbas Rahimi entre otros.<\/p>\n<p class=\"x_m_2599128856927914234x_ydpdda52c57yiv4961841582plot\">Estrenada el 31 de nero de 2001<\/p>\n<p class=\"x_m_2599128856927914234x_ydpdda52c57yiv4961841582plot\">Ganadora: 2001 Festival de Gij\u00f3n, mejor director y mejor gui\u00f3n.\u00a0 2001 Festival de Montreal, mejor pel\u00edcula.<\/p>\n<p class=\"x_m_2599128856927914234x_ydpdda52c57yiv4961841582plot\">Sinopsis:\u00a0\u00a0En el punto el que se desarrolla la historia, a\u00f1o 2001, todav\u00eda hay\u00a0<a id=\"x_m_2599128856927914234LPlnk807928\" class=\"x_m_2599128856927914234OWAAutoLink\" title=\"Refugiados afganos (a\u00fan no redactado)\" href=\"https:\/\/es.wikipedia.org\/w\/index.php?title=Refugiados_afganos&amp;action=edit&amp;redlink=1\" target=\"_blank\" rel=\"nofollow noopener noreferrer\">refugiados afganos<\/a>\u00a0en\u00a0<a id=\"x_m_2599128856927914234LPlnk424720\" class=\"x_m_2599128856927914234OWAAutoLink\" title=\"Ir\u00e1n\" href=\"https:\/\/es.wikipedia.org\/wiki\/Ir%C3%A1n\" target=\"_blank\" rel=\"nofollow noopener noreferrer\">Ir\u00e1n<\/a>\u00a0debido a la guerra con\u00a0<a id=\"x_m_2599128856927914234LPlnk604682\" class=\"x_m_2599128856927914234OWAAutoLink\" title=\"Rusia\" href=\"https:\/\/es.wikipedia.org\/wiki\/Rusia\" target=\"_blank\" rel=\"nofollow noopener noreferrer\">Rusia<\/a>\u00a0y a la opresi\u00f3n del\u00a0<a id=\"x_m_2599128856927914234LPlnk67800\" class=\"x_m_2599128856927914234OWAAutoLink\" title=\"R\u00e9gimen talib\u00e1n\" href=\"https:\/\/es.wikipedia.org\/wiki\/R%C3%A9gimen_talib%C3%A1n\" target=\"_blank\" rel=\"nofollow noopener noreferrer\">r\u00e9gimen talib\u00e1n<\/a>. Muchos afganos trabajan durante largas jornadas por mucho menos dinero que los trabajadores iran\u00edes. En ese pa\u00eds, los refugiados afganos no tienen permiso para permanecer en ninguna parte que no sea su\u00a0<a id=\"x_m_2599128856927914234LPlnk891753\" class=\"x_m_2599128856927914234OWAAutoLink\" title=\"Campo de refugiados\" href=\"https:\/\/es.wikipedia.org\/wiki\/Campo_de_refugiados\" target=\"_blank\" rel=\"nofollow noopener noreferrer\">campo de refugiados<\/a>. Necesitan una tarjeta de autorizaci\u00f3n para trabajar en Ir\u00e1n, pero es muy dif\u00edcil de conseguir. Esto hace que muchos de ellos trabajen en condiciones de ilegalidad, y esto trata de ser denunciado por medio de la pel\u00edcula.\u00a0 La pel\u00edcula narra la historia de unos refugiados afganos que trabajan ilegalmente en\u00a0<a id=\"x_m_2599128856927914234LPlnk437150\" class=\"x_m_2599128856927914234OWAAutoLink\" title=\"Ir\u00e1n\" href=\"https:\/\/es.wikipedia.org\/wiki\/Ir%C3%A1n\" target=\"_blank\" rel=\"nofollow noopener noreferrer\">Ir\u00e1n<\/a>\u00a0contada a trav\u00e9s de los ojos de un joven iran\u00ed, Latif (<a id=\"x_m_2599128856927914234LPlnk99715\" class=\"x_m_2599128856927914234OWAAutoLink\" title=\"Hosein Abedini (a\u00fan no redactado)\" href=\"https:\/\/es.wikipedia.org\/w\/index.php?title=Hosein_Abedini&amp;action=edit&amp;redlink=1\" target=\"_blank\" rel=\"nofollow noopener noreferrer\">Hosein Abedini<\/a>).<\/p>\n<\/div>\n<p><a href=\"http:\/\/farm1.staticflickr.com\/890\/42353714051_c0bc016446_z.jpg\" title=\"macedonio2\" rel=\"\"><img loading=\"lazy\" decoding=\"async\" src=\"http:\/\/farm1.staticflickr.com\/890\/42353714051_c0bc016446_z.jpg\" width=\"451\" height=\"640\" alt=\"macedonio2\" title=\"macedonio2\" class=\"aligncenter\"><\/a><br \/>\n<a href=\"http:\/\/farm2.staticflickr.com\/1724\/42305207922_e5d4e4f266_z.jpg\" title=\"macedonio3\" rel=\"\"><img loading=\"lazy\" decoding=\"async\" src=\"http:\/\/farm2.staticflickr.com\/1724\/42305207922_e5d4e4f266_z.jpg\" width=\"640\" height=\"480\" alt=\"macedonio3\" title=\"macedonio3\" class=\"aligncenter\"><\/a><\/p>\n","protected":false},"excerpt":{"rendered":"<p>La\u00a0BIBLIOTECA POPULAR MACEDONIO FERN\u00c1NDEZ DE VILLA VENTANA invita a Uds. a las siguientes actividades: &gt;Viernes 25 de Mayo \u2013 16 a 20 hs:\u00a0Celebramos el D\u00eda de la Patria con libros y lecturas. Muestra de los libros comprados en la Feria del Libro en Bs As. *pueden traer mate y pastelitos para compartir<\/p>\n","protected":false},"author":3,"featured_media":0,"comment_status":"closed","ping_status":"open","sticky":false,"template":"","format":"standard","meta":{"footnotes":""},"categories":[35],"tags":[],"class_list":["post-21860","post","type-post","status-publish","format-standard","hentry","category-cultura"],"yoast_head":"<!-- This site is optimized with the Yoast SEO plugin v25.9 - https:\/\/yoast.com\/wordpress\/plugins\/seo\/ -->\n<title>Viernes, S\u00e1bado y Domingo en la Macedonio - Noticias Radio Reflejos<\/title>\n<meta name=\"robots\" content=\"index, follow, max-snippet:-1, max-image-preview:large, max-video-preview:-1\" \/>\n<link rel=\"canonical\" href=\"https:\/\/www.noticiasradioreflejos.com.ar\/2021\/viernes-sabado-y-domingo-en-la-macedonio\/\" \/>\n<meta property=\"og:locale\" content=\"es_ES\" \/>\n<meta property=\"og:type\" content=\"article\" \/>\n<meta property=\"og:title\" content=\"Viernes, S\u00e1bado y Domingo en la Macedonio - Noticias Radio Reflejos\" \/>\n<meta property=\"og:description\" content=\"La\u00a0BIBLIOTECA POPULAR MACEDONIO FERN\u00c1NDEZ DE VILLA VENTANA invita a Uds. a las siguientes actividades: &gt;Viernes 25 de Mayo \u2013 16 a 20 hs:\u00a0Celebramos el D\u00eda de la Patria con libros y lecturas. Muestra de los libros comprados en la Feria del Libro en Bs As. *pueden traer mate y pastelitos para compartir\" \/>\n<meta property=\"og:url\" content=\"https:\/\/www.noticiasradioreflejos.com.ar\/2021\/viernes-sabado-y-domingo-en-la-macedonio\/\" \/>\n<meta property=\"og:site_name\" content=\"Noticias Radio Reflejos\" \/>\n<meta property=\"article:published_time\" content=\"2018-05-25T23:53:56+00:00\" \/>\n<meta property=\"og:image\" content=\"http:\/\/farm1.staticflickr.com\/890\/42353714051_c0bc016446_z.jpg\" \/>\n<meta name=\"author\" content=\"Arnaldo Botto\" \/>\n<meta name=\"twitter:card\" content=\"summary_large_image\" \/>\n<script type=\"application\/ld+json\" class=\"yoast-schema-graph\">{\"@context\":\"https:\/\/schema.org\",\"@graph\":[{\"@type\":\"WebPage\",\"@id\":\"https:\/\/www.noticiasradioreflejos.com.ar\/2021\/viernes-sabado-y-domingo-en-la-macedonio\/\",\"url\":\"https:\/\/www.noticiasradioreflejos.com.ar\/2021\/viernes-sabado-y-domingo-en-la-macedonio\/\",\"name\":\"Viernes, S\u00e1bado y Domingo en la Macedonio - Noticias Radio Reflejos\",\"isPartOf\":{\"@id\":\"https:\/\/www.noticiasradioreflejos.com.ar\/2021\/#website\"},\"primaryImageOfPage\":{\"@id\":\"https:\/\/www.noticiasradioreflejos.com.ar\/2021\/viernes-sabado-y-domingo-en-la-macedonio\/#primaryimage\"},\"image\":{\"@id\":\"https:\/\/www.noticiasradioreflejos.com.ar\/2021\/viernes-sabado-y-domingo-en-la-macedonio\/#primaryimage\"},\"thumbnailUrl\":\"http:\/\/farm1.staticflickr.com\/890\/42353714051_c0bc016446_z.jpg\",\"datePublished\":\"2018-05-25T23:53:56+00:00\",\"author\":{\"@id\":\"https:\/\/www.noticiasradioreflejos.com.ar\/2021\/#\/schema\/person\/ad82545263dcc5ec0996818884fd5fb1\"},\"breadcrumb\":{\"@id\":\"https:\/\/www.noticiasradioreflejos.com.ar\/2021\/viernes-sabado-y-domingo-en-la-macedonio\/#breadcrumb\"},\"inLanguage\":\"es\",\"potentialAction\":[{\"@type\":\"ReadAction\",\"target\":[\"https:\/\/www.noticiasradioreflejos.com.ar\/2021\/viernes-sabado-y-domingo-en-la-macedonio\/\"]}]},{\"@type\":\"ImageObject\",\"inLanguage\":\"es\",\"@id\":\"https:\/\/www.noticiasradioreflejos.com.ar\/2021\/viernes-sabado-y-domingo-en-la-macedonio\/#primaryimage\",\"url\":\"http:\/\/farm1.staticflickr.com\/890\/42353714051_c0bc016446_z.jpg\",\"contentUrl\":\"http:\/\/farm1.staticflickr.com\/890\/42353714051_c0bc016446_z.jpg\"},{\"@type\":\"BreadcrumbList\",\"@id\":\"https:\/\/www.noticiasradioreflejos.com.ar\/2021\/viernes-sabado-y-domingo-en-la-macedonio\/#breadcrumb\",\"itemListElement\":[{\"@type\":\"ListItem\",\"position\":1,\"name\":\"Portada\",\"item\":\"https:\/\/www.noticiasradioreflejos.com.ar\/2021\/\"},{\"@type\":\"ListItem\",\"position\":2,\"name\":\"Viernes, S\u00e1bado y Domingo en la Macedonio\"}]},{\"@type\":\"WebSite\",\"@id\":\"https:\/\/www.noticiasradioreflejos.com.ar\/2021\/#website\",\"url\":\"https:\/\/www.noticiasradioreflejos.com.ar\/2021\/\",\"name\":\"Noticias Radio Reflejos\",\"description\":\"Las noticias de mi comarca\",\"potentialAction\":[{\"@type\":\"SearchAction\",\"target\":{\"@type\":\"EntryPoint\",\"urlTemplate\":\"https:\/\/www.noticiasradioreflejos.com.ar\/2021\/?s={search_term_string}\"},\"query-input\":{\"@type\":\"PropertyValueSpecification\",\"valueRequired\":true,\"valueName\":\"search_term_string\"}}],\"inLanguage\":\"es\"},{\"@type\":\"Person\",\"@id\":\"https:\/\/www.noticiasradioreflejos.com.ar\/2021\/#\/schema\/person\/ad82545263dcc5ec0996818884fd5fb1\",\"name\":\"Arnaldo Botto\",\"image\":{\"@type\":\"ImageObject\",\"inLanguage\":\"es\",\"@id\":\"https:\/\/www.noticiasradioreflejos.com.ar\/2021\/#\/schema\/person\/image\/\",\"url\":\"https:\/\/secure.gravatar.com\/avatar\/55cb5e37c1efa326397366e6974cb338056df65cb50e7d64d1cf314e87504837?s=96&d=mm&r=g\",\"contentUrl\":\"https:\/\/secure.gravatar.com\/avatar\/55cb5e37c1efa326397366e6974cb338056df65cb50e7d64d1cf314e87504837?s=96&d=mm&r=g\",\"caption\":\"Arnaldo Botto\"},\"url\":\"https:\/\/www.noticiasradioreflejos.com.ar\/2021\/author\/arnaldo\/\"}]}<\/script>\n<!-- \/ Yoast SEO plugin. -->","yoast_head_json":{"title":"Viernes, S\u00e1bado y Domingo en la Macedonio - Noticias Radio Reflejos","robots":{"index":"index","follow":"follow","max-snippet":"max-snippet:-1","max-image-preview":"max-image-preview:large","max-video-preview":"max-video-preview:-1"},"canonical":"https:\/\/www.noticiasradioreflejos.com.ar\/2021\/viernes-sabado-y-domingo-en-la-macedonio\/","og_locale":"es_ES","og_type":"article","og_title":"Viernes, S\u00e1bado y Domingo en la Macedonio - Noticias Radio Reflejos","og_description":"La\u00a0BIBLIOTECA POPULAR MACEDONIO FERN\u00c1NDEZ DE VILLA VENTANA invita a Uds. a las siguientes actividades: &gt;Viernes 25 de Mayo \u2013 16 a 20 hs:\u00a0Celebramos el D\u00eda de la Patria con libros y lecturas. Muestra de los libros comprados en la Feria del Libro en Bs As. *pueden traer mate y pastelitos para compartir","og_url":"https:\/\/www.noticiasradioreflejos.com.ar\/2021\/viernes-sabado-y-domingo-en-la-macedonio\/","og_site_name":"Noticias Radio Reflejos","article_published_time":"2018-05-25T23:53:56+00:00","og_image":[{"url":"http:\/\/farm1.staticflickr.com\/890\/42353714051_c0bc016446_z.jpg","type":"","width":"","height":""}],"author":"Arnaldo Botto","twitter_card":"summary_large_image","schema":{"@context":"https:\/\/schema.org","@graph":[{"@type":"WebPage","@id":"https:\/\/www.noticiasradioreflejos.com.ar\/2021\/viernes-sabado-y-domingo-en-la-macedonio\/","url":"https:\/\/www.noticiasradioreflejos.com.ar\/2021\/viernes-sabado-y-domingo-en-la-macedonio\/","name":"Viernes, S\u00e1bado y Domingo en la Macedonio - Noticias Radio Reflejos","isPartOf":{"@id":"https:\/\/www.noticiasradioreflejos.com.ar\/2021\/#website"},"primaryImageOfPage":{"@id":"https:\/\/www.noticiasradioreflejos.com.ar\/2021\/viernes-sabado-y-domingo-en-la-macedonio\/#primaryimage"},"image":{"@id":"https:\/\/www.noticiasradioreflejos.com.ar\/2021\/viernes-sabado-y-domingo-en-la-macedonio\/#primaryimage"},"thumbnailUrl":"http:\/\/farm1.staticflickr.com\/890\/42353714051_c0bc016446_z.jpg","datePublished":"2018-05-25T23:53:56+00:00","author":{"@id":"https:\/\/www.noticiasradioreflejos.com.ar\/2021\/#\/schema\/person\/ad82545263dcc5ec0996818884fd5fb1"},"breadcrumb":{"@id":"https:\/\/www.noticiasradioreflejos.com.ar\/2021\/viernes-sabado-y-domingo-en-la-macedonio\/#breadcrumb"},"inLanguage":"es","potentialAction":[{"@type":"ReadAction","target":["https:\/\/www.noticiasradioreflejos.com.ar\/2021\/viernes-sabado-y-domingo-en-la-macedonio\/"]}]},{"@type":"ImageObject","inLanguage":"es","@id":"https:\/\/www.noticiasradioreflejos.com.ar\/2021\/viernes-sabado-y-domingo-en-la-macedonio\/#primaryimage","url":"http:\/\/farm1.staticflickr.com\/890\/42353714051_c0bc016446_z.jpg","contentUrl":"http:\/\/farm1.staticflickr.com\/890\/42353714051_c0bc016446_z.jpg"},{"@type":"BreadcrumbList","@id":"https:\/\/www.noticiasradioreflejos.com.ar\/2021\/viernes-sabado-y-domingo-en-la-macedonio\/#breadcrumb","itemListElement":[{"@type":"ListItem","position":1,"name":"Portada","item":"https:\/\/www.noticiasradioreflejos.com.ar\/2021\/"},{"@type":"ListItem","position":2,"name":"Viernes, S\u00e1bado y Domingo en la Macedonio"}]},{"@type":"WebSite","@id":"https:\/\/www.noticiasradioreflejos.com.ar\/2021\/#website","url":"https:\/\/www.noticiasradioreflejos.com.ar\/2021\/","name":"Noticias Radio Reflejos","description":"Las noticias de mi comarca","potentialAction":[{"@type":"SearchAction","target":{"@type":"EntryPoint","urlTemplate":"https:\/\/www.noticiasradioreflejos.com.ar\/2021\/?s={search_term_string}"},"query-input":{"@type":"PropertyValueSpecification","valueRequired":true,"valueName":"search_term_string"}}],"inLanguage":"es"},{"@type":"Person","@id":"https:\/\/www.noticiasradioreflejos.com.ar\/2021\/#\/schema\/person\/ad82545263dcc5ec0996818884fd5fb1","name":"Arnaldo Botto","image":{"@type":"ImageObject","inLanguage":"es","@id":"https:\/\/www.noticiasradioreflejos.com.ar\/2021\/#\/schema\/person\/image\/","url":"https:\/\/secure.gravatar.com\/avatar\/55cb5e37c1efa326397366e6974cb338056df65cb50e7d64d1cf314e87504837?s=96&d=mm&r=g","contentUrl":"https:\/\/secure.gravatar.com\/avatar\/55cb5e37c1efa326397366e6974cb338056df65cb50e7d64d1cf314e87504837?s=96&d=mm&r=g","caption":"Arnaldo Botto"},"url":"https:\/\/www.noticiasradioreflejos.com.ar\/2021\/author\/arnaldo\/"}]}},"_links":{"self":[{"href":"https:\/\/www.noticiasradioreflejos.com.ar\/2021\/wp-json\/wp\/v2\/posts\/21860","targetHints":{"allow":["GET"]}}],"collection":[{"href":"https:\/\/www.noticiasradioreflejos.com.ar\/2021\/wp-json\/wp\/v2\/posts"}],"about":[{"href":"https:\/\/www.noticiasradioreflejos.com.ar\/2021\/wp-json\/wp\/v2\/types\/post"}],"author":[{"embeddable":true,"href":"https:\/\/www.noticiasradioreflejos.com.ar\/2021\/wp-json\/wp\/v2\/users\/3"}],"replies":[{"embeddable":true,"href":"https:\/\/www.noticiasradioreflejos.com.ar\/2021\/wp-json\/wp\/v2\/comments?post=21860"}],"version-history":[{"count":0,"href":"https:\/\/www.noticiasradioreflejos.com.ar\/2021\/wp-json\/wp\/v2\/posts\/21860\/revisions"}],"wp:attachment":[{"href":"https:\/\/www.noticiasradioreflejos.com.ar\/2021\/wp-json\/wp\/v2\/media?parent=21860"}],"wp:term":[{"taxonomy":"category","embeddable":true,"href":"https:\/\/www.noticiasradioreflejos.com.ar\/2021\/wp-json\/wp\/v2\/categories?post=21860"},{"taxonomy":"post_tag","embeddable":true,"href":"https:\/\/www.noticiasradioreflejos.com.ar\/2021\/wp-json\/wp\/v2\/tags?post=21860"}],"curies":[{"name":"wp","href":"https:\/\/api.w.org\/{rel}","templated":true}]}}