{"id":21857,"date":"2018-05-25T20:49:40","date_gmt":"2018-05-25T23:49:40","guid":{"rendered":"http:\/\/www.noticiasradioreflejos.com.ar\/noticias\/?p=21857"},"modified":"2018-05-25T20:49:40","modified_gmt":"2018-05-25T23:49:40","slug":"salutacion-partido-justicialista","status":"publish","type":"post","link":"https:\/\/www.noticiasradioreflejos.com.ar\/2021\/salutacion-partido-justicialista\/","title":{"rendered":"Salutaci\u00f3n Partido Justicialista"},"content":{"rendered":"<p>En este nuevo aniversario de la Revoluci\u00f3n de Mayo renovamos nuestra lucha en pos de nuestros ideales de Independencia econ\u00f3mica, Soberan\u00eda Pol\u00edtica y Justicia Social, derechos indiscutibles de una Naci\u00f3n libre que nadie nos debe quitar, derechos por los cuales vale la pena luchar.<!--more--><br \/>\nPor tal motivo, traemos a la memoria las palabras de Mariano Moreno \u201cQuiero m\u00e1s una libertad peligrosa que una servidumbre tranquila\u201d. El legado dejado por aquellos hombres de Mayo deben ser nuestro Norte, trabajar por una patria libre de toda opresi\u00f3n extranjera.<br \/>\nFEL\u00cdZ D\u00cdA DE LA PATRIA PARA TODOS LOS HABITANTES DE NUESTRO QUERIDO DISTRITO.<br \/>\n<a href=\"http:\/\/farm1.staticflickr.com\/897\/40546435520_61677d5b38.jpg\" title=\"cabildo\" rel=\"\"><img loading=\"lazy\" decoding=\"async\" src=\"http:\/\/farm1.staticflickr.com\/897\/40546435520_61677d5b38.jpg\" width=\"412\" height=\"270\" alt=\"cabildo\" title=\"cabildo\" class=\"aligncenter\"><\/a><\/p>\n","protected":false},"excerpt":{"rendered":"<p>En este nuevo aniversario de la Revoluci\u00f3n de Mayo renovamos nuestra lucha en pos de nuestros ideales de Independencia econ\u00f3mica, Soberan\u00eda Pol\u00edtica y Justicia Social, derechos indiscutibles de una Naci\u00f3n libre que nadie nos debe quitar, derechos por los cuales vale la pena luchar.<\/p>\n","protected":false},"author":3,"featured_media":0,"comment_status":"closed","ping_status":"open","sticky":false,"template":"","format":"standard","meta":{"footnotes":""},"categories":[24],"tags":[],"class_list":["post-21857","post","type-post","status-publish","format-standard","hentry","category-politica"],"yoast_head":"<!-- This site is optimized with the Yoast SEO plugin v25.9 - https:\/\/yoast.com\/wordpress\/plugins\/seo\/ -->\n<title>Salutaci\u00f3n Partido Justicialista - Noticias Radio Reflejos<\/title>\n<meta name=\"robots\" content=\"index, follow, max-snippet:-1, max-image-preview:large, max-video-preview:-1\" \/>\n<link rel=\"canonical\" href=\"https:\/\/www.noticiasradioreflejos.com.ar\/2021\/salutacion-partido-justicialista\/\" \/>\n<meta property=\"og:locale\" content=\"es_ES\" \/>\n<meta property=\"og:type\" content=\"article\" \/>\n<meta property=\"og:title\" content=\"Salutaci\u00f3n Partido Justicialista - Noticias Radio Reflejos\" \/>\n<meta property=\"og:description\" content=\"En este nuevo aniversario de la Revoluci\u00f3n de Mayo renovamos nuestra lucha en pos de nuestros ideales de Independencia econ\u00f3mica, Soberan\u00eda Pol\u00edtica y Justicia Social, derechos indiscutibles de una Naci\u00f3n libre que nadie nos debe quitar, derechos por los cuales vale la pena luchar.\" \/>\n<meta property=\"og:url\" content=\"https:\/\/www.noticiasradioreflejos.com.ar\/2021\/salutacion-partido-justicialista\/\" \/>\n<meta property=\"og:site_name\" content=\"Noticias Radio Reflejos\" \/>\n<meta property=\"article:published_time\" content=\"2018-05-25T23:49:40+00:00\" \/>\n<meta property=\"og:image\" content=\"http:\/\/farm1.staticflickr.com\/897\/40546435520_61677d5b38.jpg\" \/>\n<meta name=\"author\" content=\"Arnaldo Botto\" \/>\n<meta name=\"twitter:card\" content=\"summary_large_image\" \/>\n<script type=\"application\/ld+json\" class=\"yoast-schema-graph\">{\"@context\":\"https:\/\/schema.org\",\"@graph\":[{\"@type\":\"WebPage\",\"@id\":\"https:\/\/www.noticiasradioreflejos.com.ar\/2021\/salutacion-partido-justicialista\/\",\"url\":\"https:\/\/www.noticiasradioreflejos.com.ar\/2021\/salutacion-partido-justicialista\/\",\"name\":\"Salutaci\u00f3n Partido Justicialista - Noticias Radio Reflejos\",\"isPartOf\":{\"@id\":\"https:\/\/www.noticiasradioreflejos.com.ar\/2021\/#website\"},\"primaryImageOfPage\":{\"@id\":\"https:\/\/www.noticiasradioreflejos.com.ar\/2021\/salutacion-partido-justicialista\/#primaryimage\"},\"image\":{\"@id\":\"https:\/\/www.noticiasradioreflejos.com.ar\/2021\/salutacion-partido-justicialista\/#primaryimage\"},\"thumbnailUrl\":\"http:\/\/farm1.staticflickr.com\/897\/40546435520_61677d5b38.jpg\",\"datePublished\":\"2018-05-25T23:49:40+00:00\",\"author\":{\"@id\":\"https:\/\/www.noticiasradioreflejos.com.ar\/2021\/#\/schema\/person\/ad82545263dcc5ec0996818884fd5fb1\"},\"breadcrumb\":{\"@id\":\"https:\/\/www.noticiasradioreflejos.com.ar\/2021\/salutacion-partido-justicialista\/#breadcrumb\"},\"inLanguage\":\"es\",\"potentialAction\":[{\"@type\":\"ReadAction\",\"target\":[\"https:\/\/www.noticiasradioreflejos.com.ar\/2021\/salutacion-partido-justicialista\/\"]}]},{\"@type\":\"ImageObject\",\"inLanguage\":\"es\",\"@id\":\"https:\/\/www.noticiasradioreflejos.com.ar\/2021\/salutacion-partido-justicialista\/#primaryimage\",\"url\":\"http:\/\/farm1.staticflickr.com\/897\/40546435520_61677d5b38.jpg\",\"contentUrl\":\"http:\/\/farm1.staticflickr.com\/897\/40546435520_61677d5b38.jpg\"},{\"@type\":\"BreadcrumbList\",\"@id\":\"https:\/\/www.noticiasradioreflejos.com.ar\/2021\/salutacion-partido-justicialista\/#breadcrumb\",\"itemListElement\":[{\"@type\":\"ListItem\",\"position\":1,\"name\":\"Portada\",\"item\":\"https:\/\/www.noticiasradioreflejos.com.ar\/2021\/\"},{\"@type\":\"ListItem\",\"position\":2,\"name\":\"Salutaci\u00f3n Partido Justicialista\"}]},{\"@type\":\"WebSite\",\"@id\":\"https:\/\/www.noticiasradioreflejos.com.ar\/2021\/#website\",\"url\":\"https:\/\/www.noticiasradioreflejos.com.ar\/2021\/\",\"name\":\"Noticias Radio Reflejos\",\"description\":\"Las noticias de mi comarca\",\"potentialAction\":[{\"@type\":\"SearchAction\",\"target\":{\"@type\":\"EntryPoint\",\"urlTemplate\":\"https:\/\/www.noticiasradioreflejos.com.ar\/2021\/?s={search_term_string}\"},\"query-input\":{\"@type\":\"PropertyValueSpecification\",\"valueRequired\":true,\"valueName\":\"search_term_string\"}}],\"inLanguage\":\"es\"},{\"@type\":\"Person\",\"@id\":\"https:\/\/www.noticiasradioreflejos.com.ar\/2021\/#\/schema\/person\/ad82545263dcc5ec0996818884fd5fb1\",\"name\":\"Arnaldo Botto\",\"image\":{\"@type\":\"ImageObject\",\"inLanguage\":\"es\",\"@id\":\"https:\/\/www.noticiasradioreflejos.com.ar\/2021\/#\/schema\/person\/image\/\",\"url\":\"https:\/\/secure.gravatar.com\/avatar\/55cb5e37c1efa326397366e6974cb338056df65cb50e7d64d1cf314e87504837?s=96&d=mm&r=g\",\"contentUrl\":\"https:\/\/secure.gravatar.com\/avatar\/55cb5e37c1efa326397366e6974cb338056df65cb50e7d64d1cf314e87504837?s=96&d=mm&r=g\",\"caption\":\"Arnaldo Botto\"},\"url\":\"https:\/\/www.noticiasradioreflejos.com.ar\/2021\/author\/arnaldo\/\"}]}<\/script>\n<!-- \/ Yoast SEO plugin. -->","yoast_head_json":{"title":"Salutaci\u00f3n Partido Justicialista - Noticias Radio Reflejos","robots":{"index":"index","follow":"follow","max-snippet":"max-snippet:-1","max-image-preview":"max-image-preview:large","max-video-preview":"max-video-preview:-1"},"canonical":"https:\/\/www.noticiasradioreflejos.com.ar\/2021\/salutacion-partido-justicialista\/","og_locale":"es_ES","og_type":"article","og_title":"Salutaci\u00f3n Partido Justicialista - Noticias Radio Reflejos","og_description":"En este nuevo aniversario de la Revoluci\u00f3n de Mayo renovamos nuestra lucha en pos de nuestros ideales de Independencia econ\u00f3mica, Soberan\u00eda Pol\u00edtica y Justicia Social, derechos indiscutibles de una Naci\u00f3n libre que nadie nos debe quitar, derechos por los cuales vale la pena luchar.","og_url":"https:\/\/www.noticiasradioreflejos.com.ar\/2021\/salutacion-partido-justicialista\/","og_site_name":"Noticias Radio Reflejos","article_published_time":"2018-05-25T23:49:40+00:00","og_image":[{"url":"http:\/\/farm1.staticflickr.com\/897\/40546435520_61677d5b38.jpg","type":"","width":"","height":""}],"author":"Arnaldo Botto","twitter_card":"summary_large_image","schema":{"@context":"https:\/\/schema.org","@graph":[{"@type":"WebPage","@id":"https:\/\/www.noticiasradioreflejos.com.ar\/2021\/salutacion-partido-justicialista\/","url":"https:\/\/www.noticiasradioreflejos.com.ar\/2021\/salutacion-partido-justicialista\/","name":"Salutaci\u00f3n Partido Justicialista - Noticias Radio Reflejos","isPartOf":{"@id":"https:\/\/www.noticiasradioreflejos.com.ar\/2021\/#website"},"primaryImageOfPage":{"@id":"https:\/\/www.noticiasradioreflejos.com.ar\/2021\/salutacion-partido-justicialista\/#primaryimage"},"image":{"@id":"https:\/\/www.noticiasradioreflejos.com.ar\/2021\/salutacion-partido-justicialista\/#primaryimage"},"thumbnailUrl":"http:\/\/farm1.staticflickr.com\/897\/40546435520_61677d5b38.jpg","datePublished":"2018-05-25T23:49:40+00:00","author":{"@id":"https:\/\/www.noticiasradioreflejos.com.ar\/2021\/#\/schema\/person\/ad82545263dcc5ec0996818884fd5fb1"},"breadcrumb":{"@id":"https:\/\/www.noticiasradioreflejos.com.ar\/2021\/salutacion-partido-justicialista\/#breadcrumb"},"inLanguage":"es","potentialAction":[{"@type":"ReadAction","target":["https:\/\/www.noticiasradioreflejos.com.ar\/2021\/salutacion-partido-justicialista\/"]}]},{"@type":"ImageObject","inLanguage":"es","@id":"https:\/\/www.noticiasradioreflejos.com.ar\/2021\/salutacion-partido-justicialista\/#primaryimage","url":"http:\/\/farm1.staticflickr.com\/897\/40546435520_61677d5b38.jpg","contentUrl":"http:\/\/farm1.staticflickr.com\/897\/40546435520_61677d5b38.jpg"},{"@type":"BreadcrumbList","@id":"https:\/\/www.noticiasradioreflejos.com.ar\/2021\/salutacion-partido-justicialista\/#breadcrumb","itemListElement":[{"@type":"ListItem","position":1,"name":"Portada","item":"https:\/\/www.noticiasradioreflejos.com.ar\/2021\/"},{"@type":"ListItem","position":2,"name":"Salutaci\u00f3n Partido Justicialista"}]},{"@type":"WebSite","@id":"https:\/\/www.noticiasradioreflejos.com.ar\/2021\/#website","url":"https:\/\/www.noticiasradioreflejos.com.ar\/2021\/","name":"Noticias Radio Reflejos","description":"Las noticias de mi comarca","potentialAction":[{"@type":"SearchAction","target":{"@type":"EntryPoint","urlTemplate":"https:\/\/www.noticiasradioreflejos.com.ar\/2021\/?s={search_term_string}"},"query-input":{"@type":"PropertyValueSpecification","valueRequired":true,"valueName":"search_term_string"}}],"inLanguage":"es"},{"@type":"Person","@id":"https:\/\/www.noticiasradioreflejos.com.ar\/2021\/#\/schema\/person\/ad82545263dcc5ec0996818884fd5fb1","name":"Arnaldo Botto","image":{"@type":"ImageObject","inLanguage":"es","@id":"https:\/\/www.noticiasradioreflejos.com.ar\/2021\/#\/schema\/person\/image\/","url":"https:\/\/secure.gravatar.com\/avatar\/55cb5e37c1efa326397366e6974cb338056df65cb50e7d64d1cf314e87504837?s=96&d=mm&r=g","contentUrl":"https:\/\/secure.gravatar.com\/avatar\/55cb5e37c1efa326397366e6974cb338056df65cb50e7d64d1cf314e87504837?s=96&d=mm&r=g","caption":"Arnaldo Botto"},"url":"https:\/\/www.noticiasradioreflejos.com.ar\/2021\/author\/arnaldo\/"}]}},"_links":{"self":[{"href":"https:\/\/www.noticiasradioreflejos.com.ar\/2021\/wp-json\/wp\/v2\/posts\/21857","targetHints":{"allow":["GET"]}}],"collection":[{"href":"https:\/\/www.noticiasradioreflejos.com.ar\/2021\/wp-json\/wp\/v2\/posts"}],"about":[{"href":"https:\/\/www.noticiasradioreflejos.com.ar\/2021\/wp-json\/wp\/v2\/types\/post"}],"author":[{"embeddable":true,"href":"https:\/\/www.noticiasradioreflejos.com.ar\/2021\/wp-json\/wp\/v2\/users\/3"}],"replies":[{"embeddable":true,"href":"https:\/\/www.noticiasradioreflejos.com.ar\/2021\/wp-json\/wp\/v2\/comments?post=21857"}],"version-history":[{"count":0,"href":"https:\/\/www.noticiasradioreflejos.com.ar\/2021\/wp-json\/wp\/v2\/posts\/21857\/revisions"}],"wp:attachment":[{"href":"https:\/\/www.noticiasradioreflejos.com.ar\/2021\/wp-json\/wp\/v2\/media?parent=21857"}],"wp:term":[{"taxonomy":"category","embeddable":true,"href":"https:\/\/www.noticiasradioreflejos.com.ar\/2021\/wp-json\/wp\/v2\/categories?post=21857"},{"taxonomy":"post_tag","embeddable":true,"href":"https:\/\/www.noticiasradioreflejos.com.ar\/2021\/wp-json\/wp\/v2\/tags?post=21857"}],"curies":[{"name":"wp","href":"https:\/\/api.w.org\/{rel}","templated":true}]}}