{"id":21841,"date":"2018-05-24T19:57:44","date_gmt":"2018-05-24T22:57:44","guid":{"rendered":"http:\/\/www.noticiasradioreflejos.com.ar\/noticias\/?p=21841"},"modified":"2018-05-24T19:57:44","modified_gmt":"2018-05-24T22:57:44","slug":"un-proyecto-para-cuidar-la-voz-de-los-docentes-fue-aprobada-en-diputados","status":"publish","type":"post","link":"https:\/\/www.noticiasradioreflejos.com.ar\/2021\/un-proyecto-para-cuidar-la-voz-de-los-docentes-fue-aprobada-en-diputados\/","title":{"rendered":"Un proyecto para cuidar la voz de los docentes fue aprobada en diputados."},"content":{"rendered":"<p><a title=\"camara de diputados\" href=\"http:\/\/farm1.staticflickr.com\/897\/41430337385_caa94696e7_z.jpg\" rel=\"\"><img loading=\"lazy\" decoding=\"async\" class=\"aligncenter\" title=\"camara de diputados\" src=\"http:\/\/farm1.staticflickr.com\/897\/41430337385_caa94696e7_z.jpg\" alt=\"camara de diputados\" width=\"640\" height=\"158\" \/><\/a><br \/>\n<strong>APRUEBAN LA CREACI\u00d3N DE UN SISTEMA INTEGRAL SOBRE PREVENCI\u00d3N DEL USO DE LA VOZ PARA DOCENTES<\/strong><br \/>\nLa iniciativa presentada por el diputado Julio Pereyra fue aprobada\u00a0en la C\u00e1mara baja y continuar\u00e1 su tratamiento en el Senado. Se trata de un sistema integral sobre prevenci\u00f3n en el uso de la voz para la docencia bonaerense tanto en el \u00e1mbito p\u00fablico como privado.<!--more--><br \/>\n<em><strong>\u201cPara los docentes la voz es una herramienta muy valiosa para su tarea formativa y es necesario por eso, conocer sus mecanismos\u00a0para\u00a0tomar conciencia sobre\u00a0su cuidado\u201d<\/strong><\/em>, dijo Patricia Moyano integrante de la Comisi\u00f3n de Educaci\u00f3n.<br \/>\nEntre sus objetivos se busca que a trav\u00e9s de la Direcci\u00f3n General de Cultura y Educaci\u00f3n de la Provincia de Buenos Aires, se trabaje en la prevenci\u00f3n de las dolencias habituales de los docentes en cuanto la voz, lo cual condiciona su actividad.<br \/>\nAdem\u00e1s, informar\u00a0cuales son los h\u00e1bitos que les ocasionan mayores perjuicios en su salud vocal y concientizar sobre los beneficios de la prevenci\u00f3n, entre otros.<br \/>\n<a href=\"http:\/\/farm1.staticflickr.com\/969\/41430337685_49e4272a9d_z.jpg\" title=\"camara de diputados pie\" rel=\"\"><img loading=\"lazy\" decoding=\"async\" src=\"http:\/\/farm1.staticflickr.com\/969\/41430337685_49e4272a9d_z.jpg\" width=\"622\" height=\"158\" alt=\"camara de diputados pie\" title=\"camara de diputados pie\" class=\"aligncenter\"><\/a><\/p>\n","protected":false},"excerpt":{"rendered":"<p>APRUEBAN LA CREACI\u00d3N DE UN SISTEMA INTEGRAL SOBRE PREVENCI\u00d3N DEL USO DE LA VOZ PARA DOCENTES La iniciativa presentada por el diputado Julio Pereyra fue aprobada\u00a0en la C\u00e1mara baja y continuar\u00e1 su tratamiento en el Senado. Se trata de un sistema integral sobre prevenci\u00f3n en el uso de la voz para la docencia bonaerense tanto [&hellip;]<\/p>\n","protected":false},"author":3,"featured_media":0,"comment_status":"closed","ping_status":"open","sticky":false,"template":"","format":"standard","meta":{"footnotes":""},"categories":[24],"tags":[],"class_list":["post-21841","post","type-post","status-publish","format-standard","hentry","category-politica"],"yoast_head":"<!-- This site is optimized with the Yoast SEO plugin v25.9 - https:\/\/yoast.com\/wordpress\/plugins\/seo\/ -->\n<title>Un proyecto para cuidar la voz de los docentes fue aprobada en diputados. - Noticias Radio Reflejos<\/title>\n<meta name=\"robots\" content=\"index, follow, max-snippet:-1, max-image-preview:large, max-video-preview:-1\" \/>\n<link rel=\"canonical\" href=\"https:\/\/www.noticiasradioreflejos.com.ar\/2021\/un-proyecto-para-cuidar-la-voz-de-los-docentes-fue-aprobada-en-diputados\/\" \/>\n<meta property=\"og:locale\" content=\"es_ES\" \/>\n<meta property=\"og:type\" content=\"article\" \/>\n<meta property=\"og:title\" content=\"Un proyecto para cuidar la voz de los docentes fue aprobada en diputados. - Noticias Radio Reflejos\" \/>\n<meta property=\"og:description\" content=\"APRUEBAN LA CREACI\u00d3N DE UN SISTEMA INTEGRAL SOBRE PREVENCI\u00d3N DEL USO DE LA VOZ PARA DOCENTES La iniciativa presentada por el diputado Julio Pereyra fue aprobada\u00a0en la C\u00e1mara baja y continuar\u00e1 su tratamiento en el Senado. Se trata de un sistema integral sobre prevenci\u00f3n en el uso de la voz para la docencia bonaerense tanto [&hellip;]\" \/>\n<meta property=\"og:url\" content=\"https:\/\/www.noticiasradioreflejos.com.ar\/2021\/un-proyecto-para-cuidar-la-voz-de-los-docentes-fue-aprobada-en-diputados\/\" \/>\n<meta property=\"og:site_name\" content=\"Noticias Radio Reflejos\" \/>\n<meta property=\"article:published_time\" content=\"2018-05-24T22:57:44+00:00\" \/>\n<meta property=\"og:image\" content=\"http:\/\/farm1.staticflickr.com\/897\/41430337385_caa94696e7_z.jpg\" \/>\n<meta name=\"author\" content=\"Arnaldo Botto\" \/>\n<meta name=\"twitter:card\" content=\"summary_large_image\" \/>\n<script type=\"application\/ld+json\" class=\"yoast-schema-graph\">{\"@context\":\"https:\/\/schema.org\",\"@graph\":[{\"@type\":\"WebPage\",\"@id\":\"https:\/\/www.noticiasradioreflejos.com.ar\/2021\/un-proyecto-para-cuidar-la-voz-de-los-docentes-fue-aprobada-en-diputados\/\",\"url\":\"https:\/\/www.noticiasradioreflejos.com.ar\/2021\/un-proyecto-para-cuidar-la-voz-de-los-docentes-fue-aprobada-en-diputados\/\",\"name\":\"Un proyecto para cuidar la voz de los docentes fue aprobada en diputados. - Noticias Radio Reflejos\",\"isPartOf\":{\"@id\":\"https:\/\/www.noticiasradioreflejos.com.ar\/2021\/#website\"},\"primaryImageOfPage\":{\"@id\":\"https:\/\/www.noticiasradioreflejos.com.ar\/2021\/un-proyecto-para-cuidar-la-voz-de-los-docentes-fue-aprobada-en-diputados\/#primaryimage\"},\"image\":{\"@id\":\"https:\/\/www.noticiasradioreflejos.com.ar\/2021\/un-proyecto-para-cuidar-la-voz-de-los-docentes-fue-aprobada-en-diputados\/#primaryimage\"},\"thumbnailUrl\":\"http:\/\/farm1.staticflickr.com\/897\/41430337385_caa94696e7_z.jpg\",\"datePublished\":\"2018-05-24T22:57:44+00:00\",\"author\":{\"@id\":\"https:\/\/www.noticiasradioreflejos.com.ar\/2021\/#\/schema\/person\/ad82545263dcc5ec0996818884fd5fb1\"},\"breadcrumb\":{\"@id\":\"https:\/\/www.noticiasradioreflejos.com.ar\/2021\/un-proyecto-para-cuidar-la-voz-de-los-docentes-fue-aprobada-en-diputados\/#breadcrumb\"},\"inLanguage\":\"es\",\"potentialAction\":[{\"@type\":\"ReadAction\",\"target\":[\"https:\/\/www.noticiasradioreflejos.com.ar\/2021\/un-proyecto-para-cuidar-la-voz-de-los-docentes-fue-aprobada-en-diputados\/\"]}]},{\"@type\":\"ImageObject\",\"inLanguage\":\"es\",\"@id\":\"https:\/\/www.noticiasradioreflejos.com.ar\/2021\/un-proyecto-para-cuidar-la-voz-de-los-docentes-fue-aprobada-en-diputados\/#primaryimage\",\"url\":\"http:\/\/farm1.staticflickr.com\/897\/41430337385_caa94696e7_z.jpg\",\"contentUrl\":\"http:\/\/farm1.staticflickr.com\/897\/41430337385_caa94696e7_z.jpg\"},{\"@type\":\"BreadcrumbList\",\"@id\":\"https:\/\/www.noticiasradioreflejos.com.ar\/2021\/un-proyecto-para-cuidar-la-voz-de-los-docentes-fue-aprobada-en-diputados\/#breadcrumb\",\"itemListElement\":[{\"@type\":\"ListItem\",\"position\":1,\"name\":\"Portada\",\"item\":\"https:\/\/www.noticiasradioreflejos.com.ar\/2021\/\"},{\"@type\":\"ListItem\",\"position\":2,\"name\":\"Un proyecto para cuidar la voz de los docentes fue aprobada en diputados.\"}]},{\"@type\":\"WebSite\",\"@id\":\"https:\/\/www.noticiasradioreflejos.com.ar\/2021\/#website\",\"url\":\"https:\/\/www.noticiasradioreflejos.com.ar\/2021\/\",\"name\":\"Noticias Radio Reflejos\",\"description\":\"Las noticias de mi comarca\",\"potentialAction\":[{\"@type\":\"SearchAction\",\"target\":{\"@type\":\"EntryPoint\",\"urlTemplate\":\"https:\/\/www.noticiasradioreflejos.com.ar\/2021\/?s={search_term_string}\"},\"query-input\":{\"@type\":\"PropertyValueSpecification\",\"valueRequired\":true,\"valueName\":\"search_term_string\"}}],\"inLanguage\":\"es\"},{\"@type\":\"Person\",\"@id\":\"https:\/\/www.noticiasradioreflejos.com.ar\/2021\/#\/schema\/person\/ad82545263dcc5ec0996818884fd5fb1\",\"name\":\"Arnaldo Botto\",\"image\":{\"@type\":\"ImageObject\",\"inLanguage\":\"es\",\"@id\":\"https:\/\/www.noticiasradioreflejos.com.ar\/2021\/#\/schema\/person\/image\/\",\"url\":\"https:\/\/secure.gravatar.com\/avatar\/55cb5e37c1efa326397366e6974cb338056df65cb50e7d64d1cf314e87504837?s=96&d=mm&r=g\",\"contentUrl\":\"https:\/\/secure.gravatar.com\/avatar\/55cb5e37c1efa326397366e6974cb338056df65cb50e7d64d1cf314e87504837?s=96&d=mm&r=g\",\"caption\":\"Arnaldo Botto\"},\"url\":\"https:\/\/www.noticiasradioreflejos.com.ar\/2021\/author\/arnaldo\/\"}]}<\/script>\n<!-- \/ Yoast SEO plugin. -->","yoast_head_json":{"title":"Un proyecto para cuidar la voz de los docentes fue aprobada en diputados. - Noticias Radio Reflejos","robots":{"index":"index","follow":"follow","max-snippet":"max-snippet:-1","max-image-preview":"max-image-preview:large","max-video-preview":"max-video-preview:-1"},"canonical":"https:\/\/www.noticiasradioreflejos.com.ar\/2021\/un-proyecto-para-cuidar-la-voz-de-los-docentes-fue-aprobada-en-diputados\/","og_locale":"es_ES","og_type":"article","og_title":"Un proyecto para cuidar la voz de los docentes fue aprobada en diputados. - Noticias Radio Reflejos","og_description":"APRUEBAN LA CREACI\u00d3N DE UN SISTEMA INTEGRAL SOBRE PREVENCI\u00d3N DEL USO DE LA VOZ PARA DOCENTES La iniciativa presentada por el diputado Julio Pereyra fue aprobada\u00a0en la C\u00e1mara baja y continuar\u00e1 su tratamiento en el Senado. Se trata de un sistema integral sobre prevenci\u00f3n en el uso de la voz para la docencia bonaerense tanto [&hellip;]","og_url":"https:\/\/www.noticiasradioreflejos.com.ar\/2021\/un-proyecto-para-cuidar-la-voz-de-los-docentes-fue-aprobada-en-diputados\/","og_site_name":"Noticias Radio Reflejos","article_published_time":"2018-05-24T22:57:44+00:00","og_image":[{"url":"http:\/\/farm1.staticflickr.com\/897\/41430337385_caa94696e7_z.jpg","type":"","width":"","height":""}],"author":"Arnaldo Botto","twitter_card":"summary_large_image","schema":{"@context":"https:\/\/schema.org","@graph":[{"@type":"WebPage","@id":"https:\/\/www.noticiasradioreflejos.com.ar\/2021\/un-proyecto-para-cuidar-la-voz-de-los-docentes-fue-aprobada-en-diputados\/","url":"https:\/\/www.noticiasradioreflejos.com.ar\/2021\/un-proyecto-para-cuidar-la-voz-de-los-docentes-fue-aprobada-en-diputados\/","name":"Un proyecto para cuidar la voz de los docentes fue aprobada en diputados. - Noticias Radio Reflejos","isPartOf":{"@id":"https:\/\/www.noticiasradioreflejos.com.ar\/2021\/#website"},"primaryImageOfPage":{"@id":"https:\/\/www.noticiasradioreflejos.com.ar\/2021\/un-proyecto-para-cuidar-la-voz-de-los-docentes-fue-aprobada-en-diputados\/#primaryimage"},"image":{"@id":"https:\/\/www.noticiasradioreflejos.com.ar\/2021\/un-proyecto-para-cuidar-la-voz-de-los-docentes-fue-aprobada-en-diputados\/#primaryimage"},"thumbnailUrl":"http:\/\/farm1.staticflickr.com\/897\/41430337385_caa94696e7_z.jpg","datePublished":"2018-05-24T22:57:44+00:00","author":{"@id":"https:\/\/www.noticiasradioreflejos.com.ar\/2021\/#\/schema\/person\/ad82545263dcc5ec0996818884fd5fb1"},"breadcrumb":{"@id":"https:\/\/www.noticiasradioreflejos.com.ar\/2021\/un-proyecto-para-cuidar-la-voz-de-los-docentes-fue-aprobada-en-diputados\/#breadcrumb"},"inLanguage":"es","potentialAction":[{"@type":"ReadAction","target":["https:\/\/www.noticiasradioreflejos.com.ar\/2021\/un-proyecto-para-cuidar-la-voz-de-los-docentes-fue-aprobada-en-diputados\/"]}]},{"@type":"ImageObject","inLanguage":"es","@id":"https:\/\/www.noticiasradioreflejos.com.ar\/2021\/un-proyecto-para-cuidar-la-voz-de-los-docentes-fue-aprobada-en-diputados\/#primaryimage","url":"http:\/\/farm1.staticflickr.com\/897\/41430337385_caa94696e7_z.jpg","contentUrl":"http:\/\/farm1.staticflickr.com\/897\/41430337385_caa94696e7_z.jpg"},{"@type":"BreadcrumbList","@id":"https:\/\/www.noticiasradioreflejos.com.ar\/2021\/un-proyecto-para-cuidar-la-voz-de-los-docentes-fue-aprobada-en-diputados\/#breadcrumb","itemListElement":[{"@type":"ListItem","position":1,"name":"Portada","item":"https:\/\/www.noticiasradioreflejos.com.ar\/2021\/"},{"@type":"ListItem","position":2,"name":"Un proyecto para cuidar la voz de los docentes fue aprobada en diputados."}]},{"@type":"WebSite","@id":"https:\/\/www.noticiasradioreflejos.com.ar\/2021\/#website","url":"https:\/\/www.noticiasradioreflejos.com.ar\/2021\/","name":"Noticias Radio Reflejos","description":"Las noticias de mi comarca","potentialAction":[{"@type":"SearchAction","target":{"@type":"EntryPoint","urlTemplate":"https:\/\/www.noticiasradioreflejos.com.ar\/2021\/?s={search_term_string}"},"query-input":{"@type":"PropertyValueSpecification","valueRequired":true,"valueName":"search_term_string"}}],"inLanguage":"es"},{"@type":"Person","@id":"https:\/\/www.noticiasradioreflejos.com.ar\/2021\/#\/schema\/person\/ad82545263dcc5ec0996818884fd5fb1","name":"Arnaldo Botto","image":{"@type":"ImageObject","inLanguage":"es","@id":"https:\/\/www.noticiasradioreflejos.com.ar\/2021\/#\/schema\/person\/image\/","url":"https:\/\/secure.gravatar.com\/avatar\/55cb5e37c1efa326397366e6974cb338056df65cb50e7d64d1cf314e87504837?s=96&d=mm&r=g","contentUrl":"https:\/\/secure.gravatar.com\/avatar\/55cb5e37c1efa326397366e6974cb338056df65cb50e7d64d1cf314e87504837?s=96&d=mm&r=g","caption":"Arnaldo Botto"},"url":"https:\/\/www.noticiasradioreflejos.com.ar\/2021\/author\/arnaldo\/"}]}},"_links":{"self":[{"href":"https:\/\/www.noticiasradioreflejos.com.ar\/2021\/wp-json\/wp\/v2\/posts\/21841","targetHints":{"allow":["GET"]}}],"collection":[{"href":"https:\/\/www.noticiasradioreflejos.com.ar\/2021\/wp-json\/wp\/v2\/posts"}],"about":[{"href":"https:\/\/www.noticiasradioreflejos.com.ar\/2021\/wp-json\/wp\/v2\/types\/post"}],"author":[{"embeddable":true,"href":"https:\/\/www.noticiasradioreflejos.com.ar\/2021\/wp-json\/wp\/v2\/users\/3"}],"replies":[{"embeddable":true,"href":"https:\/\/www.noticiasradioreflejos.com.ar\/2021\/wp-json\/wp\/v2\/comments?post=21841"}],"version-history":[{"count":0,"href":"https:\/\/www.noticiasradioreflejos.com.ar\/2021\/wp-json\/wp\/v2\/posts\/21841\/revisions"}],"wp:attachment":[{"href":"https:\/\/www.noticiasradioreflejos.com.ar\/2021\/wp-json\/wp\/v2\/media?parent=21841"}],"wp:term":[{"taxonomy":"category","embeddable":true,"href":"https:\/\/www.noticiasradioreflejos.com.ar\/2021\/wp-json\/wp\/v2\/categories?post=21841"},{"taxonomy":"post_tag","embeddable":true,"href":"https:\/\/www.noticiasradioreflejos.com.ar\/2021\/wp-json\/wp\/v2\/tags?post=21841"}],"curies":[{"name":"wp","href":"https:\/\/api.w.org\/{rel}","templated":true}]}}