{"id":21831,"date":"2018-05-24T16:31:58","date_gmt":"2018-05-24T19:31:58","guid":{"rendered":"http:\/\/www.noticiasradioreflejos.com.ar\/noticias\/?p=21831"},"modified":"2018-05-24T16:31:58","modified_gmt":"2018-05-24T19:31:58","slug":"el-comandate-mayor-martin-haag-se-encuentra-realizando-un-curso-en-colombia","status":"publish","type":"post","link":"https:\/\/www.noticiasradioreflejos.com.ar\/2021\/el-comandate-mayor-martin-haag-se-encuentra-realizando-un-curso-en-colombia\/","title":{"rendered":"El Comandate Mayor Mart\u00edn Haag se encuentra realizando un curso en Colombia."},"content":{"rendered":"<p>A trav\u00e9s de la Academia Nacional de Bomberos de Argentina y con el aval de la Federaci\u00f3n Centro Sur de Asociaciones de Bomberos Voluntarios, el Comandante Mayor Mart\u00edn Haag, se encuentra en\u00a0la ciudad de\u00a0Cali,\u00a0Colombia\u00a0desde el\u00a020 al 26 de Mayo de 2018.<!--more--><br \/>\nParticipando en un curso internacional de:\u00a0\u201cSistema Comando de Incidentes\u201d (Nivel Intermedio). El mismo\u00a0tiene una duraci\u00f3n de 32 horas acad\u00e9micas y se desarrolla en forma intensiva de lunes a viernes de 08 a 17 h. en la\u00a0Escuela de Bomberos de Cali.<u><\/u><u><\/u><br \/>\n<u><\/u>\u00a0<u><\/u><br \/>\n<u><\/u>\u00a0<u><\/u><br \/>\nPrensa:\u00a0<b>ASOCIACION CUERPO BOMBEROS VOLUNTARIOS DE TORNQUIST<\/b><br \/>\n<a href=\"http:\/\/farm1.staticflickr.com\/967\/42281205782_5422429695_z.jpg\" title=\"haag6\" rel=\"\"><img loading=\"lazy\" decoding=\"async\" src=\"http:\/\/farm1.staticflickr.com\/967\/42281205782_5422429695_z.jpg\" width=\"640\" height=\"640\" alt=\"haag6\" title=\"haag6\" class=\"aligncenter\"><\/a><br \/>\n<a href=\"http:\/\/farm1.staticflickr.com\/979\/41606162064_219c6e9dc5_z.jpg\" title=\"haag5\" rel=\"\"><img loading=\"lazy\" decoding=\"async\" src=\"http:\/\/farm1.staticflickr.com\/979\/41606162064_219c6e9dc5_z.jpg\" width=\"640\" height=\"640\" alt=\"haag5\" title=\"haag5\" class=\"aligncenter\"><\/a><br \/>\n<a href=\"http:\/\/farm1.staticflickr.com\/885\/41427079675_c74c5c0825_z.jpg\" title=\"haag4\" rel=\"\"><img loading=\"lazy\" decoding=\"async\" src=\"http:\/\/farm1.staticflickr.com\/885\/41427079675_c74c5c0825_z.jpg\" width=\"640\" height=\"269\" alt=\"haag4\" title=\"haag4\" class=\"aligncenter\"><\/a><br \/>\n<a href=\"http:\/\/farm1.staticflickr.com\/962\/28455692978_428a2ab72a_z.jpg\" title=\"haag3\" rel=\"\"><img loading=\"lazy\" decoding=\"async\" src=\"http:\/\/farm1.staticflickr.com\/962\/28455692978_428a2ab72a_z.jpg\" width=\"640\" height=\"480\" alt=\"haag3\" title=\"haag3\" class=\"aligncenter\"><\/a><br \/>\n<a href=\"http:\/\/farm1.staticflickr.com\/979\/41606163824_2b1ffc8eaa_z.jpg\" title=\"haag2\" rel=\"\"><img loading=\"lazy\" decoding=\"async\" src=\"http:\/\/farm1.staticflickr.com\/979\/41606163824_2b1ffc8eaa_z.jpg\" width=\"640\" height=\"480\" alt=\"haag2\" title=\"haag2\" class=\"aligncenter\"><\/a><\/p>\n","protected":false},"excerpt":{"rendered":"<p>A trav\u00e9s de la Academia Nacional de Bomberos de Argentina y con el aval de la Federaci\u00f3n Centro Sur de Asociaciones de Bomberos Voluntarios, el Comandante Mayor Mart\u00edn Haag, se encuentra en\u00a0la ciudad de\u00a0Cali,\u00a0Colombia\u00a0desde el\u00a020 al 26 de Mayo de 2018.<\/p>\n","protected":false},"author":3,"featured_media":0,"comment_status":"closed","ping_status":"open","sticky":false,"template":"","format":"standard","meta":{"footnotes":""},"categories":[26],"tags":[],"class_list":["post-21831","post","type-post","status-publish","format-standard","hentry","category-sociedad"],"yoast_head":"<!-- This site is optimized with the Yoast SEO plugin v25.9 - https:\/\/yoast.com\/wordpress\/plugins\/seo\/ -->\n<title>El Comandate Mayor Mart\u00edn Haag se encuentra realizando un curso en Colombia. - Noticias Radio Reflejos<\/title>\n<meta name=\"robots\" content=\"index, follow, max-snippet:-1, max-image-preview:large, max-video-preview:-1\" \/>\n<link rel=\"canonical\" href=\"https:\/\/www.noticiasradioreflejos.com.ar\/2021\/el-comandate-mayor-martin-haag-se-encuentra-realizando-un-curso-en-colombia\/\" \/>\n<meta property=\"og:locale\" content=\"es_ES\" \/>\n<meta property=\"og:type\" content=\"article\" \/>\n<meta property=\"og:title\" content=\"El Comandate Mayor Mart\u00edn Haag se encuentra realizando un curso en Colombia. - Noticias Radio Reflejos\" \/>\n<meta property=\"og:description\" content=\"A trav\u00e9s de la Academia Nacional de Bomberos de Argentina y con el aval de la Federaci\u00f3n Centro Sur de Asociaciones de Bomberos Voluntarios, el Comandante Mayor Mart\u00edn Haag, se encuentra en\u00a0la ciudad de\u00a0Cali,\u00a0Colombia\u00a0desde el\u00a020 al 26 de Mayo de 2018.\" \/>\n<meta property=\"og:url\" content=\"https:\/\/www.noticiasradioreflejos.com.ar\/2021\/el-comandate-mayor-martin-haag-se-encuentra-realizando-un-curso-en-colombia\/\" \/>\n<meta property=\"og:site_name\" content=\"Noticias Radio Reflejos\" \/>\n<meta property=\"article:published_time\" content=\"2018-05-24T19:31:58+00:00\" \/>\n<meta property=\"og:image\" content=\"http:\/\/farm1.staticflickr.com\/967\/42281205782_5422429695_z.jpg\" \/>\n<meta name=\"author\" content=\"Arnaldo Botto\" \/>\n<meta name=\"twitter:card\" content=\"summary_large_image\" \/>\n<script type=\"application\/ld+json\" class=\"yoast-schema-graph\">{\"@context\":\"https:\/\/schema.org\",\"@graph\":[{\"@type\":\"WebPage\",\"@id\":\"https:\/\/www.noticiasradioreflejos.com.ar\/2021\/el-comandate-mayor-martin-haag-se-encuentra-realizando-un-curso-en-colombia\/\",\"url\":\"https:\/\/www.noticiasradioreflejos.com.ar\/2021\/el-comandate-mayor-martin-haag-se-encuentra-realizando-un-curso-en-colombia\/\",\"name\":\"El Comandate Mayor Mart\u00edn Haag se encuentra realizando un curso en Colombia. - Noticias Radio Reflejos\",\"isPartOf\":{\"@id\":\"https:\/\/www.noticiasradioreflejos.com.ar\/2021\/#website\"},\"primaryImageOfPage\":{\"@id\":\"https:\/\/www.noticiasradioreflejos.com.ar\/2021\/el-comandate-mayor-martin-haag-se-encuentra-realizando-un-curso-en-colombia\/#primaryimage\"},\"image\":{\"@id\":\"https:\/\/www.noticiasradioreflejos.com.ar\/2021\/el-comandate-mayor-martin-haag-se-encuentra-realizando-un-curso-en-colombia\/#primaryimage\"},\"thumbnailUrl\":\"http:\/\/farm1.staticflickr.com\/967\/42281205782_5422429695_z.jpg\",\"datePublished\":\"2018-05-24T19:31:58+00:00\",\"author\":{\"@id\":\"https:\/\/www.noticiasradioreflejos.com.ar\/2021\/#\/schema\/person\/ad82545263dcc5ec0996818884fd5fb1\"},\"breadcrumb\":{\"@id\":\"https:\/\/www.noticiasradioreflejos.com.ar\/2021\/el-comandate-mayor-martin-haag-se-encuentra-realizando-un-curso-en-colombia\/#breadcrumb\"},\"inLanguage\":\"es\",\"potentialAction\":[{\"@type\":\"ReadAction\",\"target\":[\"https:\/\/www.noticiasradioreflejos.com.ar\/2021\/el-comandate-mayor-martin-haag-se-encuentra-realizando-un-curso-en-colombia\/\"]}]},{\"@type\":\"ImageObject\",\"inLanguage\":\"es\",\"@id\":\"https:\/\/www.noticiasradioreflejos.com.ar\/2021\/el-comandate-mayor-martin-haag-se-encuentra-realizando-un-curso-en-colombia\/#primaryimage\",\"url\":\"http:\/\/farm1.staticflickr.com\/967\/42281205782_5422429695_z.jpg\",\"contentUrl\":\"http:\/\/farm1.staticflickr.com\/967\/42281205782_5422429695_z.jpg\"},{\"@type\":\"BreadcrumbList\",\"@id\":\"https:\/\/www.noticiasradioreflejos.com.ar\/2021\/el-comandate-mayor-martin-haag-se-encuentra-realizando-un-curso-en-colombia\/#breadcrumb\",\"itemListElement\":[{\"@type\":\"ListItem\",\"position\":1,\"name\":\"Portada\",\"item\":\"https:\/\/www.noticiasradioreflejos.com.ar\/2021\/\"},{\"@type\":\"ListItem\",\"position\":2,\"name\":\"El Comandate Mayor Mart\u00edn Haag se encuentra realizando un curso en Colombia.\"}]},{\"@type\":\"WebSite\",\"@id\":\"https:\/\/www.noticiasradioreflejos.com.ar\/2021\/#website\",\"url\":\"https:\/\/www.noticiasradioreflejos.com.ar\/2021\/\",\"name\":\"Noticias Radio Reflejos\",\"description\":\"Las noticias de mi comarca\",\"potentialAction\":[{\"@type\":\"SearchAction\",\"target\":{\"@type\":\"EntryPoint\",\"urlTemplate\":\"https:\/\/www.noticiasradioreflejos.com.ar\/2021\/?s={search_term_string}\"},\"query-input\":{\"@type\":\"PropertyValueSpecification\",\"valueRequired\":true,\"valueName\":\"search_term_string\"}}],\"inLanguage\":\"es\"},{\"@type\":\"Person\",\"@id\":\"https:\/\/www.noticiasradioreflejos.com.ar\/2021\/#\/schema\/person\/ad82545263dcc5ec0996818884fd5fb1\",\"name\":\"Arnaldo Botto\",\"image\":{\"@type\":\"ImageObject\",\"inLanguage\":\"es\",\"@id\":\"https:\/\/www.noticiasradioreflejos.com.ar\/2021\/#\/schema\/person\/image\/\",\"url\":\"https:\/\/secure.gravatar.com\/avatar\/55cb5e37c1efa326397366e6974cb338056df65cb50e7d64d1cf314e87504837?s=96&d=mm&r=g\",\"contentUrl\":\"https:\/\/secure.gravatar.com\/avatar\/55cb5e37c1efa326397366e6974cb338056df65cb50e7d64d1cf314e87504837?s=96&d=mm&r=g\",\"caption\":\"Arnaldo Botto\"},\"url\":\"https:\/\/www.noticiasradioreflejos.com.ar\/2021\/author\/arnaldo\/\"}]}<\/script>\n<!-- \/ Yoast SEO plugin. -->","yoast_head_json":{"title":"El Comandate Mayor Mart\u00edn Haag se encuentra realizando un curso en Colombia. - Noticias Radio Reflejos","robots":{"index":"index","follow":"follow","max-snippet":"max-snippet:-1","max-image-preview":"max-image-preview:large","max-video-preview":"max-video-preview:-1"},"canonical":"https:\/\/www.noticiasradioreflejos.com.ar\/2021\/el-comandate-mayor-martin-haag-se-encuentra-realizando-un-curso-en-colombia\/","og_locale":"es_ES","og_type":"article","og_title":"El Comandate Mayor Mart\u00edn Haag se encuentra realizando un curso en Colombia. - Noticias Radio Reflejos","og_description":"A trav\u00e9s de la Academia Nacional de Bomberos de Argentina y con el aval de la Federaci\u00f3n Centro Sur de Asociaciones de Bomberos Voluntarios, el Comandante Mayor Mart\u00edn Haag, se encuentra en\u00a0la ciudad de\u00a0Cali,\u00a0Colombia\u00a0desde el\u00a020 al 26 de Mayo de 2018.","og_url":"https:\/\/www.noticiasradioreflejos.com.ar\/2021\/el-comandate-mayor-martin-haag-se-encuentra-realizando-un-curso-en-colombia\/","og_site_name":"Noticias Radio Reflejos","article_published_time":"2018-05-24T19:31:58+00:00","og_image":[{"url":"http:\/\/farm1.staticflickr.com\/967\/42281205782_5422429695_z.jpg","type":"","width":"","height":""}],"author":"Arnaldo Botto","twitter_card":"summary_large_image","schema":{"@context":"https:\/\/schema.org","@graph":[{"@type":"WebPage","@id":"https:\/\/www.noticiasradioreflejos.com.ar\/2021\/el-comandate-mayor-martin-haag-se-encuentra-realizando-un-curso-en-colombia\/","url":"https:\/\/www.noticiasradioreflejos.com.ar\/2021\/el-comandate-mayor-martin-haag-se-encuentra-realizando-un-curso-en-colombia\/","name":"El Comandate Mayor Mart\u00edn Haag se encuentra realizando un curso en Colombia. - Noticias Radio Reflejos","isPartOf":{"@id":"https:\/\/www.noticiasradioreflejos.com.ar\/2021\/#website"},"primaryImageOfPage":{"@id":"https:\/\/www.noticiasradioreflejos.com.ar\/2021\/el-comandate-mayor-martin-haag-se-encuentra-realizando-un-curso-en-colombia\/#primaryimage"},"image":{"@id":"https:\/\/www.noticiasradioreflejos.com.ar\/2021\/el-comandate-mayor-martin-haag-se-encuentra-realizando-un-curso-en-colombia\/#primaryimage"},"thumbnailUrl":"http:\/\/farm1.staticflickr.com\/967\/42281205782_5422429695_z.jpg","datePublished":"2018-05-24T19:31:58+00:00","author":{"@id":"https:\/\/www.noticiasradioreflejos.com.ar\/2021\/#\/schema\/person\/ad82545263dcc5ec0996818884fd5fb1"},"breadcrumb":{"@id":"https:\/\/www.noticiasradioreflejos.com.ar\/2021\/el-comandate-mayor-martin-haag-se-encuentra-realizando-un-curso-en-colombia\/#breadcrumb"},"inLanguage":"es","potentialAction":[{"@type":"ReadAction","target":["https:\/\/www.noticiasradioreflejos.com.ar\/2021\/el-comandate-mayor-martin-haag-se-encuentra-realizando-un-curso-en-colombia\/"]}]},{"@type":"ImageObject","inLanguage":"es","@id":"https:\/\/www.noticiasradioreflejos.com.ar\/2021\/el-comandate-mayor-martin-haag-se-encuentra-realizando-un-curso-en-colombia\/#primaryimage","url":"http:\/\/farm1.staticflickr.com\/967\/42281205782_5422429695_z.jpg","contentUrl":"http:\/\/farm1.staticflickr.com\/967\/42281205782_5422429695_z.jpg"},{"@type":"BreadcrumbList","@id":"https:\/\/www.noticiasradioreflejos.com.ar\/2021\/el-comandate-mayor-martin-haag-se-encuentra-realizando-un-curso-en-colombia\/#breadcrumb","itemListElement":[{"@type":"ListItem","position":1,"name":"Portada","item":"https:\/\/www.noticiasradioreflejos.com.ar\/2021\/"},{"@type":"ListItem","position":2,"name":"El Comandate Mayor Mart\u00edn Haag se encuentra realizando un curso en Colombia."}]},{"@type":"WebSite","@id":"https:\/\/www.noticiasradioreflejos.com.ar\/2021\/#website","url":"https:\/\/www.noticiasradioreflejos.com.ar\/2021\/","name":"Noticias Radio Reflejos","description":"Las noticias de mi comarca","potentialAction":[{"@type":"SearchAction","target":{"@type":"EntryPoint","urlTemplate":"https:\/\/www.noticiasradioreflejos.com.ar\/2021\/?s={search_term_string}"},"query-input":{"@type":"PropertyValueSpecification","valueRequired":true,"valueName":"search_term_string"}}],"inLanguage":"es"},{"@type":"Person","@id":"https:\/\/www.noticiasradioreflejos.com.ar\/2021\/#\/schema\/person\/ad82545263dcc5ec0996818884fd5fb1","name":"Arnaldo Botto","image":{"@type":"ImageObject","inLanguage":"es","@id":"https:\/\/www.noticiasradioreflejos.com.ar\/2021\/#\/schema\/person\/image\/","url":"https:\/\/secure.gravatar.com\/avatar\/55cb5e37c1efa326397366e6974cb338056df65cb50e7d64d1cf314e87504837?s=96&d=mm&r=g","contentUrl":"https:\/\/secure.gravatar.com\/avatar\/55cb5e37c1efa326397366e6974cb338056df65cb50e7d64d1cf314e87504837?s=96&d=mm&r=g","caption":"Arnaldo Botto"},"url":"https:\/\/www.noticiasradioreflejos.com.ar\/2021\/author\/arnaldo\/"}]}},"_links":{"self":[{"href":"https:\/\/www.noticiasradioreflejos.com.ar\/2021\/wp-json\/wp\/v2\/posts\/21831","targetHints":{"allow":["GET"]}}],"collection":[{"href":"https:\/\/www.noticiasradioreflejos.com.ar\/2021\/wp-json\/wp\/v2\/posts"}],"about":[{"href":"https:\/\/www.noticiasradioreflejos.com.ar\/2021\/wp-json\/wp\/v2\/types\/post"}],"author":[{"embeddable":true,"href":"https:\/\/www.noticiasradioreflejos.com.ar\/2021\/wp-json\/wp\/v2\/users\/3"}],"replies":[{"embeddable":true,"href":"https:\/\/www.noticiasradioreflejos.com.ar\/2021\/wp-json\/wp\/v2\/comments?post=21831"}],"version-history":[{"count":0,"href":"https:\/\/www.noticiasradioreflejos.com.ar\/2021\/wp-json\/wp\/v2\/posts\/21831\/revisions"}],"wp:attachment":[{"href":"https:\/\/www.noticiasradioreflejos.com.ar\/2021\/wp-json\/wp\/v2\/media?parent=21831"}],"wp:term":[{"taxonomy":"category","embeddable":true,"href":"https:\/\/www.noticiasradioreflejos.com.ar\/2021\/wp-json\/wp\/v2\/categories?post=21831"},{"taxonomy":"post_tag","embeddable":true,"href":"https:\/\/www.noticiasradioreflejos.com.ar\/2021\/wp-json\/wp\/v2\/tags?post=21831"}],"curies":[{"name":"wp","href":"https:\/\/api.w.org\/{rel}","templated":true}]}}