{"id":21718,"date":"2018-05-22T08:40:23","date_gmt":"2018-05-22T11:40:23","guid":{"rendered":"http:\/\/www.noticiasradioreflejos.com.ar\/noticias\/?p=21718"},"modified":"2018-05-22T08:40:23","modified_gmt":"2018-05-22T11:40:23","slug":"la-justicia-federal-prohibio-que-se-corte-el-suministro-de-gas-por-falta-de-pago-en-todo-el-pais","status":"publish","type":"post","link":"https:\/\/www.noticiasradioreflejos.com.ar\/2021\/la-justicia-federal-prohibio-que-se-corte-el-suministro-de-gas-por-falta-de-pago-en-todo-el-pais\/","title":{"rendered":"La Justicia Federal prohibi\u00f3 que se corte el suministro de gas por falta de pago en todo el pa\u00eds"},"content":{"rendered":"<p>Se trata del juez federal Alejo Ramos Padilla, que a trav\u00e9s de una medida cautelar suspende lo posibilidad de cortes en el servicio de gas a los usuarios que no paguen la factura. El reclamo fue presentado por la asociaci\u00f3n Consumidores Argentinos.<!--more--><br \/>\nEl juez federal Alejo Ramos Padilla dispuso una medida cautelar en donde establece \u201cque todas las prestatarias del servicio de gas del pa\u00eds se ABSTENGAN de llevar adelante cualquier corte o suspensi\u00f3n del servicio de gas a partir del d\u00eda de la fecha derivado de la falta de pago. A tal efecto, la comunicaci\u00f3n de esta decisi\u00f3n deber\u00e1 ser llevada adelante por ENARGAS\u201d.<br \/>\nEl pedido fue impulsado por la organizaci\u00f3n Consumidores Argentinos y afecta a \u201clos usuarios de gas que se encuentran representados son los que lo usan para su consumo, independientemente de su car\u00e1cter de residencial o no dentro de las categor\u00edas de facturaci\u00f3n\u201d. Adm\u00e1s de evitar los cortes de gas por falta de pago de la factura, se solicit\u00f3 tambi\u00e9n que se declare inconstitucional de los aumentos de gas y la suspenci\u00f3n de los nuevos cuadros tarifarios.<br \/>\nDesde Consumidores Argentinos explican que \u00abel servicio de gas es un servicio p\u00fablico esencial resguardado por el art. 11 del Pacto Internacional de Derechos Econ\u00f3micos, Sociales y Culturales, que se trata de un derecho de incidencia colectiva y que nos encontramos frente a un hecho \u00fanico que ocasiona una lesi\u00f3n a una pluralidad de sujetos\u00bb. En el escrito judicial se indica que \u00ablos precios de gas son fijados por el Ministerio de Energ\u00eda\u201d pero que los aumentos que quieren disimular a trav\u00e9s de un acuerdo de precios.<br \/>\nEn la parte final de la resoluci\u00f3n, el juez federal Ramos Padilla establece un plazo de 5 d\u00edas al Ministerio de Energ\u00eda y Miner\u00eda de la Naci\u00f3n y ENARGAS para la producci\u00f3n de un informe que de respuesta a los reclamos planteados.<br \/>\nLa medida fue apoyada por la Defensoria del Pueblo de la provincia a trav\u00e9s de un comunicado, su t\u00edtular Guido Lorenzino, manifest\u00f3 que \u201cesta decisi\u00f3n va en l\u00ednea con lo que le reclamamos a todas las firmas que prestan el servicio en la Provincia. Se trata de una decisi\u00f3n que tiene en cuenta la situaci\u00f3n de vulnerabilidad de las familias, sobre todas las que menos tienen, jaqueadas por estas subas irrazonables\u201d.<br \/>\n<strong><br \/>\nFuente: infocielo.com<\/strong><\/p>\n","protected":false},"excerpt":{"rendered":"<p>Se trata del juez federal Alejo Ramos Padilla, que a trav\u00e9s de una medida cautelar suspende lo posibilidad de cortes en el servicio de gas a los usuarios que no paguen la factura. El reclamo fue presentado por la asociaci\u00f3n Consumidores Argentinos.<\/p>\n","protected":false},"author":3,"featured_media":0,"comment_status":"closed","ping_status":"open","sticky":false,"template":"","format":"standard","meta":{"footnotes":""},"categories":[26],"tags":[],"class_list":["post-21718","post","type-post","status-publish","format-standard","hentry","category-sociedad"],"yoast_head":"<!-- This site is optimized with the Yoast SEO plugin v25.9 - https:\/\/yoast.com\/wordpress\/plugins\/seo\/ -->\n<title>La Justicia Federal prohibi\u00f3 que se corte el suministro de gas por falta de pago en todo el pa\u00eds - Noticias Radio Reflejos<\/title>\n<meta name=\"robots\" content=\"index, follow, max-snippet:-1, max-image-preview:large, max-video-preview:-1\" \/>\n<link rel=\"canonical\" href=\"https:\/\/www.noticiasradioreflejos.com.ar\/2021\/la-justicia-federal-prohibio-que-se-corte-el-suministro-de-gas-por-falta-de-pago-en-todo-el-pais\/\" \/>\n<meta property=\"og:locale\" content=\"es_ES\" \/>\n<meta property=\"og:type\" content=\"article\" \/>\n<meta property=\"og:title\" content=\"La Justicia Federal prohibi\u00f3 que se corte el suministro de gas por falta de pago en todo el pa\u00eds - Noticias Radio Reflejos\" \/>\n<meta property=\"og:description\" content=\"Se trata del juez federal Alejo Ramos Padilla, que a trav\u00e9s de una medida cautelar suspende lo posibilidad de cortes en el servicio de gas a los usuarios que no paguen la factura. El reclamo fue presentado por la asociaci\u00f3n Consumidores Argentinos.\" \/>\n<meta property=\"og:url\" content=\"https:\/\/www.noticiasradioreflejos.com.ar\/2021\/la-justicia-federal-prohibio-que-se-corte-el-suministro-de-gas-por-falta-de-pago-en-todo-el-pais\/\" \/>\n<meta property=\"og:site_name\" content=\"Noticias Radio Reflejos\" \/>\n<meta property=\"article:published_time\" content=\"2018-05-22T11:40:23+00:00\" \/>\n<meta property=\"og:image\" content=\"https:\/\/www.noticiasradioreflejos.com.ar\/2021\/wp-content\/uploads\/2021\/07\/logosol300x200.png\" \/>\n\t<meta property=\"og:image:width\" content=\"300\" \/>\n\t<meta property=\"og:image:height\" content=\"200\" \/>\n\t<meta property=\"og:image:type\" content=\"image\/png\" \/>\n<meta name=\"author\" content=\"Arnaldo Botto\" \/>\n<meta name=\"twitter:card\" content=\"summary_large_image\" \/>\n<script type=\"application\/ld+json\" class=\"yoast-schema-graph\">{\"@context\":\"https:\/\/schema.org\",\"@graph\":[{\"@type\":\"WebPage\",\"@id\":\"https:\/\/www.noticiasradioreflejos.com.ar\/2021\/la-justicia-federal-prohibio-que-se-corte-el-suministro-de-gas-por-falta-de-pago-en-todo-el-pais\/\",\"url\":\"https:\/\/www.noticiasradioreflejos.com.ar\/2021\/la-justicia-federal-prohibio-que-se-corte-el-suministro-de-gas-por-falta-de-pago-en-todo-el-pais\/\",\"name\":\"La Justicia Federal prohibi\u00f3 que se corte el suministro de gas por falta de pago en todo el pa\u00eds - Noticias Radio Reflejos\",\"isPartOf\":{\"@id\":\"https:\/\/www.noticiasradioreflejos.com.ar\/2021\/#website\"},\"datePublished\":\"2018-05-22T11:40:23+00:00\",\"author\":{\"@id\":\"https:\/\/www.noticiasradioreflejos.com.ar\/2021\/#\/schema\/person\/ad82545263dcc5ec0996818884fd5fb1\"},\"breadcrumb\":{\"@id\":\"https:\/\/www.noticiasradioreflejos.com.ar\/2021\/la-justicia-federal-prohibio-que-se-corte-el-suministro-de-gas-por-falta-de-pago-en-todo-el-pais\/#breadcrumb\"},\"inLanguage\":\"es\",\"potentialAction\":[{\"@type\":\"ReadAction\",\"target\":[\"https:\/\/www.noticiasradioreflejos.com.ar\/2021\/la-justicia-federal-prohibio-que-se-corte-el-suministro-de-gas-por-falta-de-pago-en-todo-el-pais\/\"]}]},{\"@type\":\"BreadcrumbList\",\"@id\":\"https:\/\/www.noticiasradioreflejos.com.ar\/2021\/la-justicia-federal-prohibio-que-se-corte-el-suministro-de-gas-por-falta-de-pago-en-todo-el-pais\/#breadcrumb\",\"itemListElement\":[{\"@type\":\"ListItem\",\"position\":1,\"name\":\"Portada\",\"item\":\"https:\/\/www.noticiasradioreflejos.com.ar\/2021\/\"},{\"@type\":\"ListItem\",\"position\":2,\"name\":\"La Justicia Federal prohibi\u00f3 que se corte el suministro de gas por falta de pago en todo el pa\u00eds\"}]},{\"@type\":\"WebSite\",\"@id\":\"https:\/\/www.noticiasradioreflejos.com.ar\/2021\/#website\",\"url\":\"https:\/\/www.noticiasradioreflejos.com.ar\/2021\/\",\"name\":\"Noticias Radio Reflejos\",\"description\":\"Las noticias de mi comarca\",\"potentialAction\":[{\"@type\":\"SearchAction\",\"target\":{\"@type\":\"EntryPoint\",\"urlTemplate\":\"https:\/\/www.noticiasradioreflejos.com.ar\/2021\/?s={search_term_string}\"},\"query-input\":{\"@type\":\"PropertyValueSpecification\",\"valueRequired\":true,\"valueName\":\"search_term_string\"}}],\"inLanguage\":\"es\"},{\"@type\":\"Person\",\"@id\":\"https:\/\/www.noticiasradioreflejos.com.ar\/2021\/#\/schema\/person\/ad82545263dcc5ec0996818884fd5fb1\",\"name\":\"Arnaldo Botto\",\"image\":{\"@type\":\"ImageObject\",\"inLanguage\":\"es\",\"@id\":\"https:\/\/www.noticiasradioreflejos.com.ar\/2021\/#\/schema\/person\/image\/\",\"url\":\"https:\/\/secure.gravatar.com\/avatar\/55cb5e37c1efa326397366e6974cb338056df65cb50e7d64d1cf314e87504837?s=96&d=mm&r=g\",\"contentUrl\":\"https:\/\/secure.gravatar.com\/avatar\/55cb5e37c1efa326397366e6974cb338056df65cb50e7d64d1cf314e87504837?s=96&d=mm&r=g\",\"caption\":\"Arnaldo Botto\"},\"url\":\"https:\/\/www.noticiasradioreflejos.com.ar\/2021\/author\/arnaldo\/\"}]}<\/script>\n<!-- \/ Yoast SEO plugin. -->","yoast_head_json":{"title":"La Justicia Federal prohibi\u00f3 que se corte el suministro de gas por falta de pago en todo el pa\u00eds - Noticias Radio Reflejos","robots":{"index":"index","follow":"follow","max-snippet":"max-snippet:-1","max-image-preview":"max-image-preview:large","max-video-preview":"max-video-preview:-1"},"canonical":"https:\/\/www.noticiasradioreflejos.com.ar\/2021\/la-justicia-federal-prohibio-que-se-corte-el-suministro-de-gas-por-falta-de-pago-en-todo-el-pais\/","og_locale":"es_ES","og_type":"article","og_title":"La Justicia Federal prohibi\u00f3 que se corte el suministro de gas por falta de pago en todo el pa\u00eds - Noticias Radio Reflejos","og_description":"Se trata del juez federal Alejo Ramos Padilla, que a trav\u00e9s de una medida cautelar suspende lo posibilidad de cortes en el servicio de gas a los usuarios que no paguen la factura. El reclamo fue presentado por la asociaci\u00f3n Consumidores Argentinos.","og_url":"https:\/\/www.noticiasradioreflejos.com.ar\/2021\/la-justicia-federal-prohibio-que-se-corte-el-suministro-de-gas-por-falta-de-pago-en-todo-el-pais\/","og_site_name":"Noticias Radio Reflejos","article_published_time":"2018-05-22T11:40:23+00:00","og_image":[{"width":300,"height":200,"url":"https:\/\/www.noticiasradioreflejos.com.ar\/2021\/wp-content\/uploads\/2021\/07\/logosol300x200.png","type":"image\/png"}],"author":"Arnaldo Botto","twitter_card":"summary_large_image","schema":{"@context":"https:\/\/schema.org","@graph":[{"@type":"WebPage","@id":"https:\/\/www.noticiasradioreflejos.com.ar\/2021\/la-justicia-federal-prohibio-que-se-corte-el-suministro-de-gas-por-falta-de-pago-en-todo-el-pais\/","url":"https:\/\/www.noticiasradioreflejos.com.ar\/2021\/la-justicia-federal-prohibio-que-se-corte-el-suministro-de-gas-por-falta-de-pago-en-todo-el-pais\/","name":"La Justicia Federal prohibi\u00f3 que se corte el suministro de gas por falta de pago en todo el pa\u00eds - Noticias Radio Reflejos","isPartOf":{"@id":"https:\/\/www.noticiasradioreflejos.com.ar\/2021\/#website"},"datePublished":"2018-05-22T11:40:23+00:00","author":{"@id":"https:\/\/www.noticiasradioreflejos.com.ar\/2021\/#\/schema\/person\/ad82545263dcc5ec0996818884fd5fb1"},"breadcrumb":{"@id":"https:\/\/www.noticiasradioreflejos.com.ar\/2021\/la-justicia-federal-prohibio-que-se-corte-el-suministro-de-gas-por-falta-de-pago-en-todo-el-pais\/#breadcrumb"},"inLanguage":"es","potentialAction":[{"@type":"ReadAction","target":["https:\/\/www.noticiasradioreflejos.com.ar\/2021\/la-justicia-federal-prohibio-que-se-corte-el-suministro-de-gas-por-falta-de-pago-en-todo-el-pais\/"]}]},{"@type":"BreadcrumbList","@id":"https:\/\/www.noticiasradioreflejos.com.ar\/2021\/la-justicia-federal-prohibio-que-se-corte-el-suministro-de-gas-por-falta-de-pago-en-todo-el-pais\/#breadcrumb","itemListElement":[{"@type":"ListItem","position":1,"name":"Portada","item":"https:\/\/www.noticiasradioreflejos.com.ar\/2021\/"},{"@type":"ListItem","position":2,"name":"La Justicia Federal prohibi\u00f3 que se corte el suministro de gas por falta de pago en todo el pa\u00eds"}]},{"@type":"WebSite","@id":"https:\/\/www.noticiasradioreflejos.com.ar\/2021\/#website","url":"https:\/\/www.noticiasradioreflejos.com.ar\/2021\/","name":"Noticias Radio Reflejos","description":"Las noticias de mi comarca","potentialAction":[{"@type":"SearchAction","target":{"@type":"EntryPoint","urlTemplate":"https:\/\/www.noticiasradioreflejos.com.ar\/2021\/?s={search_term_string}"},"query-input":{"@type":"PropertyValueSpecification","valueRequired":true,"valueName":"search_term_string"}}],"inLanguage":"es"},{"@type":"Person","@id":"https:\/\/www.noticiasradioreflejos.com.ar\/2021\/#\/schema\/person\/ad82545263dcc5ec0996818884fd5fb1","name":"Arnaldo Botto","image":{"@type":"ImageObject","inLanguage":"es","@id":"https:\/\/www.noticiasradioreflejos.com.ar\/2021\/#\/schema\/person\/image\/","url":"https:\/\/secure.gravatar.com\/avatar\/55cb5e37c1efa326397366e6974cb338056df65cb50e7d64d1cf314e87504837?s=96&d=mm&r=g","contentUrl":"https:\/\/secure.gravatar.com\/avatar\/55cb5e37c1efa326397366e6974cb338056df65cb50e7d64d1cf314e87504837?s=96&d=mm&r=g","caption":"Arnaldo Botto"},"url":"https:\/\/www.noticiasradioreflejos.com.ar\/2021\/author\/arnaldo\/"}]}},"_links":{"self":[{"href":"https:\/\/www.noticiasradioreflejos.com.ar\/2021\/wp-json\/wp\/v2\/posts\/21718","targetHints":{"allow":["GET"]}}],"collection":[{"href":"https:\/\/www.noticiasradioreflejos.com.ar\/2021\/wp-json\/wp\/v2\/posts"}],"about":[{"href":"https:\/\/www.noticiasradioreflejos.com.ar\/2021\/wp-json\/wp\/v2\/types\/post"}],"author":[{"embeddable":true,"href":"https:\/\/www.noticiasradioreflejos.com.ar\/2021\/wp-json\/wp\/v2\/users\/3"}],"replies":[{"embeddable":true,"href":"https:\/\/www.noticiasradioreflejos.com.ar\/2021\/wp-json\/wp\/v2\/comments?post=21718"}],"version-history":[{"count":0,"href":"https:\/\/www.noticiasradioreflejos.com.ar\/2021\/wp-json\/wp\/v2\/posts\/21718\/revisions"}],"wp:attachment":[{"href":"https:\/\/www.noticiasradioreflejos.com.ar\/2021\/wp-json\/wp\/v2\/media?parent=21718"}],"wp:term":[{"taxonomy":"category","embeddable":true,"href":"https:\/\/www.noticiasradioreflejos.com.ar\/2021\/wp-json\/wp\/v2\/categories?post=21718"},{"taxonomy":"post_tag","embeddable":true,"href":"https:\/\/www.noticiasradioreflejos.com.ar\/2021\/wp-json\/wp\/v2\/tags?post=21718"}],"curies":[{"name":"wp","href":"https:\/\/api.w.org\/{rel}","templated":true}]}}