{"id":21716,"date":"2018-05-22T08:21:43","date_gmt":"2018-05-22T11:21:43","guid":{"rendered":"http:\/\/www.noticiasradioreflejos.com.ar\/noticias\/?p=21716"},"modified":"2018-05-22T08:21:43","modified_gmt":"2018-05-22T11:21:43","slug":"las-inferiores-de-union-presentan-nueva-indumentaria","status":"publish","type":"post","link":"https:\/\/www.noticiasradioreflejos.com.ar\/2021\/las-inferiores-de-union-presentan-nueva-indumentaria\/","title":{"rendered":"Las inferiores de Uni\u00f3n presentan nueva indumentaria"},"content":{"rendered":"<p><a title=\"Nueva indumentaria CUT\" href=\"http:\/\/farm1.staticflickr.com\/898\/41374308715_93f8cf489e.jpg\" rel=\"\"><img loading=\"lazy\" decoding=\"async\" class=\"alignleft\" style=\"float: left;\" title=\"Nueva indumentaria CUT\" src=\"http:\/\/farm1.staticflickr.com\/898\/41374308715_93f8cf489e.jpg\" alt=\"Nueva indumentaria CUT\" width=\"500\" height=\"282\" \/><\/a> Las divisiones inferiores del Club Uni\u00f3n de Tornquist presentar\u00e1n su nueva indumentaria deportiva en una cena que se realizar\u00e1 en el sal\u00f3n Altos de su sede social, este jueves 24 de mayo a las 21,30 hs.<\/p>\n","protected":false},"excerpt":{"rendered":"<p>Las divisiones inferiores del Club Uni\u00f3n de Tornquist presentar\u00e1n su nueva indumentaria deportiva en una cena que se realizar\u00e1 en el sal\u00f3n Altos de su sede social, este jueves 24 de mayo a las 21,30 hs.<\/p>\n","protected":false},"author":3,"featured_media":0,"comment_status":"closed","ping_status":"open","sticky":false,"template":"","format":"standard","meta":{"footnotes":""},"categories":[26],"tags":[],"class_list":["post-21716","post","type-post","status-publish","format-standard","hentry","category-sociedad"],"yoast_head":"<!-- This site is optimized with the Yoast SEO plugin v25.9 - https:\/\/yoast.com\/wordpress\/plugins\/seo\/ -->\n<title>Las inferiores de Uni\u00f3n presentan nueva indumentaria - Noticias Radio Reflejos<\/title>\n<meta name=\"robots\" content=\"index, follow, max-snippet:-1, max-image-preview:large, max-video-preview:-1\" \/>\n<link rel=\"canonical\" href=\"https:\/\/www.noticiasradioreflejos.com.ar\/2021\/las-inferiores-de-union-presentan-nueva-indumentaria\/\" \/>\n<meta property=\"og:locale\" content=\"es_ES\" \/>\n<meta property=\"og:type\" content=\"article\" \/>\n<meta property=\"og:title\" content=\"Las inferiores de Uni\u00f3n presentan nueva indumentaria - Noticias Radio Reflejos\" \/>\n<meta property=\"og:description\" content=\"Las divisiones inferiores del Club Uni\u00f3n de Tornquist presentar\u00e1n su nueva indumentaria deportiva en una cena que se realizar\u00e1 en el sal\u00f3n Altos de su sede social, este jueves 24 de mayo a las 21,30 hs.\" \/>\n<meta property=\"og:url\" content=\"https:\/\/www.noticiasradioreflejos.com.ar\/2021\/las-inferiores-de-union-presentan-nueva-indumentaria\/\" \/>\n<meta property=\"og:site_name\" content=\"Noticias Radio Reflejos\" \/>\n<meta property=\"article:published_time\" content=\"2018-05-22T11:21:43+00:00\" \/>\n<meta property=\"og:image\" content=\"http:\/\/farm1.staticflickr.com\/898\/41374308715_93f8cf489e.jpg\" \/>\n<meta name=\"author\" content=\"Arnaldo Botto\" \/>\n<meta name=\"twitter:card\" content=\"summary_large_image\" \/>\n<script type=\"application\/ld+json\" class=\"yoast-schema-graph\">{\"@context\":\"https:\/\/schema.org\",\"@graph\":[{\"@type\":\"WebPage\",\"@id\":\"https:\/\/www.noticiasradioreflejos.com.ar\/2021\/las-inferiores-de-union-presentan-nueva-indumentaria\/\",\"url\":\"https:\/\/www.noticiasradioreflejos.com.ar\/2021\/las-inferiores-de-union-presentan-nueva-indumentaria\/\",\"name\":\"Las inferiores de Uni\u00f3n presentan nueva indumentaria - Noticias Radio Reflejos\",\"isPartOf\":{\"@id\":\"https:\/\/www.noticiasradioreflejos.com.ar\/2021\/#website\"},\"primaryImageOfPage\":{\"@id\":\"https:\/\/www.noticiasradioreflejos.com.ar\/2021\/las-inferiores-de-union-presentan-nueva-indumentaria\/#primaryimage\"},\"image\":{\"@id\":\"https:\/\/www.noticiasradioreflejos.com.ar\/2021\/las-inferiores-de-union-presentan-nueva-indumentaria\/#primaryimage\"},\"thumbnailUrl\":\"http:\/\/farm1.staticflickr.com\/898\/41374308715_93f8cf489e.jpg\",\"datePublished\":\"2018-05-22T11:21:43+00:00\",\"author\":{\"@id\":\"https:\/\/www.noticiasradioreflejos.com.ar\/2021\/#\/schema\/person\/ad82545263dcc5ec0996818884fd5fb1\"},\"breadcrumb\":{\"@id\":\"https:\/\/www.noticiasradioreflejos.com.ar\/2021\/las-inferiores-de-union-presentan-nueva-indumentaria\/#breadcrumb\"},\"inLanguage\":\"es\",\"potentialAction\":[{\"@type\":\"ReadAction\",\"target\":[\"https:\/\/www.noticiasradioreflejos.com.ar\/2021\/las-inferiores-de-union-presentan-nueva-indumentaria\/\"]}]},{\"@type\":\"ImageObject\",\"inLanguage\":\"es\",\"@id\":\"https:\/\/www.noticiasradioreflejos.com.ar\/2021\/las-inferiores-de-union-presentan-nueva-indumentaria\/#primaryimage\",\"url\":\"http:\/\/farm1.staticflickr.com\/898\/41374308715_93f8cf489e.jpg\",\"contentUrl\":\"http:\/\/farm1.staticflickr.com\/898\/41374308715_93f8cf489e.jpg\"},{\"@type\":\"BreadcrumbList\",\"@id\":\"https:\/\/www.noticiasradioreflejos.com.ar\/2021\/las-inferiores-de-union-presentan-nueva-indumentaria\/#breadcrumb\",\"itemListElement\":[{\"@type\":\"ListItem\",\"position\":1,\"name\":\"Portada\",\"item\":\"https:\/\/www.noticiasradioreflejos.com.ar\/2021\/\"},{\"@type\":\"ListItem\",\"position\":2,\"name\":\"Las inferiores de Uni\u00f3n presentan nueva indumentaria\"}]},{\"@type\":\"WebSite\",\"@id\":\"https:\/\/www.noticiasradioreflejos.com.ar\/2021\/#website\",\"url\":\"https:\/\/www.noticiasradioreflejos.com.ar\/2021\/\",\"name\":\"Noticias Radio Reflejos\",\"description\":\"Las noticias de mi comarca\",\"potentialAction\":[{\"@type\":\"SearchAction\",\"target\":{\"@type\":\"EntryPoint\",\"urlTemplate\":\"https:\/\/www.noticiasradioreflejos.com.ar\/2021\/?s={search_term_string}\"},\"query-input\":{\"@type\":\"PropertyValueSpecification\",\"valueRequired\":true,\"valueName\":\"search_term_string\"}}],\"inLanguage\":\"es\"},{\"@type\":\"Person\",\"@id\":\"https:\/\/www.noticiasradioreflejos.com.ar\/2021\/#\/schema\/person\/ad82545263dcc5ec0996818884fd5fb1\",\"name\":\"Arnaldo Botto\",\"image\":{\"@type\":\"ImageObject\",\"inLanguage\":\"es\",\"@id\":\"https:\/\/www.noticiasradioreflejos.com.ar\/2021\/#\/schema\/person\/image\/\",\"url\":\"https:\/\/secure.gravatar.com\/avatar\/55cb5e37c1efa326397366e6974cb338056df65cb50e7d64d1cf314e87504837?s=96&d=mm&r=g\",\"contentUrl\":\"https:\/\/secure.gravatar.com\/avatar\/55cb5e37c1efa326397366e6974cb338056df65cb50e7d64d1cf314e87504837?s=96&d=mm&r=g\",\"caption\":\"Arnaldo Botto\"},\"url\":\"https:\/\/www.noticiasradioreflejos.com.ar\/2021\/author\/arnaldo\/\"}]}<\/script>\n<!-- \/ Yoast SEO plugin. -->","yoast_head_json":{"title":"Las inferiores de Uni\u00f3n presentan nueva indumentaria - Noticias Radio Reflejos","robots":{"index":"index","follow":"follow","max-snippet":"max-snippet:-1","max-image-preview":"max-image-preview:large","max-video-preview":"max-video-preview:-1"},"canonical":"https:\/\/www.noticiasradioreflejos.com.ar\/2021\/las-inferiores-de-union-presentan-nueva-indumentaria\/","og_locale":"es_ES","og_type":"article","og_title":"Las inferiores de Uni\u00f3n presentan nueva indumentaria - Noticias Radio Reflejos","og_description":"Las divisiones inferiores del Club Uni\u00f3n de Tornquist presentar\u00e1n su nueva indumentaria deportiva en una cena que se realizar\u00e1 en el sal\u00f3n Altos de su sede social, este jueves 24 de mayo a las 21,30 hs.","og_url":"https:\/\/www.noticiasradioreflejos.com.ar\/2021\/las-inferiores-de-union-presentan-nueva-indumentaria\/","og_site_name":"Noticias Radio Reflejos","article_published_time":"2018-05-22T11:21:43+00:00","og_image":[{"url":"http:\/\/farm1.staticflickr.com\/898\/41374308715_93f8cf489e.jpg","type":"","width":"","height":""}],"author":"Arnaldo Botto","twitter_card":"summary_large_image","schema":{"@context":"https:\/\/schema.org","@graph":[{"@type":"WebPage","@id":"https:\/\/www.noticiasradioreflejos.com.ar\/2021\/las-inferiores-de-union-presentan-nueva-indumentaria\/","url":"https:\/\/www.noticiasradioreflejos.com.ar\/2021\/las-inferiores-de-union-presentan-nueva-indumentaria\/","name":"Las inferiores de Uni\u00f3n presentan nueva indumentaria - Noticias Radio Reflejos","isPartOf":{"@id":"https:\/\/www.noticiasradioreflejos.com.ar\/2021\/#website"},"primaryImageOfPage":{"@id":"https:\/\/www.noticiasradioreflejos.com.ar\/2021\/las-inferiores-de-union-presentan-nueva-indumentaria\/#primaryimage"},"image":{"@id":"https:\/\/www.noticiasradioreflejos.com.ar\/2021\/las-inferiores-de-union-presentan-nueva-indumentaria\/#primaryimage"},"thumbnailUrl":"http:\/\/farm1.staticflickr.com\/898\/41374308715_93f8cf489e.jpg","datePublished":"2018-05-22T11:21:43+00:00","author":{"@id":"https:\/\/www.noticiasradioreflejos.com.ar\/2021\/#\/schema\/person\/ad82545263dcc5ec0996818884fd5fb1"},"breadcrumb":{"@id":"https:\/\/www.noticiasradioreflejos.com.ar\/2021\/las-inferiores-de-union-presentan-nueva-indumentaria\/#breadcrumb"},"inLanguage":"es","potentialAction":[{"@type":"ReadAction","target":["https:\/\/www.noticiasradioreflejos.com.ar\/2021\/las-inferiores-de-union-presentan-nueva-indumentaria\/"]}]},{"@type":"ImageObject","inLanguage":"es","@id":"https:\/\/www.noticiasradioreflejos.com.ar\/2021\/las-inferiores-de-union-presentan-nueva-indumentaria\/#primaryimage","url":"http:\/\/farm1.staticflickr.com\/898\/41374308715_93f8cf489e.jpg","contentUrl":"http:\/\/farm1.staticflickr.com\/898\/41374308715_93f8cf489e.jpg"},{"@type":"BreadcrumbList","@id":"https:\/\/www.noticiasradioreflejos.com.ar\/2021\/las-inferiores-de-union-presentan-nueva-indumentaria\/#breadcrumb","itemListElement":[{"@type":"ListItem","position":1,"name":"Portada","item":"https:\/\/www.noticiasradioreflejos.com.ar\/2021\/"},{"@type":"ListItem","position":2,"name":"Las inferiores de Uni\u00f3n presentan nueva indumentaria"}]},{"@type":"WebSite","@id":"https:\/\/www.noticiasradioreflejos.com.ar\/2021\/#website","url":"https:\/\/www.noticiasradioreflejos.com.ar\/2021\/","name":"Noticias Radio Reflejos","description":"Las noticias de mi comarca","potentialAction":[{"@type":"SearchAction","target":{"@type":"EntryPoint","urlTemplate":"https:\/\/www.noticiasradioreflejos.com.ar\/2021\/?s={search_term_string}"},"query-input":{"@type":"PropertyValueSpecification","valueRequired":true,"valueName":"search_term_string"}}],"inLanguage":"es"},{"@type":"Person","@id":"https:\/\/www.noticiasradioreflejos.com.ar\/2021\/#\/schema\/person\/ad82545263dcc5ec0996818884fd5fb1","name":"Arnaldo Botto","image":{"@type":"ImageObject","inLanguage":"es","@id":"https:\/\/www.noticiasradioreflejos.com.ar\/2021\/#\/schema\/person\/image\/","url":"https:\/\/secure.gravatar.com\/avatar\/55cb5e37c1efa326397366e6974cb338056df65cb50e7d64d1cf314e87504837?s=96&d=mm&r=g","contentUrl":"https:\/\/secure.gravatar.com\/avatar\/55cb5e37c1efa326397366e6974cb338056df65cb50e7d64d1cf314e87504837?s=96&d=mm&r=g","caption":"Arnaldo Botto"},"url":"https:\/\/www.noticiasradioreflejos.com.ar\/2021\/author\/arnaldo\/"}]}},"_links":{"self":[{"href":"https:\/\/www.noticiasradioreflejos.com.ar\/2021\/wp-json\/wp\/v2\/posts\/21716","targetHints":{"allow":["GET"]}}],"collection":[{"href":"https:\/\/www.noticiasradioreflejos.com.ar\/2021\/wp-json\/wp\/v2\/posts"}],"about":[{"href":"https:\/\/www.noticiasradioreflejos.com.ar\/2021\/wp-json\/wp\/v2\/types\/post"}],"author":[{"embeddable":true,"href":"https:\/\/www.noticiasradioreflejos.com.ar\/2021\/wp-json\/wp\/v2\/users\/3"}],"replies":[{"embeddable":true,"href":"https:\/\/www.noticiasradioreflejos.com.ar\/2021\/wp-json\/wp\/v2\/comments?post=21716"}],"version-history":[{"count":0,"href":"https:\/\/www.noticiasradioreflejos.com.ar\/2021\/wp-json\/wp\/v2\/posts\/21716\/revisions"}],"wp:attachment":[{"href":"https:\/\/www.noticiasradioreflejos.com.ar\/2021\/wp-json\/wp\/v2\/media?parent=21716"}],"wp:term":[{"taxonomy":"category","embeddable":true,"href":"https:\/\/www.noticiasradioreflejos.com.ar\/2021\/wp-json\/wp\/v2\/categories?post=21716"},{"taxonomy":"post_tag","embeddable":true,"href":"https:\/\/www.noticiasradioreflejos.com.ar\/2021\/wp-json\/wp\/v2\/tags?post=21716"}],"curies":[{"name":"wp","href":"https:\/\/api.w.org\/{rel}","templated":true}]}}