{"id":21671,"date":"2018-05-21T08:39:13","date_gmt":"2018-05-21T11:39:13","guid":{"rendered":"http:\/\/www.noticiasradioreflejos.com.ar\/noticias\/?p=21671"},"modified":"2018-05-21T08:39:13","modified_gmt":"2018-05-21T11:39:13","slug":"tricolor-clasificado-a-semis-en-futbol-de-reserva-y-primera","status":"publish","type":"post","link":"https:\/\/www.noticiasradioreflejos.com.ar\/2021\/tricolor-clasificado-a-semis-en-futbol-de-reserva-y-primera\/","title":{"rendered":"&quot;Tricolor&quot; clasificado a semis en f\u00fatbol de reserva y primera."},"content":{"rendered":"<p>Este domingo se jug\u00f3 la s\u00e9ptima fecha del torneo Regional de F\u00fatbol y si bien queda un partido pendiente, ya est\u00e1n los 4 elencos que<br \/>\njugar\u00e1n la Copa Pringles y la Rueda Campeonato.\u00a0Atl\u00e9tico Ventana venci\u00f3 en tercera y logro un empate en la primera divisi\u00f3n, entonces junto a Almaceneros, Independiente, y Alem\u00a0 clasificaron en Primera y Reserva y en las mismas posiciones.<!--more--><br \/>\nCon los resultados de los partidos jugados el domingo por la s\u00e9ptima fecha del campeonato Regional de F\u00fatbol qued\u00f3 todo resuelto.<br \/>\nEste a\u00f1o no habr\u00e1 dolores de cabeza para armar los cruces de las Semifinales de la Copa por el aniversario de la Liga Pringles de F\u00fatbol ya que Almaceneros jugar\u00e1 con Alem e Independiente con Atl\u00e9tico Ventana tanto en Primera como en Reserva.<br \/>\nSe estima que los cruces podr\u00edan llegar a jugarse la semana que viene, en paralelo al partido pendiente de la fecha 3 entre Sportivo Pringles y Divisorio.<br \/>\nLos resultados de la 7\u00ba Fecha fueron:<br \/>\n<strong>Sportivo Pringles 2 Vs. Club de Pelota 2<\/strong><br \/>\nGoles: Francisco Gonz\u00e1lez, Mat\u00edas Meyer (SP); Mart\u00edn Llano, Gabriel Andes (P).<br \/>\nExpulsado: Rafael Grondona (SP).<br \/>\n<strong>Alumni 0 Vs. Independiente 1<\/strong><br \/>\nGol: Alan Romero (I).<br \/>\n<strong>Divisorio 2 Vs. Atl\u00e9tico Ventana 2<\/strong><br \/>\nGoles: Jonathan Olgu\u00edn, BrunoBasualdo (D); Antonio Esp\u00ednola, Ariel Esp\u00ednola (AV).<br \/>\n<strong>Almaceneros 5 Vs. LN Alem 0<\/strong><br \/>\nGoles: David Haderne -2, Luis Caro Serventi -2, Carlos Lucero e\/c (Alma)<br \/>\nExpulsado: Ignacio Machado (LNA).<br \/>\n&nbsp;<br \/>\n<strong>Reserva<\/strong><br \/>\n<strong>Sportivo Pringles 3 Vs. Club de Pelota 2<\/strong><br \/>\nGoles: Carlos Jim\u00e9nez, Ricardo Flores, Walter Tobio (SP); Marcelo Ponce De Le\u00f3n, Mart\u00edn Aguirrezabala (P).<br \/>\nExpulsado: Mauro Gallego (SP)<br \/>\n<strong>Alumni 1 Vs. Independiente 4<\/strong><br \/>\nGoles: David Otarola (A); Gino Peretti -2, Agust\u00edn Regal\u00eda, Mauro Conto e\/c (I).<br \/>\n<strong>Divisorio 1 Vs. Atl\u00e9tico Ventana 3<\/strong><br \/>\nGoles: Jos\u00e9 Bib\u00e9 (D); Mat\u00edas Moreira -2, Ricardo Mart\u00ednez (AV).<br \/>\nExpulsado: Jos\u00e9 Ascorti (D).<br \/>\nAlmaceneros 3 Vs. LN Alem 0<br \/>\nGoles: Norberto Ohaco -2, Facundo Cuevas (A).<br \/>\nExpulsado: Federico Pellegrino (LNA)<br \/>\n<strong>Posiciones<\/strong><br \/>\n<a title=\"table futbol\" href=\"http:\/\/farm1.staticflickr.com\/966\/28379544048_6ac6e91296.jpg\" rel=\"\"><img loading=\"lazy\" decoding=\"async\" class=\"alignleft\" title=\"table futbol\" src=\"http:\/\/farm1.staticflickr.com\/966\/28379544048_6ac6e91296.jpg\" alt=\"table futbol\" width=\"401\" height=\"302\" \/><\/a><\/p>\n","protected":false},"excerpt":{"rendered":"<p>Este domingo se jug\u00f3 la s\u00e9ptima fecha del torneo Regional de F\u00fatbol y si bien queda un partido pendiente, ya est\u00e1n los 4 elencos que jugar\u00e1n la Copa Pringles y la Rueda Campeonato.\u00a0Atl\u00e9tico Ventana venci\u00f3 en tercera y logro un empate en la primera divisi\u00f3n, entonces junto a Almaceneros, Independiente, y Alem\u00a0 clasificaron en Primera [&hellip;]<\/p>\n","protected":false},"author":3,"featured_media":0,"comment_status":"closed","ping_status":"open","sticky":false,"template":"","format":"standard","meta":{"footnotes":""},"categories":[27],"tags":[],"class_list":["post-21671","post","type-post","status-publish","format-standard","hentry","category-deportes"],"yoast_head":"<!-- This site is optimized with the Yoast SEO plugin v25.9 - https:\/\/yoast.com\/wordpress\/plugins\/seo\/ -->\n<title>&quot;Tricolor&quot; clasificado a semis en f\u00fatbol de reserva y primera. - Noticias Radio Reflejos<\/title>\n<meta name=\"robots\" content=\"index, follow, max-snippet:-1, max-image-preview:large, max-video-preview:-1\" \/>\n<link rel=\"canonical\" href=\"https:\/\/www.noticiasradioreflejos.com.ar\/2021\/tricolor-clasificado-a-semis-en-futbol-de-reserva-y-primera\/\" \/>\n<meta property=\"og:locale\" content=\"es_ES\" \/>\n<meta property=\"og:type\" content=\"article\" \/>\n<meta property=\"og:title\" content=\"&quot;Tricolor&quot; clasificado a semis en f\u00fatbol de reserva y primera. - Noticias Radio Reflejos\" \/>\n<meta property=\"og:description\" content=\"Este domingo se jug\u00f3 la s\u00e9ptima fecha del torneo Regional de F\u00fatbol y si bien queda un partido pendiente, ya est\u00e1n los 4 elencos que jugar\u00e1n la Copa Pringles y la Rueda Campeonato.\u00a0Atl\u00e9tico Ventana venci\u00f3 en tercera y logro un empate en la primera divisi\u00f3n, entonces junto a Almaceneros, Independiente, y Alem\u00a0 clasificaron en Primera [&hellip;]\" \/>\n<meta property=\"og:url\" content=\"https:\/\/www.noticiasradioreflejos.com.ar\/2021\/tricolor-clasificado-a-semis-en-futbol-de-reserva-y-primera\/\" \/>\n<meta property=\"og:site_name\" content=\"Noticias Radio Reflejos\" \/>\n<meta property=\"article:published_time\" content=\"2018-05-21T11:39:13+00:00\" \/>\n<meta property=\"og:image\" content=\"http:\/\/farm1.staticflickr.com\/966\/28379544048_6ac6e91296.jpg\" \/>\n<meta name=\"author\" content=\"Arnaldo Botto\" \/>\n<meta name=\"twitter:card\" content=\"summary_large_image\" \/>\n<script type=\"application\/ld+json\" class=\"yoast-schema-graph\">{\"@context\":\"https:\/\/schema.org\",\"@graph\":[{\"@type\":\"WebPage\",\"@id\":\"https:\/\/www.noticiasradioreflejos.com.ar\/2021\/tricolor-clasificado-a-semis-en-futbol-de-reserva-y-primera\/\",\"url\":\"https:\/\/www.noticiasradioreflejos.com.ar\/2021\/tricolor-clasificado-a-semis-en-futbol-de-reserva-y-primera\/\",\"name\":\"&quot;Tricolor&quot; clasificado a semis en f\u00fatbol de reserva y primera. - Noticias Radio Reflejos\",\"isPartOf\":{\"@id\":\"https:\/\/www.noticiasradioreflejos.com.ar\/2021\/#website\"},\"primaryImageOfPage\":{\"@id\":\"https:\/\/www.noticiasradioreflejos.com.ar\/2021\/tricolor-clasificado-a-semis-en-futbol-de-reserva-y-primera\/#primaryimage\"},\"image\":{\"@id\":\"https:\/\/www.noticiasradioreflejos.com.ar\/2021\/tricolor-clasificado-a-semis-en-futbol-de-reserva-y-primera\/#primaryimage\"},\"thumbnailUrl\":\"http:\/\/farm1.staticflickr.com\/966\/28379544048_6ac6e91296.jpg\",\"datePublished\":\"2018-05-21T11:39:13+00:00\",\"author\":{\"@id\":\"https:\/\/www.noticiasradioreflejos.com.ar\/2021\/#\/schema\/person\/ad82545263dcc5ec0996818884fd5fb1\"},\"breadcrumb\":{\"@id\":\"https:\/\/www.noticiasradioreflejos.com.ar\/2021\/tricolor-clasificado-a-semis-en-futbol-de-reserva-y-primera\/#breadcrumb\"},\"inLanguage\":\"es\",\"potentialAction\":[{\"@type\":\"ReadAction\",\"target\":[\"https:\/\/www.noticiasradioreflejos.com.ar\/2021\/tricolor-clasificado-a-semis-en-futbol-de-reserva-y-primera\/\"]}]},{\"@type\":\"ImageObject\",\"inLanguage\":\"es\",\"@id\":\"https:\/\/www.noticiasradioreflejos.com.ar\/2021\/tricolor-clasificado-a-semis-en-futbol-de-reserva-y-primera\/#primaryimage\",\"url\":\"http:\/\/farm1.staticflickr.com\/966\/28379544048_6ac6e91296.jpg\",\"contentUrl\":\"http:\/\/farm1.staticflickr.com\/966\/28379544048_6ac6e91296.jpg\"},{\"@type\":\"BreadcrumbList\",\"@id\":\"https:\/\/www.noticiasradioreflejos.com.ar\/2021\/tricolor-clasificado-a-semis-en-futbol-de-reserva-y-primera\/#breadcrumb\",\"itemListElement\":[{\"@type\":\"ListItem\",\"position\":1,\"name\":\"Portada\",\"item\":\"https:\/\/www.noticiasradioreflejos.com.ar\/2021\/\"},{\"@type\":\"ListItem\",\"position\":2,\"name\":\"&quot;Tricolor&quot; clasificado a semis en f\u00fatbol de reserva y primera.\"}]},{\"@type\":\"WebSite\",\"@id\":\"https:\/\/www.noticiasradioreflejos.com.ar\/2021\/#website\",\"url\":\"https:\/\/www.noticiasradioreflejos.com.ar\/2021\/\",\"name\":\"Noticias Radio Reflejos\",\"description\":\"Las noticias de mi comarca\",\"potentialAction\":[{\"@type\":\"SearchAction\",\"target\":{\"@type\":\"EntryPoint\",\"urlTemplate\":\"https:\/\/www.noticiasradioreflejos.com.ar\/2021\/?s={search_term_string}\"},\"query-input\":{\"@type\":\"PropertyValueSpecification\",\"valueRequired\":true,\"valueName\":\"search_term_string\"}}],\"inLanguage\":\"es\"},{\"@type\":\"Person\",\"@id\":\"https:\/\/www.noticiasradioreflejos.com.ar\/2021\/#\/schema\/person\/ad82545263dcc5ec0996818884fd5fb1\",\"name\":\"Arnaldo Botto\",\"image\":{\"@type\":\"ImageObject\",\"inLanguage\":\"es\",\"@id\":\"https:\/\/www.noticiasradioreflejos.com.ar\/2021\/#\/schema\/person\/image\/\",\"url\":\"https:\/\/secure.gravatar.com\/avatar\/55cb5e37c1efa326397366e6974cb338056df65cb50e7d64d1cf314e87504837?s=96&d=mm&r=g\",\"contentUrl\":\"https:\/\/secure.gravatar.com\/avatar\/55cb5e37c1efa326397366e6974cb338056df65cb50e7d64d1cf314e87504837?s=96&d=mm&r=g\",\"caption\":\"Arnaldo Botto\"},\"url\":\"https:\/\/www.noticiasradioreflejos.com.ar\/2021\/author\/arnaldo\/\"}]}<\/script>\n<!-- \/ Yoast SEO plugin. -->","yoast_head_json":{"title":"&quot;Tricolor&quot; clasificado a semis en f\u00fatbol de reserva y primera. - Noticias Radio Reflejos","robots":{"index":"index","follow":"follow","max-snippet":"max-snippet:-1","max-image-preview":"max-image-preview:large","max-video-preview":"max-video-preview:-1"},"canonical":"https:\/\/www.noticiasradioreflejos.com.ar\/2021\/tricolor-clasificado-a-semis-en-futbol-de-reserva-y-primera\/","og_locale":"es_ES","og_type":"article","og_title":"&quot;Tricolor&quot; clasificado a semis en f\u00fatbol de reserva y primera. - Noticias Radio Reflejos","og_description":"Este domingo se jug\u00f3 la s\u00e9ptima fecha del torneo Regional de F\u00fatbol y si bien queda un partido pendiente, ya est\u00e1n los 4 elencos que jugar\u00e1n la Copa Pringles y la Rueda Campeonato.\u00a0Atl\u00e9tico Ventana venci\u00f3 en tercera y logro un empate en la primera divisi\u00f3n, entonces junto a Almaceneros, Independiente, y Alem\u00a0 clasificaron en Primera [&hellip;]","og_url":"https:\/\/www.noticiasradioreflejos.com.ar\/2021\/tricolor-clasificado-a-semis-en-futbol-de-reserva-y-primera\/","og_site_name":"Noticias Radio Reflejos","article_published_time":"2018-05-21T11:39:13+00:00","og_image":[{"url":"http:\/\/farm1.staticflickr.com\/966\/28379544048_6ac6e91296.jpg","type":"","width":"","height":""}],"author":"Arnaldo Botto","twitter_card":"summary_large_image","schema":{"@context":"https:\/\/schema.org","@graph":[{"@type":"WebPage","@id":"https:\/\/www.noticiasradioreflejos.com.ar\/2021\/tricolor-clasificado-a-semis-en-futbol-de-reserva-y-primera\/","url":"https:\/\/www.noticiasradioreflejos.com.ar\/2021\/tricolor-clasificado-a-semis-en-futbol-de-reserva-y-primera\/","name":"&quot;Tricolor&quot; clasificado a semis en f\u00fatbol de reserva y primera. - Noticias Radio Reflejos","isPartOf":{"@id":"https:\/\/www.noticiasradioreflejos.com.ar\/2021\/#website"},"primaryImageOfPage":{"@id":"https:\/\/www.noticiasradioreflejos.com.ar\/2021\/tricolor-clasificado-a-semis-en-futbol-de-reserva-y-primera\/#primaryimage"},"image":{"@id":"https:\/\/www.noticiasradioreflejos.com.ar\/2021\/tricolor-clasificado-a-semis-en-futbol-de-reserva-y-primera\/#primaryimage"},"thumbnailUrl":"http:\/\/farm1.staticflickr.com\/966\/28379544048_6ac6e91296.jpg","datePublished":"2018-05-21T11:39:13+00:00","author":{"@id":"https:\/\/www.noticiasradioreflejos.com.ar\/2021\/#\/schema\/person\/ad82545263dcc5ec0996818884fd5fb1"},"breadcrumb":{"@id":"https:\/\/www.noticiasradioreflejos.com.ar\/2021\/tricolor-clasificado-a-semis-en-futbol-de-reserva-y-primera\/#breadcrumb"},"inLanguage":"es","potentialAction":[{"@type":"ReadAction","target":["https:\/\/www.noticiasradioreflejos.com.ar\/2021\/tricolor-clasificado-a-semis-en-futbol-de-reserva-y-primera\/"]}]},{"@type":"ImageObject","inLanguage":"es","@id":"https:\/\/www.noticiasradioreflejos.com.ar\/2021\/tricolor-clasificado-a-semis-en-futbol-de-reserva-y-primera\/#primaryimage","url":"http:\/\/farm1.staticflickr.com\/966\/28379544048_6ac6e91296.jpg","contentUrl":"http:\/\/farm1.staticflickr.com\/966\/28379544048_6ac6e91296.jpg"},{"@type":"BreadcrumbList","@id":"https:\/\/www.noticiasradioreflejos.com.ar\/2021\/tricolor-clasificado-a-semis-en-futbol-de-reserva-y-primera\/#breadcrumb","itemListElement":[{"@type":"ListItem","position":1,"name":"Portada","item":"https:\/\/www.noticiasradioreflejos.com.ar\/2021\/"},{"@type":"ListItem","position":2,"name":"&quot;Tricolor&quot; clasificado a semis en f\u00fatbol de reserva y primera."}]},{"@type":"WebSite","@id":"https:\/\/www.noticiasradioreflejos.com.ar\/2021\/#website","url":"https:\/\/www.noticiasradioreflejos.com.ar\/2021\/","name":"Noticias Radio Reflejos","description":"Las noticias de mi comarca","potentialAction":[{"@type":"SearchAction","target":{"@type":"EntryPoint","urlTemplate":"https:\/\/www.noticiasradioreflejos.com.ar\/2021\/?s={search_term_string}"},"query-input":{"@type":"PropertyValueSpecification","valueRequired":true,"valueName":"search_term_string"}}],"inLanguage":"es"},{"@type":"Person","@id":"https:\/\/www.noticiasradioreflejos.com.ar\/2021\/#\/schema\/person\/ad82545263dcc5ec0996818884fd5fb1","name":"Arnaldo Botto","image":{"@type":"ImageObject","inLanguage":"es","@id":"https:\/\/www.noticiasradioreflejos.com.ar\/2021\/#\/schema\/person\/image\/","url":"https:\/\/secure.gravatar.com\/avatar\/55cb5e37c1efa326397366e6974cb338056df65cb50e7d64d1cf314e87504837?s=96&d=mm&r=g","contentUrl":"https:\/\/secure.gravatar.com\/avatar\/55cb5e37c1efa326397366e6974cb338056df65cb50e7d64d1cf314e87504837?s=96&d=mm&r=g","caption":"Arnaldo Botto"},"url":"https:\/\/www.noticiasradioreflejos.com.ar\/2021\/author\/arnaldo\/"}]}},"_links":{"self":[{"href":"https:\/\/www.noticiasradioreflejos.com.ar\/2021\/wp-json\/wp\/v2\/posts\/21671","targetHints":{"allow":["GET"]}}],"collection":[{"href":"https:\/\/www.noticiasradioreflejos.com.ar\/2021\/wp-json\/wp\/v2\/posts"}],"about":[{"href":"https:\/\/www.noticiasradioreflejos.com.ar\/2021\/wp-json\/wp\/v2\/types\/post"}],"author":[{"embeddable":true,"href":"https:\/\/www.noticiasradioreflejos.com.ar\/2021\/wp-json\/wp\/v2\/users\/3"}],"replies":[{"embeddable":true,"href":"https:\/\/www.noticiasradioreflejos.com.ar\/2021\/wp-json\/wp\/v2\/comments?post=21671"}],"version-history":[{"count":0,"href":"https:\/\/www.noticiasradioreflejos.com.ar\/2021\/wp-json\/wp\/v2\/posts\/21671\/revisions"}],"wp:attachment":[{"href":"https:\/\/www.noticiasradioreflejos.com.ar\/2021\/wp-json\/wp\/v2\/media?parent=21671"}],"wp:term":[{"taxonomy":"category","embeddable":true,"href":"https:\/\/www.noticiasradioreflejos.com.ar\/2021\/wp-json\/wp\/v2\/categories?post=21671"},{"taxonomy":"post_tag","embeddable":true,"href":"https:\/\/www.noticiasradioreflejos.com.ar\/2021\/wp-json\/wp\/v2\/tags?post=21671"}],"curies":[{"name":"wp","href":"https:\/\/api.w.org\/{rel}","templated":true}]}}