{"id":21669,"date":"2018-05-21T08:22:26","date_gmt":"2018-05-21T11:22:26","guid":{"rendered":"http:\/\/www.noticiasradioreflejos.com.ar\/noticias\/?p=21669"},"modified":"2018-05-21T08:22:26","modified_gmt":"2018-05-21T11:22:26","slug":"atletico-ventana-sigue-la-senda-del-triunfo-en-el-hockey-femenino","status":"publish","type":"post","link":"https:\/\/www.noticiasradioreflejos.com.ar\/2021\/atletico-ventana-sigue-la-senda-del-triunfo-en-el-hockey-femenino\/","title":{"rendered":"Atl\u00e9tico Ventana sigue la senda del triunfo en el hockey femenino."},"content":{"rendered":"<p>Por la sexta fecha del Torneo Apertura de Damas\u00a0se impuso en primer divisi\u00f3n y s\u00e9ptima. Se jug\u00f3 tambi\u00e9n\u00a0 las Fechas 3 y 4 del Torneo Anual de Mamis.<!--more--><br \/>\n<strong>TORNEO APERTURA DE DAMAS<\/strong><br \/>\n<strong>FECHA 6<\/strong><br \/>\n<strong>S\u00c1BADO 19\/5<\/strong><br \/>\n<strong><em>Primera Divisi\u00f3n<\/em><\/strong><\/p>\n<table width=\"516\">\n<tbody>\n<tr>\n<td width=\"188\"><strong>Dep. Sarmiento<\/strong><\/td>\n<td width=\"47\"><strong>0<\/strong><\/td>\n<td width=\"47\"><strong>vs<\/strong><\/td>\n<td width=\"47\"><strong>1<\/strong><\/td>\n<td width=\"188\"><strong>Atl. Ventana<\/strong><\/td>\n<\/tr>\n<tr>\n<td colspan=\"2\" width=\"235\"><\/td>\n<td rowspan=\"3\" width=\"47\">Goles<\/td>\n<td colspan=\"2\" width=\"235\">Mailen Castillo<\/td>\n<\/tr>\n<tr>\n<td colspan=\"2\" width=\"235\"><\/td>\n<td colspan=\"2\" width=\"235\"><\/td>\n<\/tr>\n<tr>\n<td colspan=\"2\" width=\"235\"><\/td>\n<td colspan=\"2\" width=\"235\"><\/td>\n<\/tr>\n<tr>\n<td colspan=\"2\" width=\"235\">Gimena Cuello<\/td>\n<td width=\"47\">TV<\/td>\n<td colspan=\"2\" width=\"235\">Melina Ianniello<\/td>\n<\/tr>\n<\/tbody>\n<\/table>\n<p><strong><em>\u00a0<\/em><\/strong><\/p>\n<table width=\"516\">\n<tbody>\n<tr>\n<td width=\"188\"><strong>Club de Pelota<\/strong><\/td>\n<td width=\"47\"><strong>3<\/strong><\/td>\n<td width=\"47\"><strong>vs<\/strong><\/td>\n<td width=\"47\"><strong>0<\/strong><\/td>\n<td width=\"188\"><strong>Sarmiento P<\/strong><\/td>\n<\/tr>\n<tr>\n<td colspan=\"2\" width=\"235\">Florencia Covatti -2-<\/td>\n<td rowspan=\"3\" width=\"47\">Goles<\/td>\n<td colspan=\"2\" width=\"235\"><\/td>\n<\/tr>\n<tr>\n<td colspan=\"2\" width=\"235\">Luc\u00eda P\u00e9rez<\/td>\n<td colspan=\"2\" width=\"235\"><\/td>\n<\/tr>\n<tr>\n<td colspan=\"2\" width=\"235\"><\/td>\n<td colspan=\"2\" width=\"235\"><\/td>\n<\/tr>\n<tr>\n<td colspan=\"2\" width=\"235\">Clara Vargas<\/td>\n<td width=\"47\">TV<\/td>\n<td colspan=\"2\" width=\"235\">Florencia Olleta<\/td>\n<\/tr>\n<\/tbody>\n<\/table>\n<p><strong><em>\u00a0<\/em><\/strong><\/p>\n<table width=\"516\">\n<tbody>\n<tr>\n<td width=\"188\"><strong>Independiente<\/strong><\/td>\n<td width=\"47\"><strong>4<\/strong><\/td>\n<td width=\"47\"><strong>vs<\/strong><\/td>\n<td width=\"47\"><strong>0<\/strong><\/td>\n<td width=\"188\"><strong>Alumni<\/strong><\/td>\n<\/tr>\n<tr>\n<td colspan=\"2\" width=\"235\">Eugenia Rosales -3-<\/td>\n<td rowspan=\"3\" width=\"47\">Goles<\/td>\n<td colspan=\"2\" width=\"235\"><\/td>\n<\/tr>\n<tr>\n<td colspan=\"2\" width=\"235\">Caterina Roman<\/td>\n<td colspan=\"2\" width=\"235\"><\/td>\n<\/tr>\n<tr>\n<td colspan=\"2\" width=\"235\"><\/td>\n<td colspan=\"2\" width=\"235\"><\/td>\n<\/tr>\n<tr>\n<td colspan=\"2\" width=\"235\">Alejandra Santillan, Luc\u00eda Stork<\/td>\n<td width=\"47\">TV<\/td>\n<td colspan=\"2\" width=\"235\"><\/td>\n<\/tr>\n<\/tbody>\n<\/table>\n<p><strong><em>\u00a0<\/em><\/strong><\/p>\n<table width=\"516\">\n<tbody>\n<tr>\n<td width=\"188\"><strong>San Mart\u00edn<\/strong><\/td>\n<td width=\"47\"><strong>0<\/strong><\/td>\n<td width=\"47\"><strong>vs<\/strong><\/td>\n<td width=\"47\"><strong>7<\/strong><\/td>\n<td width=\"188\"><strong>CEF N\u00ba 83<\/strong><\/td>\n<\/tr>\n<tr>\n<td colspan=\"2\" width=\"235\"><\/td>\n<td rowspan=\"3\" width=\"47\">Goles<\/td>\n<td colspan=\"2\" width=\"235\">Aitana Ringelmann -5-<\/td>\n<\/tr>\n<tr>\n<td colspan=\"2\" width=\"235\"><\/td>\n<td colspan=\"2\" width=\"235\">Sol Schmidt<\/td>\n<\/tr>\n<tr>\n<td colspan=\"2\" width=\"235\"><\/td>\n<td colspan=\"2\" width=\"235\">Faustina Pomies<\/td>\n<\/tr>\n<tr>\n<td colspan=\"2\" width=\"235\">Mar\u00eda Luz Reser<\/td>\n<td width=\"47\">TV<\/td>\n<td colspan=\"2\" width=\"235\">Aitana Ringelmann<\/td>\n<\/tr>\n<\/tbody>\n<\/table>\n<p><strong><em>\u00a0<\/em><\/strong><br \/>\n<strong><em>\u00a0<\/em><\/strong><br \/>\n<strong><em>Sexta Divisi\u00f3n<\/em><\/strong><\/p>\n<table width=\"516\">\n<tbody>\n<tr>\n<td width=\"188\"><strong>Club de Pelota<\/strong><\/td>\n<td width=\"47\"><strong>0<\/strong><\/td>\n<td width=\"47\"><strong>vs<\/strong><\/td>\n<td width=\"47\"><strong>4<\/strong><\/td>\n<td width=\"188\"><strong>Sarmiento P<\/strong><\/td>\n<\/tr>\n<tr>\n<td colspan=\"2\" width=\"235\"><\/td>\n<td rowspan=\"3\" width=\"47\">Goles<\/td>\n<td colspan=\"2\" width=\"235\">Martina S\u00e1nchez -2-<\/td>\n<\/tr>\n<tr>\n<td colspan=\"2\" width=\"235\"><\/td>\n<td colspan=\"2\" width=\"235\">Agostina Torres<\/td>\n<\/tr>\n<tr>\n<td colspan=\"2\" width=\"235\"><\/td>\n<td colspan=\"2\" width=\"235\">Luisina Larrea<\/td>\n<\/tr>\n<\/tbody>\n<\/table>\n<p><strong><em>\u00a0<\/em><\/strong><\/p>\n<table width=\"516\">\n<tbody>\n<tr>\n<td width=\"188\"><strong>San Mart\u00edn<\/strong><\/td>\n<td width=\"47\"><strong>0<\/strong><\/td>\n<td width=\"47\"><strong>vs<\/strong><\/td>\n<td width=\"47\"><strong>8<\/strong><\/td>\n<td width=\"188\"><strong>CEF N\u00ba 83<\/strong><\/td>\n<\/tr>\n<tr>\n<td colspan=\"2\" width=\"235\"><\/td>\n<td rowspan=\"6\" width=\"47\">Goles<\/td>\n<td colspan=\"2\" width=\"235\">Angelina Mochi -2-<\/td>\n<\/tr>\n<tr>\n<td colspan=\"2\" width=\"235\"><\/td>\n<td colspan=\"2\" width=\"235\">Catalina Grenada -2-<\/td>\n<\/tr>\n<tr>\n<td colspan=\"2\" width=\"235\"><\/td>\n<td colspan=\"2\" width=\"235\">Ornella Capuano<\/td>\n<\/tr>\n<tr>\n<td colspan=\"2\" width=\"235\"><\/td>\n<td colspan=\"2\" width=\"235\">Azul Philipp<\/td>\n<\/tr>\n<tr>\n<td colspan=\"2\" width=\"235\"><\/td>\n<td colspan=\"2\" width=\"235\">Paloma Arias<\/td>\n<\/tr>\n<tr>\n<td colspan=\"2\" width=\"235\"><\/td>\n<td colspan=\"2\" width=\"235\">Jazmin Lares<\/td>\n<\/tr>\n<\/tbody>\n<\/table>\n<p><strong><em>\u00a0<\/em><\/strong><\/p>\n<table width=\"516\">\n<tbody>\n<tr>\n<td width=\"188\"><strong>Pe\u00f1arol<\/strong><\/td>\n<td width=\"47\"><strong>0<\/strong><\/td>\n<td width=\"47\"><strong>vs<\/strong><\/td>\n<td width=\"47\"><strong>8<\/strong><\/td>\n<td width=\"188\"><strong>Hockey Carhu\u00e9<\/strong><\/td>\n<\/tr>\n<tr>\n<td colspan=\"2\" width=\"235\"><\/td>\n<td rowspan=\"5\" width=\"47\">Goles<\/td>\n<td colspan=\"2\" width=\"235\">Joscelyn Wolf -2-<\/td>\n<\/tr>\n<tr>\n<td colspan=\"2\" width=\"235\"><\/td>\n<td colspan=\"2\" width=\"235\">Nayla Penna -2-<\/td>\n<\/tr>\n<tr>\n<td colspan=\"2\" width=\"235\"><\/td>\n<td colspan=\"2\" width=\"235\">Narella Alsina -2-<\/td>\n<\/tr>\n<tr>\n<td colspan=\"2\" width=\"235\"><\/td>\n<td colspan=\"2\" width=\"235\">Camila Iriarte<\/td>\n<\/tr>\n<tr>\n<td colspan=\"2\" width=\"235\"><\/td>\n<td colspan=\"2\" width=\"235\">Gianela Stocafisso<\/td>\n<\/tr>\n<\/tbody>\n<\/table>\n<p><strong><em>\u00a0<\/em><\/strong><br \/>\n<strong><em>\u00a0<\/em><\/strong><br \/>\n<strong><em>S\u00e9ptima Divisi\u00f3n<\/em><\/strong><\/p>\n<table width=\"516\">\n<tbody>\n<tr>\n<td width=\"188\"><strong>Dep. Sarmiento<\/strong><\/td>\n<td width=\"47\"><strong>0<\/strong><\/td>\n<td width=\"47\"><strong>vs<\/strong><\/td>\n<td width=\"47\"><strong>9<\/strong><\/td>\n<td width=\"188\"><strong>Atl. Ventana<\/strong><\/td>\n<\/tr>\n<tr>\n<td colspan=\"2\" width=\"235\"><\/td>\n<td rowspan=\"4\" width=\"47\">Goles<\/td>\n<td colspan=\"2\" width=\"235\">Analuz Streitenberger -4-<\/td>\n<\/tr>\n<tr>\n<td colspan=\"2\" width=\"235\"><\/td>\n<td colspan=\"2\" width=\"235\">M\u00e1xima Ocampos -2-<\/td>\n<\/tr>\n<tr>\n<td colspan=\"2\" width=\"235\"><\/td>\n<td colspan=\"2\" width=\"235\">Julia Ladirat -2-<\/td>\n<\/tr>\n<tr>\n<td colspan=\"2\" width=\"235\"><\/td>\n<td colspan=\"2\" width=\"235\">Maia Pi\u00f1ero<\/td>\n<\/tr>\n<\/tbody>\n<\/table>\n<p><strong><em>\u00a0<\/em><\/strong><\/p>\n<table width=\"516\">\n<tbody>\n<tr>\n<td width=\"188\"><strong>Independiente<\/strong><\/td>\n<td width=\"47\"><strong>3<\/strong><\/td>\n<td width=\"47\"><strong>vs<\/strong><\/td>\n<td width=\"47\"><strong>0<\/strong><\/td>\n<td width=\"188\"><strong>Alumni<\/strong><\/td>\n<td width=\"0\"><\/td>\n<\/tr>\n<tr>\n<td colspan=\"5\" rowspan=\"3\" width=\"516\">Walkover para Independiente<\/td>\n<td width=\"0\"><\/td>\n<\/tr>\n<tr>\n<td width=\"0\"><\/td>\n<\/tr>\n<tr>\n<td width=\"0\"><\/td>\n<\/tr>\n<\/tbody>\n<\/table>\n<p><strong><em>\u00a0<\/em><\/strong><br \/>\n<strong><em>\u00a0<\/em><\/strong><br \/>\n<strong><u>\u00a0<\/u><\/strong><br \/>\n<strong><u>TABLAS DE POSICIONES<\/u><\/strong><br \/>\n<a title=\"1ra\" href=\"http:\/\/farm1.staticflickr.com\/975\/41351084345_45a4a753ce.jpg\" rel=\"\"><img loading=\"lazy\" decoding=\"async\" class=\"aligncenter\" title=\"1ra\" src=\"http:\/\/farm1.staticflickr.com\/975\/41351084345_45a4a753ce.jpg\" alt=\"1ra\" width=\"500\" height=\"297\" \/><\/a><a title=\"6ta y 7ma\" href=\"http:\/\/farm1.staticflickr.com\/955\/41351084185_9518c029b3.jpg\" rel=\"\"><img loading=\"lazy\" decoding=\"async\" class=\"aligncenter\" title=\"6ta y 7ma\" src=\"http:\/\/farm1.staticflickr.com\/955\/41351084185_9518c029b3.jpg\" alt=\"6ta y 7ma\" width=\"500\" height=\"490\" \/><\/a><br \/>\n<strong><u>GOLEADORAS<\/u><\/strong><br \/>\n&nbsp;<br \/>\n<strong>Primera<\/strong><\/p>\n<table width=\"329\">\n<tbody>\n<tr>\n<td width=\"160\"><strong>JUGADORA<\/strong><\/td>\n<td width=\"127\"><strong>EQUIPO<\/strong><\/td>\n<td width=\"43\"><strong>GOLES<\/strong><\/td>\n<\/tr>\n<tr>\n<td width=\"160\"><strong>Aitana Ringelmann<\/strong><\/td>\n<td width=\"127\">CEF N\u00ba 83<\/td>\n<td width=\"43\">15<\/td>\n<\/tr>\n<tr>\n<td width=\"160\"><strong>Martina S\u00e1nchez <\/strong><\/td>\n<td width=\"127\">Sarmiento P<\/td>\n<td width=\"43\">10<\/td>\n<\/tr>\n<tr>\n<td width=\"160\"><strong>Yuliana Vallejos<\/strong><\/td>\n<td width=\"127\">CEF N\u00ba 83<\/td>\n<td width=\"43\">7<\/td>\n<\/tr>\n<tr>\n<td width=\"160\"><strong>Manuela Asprea<\/strong><\/td>\n<td width=\"127\">Sarmiento P<\/td>\n<td width=\"43\">6<\/td>\n<\/tr>\n<tr>\n<td width=\"160\"><strong>Faustina Pomies<\/strong><\/td>\n<td width=\"127\">CEF N\u00ba 83<\/td>\n<td width=\"43\">6<\/td>\n<\/tr>\n<tr>\n<td width=\"160\"><strong>Melina Ianniello<\/strong><\/td>\n<td width=\"127\">Atl. Ventana<\/td>\n<td width=\"43\">4<\/td>\n<\/tr>\n<tr>\n<td width=\"160\"><strong>Luc\u00eda P\u00e9rez<\/strong><\/td>\n<td width=\"127\">Club de Pelota<\/td>\n<td width=\"43\">4<\/td>\n<\/tr>\n<tr>\n<td width=\"160\"><strong>Camila Iriarte<\/strong><\/td>\n<td width=\"127\">Hockey Carhu\u00e9<\/td>\n<td width=\"43\">4<\/td>\n<\/tr>\n<\/tbody>\n<\/table>\n<p><strong><u>\u00a0<\/u><\/strong><br \/>\n<strong>Sexta<\/strong><\/p>\n<table width=\"329\">\n<tbody>\n<tr>\n<td width=\"160\"><strong>JUGADORA<\/strong><\/td>\n<td width=\"127\"><strong>EQUIPO<\/strong><\/td>\n<td width=\"43\"><strong>GOLES<\/strong><\/td>\n<\/tr>\n<tr>\n<td width=\"160\"><strong>Martina S\u00e1nchez<\/strong><\/td>\n<td width=\"127\">Sarmiento P<\/td>\n<td width=\"43\">14<\/td>\n<\/tr>\n<tr>\n<td width=\"160\"><strong>Joaquina Llul<\/strong><\/td>\n<td width=\"127\">Sarmiento P<\/td>\n<td width=\"43\">10<\/td>\n<\/tr>\n<tr>\n<td width=\"160\"><strong>Angelina Mochi<\/strong><\/td>\n<td width=\"127\">CEF N\u00ba 83<\/td>\n<td width=\"43\">7<\/td>\n<\/tr>\n<tr>\n<td width=\"160\"><strong>Joscelyn Wolf<\/strong><\/td>\n<td width=\"127\">Hockey Carhu\u00e9<\/td>\n<td width=\"43\">6<\/td>\n<\/tr>\n<tr>\n<td width=\"160\"><strong>Catalina Grenada<\/strong><\/td>\n<td width=\"127\">CEF N\u00ba 83<\/td>\n<td width=\"43\">6<\/td>\n<\/tr>\n<tr>\n<td width=\"160\"><strong>Coral Astaburuaga<\/strong><\/td>\n<td width=\"127\">Club de Pelota<\/td>\n<td width=\"43\">5<\/td>\n<\/tr>\n<tr>\n<td width=\"160\"><strong>Camila Iriarte<\/strong><\/td>\n<td width=\"127\">Hockey Carhu\u00e9<\/td>\n<td width=\"43\">5<\/td>\n<\/tr>\n<\/tbody>\n<\/table>\n<p><strong>\u00a0<\/strong><br \/>\n<strong>S\u00e9ptima<\/strong><\/p>\n<table width=\"329\">\n<tbody>\n<tr>\n<td width=\"160\"><strong>JUGADORA<\/strong><\/td>\n<td width=\"127\"><strong>EQUIPO<\/strong><\/td>\n<td width=\"43\"><strong>GOLES<\/strong><\/td>\n<\/tr>\n<tr>\n<td width=\"160\"><strong>Analuz Streitenberger<\/strong><\/td>\n<td width=\"127\">Atl. Ventana<\/td>\n<td width=\"43\">9<\/td>\n<\/tr>\n<tr>\n<td width=\"160\"><strong>Joaquina Llul<\/strong><\/td>\n<td width=\"127\">Sarmiento P<\/td>\n<td width=\"43\">7<\/td>\n<\/tr>\n<tr>\n<td width=\"160\"><strong>Mercedes Gonz\u00e1lez<\/strong><\/td>\n<td width=\"127\">CEF N\u00ba 83<\/td>\n<td width=\"43\">6<\/td>\n<\/tr>\n<tr>\n<td width=\"160\"><strong>Felicitas Ramos<\/strong><\/td>\n<td width=\"127\">CEF N\u00ba 83<\/td>\n<td width=\"43\">4<\/td>\n<\/tr>\n<tr>\n<td width=\"160\"><strong>Ayelen Noel<\/strong><\/td>\n<td width=\"127\">CEF N\u00ba 83<\/td>\n<td width=\"43\">4<\/td>\n<\/tr>\n<tr>\n<td width=\"160\"><strong>M\u00e1xima Ocampos<\/strong><\/td>\n<td width=\"127\">Atl. Ventana<\/td>\n<td width=\"43\">4<\/td>\n<\/tr>\n<tr>\n<td width=\"160\"><strong>Lola Marino<\/strong><\/td>\n<td width=\"127\">CEF N\u00ba 83<\/td>\n<td width=\"43\">3<\/td>\n<\/tr>\n<tr>\n<td width=\"160\"><strong>Mailen Marti<\/strong><\/td>\n<td width=\"127\">Sarmiento P<\/td>\n<td width=\"43\">3<\/td>\n<\/tr>\n<\/tbody>\n<\/table>\n<p><strong>\u00a0<\/strong><br \/>\n<strong>\u00a0<\/strong><br \/>\n<strong><u>\u00a0<\/u><\/strong><br \/>\n<strong><u>PR\u00d3XIMA FECHA (7ma) 26 de mayo<\/u><\/strong><br \/>\n<strong>PRIMERA<\/strong><\/p>\n<table width=\"423\">\n<tbody>\n<tr>\n<td width=\"188\"><strong>CEF N\u00ba 83<\/strong><\/td>\n<td width=\"47\"><strong>vs<\/strong><\/td>\n<td width=\"188\"><strong>Independiente<\/strong><\/td>\n<\/tr>\n<tr>\n<td width=\"188\"><strong>Alumni<\/strong><\/td>\n<td width=\"47\"><strong>vs<\/strong><\/td>\n<td width=\"188\"><strong>Club de Pelota<\/strong><\/td>\n<\/tr>\n<tr>\n<td width=\"188\"><strong>Sarmiento P<\/strong><\/td>\n<td width=\"47\"><strong>vs<\/strong><\/td>\n<td width=\"188\"><strong>Dep. Sarmiento<\/strong><\/td>\n<\/tr>\n<tr>\n<td width=\"188\"><strong>Atl. Ventana<\/strong><\/td>\n<td width=\"47\"><strong>vs<\/strong><\/td>\n<td width=\"188\"><strong>Hockey Carhu\u00e9<\/strong><\/td>\n<\/tr>\n<\/tbody>\n<\/table>\n<p><strong>\u00a0<\/strong><br \/>\n<strong>\u00a0<\/strong><br \/>\n<strong>\u00a0<\/strong><br \/>\n<strong>SEXTA<\/strong><\/p>\n<table width=\"423\">\n<tbody>\n<tr>\n<td width=\"188\"><strong>CEF N\u00ba 83<\/strong><\/td>\n<td width=\"47\"><strong>vs<\/strong><\/td>\n<td width=\"188\"><strong>Independiente<\/strong><\/td>\n<\/tr>\n<tr>\n<td width=\"188\"><strong>Atl. Ventana<\/strong><\/td>\n<td width=\"47\"><strong>vs<\/strong><\/td>\n<td width=\"188\"><strong>Hockey Carhu\u00e9<\/strong><\/td>\n<\/tr>\n<tr>\n<td width=\"188\"><strong>San Mart\u00edn<\/strong><\/td>\n<td width=\"47\"><strong>vs<\/strong><\/td>\n<td width=\"188\"><strong>Pe\u00f1arol<\/strong><\/td>\n<\/tr>\n<\/tbody>\n<\/table>\n<p><strong>\u00a0<\/strong><br \/>\n<strong><u>\u00a0<\/u><\/strong><br \/>\n<strong>S\u00c9PTIMA<\/strong><\/p>\n<table width=\"423\">\n<tbody>\n<tr>\n<td width=\"188\"><strong>CEF N\u00ba 83<\/strong><\/td>\n<td width=\"47\"><strong>vs<\/strong><\/td>\n<td width=\"188\"><strong>Independiente<\/strong><\/td>\n<\/tr>\n<tr>\n<td width=\"188\"><strong>Sarmiento P<\/strong><\/td>\n<td width=\"47\"><strong>vs<\/strong><\/td>\n<td width=\"188\"><strong>Dep. Sarmiento<\/strong><\/td>\n<\/tr>\n<tr>\n<td width=\"188\"><strong>Atl. Ventana<\/strong><\/td>\n<td width=\"47\"><strong>vs<\/strong><\/td>\n<td width=\"188\"><strong>Hockey Carhu\u00e9<\/strong><\/td>\n<\/tr>\n<\/tbody>\n<\/table>\n<p><strong>\u00a0<\/strong><br \/>\n<strong>\u00a0<\/strong><br \/>\n<strong>\u00a0<\/strong><br \/>\n<strong>\u00a0<\/strong><br \/>\n<strong>TORNEO ANUAL DE MAMIS<\/strong><br \/>\n<strong>S\u00c1BADO 20\/5<\/strong><br \/>\n<strong>\u00a0<\/strong><br \/>\n<strong>FECHA 3<\/strong><\/p>\n<table width=\"509\">\n<tbody>\n<tr>\n<td width=\"195\"><strong>Sarmiento P<\/strong><\/td>\n<td width=\"40\"><strong>5<\/strong><\/td>\n<td width=\"40\"><strong>vs<\/strong><\/td>\n<td width=\"40\"><strong>0<\/strong><\/td>\n<td width=\"195\"><strong>Independiente<\/strong><\/td>\n<\/tr>\n<tr>\n<td colspan=\"2\" width=\"235\">Cecilia Reser -4-<\/td>\n<td rowspan=\"3\" width=\"40\">Goles<\/td>\n<td colspan=\"2\" width=\"235\"><\/td>\n<\/tr>\n<tr>\n<td colspan=\"2\" width=\"235\">Yamila Gatti<\/td>\n<td colspan=\"2\" width=\"235\"><\/td>\n<\/tr>\n<tr>\n<td colspan=\"2\" width=\"235\"><\/td>\n<td colspan=\"2\" width=\"235\"><\/td>\n<\/tr>\n<tr>\n<td colspan=\"2\" width=\"235\">Yamila Gatti<\/td>\n<td width=\"40\">TV<\/td>\n<td colspan=\"2\" width=\"235\"><\/td>\n<\/tr>\n<\/tbody>\n<\/table>\n<p><strong>\u00a0<\/strong><\/p>\n<table width=\"509\">\n<tbody>\n<tr>\n<td width=\"195\"><strong>CEF N\u00ba 83 Azul<\/strong><\/td>\n<td width=\"40\"><strong>11<\/strong><\/td>\n<td width=\"40\"><strong>vs<\/strong><\/td>\n<td width=\"40\"><strong>0<\/strong><\/td>\n<td width=\"195\"><strong>San Mart\u00edn<\/strong><\/td>\n<\/tr>\n<tr>\n<td colspan=\"2\" width=\"235\">Eliana Disdel -5-<\/td>\n<td rowspan=\"5\" width=\"40\">Goles<\/td>\n<td colspan=\"2\" width=\"235\"><\/td>\n<\/tr>\n<tr>\n<td colspan=\"2\" width=\"235\">Oriana Vincent -3-<\/td>\n<td colspan=\"2\" width=\"235\"><\/td>\n<\/tr>\n<tr>\n<td colspan=\"2\" width=\"235\">Paula Cometo<\/td>\n<td colspan=\"2\" width=\"235\"><\/td>\n<\/tr>\n<tr>\n<td colspan=\"2\" width=\"235\">Belen Guercio<\/td>\n<td colspan=\"2\" width=\"235\"><\/td>\n<\/tr>\n<tr>\n<td colspan=\"2\" width=\"235\">Emilse Planetta<\/td>\n<td colspan=\"2\" width=\"235\"><\/td>\n<\/tr>\n<\/tbody>\n<\/table>\n<p><strong>\u00a0<\/strong><\/p>\n<table width=\"509\">\n<tbody>\n<tr>\n<td width=\"195\"><strong>CEF N\u00ba 83 Rojo<\/strong><\/td>\n<td width=\"40\"><strong>7<\/strong><\/td>\n<td width=\"40\"><strong>vs<\/strong><\/td>\n<td width=\"40\"><strong>0<\/strong><\/td>\n<td width=\"195\"><strong>Dep. Sarmiento C<\/strong><\/td>\n<\/tr>\n<tr>\n<td colspan=\"2\" width=\"235\">Andrea Ochoa -4-<\/td>\n<td rowspan=\"3\" width=\"40\">Goles<\/td>\n<td colspan=\"2\" width=\"235\"><\/td>\n<\/tr>\n<tr>\n<td colspan=\"2\" width=\"235\">Soledad Fil\u00f3como -2-<\/td>\n<td colspan=\"2\" width=\"235\"><\/td>\n<\/tr>\n<tr>\n<td colspan=\"2\" width=\"235\">Florencia Trujillo<\/td>\n<td colspan=\"2\" width=\"235\"><\/td>\n<\/tr>\n<tr>\n<td colspan=\"2\" width=\"235\">Micaela Iba\u00f1ez<\/td>\n<td width=\"40\">TV<\/td>\n<td colspan=\"2\" width=\"235\"><\/td>\n<\/tr>\n<\/tbody>\n<\/table>\n<p><strong>\u00a0<\/strong><br \/>\n<strong>\u00a0<\/strong><br \/>\n<strong>FECHA 4<\/strong><\/p>\n<table width=\"509\">\n<tbody>\n<tr>\n<td width=\"195\"><strong>San Mart\u00edn<\/strong><\/td>\n<td width=\"40\"><strong>0<\/strong><\/td>\n<td width=\"40\"><strong>vs<\/strong><\/td>\n<td width=\"40\"><strong>13<\/strong><\/td>\n<td width=\"195\"><strong>CEF N\u00ba 83 Rojo<\/strong><\/td>\n<\/tr>\n<tr>\n<td colspan=\"2\" width=\"235\"><\/td>\n<td rowspan=\"6\" width=\"40\">Goles<\/td>\n<td colspan=\"2\" width=\"235\">Elizabet Arriaga -4-<\/td>\n<\/tr>\n<tr>\n<td colspan=\"2\" width=\"235\"><\/td>\n<td colspan=\"2\" width=\"235\">Andrea Ochoa -4-<\/td>\n<\/tr>\n<tr>\n<td colspan=\"2\" width=\"235\"><\/td>\n<td colspan=\"2\" width=\"235\">Micaela Iba\u00f1ez -2-<\/td>\n<\/tr>\n<tr>\n<td colspan=\"2\" width=\"235\"><\/td>\n<td colspan=\"2\" width=\"235\">Marianela Besada<\/td>\n<\/tr>\n<tr>\n<td colspan=\"2\" width=\"235\"><\/td>\n<td colspan=\"2\" width=\"235\">Florencia Trujillo<\/td>\n<\/tr>\n<tr>\n<td colspan=\"2\" width=\"235\"><\/td>\n<td colspan=\"2\" width=\"235\">Soledad Fil\u00f3como<\/td>\n<\/tr>\n<\/tbody>\n<\/table>\n<p><strong>\u00a0<\/strong><\/p>\n<table width=\"509\">\n<tbody>\n<tr>\n<td width=\"195\"><strong>Independiente<\/strong><\/td>\n<td width=\"40\"><strong>0<\/strong><\/td>\n<td width=\"40\"><strong>vs<\/strong><\/td>\n<td width=\"40\"><strong>9<\/strong><\/td>\n<td width=\"195\"><strong>CEF N\u00ba 83 Azul<\/strong><\/td>\n<\/tr>\n<tr>\n<td colspan=\"2\" width=\"235\"><\/td>\n<td rowspan=\"4\" width=\"40\">Goles<\/td>\n<td colspan=\"2\" width=\"235\">Eliana Disdel -4-<\/td>\n<\/tr>\n<tr>\n<td colspan=\"2\" width=\"235\"><\/td>\n<td colspan=\"2\" width=\"235\">Bel\u00e9n Guercio -2-<\/td>\n<\/tr>\n<tr>\n<td colspan=\"2\" width=\"235\"><\/td>\n<td colspan=\"2\" width=\"235\">Oriana Vincent -2-<\/td>\n<\/tr>\n<tr>\n<td colspan=\"2\" width=\"235\"><\/td>\n<td colspan=\"2\" width=\"235\">Emilse Planetta<\/td>\n<\/tr>\n<\/tbody>\n<\/table>\n<p><strong>\u00a0<\/strong><\/p>\n<table width=\"509\">\n<tbody>\n<tr>\n<td width=\"195\"><strong>Municipalidad<\/strong><\/td>\n<td width=\"40\"><strong>2<\/strong><\/td>\n<td width=\"40\"><strong>vs<\/strong><\/td>\n<td width=\"40\"><strong>1<\/strong><\/td>\n<td width=\"195\"><strong>Sarmiento P<\/strong><\/td>\n<\/tr>\n<tr>\n<td colspan=\"2\" width=\"235\">Carolina Konrad -2-<\/td>\n<td rowspan=\"3\" width=\"40\">Goles<\/td>\n<td colspan=\"2\" width=\"235\">Carina Gauna<\/td>\n<\/tr>\n<tr>\n<td colspan=\"2\" width=\"235\"><\/td>\n<td colspan=\"2\" width=\"235\"><\/td>\n<\/tr>\n<tr>\n<td colspan=\"2\" width=\"235\"><\/td>\n<td colspan=\"2\" width=\"235\"><\/td>\n<\/tr>\n<\/tbody>\n<\/table>\n<p><strong>\u00a0<\/strong><br \/>\n<strong>\u00a0<\/strong><br \/>\n<strong><u>TABLAS DE POSICIONES<\/u><\/strong><\/p>\n<table width=\"592\">\n<tbody>\n<tr>\n<td width=\"219\"><strong>EQUIPO<\/strong><\/td>\n<td width=\"47\"><strong>PTS<\/strong><\/td>\n<td width=\"47\"><strong>PJ<\/strong><\/td>\n<td width=\"47\"><strong>PG<\/strong><\/td>\n<td width=\"47\"><strong>PE<\/strong><\/td>\n<td width=\"47\"><strong>PP<\/strong><\/td>\n<td width=\"47\"><strong>GF<\/strong><\/td>\n<td width=\"47\"><strong>GC<\/strong><\/td>\n<td width=\"47\"><strong>DG<\/strong><\/td>\n<\/tr>\n<tr>\n<td width=\"219\"><strong>CEF N\u00ba 83 AZUL<\/strong><\/td>\n<td width=\"47\"><strong>10<\/strong><\/td>\n<td width=\"47\">4<\/td>\n<td width=\"47\">3<\/td>\n<td width=\"47\">1<\/td>\n<td width=\"47\">0<\/td>\n<td width=\"47\">28<\/td>\n<td width=\"47\">1<\/td>\n<td width=\"47\">27<\/td>\n<\/tr>\n<tr>\n<td width=\"219\"><strong>MUNICIPALIDAD DE PIG\u00dc\u00c9<\/strong><\/td>\n<td width=\"47\"><strong>9<\/strong><\/td>\n<td width=\"47\">3<\/td>\n<td width=\"47\">3<\/td>\n<td width=\"47\">0<\/td>\n<td width=\"47\">0<\/td>\n<td width=\"47\">15<\/td>\n<td width=\"47\">1<\/td>\n<td width=\"47\">14<\/td>\n<\/tr>\n<tr>\n<td width=\"219\"><strong>SARMIENTO PIG\u00dc\u00c9<\/strong><\/td>\n<td width=\"47\"><strong>9<\/strong><\/td>\n<td width=\"47\">4<\/td>\n<td width=\"47\">3<\/td>\n<td width=\"47\">0<\/td>\n<td width=\"47\">1<\/td>\n<td width=\"47\">16<\/td>\n<td width=\"47\">3<\/td>\n<td width=\"47\">13<\/td>\n<\/tr>\n<tr>\n<td width=\"219\"><strong>CEF N\u00ba 83 ROJO<\/strong><\/td>\n<td width=\"47\"><strong>7<\/strong><\/td>\n<td width=\"47\">3<\/td>\n<td width=\"47\">2<\/td>\n<td width=\"47\">1<\/td>\n<td width=\"47\">0<\/td>\n<td width=\"47\">21<\/td>\n<td width=\"47\">1<\/td>\n<td width=\"47\">20<\/td>\n<\/tr>\n<tr>\n<td width=\"219\"><strong>INDEPENDIENTE<\/strong><\/td>\n<td width=\"47\"><strong>0<\/strong><\/td>\n<td width=\"47\">3<\/td>\n<td width=\"47\">0<\/td>\n<td width=\"47\">0<\/td>\n<td width=\"47\">3<\/td>\n<td width=\"47\">0<\/td>\n<td width=\"47\">17<\/td>\n<td width=\"47\">-17<\/td>\n<\/tr>\n<tr>\n<td width=\"219\"><strong>DEP. SARMIENTO C<\/strong><\/td>\n<td width=\"47\"><strong>0<\/strong><\/td>\n<td width=\"47\">3<\/td>\n<td width=\"47\">0<\/td>\n<td width=\"47\">0<\/td>\n<td width=\"47\">3<\/td>\n<td width=\"47\">1<\/td>\n<td width=\"47\">18<\/td>\n<td width=\"47\">-17<\/td>\n<\/tr>\n<tr>\n<td width=\"219\"><strong>SAN MARTIN<\/strong><\/td>\n<td width=\"47\"><strong>0<\/strong><\/td>\n<td width=\"47\">4<\/td>\n<td width=\"47\">0<\/td>\n<td width=\"47\">0<\/td>\n<td width=\"47\">4<\/td>\n<td width=\"47\">0<\/td>\n<td width=\"47\">40<\/td>\n<td width=\"47\">-40<\/td>\n<\/tr>\n<\/tbody>\n<\/table>\n<p><strong><u>\u00a0<\/u><\/strong><br \/>\n<strong><u>\u00a0<\/u><\/strong><br \/>\n<strong><u>GOLEADORAS<\/u><\/strong><\/p>\n<table width=\"368\">\n<tbody>\n<tr>\n<td width=\"159\"><strong>JUGADORA<\/strong><\/td>\n<td width=\"159\"><strong>EQUIPO<\/strong><\/td>\n<td width=\"51\"><strong>GOLES<\/strong><\/td>\n<\/tr>\n<tr>\n<td width=\"159\"><strong>Andrea Ochoa<\/strong><\/td>\n<td width=\"159\">CEF N\u00ba 83 Rojo<\/td>\n<td width=\"51\">9<\/td>\n<\/tr>\n<tr>\n<td width=\"159\"><strong>Eliana Disdel<\/strong><\/td>\n<td width=\"159\">CEF N\u00ba 83 Azul<\/td>\n<td width=\"51\">9<\/td>\n<\/tr>\n<tr>\n<td width=\"159\"><strong>Carolina Konrad<\/strong><\/td>\n<td width=\"159\">Municipalidad<\/td>\n<td width=\"51\">7<\/td>\n<\/tr>\n<tr>\n<td width=\"159\"><strong>Cecilia Reser<\/strong><\/td>\n<td width=\"159\">Sarmiento Pig\u00fc\u00e9<\/td>\n<td width=\"51\">7<\/td>\n<\/tr>\n<tr>\n<td width=\"159\"><strong>Soledad Fil\u00f3como<\/strong><\/td>\n<td width=\"159\">CEF N\u00ba 83 Azul<\/td>\n<td width=\"51\">6<\/td>\n<\/tr>\n<tr>\n<td width=\"159\"><strong>Bel\u00e9n Guercio<\/strong><\/td>\n<td width=\"159\">CEF N\u00ba 83 Azul<\/td>\n<td width=\"51\">5<\/td>\n<\/tr>\n<tr>\n<td width=\"159\"><strong>Oriana Vincent<\/strong><\/td>\n<td width=\"159\">CEF N\u00ba 83 Azul<\/td>\n<td width=\"51\">5<\/td>\n<\/tr>\n<tr>\n<td width=\"159\"><strong>Elisabet Arriaga<\/strong><\/td>\n<td width=\"159\">CEF N\u00ba 83 Rojo<\/td>\n<td width=\"51\">4<\/td>\n<\/tr>\n<\/tbody>\n<\/table>\n<p><strong><u>\u00a0<\/u><\/strong><br \/>\n<strong>\u00a0<\/strong><\/p>\n","protected":false},"excerpt":{"rendered":"<p>Por la sexta fecha del Torneo Apertura de Damas\u00a0se impuso en primer divisi\u00f3n y s\u00e9ptima. Se jug\u00f3 tambi\u00e9n\u00a0 las Fechas 3 y 4 del Torneo Anual de Mamis.<\/p>\n","protected":false},"author":3,"featured_media":0,"comment_status":"closed","ping_status":"open","sticky":false,"template":"","format":"standard","meta":{"footnotes":""},"categories":[27],"tags":[],"class_list":["post-21669","post","type-post","status-publish","format-standard","hentry","category-deportes"],"yoast_head":"<!-- This site is optimized with the Yoast SEO plugin v25.9 - https:\/\/yoast.com\/wordpress\/plugins\/seo\/ -->\n<title>Atl\u00e9tico Ventana sigue la senda del triunfo en el hockey femenino. - Noticias Radio Reflejos<\/title>\n<meta name=\"robots\" content=\"index, follow, max-snippet:-1, max-image-preview:large, max-video-preview:-1\" \/>\n<link rel=\"canonical\" href=\"https:\/\/www.noticiasradioreflejos.com.ar\/2021\/atletico-ventana-sigue-la-senda-del-triunfo-en-el-hockey-femenino\/\" \/>\n<meta property=\"og:locale\" content=\"es_ES\" \/>\n<meta property=\"og:type\" content=\"article\" \/>\n<meta property=\"og:title\" content=\"Atl\u00e9tico Ventana sigue la senda del triunfo en el hockey femenino. - Noticias Radio Reflejos\" \/>\n<meta property=\"og:description\" content=\"Por la sexta fecha del Torneo Apertura de Damas\u00a0se impuso en primer divisi\u00f3n y s\u00e9ptima. Se jug\u00f3 tambi\u00e9n\u00a0 las Fechas 3 y 4 del Torneo Anual de Mamis.\" \/>\n<meta property=\"og:url\" content=\"https:\/\/www.noticiasradioreflejos.com.ar\/2021\/atletico-ventana-sigue-la-senda-del-triunfo-en-el-hockey-femenino\/\" \/>\n<meta property=\"og:site_name\" content=\"Noticias Radio Reflejos\" \/>\n<meta property=\"article:published_time\" content=\"2018-05-21T11:22:26+00:00\" \/>\n<meta property=\"og:image\" content=\"http:\/\/farm1.staticflickr.com\/975\/41351084345_45a4a753ce.jpg\" \/>\n<meta name=\"author\" content=\"Arnaldo Botto\" \/>\n<meta name=\"twitter:card\" content=\"summary_large_image\" \/>\n<script type=\"application\/ld+json\" class=\"yoast-schema-graph\">{\"@context\":\"https:\/\/schema.org\",\"@graph\":[{\"@type\":\"WebPage\",\"@id\":\"https:\/\/www.noticiasradioreflejos.com.ar\/2021\/atletico-ventana-sigue-la-senda-del-triunfo-en-el-hockey-femenino\/\",\"url\":\"https:\/\/www.noticiasradioreflejos.com.ar\/2021\/atletico-ventana-sigue-la-senda-del-triunfo-en-el-hockey-femenino\/\",\"name\":\"Atl\u00e9tico Ventana sigue la senda del triunfo en el hockey femenino. - Noticias Radio Reflejos\",\"isPartOf\":{\"@id\":\"https:\/\/www.noticiasradioreflejos.com.ar\/2021\/#website\"},\"primaryImageOfPage\":{\"@id\":\"https:\/\/www.noticiasradioreflejos.com.ar\/2021\/atletico-ventana-sigue-la-senda-del-triunfo-en-el-hockey-femenino\/#primaryimage\"},\"image\":{\"@id\":\"https:\/\/www.noticiasradioreflejos.com.ar\/2021\/atletico-ventana-sigue-la-senda-del-triunfo-en-el-hockey-femenino\/#primaryimage\"},\"thumbnailUrl\":\"http:\/\/farm1.staticflickr.com\/975\/41351084345_45a4a753ce.jpg\",\"datePublished\":\"2018-05-21T11:22:26+00:00\",\"author\":{\"@id\":\"https:\/\/www.noticiasradioreflejos.com.ar\/2021\/#\/schema\/person\/ad82545263dcc5ec0996818884fd5fb1\"},\"breadcrumb\":{\"@id\":\"https:\/\/www.noticiasradioreflejos.com.ar\/2021\/atletico-ventana-sigue-la-senda-del-triunfo-en-el-hockey-femenino\/#breadcrumb\"},\"inLanguage\":\"es\",\"potentialAction\":[{\"@type\":\"ReadAction\",\"target\":[\"https:\/\/www.noticiasradioreflejos.com.ar\/2021\/atletico-ventana-sigue-la-senda-del-triunfo-en-el-hockey-femenino\/\"]}]},{\"@type\":\"ImageObject\",\"inLanguage\":\"es\",\"@id\":\"https:\/\/www.noticiasradioreflejos.com.ar\/2021\/atletico-ventana-sigue-la-senda-del-triunfo-en-el-hockey-femenino\/#primaryimage\",\"url\":\"http:\/\/farm1.staticflickr.com\/975\/41351084345_45a4a753ce.jpg\",\"contentUrl\":\"http:\/\/farm1.staticflickr.com\/975\/41351084345_45a4a753ce.jpg\"},{\"@type\":\"BreadcrumbList\",\"@id\":\"https:\/\/www.noticiasradioreflejos.com.ar\/2021\/atletico-ventana-sigue-la-senda-del-triunfo-en-el-hockey-femenino\/#breadcrumb\",\"itemListElement\":[{\"@type\":\"ListItem\",\"position\":1,\"name\":\"Portada\",\"item\":\"https:\/\/www.noticiasradioreflejos.com.ar\/2021\/\"},{\"@type\":\"ListItem\",\"position\":2,\"name\":\"Atl\u00e9tico Ventana sigue la senda del triunfo en el hockey femenino.\"}]},{\"@type\":\"WebSite\",\"@id\":\"https:\/\/www.noticiasradioreflejos.com.ar\/2021\/#website\",\"url\":\"https:\/\/www.noticiasradioreflejos.com.ar\/2021\/\",\"name\":\"Noticias Radio Reflejos\",\"description\":\"Las noticias de mi comarca\",\"potentialAction\":[{\"@type\":\"SearchAction\",\"target\":{\"@type\":\"EntryPoint\",\"urlTemplate\":\"https:\/\/www.noticiasradioreflejos.com.ar\/2021\/?s={search_term_string}\"},\"query-input\":{\"@type\":\"PropertyValueSpecification\",\"valueRequired\":true,\"valueName\":\"search_term_string\"}}],\"inLanguage\":\"es\"},{\"@type\":\"Person\",\"@id\":\"https:\/\/www.noticiasradioreflejos.com.ar\/2021\/#\/schema\/person\/ad82545263dcc5ec0996818884fd5fb1\",\"name\":\"Arnaldo Botto\",\"image\":{\"@type\":\"ImageObject\",\"inLanguage\":\"es\",\"@id\":\"https:\/\/www.noticiasradioreflejos.com.ar\/2021\/#\/schema\/person\/image\/\",\"url\":\"https:\/\/secure.gravatar.com\/avatar\/55cb5e37c1efa326397366e6974cb338056df65cb50e7d64d1cf314e87504837?s=96&d=mm&r=g\",\"contentUrl\":\"https:\/\/secure.gravatar.com\/avatar\/55cb5e37c1efa326397366e6974cb338056df65cb50e7d64d1cf314e87504837?s=96&d=mm&r=g\",\"caption\":\"Arnaldo Botto\"},\"url\":\"https:\/\/www.noticiasradioreflejos.com.ar\/2021\/author\/arnaldo\/\"}]}<\/script>\n<!-- \/ Yoast SEO plugin. -->","yoast_head_json":{"title":"Atl\u00e9tico Ventana sigue la senda del triunfo en el hockey femenino. - Noticias Radio Reflejos","robots":{"index":"index","follow":"follow","max-snippet":"max-snippet:-1","max-image-preview":"max-image-preview:large","max-video-preview":"max-video-preview:-1"},"canonical":"https:\/\/www.noticiasradioreflejos.com.ar\/2021\/atletico-ventana-sigue-la-senda-del-triunfo-en-el-hockey-femenino\/","og_locale":"es_ES","og_type":"article","og_title":"Atl\u00e9tico Ventana sigue la senda del triunfo en el hockey femenino. - Noticias Radio Reflejos","og_description":"Por la sexta fecha del Torneo Apertura de Damas\u00a0se impuso en primer divisi\u00f3n y s\u00e9ptima. Se jug\u00f3 tambi\u00e9n\u00a0 las Fechas 3 y 4 del Torneo Anual de Mamis.","og_url":"https:\/\/www.noticiasradioreflejos.com.ar\/2021\/atletico-ventana-sigue-la-senda-del-triunfo-en-el-hockey-femenino\/","og_site_name":"Noticias Radio Reflejos","article_published_time":"2018-05-21T11:22:26+00:00","og_image":[{"url":"http:\/\/farm1.staticflickr.com\/975\/41351084345_45a4a753ce.jpg","type":"","width":"","height":""}],"author":"Arnaldo Botto","twitter_card":"summary_large_image","schema":{"@context":"https:\/\/schema.org","@graph":[{"@type":"WebPage","@id":"https:\/\/www.noticiasradioreflejos.com.ar\/2021\/atletico-ventana-sigue-la-senda-del-triunfo-en-el-hockey-femenino\/","url":"https:\/\/www.noticiasradioreflejos.com.ar\/2021\/atletico-ventana-sigue-la-senda-del-triunfo-en-el-hockey-femenino\/","name":"Atl\u00e9tico Ventana sigue la senda del triunfo en el hockey femenino. - Noticias Radio Reflejos","isPartOf":{"@id":"https:\/\/www.noticiasradioreflejos.com.ar\/2021\/#website"},"primaryImageOfPage":{"@id":"https:\/\/www.noticiasradioreflejos.com.ar\/2021\/atletico-ventana-sigue-la-senda-del-triunfo-en-el-hockey-femenino\/#primaryimage"},"image":{"@id":"https:\/\/www.noticiasradioreflejos.com.ar\/2021\/atletico-ventana-sigue-la-senda-del-triunfo-en-el-hockey-femenino\/#primaryimage"},"thumbnailUrl":"http:\/\/farm1.staticflickr.com\/975\/41351084345_45a4a753ce.jpg","datePublished":"2018-05-21T11:22:26+00:00","author":{"@id":"https:\/\/www.noticiasradioreflejos.com.ar\/2021\/#\/schema\/person\/ad82545263dcc5ec0996818884fd5fb1"},"breadcrumb":{"@id":"https:\/\/www.noticiasradioreflejos.com.ar\/2021\/atletico-ventana-sigue-la-senda-del-triunfo-en-el-hockey-femenino\/#breadcrumb"},"inLanguage":"es","potentialAction":[{"@type":"ReadAction","target":["https:\/\/www.noticiasradioreflejos.com.ar\/2021\/atletico-ventana-sigue-la-senda-del-triunfo-en-el-hockey-femenino\/"]}]},{"@type":"ImageObject","inLanguage":"es","@id":"https:\/\/www.noticiasradioreflejos.com.ar\/2021\/atletico-ventana-sigue-la-senda-del-triunfo-en-el-hockey-femenino\/#primaryimage","url":"http:\/\/farm1.staticflickr.com\/975\/41351084345_45a4a753ce.jpg","contentUrl":"http:\/\/farm1.staticflickr.com\/975\/41351084345_45a4a753ce.jpg"},{"@type":"BreadcrumbList","@id":"https:\/\/www.noticiasradioreflejos.com.ar\/2021\/atletico-ventana-sigue-la-senda-del-triunfo-en-el-hockey-femenino\/#breadcrumb","itemListElement":[{"@type":"ListItem","position":1,"name":"Portada","item":"https:\/\/www.noticiasradioreflejos.com.ar\/2021\/"},{"@type":"ListItem","position":2,"name":"Atl\u00e9tico Ventana sigue la senda del triunfo en el hockey femenino."}]},{"@type":"WebSite","@id":"https:\/\/www.noticiasradioreflejos.com.ar\/2021\/#website","url":"https:\/\/www.noticiasradioreflejos.com.ar\/2021\/","name":"Noticias Radio Reflejos","description":"Las noticias de mi comarca","potentialAction":[{"@type":"SearchAction","target":{"@type":"EntryPoint","urlTemplate":"https:\/\/www.noticiasradioreflejos.com.ar\/2021\/?s={search_term_string}"},"query-input":{"@type":"PropertyValueSpecification","valueRequired":true,"valueName":"search_term_string"}}],"inLanguage":"es"},{"@type":"Person","@id":"https:\/\/www.noticiasradioreflejos.com.ar\/2021\/#\/schema\/person\/ad82545263dcc5ec0996818884fd5fb1","name":"Arnaldo Botto","image":{"@type":"ImageObject","inLanguage":"es","@id":"https:\/\/www.noticiasradioreflejos.com.ar\/2021\/#\/schema\/person\/image\/","url":"https:\/\/secure.gravatar.com\/avatar\/55cb5e37c1efa326397366e6974cb338056df65cb50e7d64d1cf314e87504837?s=96&d=mm&r=g","contentUrl":"https:\/\/secure.gravatar.com\/avatar\/55cb5e37c1efa326397366e6974cb338056df65cb50e7d64d1cf314e87504837?s=96&d=mm&r=g","caption":"Arnaldo Botto"},"url":"https:\/\/www.noticiasradioreflejos.com.ar\/2021\/author\/arnaldo\/"}]}},"_links":{"self":[{"href":"https:\/\/www.noticiasradioreflejos.com.ar\/2021\/wp-json\/wp\/v2\/posts\/21669","targetHints":{"allow":["GET"]}}],"collection":[{"href":"https:\/\/www.noticiasradioreflejos.com.ar\/2021\/wp-json\/wp\/v2\/posts"}],"about":[{"href":"https:\/\/www.noticiasradioreflejos.com.ar\/2021\/wp-json\/wp\/v2\/types\/post"}],"author":[{"embeddable":true,"href":"https:\/\/www.noticiasradioreflejos.com.ar\/2021\/wp-json\/wp\/v2\/users\/3"}],"replies":[{"embeddable":true,"href":"https:\/\/www.noticiasradioreflejos.com.ar\/2021\/wp-json\/wp\/v2\/comments?post=21669"}],"version-history":[{"count":0,"href":"https:\/\/www.noticiasradioreflejos.com.ar\/2021\/wp-json\/wp\/v2\/posts\/21669\/revisions"}],"wp:attachment":[{"href":"https:\/\/www.noticiasradioreflejos.com.ar\/2021\/wp-json\/wp\/v2\/media?parent=21669"}],"wp:term":[{"taxonomy":"category","embeddable":true,"href":"https:\/\/www.noticiasradioreflejos.com.ar\/2021\/wp-json\/wp\/v2\/categories?post=21669"},{"taxonomy":"post_tag","embeddable":true,"href":"https:\/\/www.noticiasradioreflejos.com.ar\/2021\/wp-json\/wp\/v2\/tags?post=21669"}],"curies":[{"name":"wp","href":"https:\/\/api.w.org\/{rel}","templated":true}]}}