{"id":21665,"date":"2018-05-21T08:08:49","date_gmt":"2018-05-21T11:08:49","guid":{"rendered":"http:\/\/www.noticiasradioreflejos.com.ar\/noticias\/?p=21665"},"modified":"2018-05-21T08:08:49","modified_gmt":"2018-05-21T11:08:49","slug":"asamblea-general-ordinaria-de-la-camara-de-comrcio-y-turismo-de-villa-ventana","status":"publish","type":"post","link":"https:\/\/www.noticiasradioreflejos.com.ar\/2021\/asamblea-general-ordinaria-de-la-camara-de-comrcio-y-turismo-de-villa-ventana\/","title":{"rendered":"Asamblea General Ordinaria de la C\u00e1mara de Comercio y Turismo de Villa Ventana"},"content":{"rendered":"<p>Se realizar\u00e1 este\u00a0\u00a0d\u00eda lunes 21 del mes Mayo del a\u00f1o 2018 a las 19 Hs en su sede social.<!--more--><br \/>\nLa Comisi\u00f3n Directiva de \u201cCAMARA DE COMERCIO Y TURISMO DE VILLA VENTANA\u201d, con domicilio en calle CRUZ DEL SUR S\/N, de la Localidad de VILLA VENTANA, Partido de TORNQUIST, convoca a los Se\u00f1ores Socios a la Asamblea General Ordinaria a celebrarse en la sede social el d\u00eda lunes 21 del mes Mayo del a\u00f1o 2018 a las 19 Hs. en primera convocatoria y 1 hora despu\u00e9s en segunda convocatoria, para considerar el siguiente \u201cOrden del D\u00eda\u201d:<br \/>\n<strong>Orden del D\u00eda<\/strong><br \/>\n1. Lectura del Acta Anterior.-<br \/>\n2. Elecci\u00f3n de dos socios para firmar el acta, juntamente con el Sr. Presidente y el Sr. Secretario.-<br \/>\n3. Consideraci\u00f3n de Memoria y Balance del ejercicio finalizado el 31\/03\/2018.<br \/>\n4. Designaci\u00f3n de Junta Escrutadora.-<br \/>\n5. Elecci\u00f3n 8 miembros en total para ocupar los cargos de Comisi\u00f3n Directiva y Comisi\u00f3n Revisora de Cuentas.<br \/>\n4 miembros para efectuar la renovaci\u00f3n parcial de la Comisi\u00f3n Directiva, para ocupar los cargos de Tesorero, Secretario, Vocal Titular Primero y Vocal Suplente segundo, por finalizaci\u00f3n de mandato.<br \/>\n2 miembros para ocupar los cargos de la comisi\u00f3n Revisora de Cuentas titular primero y suplente por finalizaci\u00f3n de mandato.<br \/>\n2 miembros para efectuar la renovaci\u00f3n en los cargos de revisor de cuentas titular segundo y tercero por renuncia.<br \/>\nTodo ello conforme lo establece el estatuto social.-<br \/>\n6. Proclamaci\u00f3n de la lista ganadora.-<br \/>\n7. Puesta a consideraci\u00f3n aprobaci\u00f3n cuota social extraordinaria de $ 300 o el valor que resulte aprobado por la Asamblea, para invertir en lanzamiento publicitario de nuevo portal tur\u00edstico y el armado de la p\u00e1gina individual de cada asociado.<br \/>\n8. Modificaci\u00f3n de cuota social.<br \/>\n&nbsp;<br \/>\nFabian Massa\u00a0 \u00a0 \u00a0 \u00a0 \u00a0 \u00a0 \u00a0 \u00a0 \u00a0 \u00a0 \u00a0 \u00a0 \u00a0 \u00a0 \u00a0 \u00a0 \u00a0 \u00a0 \u00a0 \u00a0 \u00a0 \u00a0 \u00a0 \u00a0 \u00a0 \u00a0 \u00a0 \u00a0 \u00a0 \u00a0 \u00a0 Gabriela Garcia<br \/>\nSecretario\u00a0 \u00a0 \u00a0 \u00a0 \u00a0 \u00a0 \u00a0 \u00a0 \u00a0 \u00a0 \u00a0 \u00a0 \u00a0 \u00a0 \u00a0 \u00a0 \u00a0 \u00a0 \u00a0 \u00a0 \u00a0 \u00a0 \u00a0 \u00a0 \u00a0 \u00a0 \u00a0 \u00a0 \u00a0 \u00a0 \u00a0 \u00a0 \u00a0 Presidente<\/p>\n","protected":false},"excerpt":{"rendered":"<p>Se realizar\u00e1 este\u00a0\u00a0d\u00eda lunes 21 del mes Mayo del a\u00f1o 2018 a las 19 Hs en su sede social.<\/p>\n","protected":false},"author":3,"featured_media":2015,"comment_status":"closed","ping_status":"open","sticky":false,"template":"","format":"standard","meta":{"footnotes":""},"categories":[26],"tags":[],"class_list":["post-21665","post","type-post","status-publish","format-standard","has-post-thumbnail","hentry","category-sociedad"],"yoast_head":"<!-- This site is optimized with the Yoast SEO plugin v25.9 - https:\/\/yoast.com\/wordpress\/plugins\/seo\/ -->\n<title>Asamblea General Ordinaria de la C\u00e1mara de Comercio y Turismo de Villa Ventana - Noticias Radio Reflejos<\/title>\n<meta name=\"robots\" content=\"index, follow, max-snippet:-1, max-image-preview:large, max-video-preview:-1\" \/>\n<link rel=\"canonical\" href=\"https:\/\/www.noticiasradioreflejos.com.ar\/2021\/asamblea-general-ordinaria-de-la-camara-de-comrcio-y-turismo-de-villa-ventana\/\" \/>\n<meta property=\"og:locale\" content=\"es_ES\" \/>\n<meta property=\"og:type\" content=\"article\" \/>\n<meta property=\"og:title\" content=\"Asamblea General Ordinaria de la C\u00e1mara de Comercio y Turismo de Villa Ventana - Noticias Radio Reflejos\" \/>\n<meta property=\"og:description\" content=\"Se realizar\u00e1 este\u00a0\u00a0d\u00eda lunes 21 del mes Mayo del a\u00f1o 2018 a las 19 Hs en su sede social.\" \/>\n<meta property=\"og:url\" content=\"https:\/\/www.noticiasradioreflejos.com.ar\/2021\/asamblea-general-ordinaria-de-la-camara-de-comrcio-y-turismo-de-villa-ventana\/\" \/>\n<meta property=\"og:site_name\" content=\"Noticias Radio Reflejos\" \/>\n<meta property=\"article:published_time\" content=\"2018-05-21T11:08:49+00:00\" \/>\n<meta property=\"og:image\" content=\"https:\/\/www.noticiasradioreflejos.com.ar\/2021\/wp-content\/uploads\/2016\/10\/Camara-de-comercio-villa.png\" \/>\n\t<meta property=\"og:image:width\" content=\"313\" \/>\n\t<meta property=\"og:image:height\" content=\"323\" \/>\n\t<meta property=\"og:image:type\" content=\"image\/png\" \/>\n<meta name=\"author\" content=\"Arnaldo Botto\" \/>\n<meta name=\"twitter:card\" content=\"summary_large_image\" \/>\n<script type=\"application\/ld+json\" class=\"yoast-schema-graph\">{\"@context\":\"https:\/\/schema.org\",\"@graph\":[{\"@type\":\"WebPage\",\"@id\":\"https:\/\/www.noticiasradioreflejos.com.ar\/2021\/asamblea-general-ordinaria-de-la-camara-de-comrcio-y-turismo-de-villa-ventana\/\",\"url\":\"https:\/\/www.noticiasradioreflejos.com.ar\/2021\/asamblea-general-ordinaria-de-la-camara-de-comrcio-y-turismo-de-villa-ventana\/\",\"name\":\"Asamblea General Ordinaria de la C\u00e1mara de Comercio y Turismo de Villa Ventana - Noticias Radio Reflejos\",\"isPartOf\":{\"@id\":\"https:\/\/www.noticiasradioreflejos.com.ar\/2021\/#website\"},\"primaryImageOfPage\":{\"@id\":\"https:\/\/www.noticiasradioreflejos.com.ar\/2021\/asamblea-general-ordinaria-de-la-camara-de-comrcio-y-turismo-de-villa-ventana\/#primaryimage\"},\"image\":{\"@id\":\"https:\/\/www.noticiasradioreflejos.com.ar\/2021\/asamblea-general-ordinaria-de-la-camara-de-comrcio-y-turismo-de-villa-ventana\/#primaryimage\"},\"thumbnailUrl\":\"https:\/\/www.noticiasradioreflejos.com.ar\/2021\/wp-content\/uploads\/2016\/10\/Camara-de-comercio-villa.png\",\"datePublished\":\"2018-05-21T11:08:49+00:00\",\"author\":{\"@id\":\"https:\/\/www.noticiasradioreflejos.com.ar\/2021\/#\/schema\/person\/ad82545263dcc5ec0996818884fd5fb1\"},\"breadcrumb\":{\"@id\":\"https:\/\/www.noticiasradioreflejos.com.ar\/2021\/asamblea-general-ordinaria-de-la-camara-de-comrcio-y-turismo-de-villa-ventana\/#breadcrumb\"},\"inLanguage\":\"es\",\"potentialAction\":[{\"@type\":\"ReadAction\",\"target\":[\"https:\/\/www.noticiasradioreflejos.com.ar\/2021\/asamblea-general-ordinaria-de-la-camara-de-comrcio-y-turismo-de-villa-ventana\/\"]}]},{\"@type\":\"ImageObject\",\"inLanguage\":\"es\",\"@id\":\"https:\/\/www.noticiasradioreflejos.com.ar\/2021\/asamblea-general-ordinaria-de-la-camara-de-comrcio-y-turismo-de-villa-ventana\/#primaryimage\",\"url\":\"https:\/\/www.noticiasradioreflejos.com.ar\/2021\/wp-content\/uploads\/2016\/10\/Camara-de-comercio-villa.png\",\"contentUrl\":\"https:\/\/www.noticiasradioreflejos.com.ar\/2021\/wp-content\/uploads\/2016\/10\/Camara-de-comercio-villa.png\",\"width\":313,\"height\":323},{\"@type\":\"BreadcrumbList\",\"@id\":\"https:\/\/www.noticiasradioreflejos.com.ar\/2021\/asamblea-general-ordinaria-de-la-camara-de-comrcio-y-turismo-de-villa-ventana\/#breadcrumb\",\"itemListElement\":[{\"@type\":\"ListItem\",\"position\":1,\"name\":\"Portada\",\"item\":\"https:\/\/www.noticiasradioreflejos.com.ar\/2021\/\"},{\"@type\":\"ListItem\",\"position\":2,\"name\":\"Asamblea General Ordinaria de la C\u00e1mara de Comercio y Turismo de Villa Ventana\"}]},{\"@type\":\"WebSite\",\"@id\":\"https:\/\/www.noticiasradioreflejos.com.ar\/2021\/#website\",\"url\":\"https:\/\/www.noticiasradioreflejos.com.ar\/2021\/\",\"name\":\"Noticias Radio Reflejos\",\"description\":\"Las noticias de mi comarca\",\"potentialAction\":[{\"@type\":\"SearchAction\",\"target\":{\"@type\":\"EntryPoint\",\"urlTemplate\":\"https:\/\/www.noticiasradioreflejos.com.ar\/2021\/?s={search_term_string}\"},\"query-input\":{\"@type\":\"PropertyValueSpecification\",\"valueRequired\":true,\"valueName\":\"search_term_string\"}}],\"inLanguage\":\"es\"},{\"@type\":\"Person\",\"@id\":\"https:\/\/www.noticiasradioreflejos.com.ar\/2021\/#\/schema\/person\/ad82545263dcc5ec0996818884fd5fb1\",\"name\":\"Arnaldo Botto\",\"image\":{\"@type\":\"ImageObject\",\"inLanguage\":\"es\",\"@id\":\"https:\/\/www.noticiasradioreflejos.com.ar\/2021\/#\/schema\/person\/image\/\",\"url\":\"https:\/\/secure.gravatar.com\/avatar\/55cb5e37c1efa326397366e6974cb338056df65cb50e7d64d1cf314e87504837?s=96&d=mm&r=g\",\"contentUrl\":\"https:\/\/secure.gravatar.com\/avatar\/55cb5e37c1efa326397366e6974cb338056df65cb50e7d64d1cf314e87504837?s=96&d=mm&r=g\",\"caption\":\"Arnaldo Botto\"},\"url\":\"https:\/\/www.noticiasradioreflejos.com.ar\/2021\/author\/arnaldo\/\"}]}<\/script>\n<!-- \/ Yoast SEO plugin. -->","yoast_head_json":{"title":"Asamblea General Ordinaria de la C\u00e1mara de Comercio y Turismo de Villa Ventana - Noticias Radio Reflejos","robots":{"index":"index","follow":"follow","max-snippet":"max-snippet:-1","max-image-preview":"max-image-preview:large","max-video-preview":"max-video-preview:-1"},"canonical":"https:\/\/www.noticiasradioreflejos.com.ar\/2021\/asamblea-general-ordinaria-de-la-camara-de-comrcio-y-turismo-de-villa-ventana\/","og_locale":"es_ES","og_type":"article","og_title":"Asamblea General Ordinaria de la C\u00e1mara de Comercio y Turismo de Villa Ventana - Noticias Radio Reflejos","og_description":"Se realizar\u00e1 este\u00a0\u00a0d\u00eda lunes 21 del mes Mayo del a\u00f1o 2018 a las 19 Hs en su sede social.","og_url":"https:\/\/www.noticiasradioreflejos.com.ar\/2021\/asamblea-general-ordinaria-de-la-camara-de-comrcio-y-turismo-de-villa-ventana\/","og_site_name":"Noticias Radio Reflejos","article_published_time":"2018-05-21T11:08:49+00:00","og_image":[{"width":313,"height":323,"url":"https:\/\/www.noticiasradioreflejos.com.ar\/2021\/wp-content\/uploads\/2016\/10\/Camara-de-comercio-villa.png","type":"image\/png"}],"author":"Arnaldo Botto","twitter_card":"summary_large_image","schema":{"@context":"https:\/\/schema.org","@graph":[{"@type":"WebPage","@id":"https:\/\/www.noticiasradioreflejos.com.ar\/2021\/asamblea-general-ordinaria-de-la-camara-de-comrcio-y-turismo-de-villa-ventana\/","url":"https:\/\/www.noticiasradioreflejos.com.ar\/2021\/asamblea-general-ordinaria-de-la-camara-de-comrcio-y-turismo-de-villa-ventana\/","name":"Asamblea General Ordinaria de la C\u00e1mara de Comercio y Turismo de Villa Ventana - Noticias Radio Reflejos","isPartOf":{"@id":"https:\/\/www.noticiasradioreflejos.com.ar\/2021\/#website"},"primaryImageOfPage":{"@id":"https:\/\/www.noticiasradioreflejos.com.ar\/2021\/asamblea-general-ordinaria-de-la-camara-de-comrcio-y-turismo-de-villa-ventana\/#primaryimage"},"image":{"@id":"https:\/\/www.noticiasradioreflejos.com.ar\/2021\/asamblea-general-ordinaria-de-la-camara-de-comrcio-y-turismo-de-villa-ventana\/#primaryimage"},"thumbnailUrl":"https:\/\/www.noticiasradioreflejos.com.ar\/2021\/wp-content\/uploads\/2016\/10\/Camara-de-comercio-villa.png","datePublished":"2018-05-21T11:08:49+00:00","author":{"@id":"https:\/\/www.noticiasradioreflejos.com.ar\/2021\/#\/schema\/person\/ad82545263dcc5ec0996818884fd5fb1"},"breadcrumb":{"@id":"https:\/\/www.noticiasradioreflejos.com.ar\/2021\/asamblea-general-ordinaria-de-la-camara-de-comrcio-y-turismo-de-villa-ventana\/#breadcrumb"},"inLanguage":"es","potentialAction":[{"@type":"ReadAction","target":["https:\/\/www.noticiasradioreflejos.com.ar\/2021\/asamblea-general-ordinaria-de-la-camara-de-comrcio-y-turismo-de-villa-ventana\/"]}]},{"@type":"ImageObject","inLanguage":"es","@id":"https:\/\/www.noticiasradioreflejos.com.ar\/2021\/asamblea-general-ordinaria-de-la-camara-de-comrcio-y-turismo-de-villa-ventana\/#primaryimage","url":"https:\/\/www.noticiasradioreflejos.com.ar\/2021\/wp-content\/uploads\/2016\/10\/Camara-de-comercio-villa.png","contentUrl":"https:\/\/www.noticiasradioreflejos.com.ar\/2021\/wp-content\/uploads\/2016\/10\/Camara-de-comercio-villa.png","width":313,"height":323},{"@type":"BreadcrumbList","@id":"https:\/\/www.noticiasradioreflejos.com.ar\/2021\/asamblea-general-ordinaria-de-la-camara-de-comrcio-y-turismo-de-villa-ventana\/#breadcrumb","itemListElement":[{"@type":"ListItem","position":1,"name":"Portada","item":"https:\/\/www.noticiasradioreflejos.com.ar\/2021\/"},{"@type":"ListItem","position":2,"name":"Asamblea General Ordinaria de la C\u00e1mara de Comercio y Turismo de Villa Ventana"}]},{"@type":"WebSite","@id":"https:\/\/www.noticiasradioreflejos.com.ar\/2021\/#website","url":"https:\/\/www.noticiasradioreflejos.com.ar\/2021\/","name":"Noticias Radio Reflejos","description":"Las noticias de mi comarca","potentialAction":[{"@type":"SearchAction","target":{"@type":"EntryPoint","urlTemplate":"https:\/\/www.noticiasradioreflejos.com.ar\/2021\/?s={search_term_string}"},"query-input":{"@type":"PropertyValueSpecification","valueRequired":true,"valueName":"search_term_string"}}],"inLanguage":"es"},{"@type":"Person","@id":"https:\/\/www.noticiasradioreflejos.com.ar\/2021\/#\/schema\/person\/ad82545263dcc5ec0996818884fd5fb1","name":"Arnaldo Botto","image":{"@type":"ImageObject","inLanguage":"es","@id":"https:\/\/www.noticiasradioreflejos.com.ar\/2021\/#\/schema\/person\/image\/","url":"https:\/\/secure.gravatar.com\/avatar\/55cb5e37c1efa326397366e6974cb338056df65cb50e7d64d1cf314e87504837?s=96&d=mm&r=g","contentUrl":"https:\/\/secure.gravatar.com\/avatar\/55cb5e37c1efa326397366e6974cb338056df65cb50e7d64d1cf314e87504837?s=96&d=mm&r=g","caption":"Arnaldo Botto"},"url":"https:\/\/www.noticiasradioreflejos.com.ar\/2021\/author\/arnaldo\/"}]}},"_links":{"self":[{"href":"https:\/\/www.noticiasradioreflejos.com.ar\/2021\/wp-json\/wp\/v2\/posts\/21665","targetHints":{"allow":["GET"]}}],"collection":[{"href":"https:\/\/www.noticiasradioreflejos.com.ar\/2021\/wp-json\/wp\/v2\/posts"}],"about":[{"href":"https:\/\/www.noticiasradioreflejos.com.ar\/2021\/wp-json\/wp\/v2\/types\/post"}],"author":[{"embeddable":true,"href":"https:\/\/www.noticiasradioreflejos.com.ar\/2021\/wp-json\/wp\/v2\/users\/3"}],"replies":[{"embeddable":true,"href":"https:\/\/www.noticiasradioreflejos.com.ar\/2021\/wp-json\/wp\/v2\/comments?post=21665"}],"version-history":[{"count":0,"href":"https:\/\/www.noticiasradioreflejos.com.ar\/2021\/wp-json\/wp\/v2\/posts\/21665\/revisions"}],"wp:featuredmedia":[{"embeddable":true,"href":"https:\/\/www.noticiasradioreflejos.com.ar\/2021\/wp-json\/wp\/v2\/media\/2015"}],"wp:attachment":[{"href":"https:\/\/www.noticiasradioreflejos.com.ar\/2021\/wp-json\/wp\/v2\/media?parent=21665"}],"wp:term":[{"taxonomy":"category","embeddable":true,"href":"https:\/\/www.noticiasradioreflejos.com.ar\/2021\/wp-json\/wp\/v2\/categories?post=21665"},{"taxonomy":"post_tag","embeddable":true,"href":"https:\/\/www.noticiasradioreflejos.com.ar\/2021\/wp-json\/wp\/v2\/tags?post=21665"}],"curies":[{"name":"wp","href":"https:\/\/api.w.org\/{rel}","templated":true}]}}