{"id":21643,"date":"2018-05-18T08:14:58","date_gmt":"2018-05-18T11:14:58","guid":{"rendered":"http:\/\/www.noticiasradioreflejos.com.ar\/noticias\/?p=21643"},"modified":"2018-05-18T08:14:58","modified_gmt":"2018-05-18T11:14:58","slug":"pre-inscripcion-para-nuevo-taller-en-la-biblioteca-de-tornquist","status":"publish","type":"post","link":"https:\/\/www.noticiasradioreflejos.com.ar\/2021\/pre-inscripcion-para-nuevo-taller-en-la-biblioteca-de-tornquist\/","title":{"rendered":"Pre-inscripci\u00f3n para nuevo Taller en la biblioteca de Tornquist"},"content":{"rendered":"<p>Est\u00e1 abierta la pre inscripci\u00f3n para TALLER DE INSTRUMENTOS DE VIENTO SAXOF\u00d3N y TROMB\u00d3N. El mismo estar\u00e1 a cargo de ARIEL DAR\u00cdO ANT\u00daNEZ y estar\u00e1 dirigido a ni\u00f1os, j\u00f3venes y adultos. Los interesados podr\u00e1n dirigirse a la biblioteca para m\u00e1s informac\u00ed\u00f3n. La pre inscripci\u00f3n se llevar\u00e1 a cabo hasta el 24 de mayo. Y el taller tendr\u00e1 una duraci\u00f3n entre JUNIO Y NOVIEMBRE con 1 clase semanal. El costo del taller por el momento est\u00e1 a confirmar.<!--more--><br \/>\nBiblioteca Popular<br \/>\nERNESTO TORNQUIST<br \/>\nComunicaciones<br \/>\nG.C.<\/p>\n","protected":false},"excerpt":{"rendered":"<p>Est\u00e1 abierta la pre inscripci\u00f3n para TALLER DE INSTRUMENTOS DE VIENTO SAXOF\u00d3N y TROMB\u00d3N. El mismo estar\u00e1 a cargo de ARIEL DAR\u00cdO ANT\u00daNEZ y estar\u00e1 dirigido a ni\u00f1os, j\u00f3venes y adultos. Los interesados podr\u00e1n dirigirse a la biblioteca para m\u00e1s informac\u00ed\u00f3n. La pre inscripci\u00f3n se llevar\u00e1 a cabo hasta el 24 de mayo. Y el [&hellip;]<\/p>\n","protected":false},"author":3,"featured_media":20905,"comment_status":"closed","ping_status":"open","sticky":false,"template":"","format":"standard","meta":{"footnotes":""},"categories":[35],"tags":[],"class_list":["post-21643","post","type-post","status-publish","format-standard","has-post-thumbnail","hentry","category-cultura"],"yoast_head":"<!-- This site is optimized with the Yoast SEO plugin v25.9 - https:\/\/yoast.com\/wordpress\/plugins\/seo\/ -->\n<title>Pre-inscripci\u00f3n para nuevo Taller en la biblioteca de Tornquist - Noticias Radio Reflejos<\/title>\n<meta name=\"robots\" content=\"index, follow, max-snippet:-1, max-image-preview:large, max-video-preview:-1\" \/>\n<link rel=\"canonical\" href=\"https:\/\/www.noticiasradioreflejos.com.ar\/2021\/pre-inscripcion-para-nuevo-taller-en-la-biblioteca-de-tornquist\/\" \/>\n<meta property=\"og:locale\" content=\"es_ES\" \/>\n<meta property=\"og:type\" content=\"article\" \/>\n<meta property=\"og:title\" content=\"Pre-inscripci\u00f3n para nuevo Taller en la biblioteca de Tornquist - Noticias Radio Reflejos\" \/>\n<meta property=\"og:description\" content=\"Est\u00e1 abierta la pre inscripci\u00f3n para TALLER DE INSTRUMENTOS DE VIENTO SAXOF\u00d3N y TROMB\u00d3N. El mismo estar\u00e1 a cargo de ARIEL DAR\u00cdO ANT\u00daNEZ y estar\u00e1 dirigido a ni\u00f1os, j\u00f3venes y adultos. Los interesados podr\u00e1n dirigirse a la biblioteca para m\u00e1s informac\u00ed\u00f3n. La pre inscripci\u00f3n se llevar\u00e1 a cabo hasta el 24 de mayo. Y el [&hellip;]\" \/>\n<meta property=\"og:url\" content=\"https:\/\/www.noticiasradioreflejos.com.ar\/2021\/pre-inscripcion-para-nuevo-taller-en-la-biblioteca-de-tornquist\/\" \/>\n<meta property=\"og:site_name\" content=\"Noticias Radio Reflejos\" \/>\n<meta property=\"article:published_time\" content=\"2018-05-18T11:14:58+00:00\" \/>\n<meta property=\"og:image\" content=\"https:\/\/www.noticiasradioreflejos.com.ar\/2021\/wp-content\/uploads\/2018\/04\/biblioteca-popular-e-tornquist.jpg\" \/>\n\t<meta property=\"og:image:width\" content=\"550\" \/>\n\t<meta property=\"og:image:height\" content=\"413\" \/>\n\t<meta property=\"og:image:type\" content=\"image\/jpeg\" \/>\n<meta name=\"author\" content=\"Arnaldo Botto\" \/>\n<meta name=\"twitter:card\" content=\"summary_large_image\" \/>\n<script type=\"application\/ld+json\" class=\"yoast-schema-graph\">{\"@context\":\"https:\/\/schema.org\",\"@graph\":[{\"@type\":\"WebPage\",\"@id\":\"https:\/\/www.noticiasradioreflejos.com.ar\/2021\/pre-inscripcion-para-nuevo-taller-en-la-biblioteca-de-tornquist\/\",\"url\":\"https:\/\/www.noticiasradioreflejos.com.ar\/2021\/pre-inscripcion-para-nuevo-taller-en-la-biblioteca-de-tornquist\/\",\"name\":\"Pre-inscripci\u00f3n para nuevo Taller en la biblioteca de Tornquist - Noticias Radio Reflejos\",\"isPartOf\":{\"@id\":\"https:\/\/www.noticiasradioreflejos.com.ar\/2021\/#website\"},\"primaryImageOfPage\":{\"@id\":\"https:\/\/www.noticiasradioreflejos.com.ar\/2021\/pre-inscripcion-para-nuevo-taller-en-la-biblioteca-de-tornquist\/#primaryimage\"},\"image\":{\"@id\":\"https:\/\/www.noticiasradioreflejos.com.ar\/2021\/pre-inscripcion-para-nuevo-taller-en-la-biblioteca-de-tornquist\/#primaryimage\"},\"thumbnailUrl\":\"https:\/\/www.noticiasradioreflejos.com.ar\/2021\/wp-content\/uploads\/2018\/04\/biblioteca-popular-e-tornquist.jpg\",\"datePublished\":\"2018-05-18T11:14:58+00:00\",\"author\":{\"@id\":\"https:\/\/www.noticiasradioreflejos.com.ar\/2021\/#\/schema\/person\/ad82545263dcc5ec0996818884fd5fb1\"},\"breadcrumb\":{\"@id\":\"https:\/\/www.noticiasradioreflejos.com.ar\/2021\/pre-inscripcion-para-nuevo-taller-en-la-biblioteca-de-tornquist\/#breadcrumb\"},\"inLanguage\":\"es\",\"potentialAction\":[{\"@type\":\"ReadAction\",\"target\":[\"https:\/\/www.noticiasradioreflejos.com.ar\/2021\/pre-inscripcion-para-nuevo-taller-en-la-biblioteca-de-tornquist\/\"]}]},{\"@type\":\"ImageObject\",\"inLanguage\":\"es\",\"@id\":\"https:\/\/www.noticiasradioreflejos.com.ar\/2021\/pre-inscripcion-para-nuevo-taller-en-la-biblioteca-de-tornquist\/#primaryimage\",\"url\":\"https:\/\/www.noticiasradioreflejos.com.ar\/2021\/wp-content\/uploads\/2018\/04\/biblioteca-popular-e-tornquist.jpg\",\"contentUrl\":\"https:\/\/www.noticiasradioreflejos.com.ar\/2021\/wp-content\/uploads\/2018\/04\/biblioteca-popular-e-tornquist.jpg\",\"width\":550,\"height\":413},{\"@type\":\"BreadcrumbList\",\"@id\":\"https:\/\/www.noticiasradioreflejos.com.ar\/2021\/pre-inscripcion-para-nuevo-taller-en-la-biblioteca-de-tornquist\/#breadcrumb\",\"itemListElement\":[{\"@type\":\"ListItem\",\"position\":1,\"name\":\"Portada\",\"item\":\"https:\/\/www.noticiasradioreflejos.com.ar\/2021\/\"},{\"@type\":\"ListItem\",\"position\":2,\"name\":\"Pre-inscripci\u00f3n para nuevo Taller en la biblioteca de Tornquist\"}]},{\"@type\":\"WebSite\",\"@id\":\"https:\/\/www.noticiasradioreflejos.com.ar\/2021\/#website\",\"url\":\"https:\/\/www.noticiasradioreflejos.com.ar\/2021\/\",\"name\":\"Noticias Radio Reflejos\",\"description\":\"Las noticias de mi comarca\",\"potentialAction\":[{\"@type\":\"SearchAction\",\"target\":{\"@type\":\"EntryPoint\",\"urlTemplate\":\"https:\/\/www.noticiasradioreflejos.com.ar\/2021\/?s={search_term_string}\"},\"query-input\":{\"@type\":\"PropertyValueSpecification\",\"valueRequired\":true,\"valueName\":\"search_term_string\"}}],\"inLanguage\":\"es\"},{\"@type\":\"Person\",\"@id\":\"https:\/\/www.noticiasradioreflejos.com.ar\/2021\/#\/schema\/person\/ad82545263dcc5ec0996818884fd5fb1\",\"name\":\"Arnaldo Botto\",\"image\":{\"@type\":\"ImageObject\",\"inLanguage\":\"es\",\"@id\":\"https:\/\/www.noticiasradioreflejos.com.ar\/2021\/#\/schema\/person\/image\/\",\"url\":\"https:\/\/secure.gravatar.com\/avatar\/55cb5e37c1efa326397366e6974cb338056df65cb50e7d64d1cf314e87504837?s=96&d=mm&r=g\",\"contentUrl\":\"https:\/\/secure.gravatar.com\/avatar\/55cb5e37c1efa326397366e6974cb338056df65cb50e7d64d1cf314e87504837?s=96&d=mm&r=g\",\"caption\":\"Arnaldo Botto\"},\"url\":\"https:\/\/www.noticiasradioreflejos.com.ar\/2021\/author\/arnaldo\/\"}]}<\/script>\n<!-- \/ Yoast SEO plugin. -->","yoast_head_json":{"title":"Pre-inscripci\u00f3n para nuevo Taller en la biblioteca de Tornquist - Noticias Radio Reflejos","robots":{"index":"index","follow":"follow","max-snippet":"max-snippet:-1","max-image-preview":"max-image-preview:large","max-video-preview":"max-video-preview:-1"},"canonical":"https:\/\/www.noticiasradioreflejos.com.ar\/2021\/pre-inscripcion-para-nuevo-taller-en-la-biblioteca-de-tornquist\/","og_locale":"es_ES","og_type":"article","og_title":"Pre-inscripci\u00f3n para nuevo Taller en la biblioteca de Tornquist - Noticias Radio Reflejos","og_description":"Est\u00e1 abierta la pre inscripci\u00f3n para TALLER DE INSTRUMENTOS DE VIENTO SAXOF\u00d3N y TROMB\u00d3N. El mismo estar\u00e1 a cargo de ARIEL DAR\u00cdO ANT\u00daNEZ y estar\u00e1 dirigido a ni\u00f1os, j\u00f3venes y adultos. Los interesados podr\u00e1n dirigirse a la biblioteca para m\u00e1s informac\u00ed\u00f3n. La pre inscripci\u00f3n se llevar\u00e1 a cabo hasta el 24 de mayo. Y el [&hellip;]","og_url":"https:\/\/www.noticiasradioreflejos.com.ar\/2021\/pre-inscripcion-para-nuevo-taller-en-la-biblioteca-de-tornquist\/","og_site_name":"Noticias Radio Reflejos","article_published_time":"2018-05-18T11:14:58+00:00","og_image":[{"width":550,"height":413,"url":"https:\/\/www.noticiasradioreflejos.com.ar\/2021\/wp-content\/uploads\/2018\/04\/biblioteca-popular-e-tornquist.jpg","type":"image\/jpeg"}],"author":"Arnaldo Botto","twitter_card":"summary_large_image","schema":{"@context":"https:\/\/schema.org","@graph":[{"@type":"WebPage","@id":"https:\/\/www.noticiasradioreflejos.com.ar\/2021\/pre-inscripcion-para-nuevo-taller-en-la-biblioteca-de-tornquist\/","url":"https:\/\/www.noticiasradioreflejos.com.ar\/2021\/pre-inscripcion-para-nuevo-taller-en-la-biblioteca-de-tornquist\/","name":"Pre-inscripci\u00f3n para nuevo Taller en la biblioteca de Tornquist - Noticias Radio Reflejos","isPartOf":{"@id":"https:\/\/www.noticiasradioreflejos.com.ar\/2021\/#website"},"primaryImageOfPage":{"@id":"https:\/\/www.noticiasradioreflejos.com.ar\/2021\/pre-inscripcion-para-nuevo-taller-en-la-biblioteca-de-tornquist\/#primaryimage"},"image":{"@id":"https:\/\/www.noticiasradioreflejos.com.ar\/2021\/pre-inscripcion-para-nuevo-taller-en-la-biblioteca-de-tornquist\/#primaryimage"},"thumbnailUrl":"https:\/\/www.noticiasradioreflejos.com.ar\/2021\/wp-content\/uploads\/2018\/04\/biblioteca-popular-e-tornquist.jpg","datePublished":"2018-05-18T11:14:58+00:00","author":{"@id":"https:\/\/www.noticiasradioreflejos.com.ar\/2021\/#\/schema\/person\/ad82545263dcc5ec0996818884fd5fb1"},"breadcrumb":{"@id":"https:\/\/www.noticiasradioreflejos.com.ar\/2021\/pre-inscripcion-para-nuevo-taller-en-la-biblioteca-de-tornquist\/#breadcrumb"},"inLanguage":"es","potentialAction":[{"@type":"ReadAction","target":["https:\/\/www.noticiasradioreflejos.com.ar\/2021\/pre-inscripcion-para-nuevo-taller-en-la-biblioteca-de-tornquist\/"]}]},{"@type":"ImageObject","inLanguage":"es","@id":"https:\/\/www.noticiasradioreflejos.com.ar\/2021\/pre-inscripcion-para-nuevo-taller-en-la-biblioteca-de-tornquist\/#primaryimage","url":"https:\/\/www.noticiasradioreflejos.com.ar\/2021\/wp-content\/uploads\/2018\/04\/biblioteca-popular-e-tornquist.jpg","contentUrl":"https:\/\/www.noticiasradioreflejos.com.ar\/2021\/wp-content\/uploads\/2018\/04\/biblioteca-popular-e-tornquist.jpg","width":550,"height":413},{"@type":"BreadcrumbList","@id":"https:\/\/www.noticiasradioreflejos.com.ar\/2021\/pre-inscripcion-para-nuevo-taller-en-la-biblioteca-de-tornquist\/#breadcrumb","itemListElement":[{"@type":"ListItem","position":1,"name":"Portada","item":"https:\/\/www.noticiasradioreflejos.com.ar\/2021\/"},{"@type":"ListItem","position":2,"name":"Pre-inscripci\u00f3n para nuevo Taller en la biblioteca de Tornquist"}]},{"@type":"WebSite","@id":"https:\/\/www.noticiasradioreflejos.com.ar\/2021\/#website","url":"https:\/\/www.noticiasradioreflejos.com.ar\/2021\/","name":"Noticias Radio Reflejos","description":"Las noticias de mi comarca","potentialAction":[{"@type":"SearchAction","target":{"@type":"EntryPoint","urlTemplate":"https:\/\/www.noticiasradioreflejos.com.ar\/2021\/?s={search_term_string}"},"query-input":{"@type":"PropertyValueSpecification","valueRequired":true,"valueName":"search_term_string"}}],"inLanguage":"es"},{"@type":"Person","@id":"https:\/\/www.noticiasradioreflejos.com.ar\/2021\/#\/schema\/person\/ad82545263dcc5ec0996818884fd5fb1","name":"Arnaldo Botto","image":{"@type":"ImageObject","inLanguage":"es","@id":"https:\/\/www.noticiasradioreflejos.com.ar\/2021\/#\/schema\/person\/image\/","url":"https:\/\/secure.gravatar.com\/avatar\/55cb5e37c1efa326397366e6974cb338056df65cb50e7d64d1cf314e87504837?s=96&d=mm&r=g","contentUrl":"https:\/\/secure.gravatar.com\/avatar\/55cb5e37c1efa326397366e6974cb338056df65cb50e7d64d1cf314e87504837?s=96&d=mm&r=g","caption":"Arnaldo Botto"},"url":"https:\/\/www.noticiasradioreflejos.com.ar\/2021\/author\/arnaldo\/"}]}},"_links":{"self":[{"href":"https:\/\/www.noticiasradioreflejos.com.ar\/2021\/wp-json\/wp\/v2\/posts\/21643","targetHints":{"allow":["GET"]}}],"collection":[{"href":"https:\/\/www.noticiasradioreflejos.com.ar\/2021\/wp-json\/wp\/v2\/posts"}],"about":[{"href":"https:\/\/www.noticiasradioreflejos.com.ar\/2021\/wp-json\/wp\/v2\/types\/post"}],"author":[{"embeddable":true,"href":"https:\/\/www.noticiasradioreflejos.com.ar\/2021\/wp-json\/wp\/v2\/users\/3"}],"replies":[{"embeddable":true,"href":"https:\/\/www.noticiasradioreflejos.com.ar\/2021\/wp-json\/wp\/v2\/comments?post=21643"}],"version-history":[{"count":0,"href":"https:\/\/www.noticiasradioreflejos.com.ar\/2021\/wp-json\/wp\/v2\/posts\/21643\/revisions"}],"wp:featuredmedia":[{"embeddable":true,"href":"https:\/\/www.noticiasradioreflejos.com.ar\/2021\/wp-json\/wp\/v2\/media\/20905"}],"wp:attachment":[{"href":"https:\/\/www.noticiasradioreflejos.com.ar\/2021\/wp-json\/wp\/v2\/media?parent=21643"}],"wp:term":[{"taxonomy":"category","embeddable":true,"href":"https:\/\/www.noticiasradioreflejos.com.ar\/2021\/wp-json\/wp\/v2\/categories?post=21643"},{"taxonomy":"post_tag","embeddable":true,"href":"https:\/\/www.noticiasradioreflejos.com.ar\/2021\/wp-json\/wp\/v2\/tags?post=21643"}],"curies":[{"name":"wp","href":"https:\/\/api.w.org\/{rel}","templated":true}]}}