{"id":21641,"date":"2018-05-18T08:12:14","date_gmt":"2018-05-18T11:12:14","guid":{"rendered":"http:\/\/www.noticiasradioreflejos.com.ar\/noticias\/?p=21641"},"modified":"2018-05-18T08:12:14","modified_gmt":"2018-05-18T11:12:14","slug":"sadop-pcia-de-bs-as-decidio-convocar-a-un-paro-24-hs-el-23-de-mayo","status":"publish","type":"post","link":"https:\/\/www.noticiasradioreflejos.com.ar\/2021\/sadop-pcia-de-bs-as-decidio-convocar-a-un-paro-24-hs-el-23-de-mayo\/","title":{"rendered":"SADOP Pcia de Bs. As. decidi\u00f3 Convocar a un paro 24 hs el 23 de mayo"},"content":{"rendered":"<p>La Seccional Pcia. de Buenos Aires del SADOP, en el marco del Plan de Lucha llevado adelante por el Frente de Unidad Docente Bonaerense, DECIDI\u00d3 realizar una Jornada Provincial de protesta el d\u00eda martes 22 y DECLARAR un PARO TOTAL de actividades el d\u00eda mi\u00e9rcoles 23 de mayo.<!--more--><br \/>\nEn el contexto del PARO DOCENTE los convocamos a sumarse a la Marcha Federal Educativa que se realizar\u00e1 en la Ciudad Aut\u00f3noma de Buenos Aires ese mismo d\u00eda.<br \/>\n#BastaDeAjusteEnEducaci\u00f3n.<br \/>\nEN DEFENSA DE NUESTROS DERECHOS Y POR DIGNAS CONDICIONES DE TRABAJO<br \/>\nLa Plata, 16 de mayo de 2018<br \/>\nJuan Carlos Cuy\u00e1s<br \/>\nSecretario General<br \/>\nHoracio Rodr\u00edguez<br \/>\nSec de Comunicaci\u00f3n y Prensa<br \/>\n2235700758<br \/>\nSeccional Pcia. de Bs. As.<\/p>\n","protected":false},"excerpt":{"rendered":"<p>La Seccional Pcia. de Buenos Aires del SADOP, en el marco del Plan de Lucha llevado adelante por el Frente de Unidad Docente Bonaerense, DECIDI\u00d3 realizar una Jornada Provincial de protesta el d\u00eda martes 22 y DECLARAR un PARO TOTAL de actividades el d\u00eda mi\u00e9rcoles 23 de mayo.<\/p>\n","protected":false},"author":3,"featured_media":0,"comment_status":"closed","ping_status":"open","sticky":false,"template":"","format":"standard","meta":{"footnotes":""},"categories":[34],"tags":[],"class_list":["post-21641","post","type-post","status-publish","format-standard","hentry","category-educacion"],"yoast_head":"<!-- This site is optimized with the Yoast SEO plugin v25.9 - https:\/\/yoast.com\/wordpress\/plugins\/seo\/ -->\n<title>SADOP Pcia de Bs. As. decidi\u00f3 Convocar a un paro 24 hs el 23 de mayo - Noticias Radio Reflejos<\/title>\n<meta name=\"robots\" content=\"index, follow, max-snippet:-1, max-image-preview:large, max-video-preview:-1\" \/>\n<link rel=\"canonical\" href=\"https:\/\/www.noticiasradioreflejos.com.ar\/2021\/sadop-pcia-de-bs-as-decidio-convocar-a-un-paro-24-hs-el-23-de-mayo\/\" \/>\n<meta property=\"og:locale\" content=\"es_ES\" \/>\n<meta property=\"og:type\" content=\"article\" \/>\n<meta property=\"og:title\" content=\"SADOP Pcia de Bs. As. decidi\u00f3 Convocar a un paro 24 hs el 23 de mayo - Noticias Radio Reflejos\" \/>\n<meta property=\"og:description\" content=\"La Seccional Pcia. de Buenos Aires del SADOP, en el marco del Plan de Lucha llevado adelante por el Frente de Unidad Docente Bonaerense, DECIDI\u00d3 realizar una Jornada Provincial de protesta el d\u00eda martes 22 y DECLARAR un PARO TOTAL de actividades el d\u00eda mi\u00e9rcoles 23 de mayo.\" \/>\n<meta property=\"og:url\" content=\"https:\/\/www.noticiasradioreflejos.com.ar\/2021\/sadop-pcia-de-bs-as-decidio-convocar-a-un-paro-24-hs-el-23-de-mayo\/\" \/>\n<meta property=\"og:site_name\" content=\"Noticias Radio Reflejos\" \/>\n<meta property=\"article:published_time\" content=\"2018-05-18T11:12:14+00:00\" \/>\n<meta property=\"og:image\" content=\"https:\/\/www.noticiasradioreflejos.com.ar\/2021\/wp-content\/uploads\/2021\/07\/logosol300x200.png\" \/>\n\t<meta property=\"og:image:width\" content=\"300\" \/>\n\t<meta property=\"og:image:height\" content=\"200\" \/>\n\t<meta property=\"og:image:type\" content=\"image\/png\" \/>\n<meta name=\"author\" content=\"Arnaldo Botto\" \/>\n<meta name=\"twitter:card\" content=\"summary_large_image\" \/>\n<script type=\"application\/ld+json\" class=\"yoast-schema-graph\">{\"@context\":\"https:\/\/schema.org\",\"@graph\":[{\"@type\":\"WebPage\",\"@id\":\"https:\/\/www.noticiasradioreflejos.com.ar\/2021\/sadop-pcia-de-bs-as-decidio-convocar-a-un-paro-24-hs-el-23-de-mayo\/\",\"url\":\"https:\/\/www.noticiasradioreflejos.com.ar\/2021\/sadop-pcia-de-bs-as-decidio-convocar-a-un-paro-24-hs-el-23-de-mayo\/\",\"name\":\"SADOP Pcia de Bs. As. decidi\u00f3 Convocar a un paro 24 hs el 23 de mayo - Noticias Radio Reflejos\",\"isPartOf\":{\"@id\":\"https:\/\/www.noticiasradioreflejos.com.ar\/2021\/#website\"},\"datePublished\":\"2018-05-18T11:12:14+00:00\",\"author\":{\"@id\":\"https:\/\/www.noticiasradioreflejos.com.ar\/2021\/#\/schema\/person\/ad82545263dcc5ec0996818884fd5fb1\"},\"breadcrumb\":{\"@id\":\"https:\/\/www.noticiasradioreflejos.com.ar\/2021\/sadop-pcia-de-bs-as-decidio-convocar-a-un-paro-24-hs-el-23-de-mayo\/#breadcrumb\"},\"inLanguage\":\"es\",\"potentialAction\":[{\"@type\":\"ReadAction\",\"target\":[\"https:\/\/www.noticiasradioreflejos.com.ar\/2021\/sadop-pcia-de-bs-as-decidio-convocar-a-un-paro-24-hs-el-23-de-mayo\/\"]}]},{\"@type\":\"BreadcrumbList\",\"@id\":\"https:\/\/www.noticiasradioreflejos.com.ar\/2021\/sadop-pcia-de-bs-as-decidio-convocar-a-un-paro-24-hs-el-23-de-mayo\/#breadcrumb\",\"itemListElement\":[{\"@type\":\"ListItem\",\"position\":1,\"name\":\"Portada\",\"item\":\"https:\/\/www.noticiasradioreflejos.com.ar\/2021\/\"},{\"@type\":\"ListItem\",\"position\":2,\"name\":\"SADOP Pcia de Bs. As. decidi\u00f3 Convocar a un paro 24 hs el 23 de mayo\"}]},{\"@type\":\"WebSite\",\"@id\":\"https:\/\/www.noticiasradioreflejos.com.ar\/2021\/#website\",\"url\":\"https:\/\/www.noticiasradioreflejos.com.ar\/2021\/\",\"name\":\"Noticias Radio Reflejos\",\"description\":\"Las noticias de mi comarca\",\"potentialAction\":[{\"@type\":\"SearchAction\",\"target\":{\"@type\":\"EntryPoint\",\"urlTemplate\":\"https:\/\/www.noticiasradioreflejos.com.ar\/2021\/?s={search_term_string}\"},\"query-input\":{\"@type\":\"PropertyValueSpecification\",\"valueRequired\":true,\"valueName\":\"search_term_string\"}}],\"inLanguage\":\"es\"},{\"@type\":\"Person\",\"@id\":\"https:\/\/www.noticiasradioreflejos.com.ar\/2021\/#\/schema\/person\/ad82545263dcc5ec0996818884fd5fb1\",\"name\":\"Arnaldo Botto\",\"image\":{\"@type\":\"ImageObject\",\"inLanguage\":\"es\",\"@id\":\"https:\/\/www.noticiasradioreflejos.com.ar\/2021\/#\/schema\/person\/image\/\",\"url\":\"https:\/\/secure.gravatar.com\/avatar\/55cb5e37c1efa326397366e6974cb338056df65cb50e7d64d1cf314e87504837?s=96&d=mm&r=g\",\"contentUrl\":\"https:\/\/secure.gravatar.com\/avatar\/55cb5e37c1efa326397366e6974cb338056df65cb50e7d64d1cf314e87504837?s=96&d=mm&r=g\",\"caption\":\"Arnaldo Botto\"},\"url\":\"https:\/\/www.noticiasradioreflejos.com.ar\/2021\/author\/arnaldo\/\"}]}<\/script>\n<!-- \/ Yoast SEO plugin. -->","yoast_head_json":{"title":"SADOP Pcia de Bs. As. decidi\u00f3 Convocar a un paro 24 hs el 23 de mayo - Noticias Radio Reflejos","robots":{"index":"index","follow":"follow","max-snippet":"max-snippet:-1","max-image-preview":"max-image-preview:large","max-video-preview":"max-video-preview:-1"},"canonical":"https:\/\/www.noticiasradioreflejos.com.ar\/2021\/sadop-pcia-de-bs-as-decidio-convocar-a-un-paro-24-hs-el-23-de-mayo\/","og_locale":"es_ES","og_type":"article","og_title":"SADOP Pcia de Bs. As. decidi\u00f3 Convocar a un paro 24 hs el 23 de mayo - Noticias Radio Reflejos","og_description":"La Seccional Pcia. de Buenos Aires del SADOP, en el marco del Plan de Lucha llevado adelante por el Frente de Unidad Docente Bonaerense, DECIDI\u00d3 realizar una Jornada Provincial de protesta el d\u00eda martes 22 y DECLARAR un PARO TOTAL de actividades el d\u00eda mi\u00e9rcoles 23 de mayo.","og_url":"https:\/\/www.noticiasradioreflejos.com.ar\/2021\/sadop-pcia-de-bs-as-decidio-convocar-a-un-paro-24-hs-el-23-de-mayo\/","og_site_name":"Noticias Radio Reflejos","article_published_time":"2018-05-18T11:12:14+00:00","og_image":[{"width":300,"height":200,"url":"https:\/\/www.noticiasradioreflejos.com.ar\/2021\/wp-content\/uploads\/2021\/07\/logosol300x200.png","type":"image\/png"}],"author":"Arnaldo Botto","twitter_card":"summary_large_image","schema":{"@context":"https:\/\/schema.org","@graph":[{"@type":"WebPage","@id":"https:\/\/www.noticiasradioreflejos.com.ar\/2021\/sadop-pcia-de-bs-as-decidio-convocar-a-un-paro-24-hs-el-23-de-mayo\/","url":"https:\/\/www.noticiasradioreflejos.com.ar\/2021\/sadop-pcia-de-bs-as-decidio-convocar-a-un-paro-24-hs-el-23-de-mayo\/","name":"SADOP Pcia de Bs. As. decidi\u00f3 Convocar a un paro 24 hs el 23 de mayo - Noticias Radio Reflejos","isPartOf":{"@id":"https:\/\/www.noticiasradioreflejos.com.ar\/2021\/#website"},"datePublished":"2018-05-18T11:12:14+00:00","author":{"@id":"https:\/\/www.noticiasradioreflejos.com.ar\/2021\/#\/schema\/person\/ad82545263dcc5ec0996818884fd5fb1"},"breadcrumb":{"@id":"https:\/\/www.noticiasradioreflejos.com.ar\/2021\/sadop-pcia-de-bs-as-decidio-convocar-a-un-paro-24-hs-el-23-de-mayo\/#breadcrumb"},"inLanguage":"es","potentialAction":[{"@type":"ReadAction","target":["https:\/\/www.noticiasradioreflejos.com.ar\/2021\/sadop-pcia-de-bs-as-decidio-convocar-a-un-paro-24-hs-el-23-de-mayo\/"]}]},{"@type":"BreadcrumbList","@id":"https:\/\/www.noticiasradioreflejos.com.ar\/2021\/sadop-pcia-de-bs-as-decidio-convocar-a-un-paro-24-hs-el-23-de-mayo\/#breadcrumb","itemListElement":[{"@type":"ListItem","position":1,"name":"Portada","item":"https:\/\/www.noticiasradioreflejos.com.ar\/2021\/"},{"@type":"ListItem","position":2,"name":"SADOP Pcia de Bs. As. decidi\u00f3 Convocar a un paro 24 hs el 23 de mayo"}]},{"@type":"WebSite","@id":"https:\/\/www.noticiasradioreflejos.com.ar\/2021\/#website","url":"https:\/\/www.noticiasradioreflejos.com.ar\/2021\/","name":"Noticias Radio Reflejos","description":"Las noticias de mi comarca","potentialAction":[{"@type":"SearchAction","target":{"@type":"EntryPoint","urlTemplate":"https:\/\/www.noticiasradioreflejos.com.ar\/2021\/?s={search_term_string}"},"query-input":{"@type":"PropertyValueSpecification","valueRequired":true,"valueName":"search_term_string"}}],"inLanguage":"es"},{"@type":"Person","@id":"https:\/\/www.noticiasradioreflejos.com.ar\/2021\/#\/schema\/person\/ad82545263dcc5ec0996818884fd5fb1","name":"Arnaldo Botto","image":{"@type":"ImageObject","inLanguage":"es","@id":"https:\/\/www.noticiasradioreflejos.com.ar\/2021\/#\/schema\/person\/image\/","url":"https:\/\/secure.gravatar.com\/avatar\/55cb5e37c1efa326397366e6974cb338056df65cb50e7d64d1cf314e87504837?s=96&d=mm&r=g","contentUrl":"https:\/\/secure.gravatar.com\/avatar\/55cb5e37c1efa326397366e6974cb338056df65cb50e7d64d1cf314e87504837?s=96&d=mm&r=g","caption":"Arnaldo Botto"},"url":"https:\/\/www.noticiasradioreflejos.com.ar\/2021\/author\/arnaldo\/"}]}},"_links":{"self":[{"href":"https:\/\/www.noticiasradioreflejos.com.ar\/2021\/wp-json\/wp\/v2\/posts\/21641","targetHints":{"allow":["GET"]}}],"collection":[{"href":"https:\/\/www.noticiasradioreflejos.com.ar\/2021\/wp-json\/wp\/v2\/posts"}],"about":[{"href":"https:\/\/www.noticiasradioreflejos.com.ar\/2021\/wp-json\/wp\/v2\/types\/post"}],"author":[{"embeddable":true,"href":"https:\/\/www.noticiasradioreflejos.com.ar\/2021\/wp-json\/wp\/v2\/users\/3"}],"replies":[{"embeddable":true,"href":"https:\/\/www.noticiasradioreflejos.com.ar\/2021\/wp-json\/wp\/v2\/comments?post=21641"}],"version-history":[{"count":0,"href":"https:\/\/www.noticiasradioreflejos.com.ar\/2021\/wp-json\/wp\/v2\/posts\/21641\/revisions"}],"wp:attachment":[{"href":"https:\/\/www.noticiasradioreflejos.com.ar\/2021\/wp-json\/wp\/v2\/media?parent=21641"}],"wp:term":[{"taxonomy":"category","embeddable":true,"href":"https:\/\/www.noticiasradioreflejos.com.ar\/2021\/wp-json\/wp\/v2\/categories?post=21641"},{"taxonomy":"post_tag","embeddable":true,"href":"https:\/\/www.noticiasradioreflejos.com.ar\/2021\/wp-json\/wp\/v2\/tags?post=21641"}],"curies":[{"name":"wp","href":"https:\/\/api.w.org\/{rel}","templated":true}]}}